{"id":9992,"date":"2018-05-10T14:46:24","date_gmt":"2018-05-10T14:46:24","guid":{"rendered":"http:\/\/fotosenderismo.com\/wordpress\/?p=9992"},"modified":"2024-02-21T21:12:17","modified_gmt":"2024-02-21T21:12:17","slug":"por-los-bosques-de-riudaura-la-pinya-el-bosc-espes-coll-sabatalla","status":"publish","type":"post","link":"https:\/\/fotosenderismo.com\/wordpress\/index.php\/2018\/05\/10\/por-los-bosques-de-riudaura-la-pinya-el-bosc-espes-coll-sabatalla\/","title":{"rendered":"Por los bosques de Riudaura. La Pinya, El Bosc Esp\u00e8s, Coll Sabatalla"},"content":{"rendered":"\n<p><\/p>\n\n\n\n<figure class=\"wp-block-image aligncenter\"><a href=\"https:\/\/photos.google.com\/share\/AF1QipPEkYnn7_Lvn7BlqczxfFke0jfKObeOhcpyvoudbLE2qUgubg1fdN4laWnfQQqS-A?key=bFhIZzBRbUhTeTYzdHlVZ2VTcGg3OHhZVHBCNUl3\" target=\"_blank\" rel=\"noopener noreferrer\"><img loading=\"lazy\" decoding=\"async\" width=\"400\" height=\"53\" src=\"http:\/\/fotosenderismo.com\/wordpress\/wp-content\/uploads\/2018\/04\/visualizar-galeria-fotos.jpg\" alt=\"\" class=\"wp-image-9459\" srcset=\"https:\/\/fotosenderismo.com\/wordpress\/wp-content\/uploads\/2018\/04\/visualizar-galeria-fotos.jpg 400w, https:\/\/fotosenderismo.com\/wordpress\/wp-content\/uploads\/2018\/04\/visualizar-galeria-fotos-300x40.jpg 300w\" sizes=\"auto, (max-width: 400px) 100vw, 400px\" \/><\/a><\/figure>\n\n\n\n<p><\/p>\n\n\n\n<figure class=\"wp-block-image aligncenter\"><a href=\"http:\/\/fotosenderismo.com\/wordpress\/wp-content\/uploads\/2018\/05\/PINYA-SABATALLA-DATOS.jpg\" target=\"_blank\" rel=\"noopener noreferrer\"><img loading=\"lazy\" decoding=\"async\" width=\"1386\" height=\"921\" src=\"http:\/\/fotosenderismo.com\/wordpress\/wp-content\/uploads\/2018\/05\/PINYA-SABATALLA-DATOS.jpg\" alt=\"\" class=\"wp-image-9998\" srcset=\"https:\/\/fotosenderismo.com\/wordpress\/wp-content\/uploads\/2018\/05\/PINYA-SABATALLA-DATOS.jpg 1386w, https:\/\/fotosenderismo.com\/wordpress\/wp-content\/uploads\/2018\/05\/PINYA-SABATALLA-DATOS-300x199.jpg 300w, https:\/\/fotosenderismo.com\/wordpress\/wp-content\/uploads\/2018\/05\/PINYA-SABATALLA-DATOS-768x510.jpg 768w, https:\/\/fotosenderismo.com\/wordpress\/wp-content\/uploads\/2018\/05\/PINYA-SABATALLA-DATOS-1024x680.jpg 1024w, https:\/\/fotosenderismo.com\/wordpress\/wp-content\/uploads\/2018\/05\/PINYA-SABATALLA-DATOS-800x532.jpg 800w\" sizes=\"auto, (max-width: 1386px) 100vw, 1386px\" \/><\/a><\/figure>\n\n\n\n<p><\/p>\n\n\n\n<figure class=\"wp-block-image aligncenter size-full\"><a href=\"https:\/\/fotosenderismo.com\/wordpress\/wp-content\/uploads\/2018-05-10-PINYA-BOSC-ESPES--COLL-SABATALLA.gpx\"><img loading=\"lazy\" decoding=\"async\" width=\"400\" height=\"50\" src=\"https:\/\/fotosenderismo.com\/wordpress\/wp-content\/uploads\/2024\/02\/image-2.png\" alt=\"\" class=\"wp-image-23096\" srcset=\"https:\/\/fotosenderismo.com\/wordpress\/wp-content\/uploads\/2024\/02\/image-2.png 400w, https:\/\/fotosenderismo.com\/wordpress\/wp-content\/uploads\/2024\/02\/image-2-300x38.png 300w\" sizes=\"auto, (max-width: 400px) 100vw, 400px\" \/><\/a><\/figure>\n\n\n\n<p><\/p>\n\n\n\n<figure class=\"wp-block-image aligncenter\"><a href=\"https:\/\/ca.wikiloc.com\/rutes-senderisme\/2018-05-10-pinya-bosc-espes-coll-sabatalla-24757365\" target=\"_blank\" rel=\"noopener noreferrer\"><img loading=\"lazy\" decoding=\"async\" width=\"400\" height=\"52\" src=\"http:\/\/fotosenderismo.com\/wordpress\/wp-content\/uploads\/2018\/04\/track-wikiloc.jpg\" alt=\"\" class=\"wp-image-9517\" srcset=\"https:\/\/fotosenderismo.com\/wordpress\/wp-content\/uploads\/2018\/04\/track-wikiloc.jpg 400w, https:\/\/fotosenderismo.com\/wordpress\/wp-content\/uploads\/2018\/04\/track-wikiloc-300x39.jpg 300w\" sizes=\"auto, (max-width: 400px) 100vw, 400px\" \/><\/a><\/figure>\n\n\n\n<p><\/p>\n\n\n\n<p class=\"has-drop-cap has-very-light-gray-background-color has-background\"><strong><span style=\"font-size: 14pt; font-family: georgia, palatino, serif;\">Salida de mantenimiento que se ha planificado sobre un plano antiguo de la Zona Volc\u00e0nica de la Garrotxa. El objetivo era el de explorar el terreno para enlazar con los caminos que ya tenemos procedentes de Riudaura, y tambi\u00e9n el de disfrutar de los senderos y bosques. Al final, aunque el track que hab\u00edamos dise\u00f1ado nos ha servido de orientaci\u00f3n, hemos tenido que prescindir de \u00e9l en muchos momentos, ya que no era fiel a la realidad. As\u00ed, hemos descubierto excelentes senderos que no figuran en ning\u00fan mapa. Para empezar, hemos dejado el coche en la Pinya y hemos seguido por la carretera durante m\u00e1s o menos kil\u00f3metro y medio (1,55 kil\u00f3metros seg\u00fan Google Earth). A partir de ese punto hemos tomado la pista que sale a mano izquierda, aunque no hab\u00edamos pensado subir por ella. Sigui\u00e9ndola, me he encontrado un punto en el cual he tenido que coger las tijeras de podar para avanzar. Eso me ha hecho perder algo de tiempo, pero despu\u00e9s el camino sigue bastante claro y n\u00edtido hasta alcanzar un sendero estrecho. Sobre la cota 650 me he encontrado un toro enorme e imponente bloqueando el paso, y he tenido que ir acos\u00e1ndolo cuidadosamente y evitando que se enfadara o asustara hasta un punto en el cual la vereda se ampliaba lo suficiente como para permitirme el paso de forma m\u00e1s o menos segura. Eso me ha hecho perder igualmente mucho tiempo. M\u00e1s arriba he entrado en el espectacular Bosc Esp\u00e8s, dominado casi absolutamente por robles. Alcanzando la parte alta de la salida he encontrado una pista a mano izquierda para bajar. En pleno hayedo he tenido que volver a sacar las tijeras de podar para abrirme paso. M\u00e1s abajo he encontrado otro sendero que desciende por un encinar hasta alcanzar el camino cl\u00e1sico de Riudaura a Olot, marcado en amarillo. Por \u00e9l llegaremos a la Pinya, aunque incluso en este tramo me he visto obligado a sacar la tijera de podar nuevamente. En resumen, se trata de una excelente matinal. Cuidado con el toro.<\/span><\/strong><\/p>\n\n\n\n<p><\/p>\n\n\n\n<figure class=\"wp-block-image aligncenter\"><a href=\"http:\/\/fotosenderismo.com\/wordpress\/wp-content\/uploads\/2018\/05\/PINYA-SABATALLA-MAPA.jpg\" target=\"_blank\" rel=\"noopener noreferrer\"><img loading=\"lazy\" decoding=\"async\" width=\"1920\" height=\"1080\" src=\"http:\/\/fotosenderismo.com\/wordpress\/wp-content\/uploads\/2018\/05\/PINYA-SABATALLA-MAPA.jpg\" alt=\"\" class=\"wp-image-9996\" srcset=\"https:\/\/fotosenderismo.com\/wordpress\/wp-content\/uploads\/2018\/05\/PINYA-SABATALLA-MAPA.jpg 1920w, https:\/\/fotosenderismo.com\/wordpress\/wp-content\/uploads\/2018\/05\/PINYA-SABATALLA-MAPA-300x169.jpg 300w, https:\/\/fotosenderismo.com\/wordpress\/wp-content\/uploads\/2018\/05\/PINYA-SABATALLA-MAPA-768x432.jpg 768w, https:\/\/fotosenderismo.com\/wordpress\/wp-content\/uploads\/2018\/05\/PINYA-SABATALLA-MAPA-1024x576.jpg 1024w, https:\/\/fotosenderismo.com\/wordpress\/wp-content\/uploads\/2018\/05\/PINYA-SABATALLA-MAPA-800x450.jpg 800w\" sizes=\"auto, (max-width: 1920px) 100vw, 1920px\" \/><\/a><\/figure>\n\n\n\n<p><\/p>\n\n\n\n<figure class=\"wp-block-image aligncenter\"><a href=\"http:\/\/fotosenderismo.com\/wordpress\/wp-content\/uploads\/2018\/05\/PINYA-SABATALLA-EARTH-2.jpg\" target=\"_blank\" rel=\"noopener noreferrer\"><img loading=\"lazy\" decoding=\"async\" width=\"1920\" height=\"971\" src=\"http:\/\/fotosenderismo.com\/wordpress\/wp-content\/uploads\/2018\/05\/PINYA-SABATALLA-EARTH-2.jpg\" alt=\"\" class=\"wp-image-9994\" srcset=\"https:\/\/fotosenderismo.com\/wordpress\/wp-content\/uploads\/2018\/05\/PINYA-SABATALLA-EARTH-2.jpg 1920w, https:\/\/fotosenderismo.com\/wordpress\/wp-content\/uploads\/2018\/05\/PINYA-SABATALLA-EARTH-2-300x152.jpg 300w, https:\/\/fotosenderismo.com\/wordpress\/wp-content\/uploads\/2018\/05\/PINYA-SABATALLA-EARTH-2-768x388.jpg 768w, https:\/\/fotosenderismo.com\/wordpress\/wp-content\/uploads\/2018\/05\/PINYA-SABATALLA-EARTH-2-1024x518.jpg 1024w, https:\/\/fotosenderismo.com\/wordpress\/wp-content\/uploads\/2018\/05\/PINYA-SABATALLA-EARTH-2-800x405.jpg 800w\" sizes=\"auto, (max-width: 1920px) 100vw, 1920px\" \/><\/a><\/figure>\n\n\n\n<p><\/p>\n\n\n\n<figure class=\"wp-block-image aligncenter\"><a href=\"http:\/\/fotosenderismo.com\/wordpress\/wp-content\/uploads\/2018\/05\/PINYA-SABATALLA-PERFIL.jpg\" target=\"_blank\" rel=\"noopener noreferrer\"><img loading=\"lazy\" decoding=\"async\" width=\"1896\" height=\"577\" src=\"http:\/\/fotosenderismo.com\/wordpress\/wp-content\/uploads\/2018\/05\/PINYA-SABATALLA-PERFIL.jpg\" alt=\"\" class=\"wp-image-9997\" srcset=\"https:\/\/fotosenderismo.com\/wordpress\/wp-content\/uploads\/2018\/05\/PINYA-SABATALLA-PERFIL.jpg 1896w, https:\/\/fotosenderismo.com\/wordpress\/wp-content\/uploads\/2018\/05\/PINYA-SABATALLA-PERFIL-300x91.jpg 300w, https:\/\/fotosenderismo.com\/wordpress\/wp-content\/uploads\/2018\/05\/PINYA-SABATALLA-PERFIL-768x234.jpg 768w, https:\/\/fotosenderismo.com\/wordpress\/wp-content\/uploads\/2018\/05\/PINYA-SABATALLA-PERFIL-1024x312.jpg 1024w, https:\/\/fotosenderismo.com\/wordpress\/wp-content\/uploads\/2018\/05\/PINYA-SABATALLA-PERFIL-800x243.jpg 800w\" sizes=\"auto, (max-width: 1896px) 100vw, 1896px\" \/><\/a><\/figure>\n\n\n\n<p><\/p>\n\n\n\n<p><strong><span style=\"text-decoration: underline;\"><span style=\"font-family: georgia, palatino, serif;\">Estad\u00edstica del recorrido real sin editar<\/span><\/span><\/strong><\/p>\n\n\n\n<figure class=\"wp-block-image aligncenter\"><a href=\"http:\/\/fotosenderismo.com\/wordpress\/wp-content\/uploads\/2018\/05\/PINYA-SABATALLA-estadistica1.jpg\"><img loading=\"lazy\" decoding=\"async\" width=\"600\" height=\"823\" src=\"http:\/\/fotosenderismo.com\/wordpress\/wp-content\/uploads\/2018\/05\/PINYA-SABATALLA-estadistica1.jpg\" alt=\"\" class=\"wp-image-10009\" srcset=\"https:\/\/fotosenderismo.com\/wordpress\/wp-content\/uploads\/2018\/05\/PINYA-SABATALLA-estadistica1.jpg 600w, https:\/\/fotosenderismo.com\/wordpress\/wp-content\/uploads\/2018\/05\/PINYA-SABATALLA-estadistica1-219x300.jpg 219w\" sizes=\"auto, (max-width: 600px) 100vw, 600px\" \/><\/a><\/figure>\n\n\n\n<p><\/p>\n\n\n\n<figure class=\"wp-block-image aligncenter\"><a href=\"http:\/\/fotosenderismo.com\/wordpress\/wp-content\/uploads\/2018\/03\/TERMINOS-DE-BUSQUEDA.jpg\"><img loading=\"lazy\" decoding=\"async\" width=\"302\" height=\"46\" src=\"http:\/\/fotosenderismo.com\/wordpress\/wp-content\/uploads\/2018\/03\/TERMINOS-DE-BUSQUEDA.jpg\" alt=\"\" class=\"wp-image-10151\" srcset=\"https:\/\/fotosenderismo.com\/wordpress\/wp-content\/uploads\/2018\/03\/TERMINOS-DE-BUSQUEDA.jpg 302w, https:\/\/fotosenderismo.com\/wordpress\/wp-content\/uploads\/2018\/03\/TERMINOS-DE-BUSQUEDA-300x46.jpg 300w\" sizes=\"auto, (max-width: 302px) 100vw, 302px\" \/><\/a><\/figure>\n\n\n\n<p><\/p>\n\n\n\n<p class=\"has-text-align-center has-very-light-gray-background-color has-background\"><span style=\"font-size: 14pt;\"><em><strong><span style=\"font-family: georgia, palatino, serif;\">Olot, Riudaura, Les Preses, La Pinya, El Bosc Esp\u00e8s, Coll Sabatalla<\/span><\/strong><\/em><\/span><\/p>\n\n\n\n<p><\/p>\n\n\n\n<figure class=\"wp-block-image aligncenter\"><a href=\"http:\/\/fotosenderismo.com\/wordpress\/wp-content\/uploads\/2018\/03\/RELACIONADAS.jpg\"><img loading=\"lazy\" decoding=\"async\" width=\"311\" height=\"48\" src=\"http:\/\/fotosenderismo.com\/wordpress\/wp-content\/uploads\/2018\/03\/RELACIONADAS.jpg\" alt=\"\" class=\"wp-image-10152\" srcset=\"https:\/\/fotosenderismo.com\/wordpress\/wp-content\/uploads\/2018\/03\/RELACIONADAS.jpg 311w, https:\/\/fotosenderismo.com\/wordpress\/wp-content\/uploads\/2018\/03\/RELACIONADAS-300x46.jpg 300w\" sizes=\"auto, (max-width: 311px) 100vw, 311px\" \/><\/a><\/figure>\n\n\n\n<p><\/p>\n\n\n\n<figure class=\"wp-block-embed aligncenter is-type-wp-embed is-provider-fotosenderismo-com wp-block-embed-fotosenderismo-com\"><div class=\"wp-block-embed__wrapper\">\n<blockquote class=\"wp-embedded-content\" data-secret=\"M4o3qfvBuP\"><a href=\"https:\/\/fotosenderismo.com\/wordpress\/index.php\/2018\/03\/30\/por-los-bosques-de-riudaura-riudaura-santuari-de-font-de-joan\/\">Por los bosques de Riudaura. Riudaura, Santuari de Font de Joan<\/a><\/blockquote><iframe loading=\"lazy\" class=\"wp-embedded-content\" sandbox=\"allow-scripts\" security=\"restricted\" style=\"position: absolute; clip: rect(1px, 1px, 1px, 1px);\" title=\"\u00abPor los bosques de Riudaura. Riudaura, Santuari de Font de Joan\u00bb \u2014 FOTOSENDERISMO.COM\" src=\"https:\/\/fotosenderismo.com\/wordpress\/index.php\/2018\/03\/30\/por-los-bosques-de-riudaura-riudaura-santuari-de-font-de-joan\/embed\/#?secret=YaEp4hzxL8#?secret=M4o3qfvBuP\" data-secret=\"M4o3qfvBuP\" width=\"600\" height=\"338\" frameborder=\"0\" marginwidth=\"0\" marginheight=\"0\" scrolling=\"no\"><\/iframe>\n<\/div><\/figure>\n\n\n\n<figure class=\"wp-block-embed aligncenter is-type-wp-embed is-provider-fotosenderismo-com wp-block-embed-fotosenderismo-com\"><div class=\"wp-block-embed__wrapper\">\n<blockquote class=\"wp-embedded-content\" data-secret=\"LXuL92QFDb\"><a href=\"https:\/\/fotosenderismo.com\/wordpress\/index.php\/2017\/04\/28\/ridaura-puig-de-lofrena-1349-m\/\">Riudaura, Puig de l&#8217;Ofrena (1349 m.)<\/a><\/blockquote><iframe loading=\"lazy\" class=\"wp-embedded-content\" sandbox=\"allow-scripts\" security=\"restricted\" style=\"position: absolute; clip: rect(1px, 1px, 1px, 1px);\" title=\"\u00abRiudaura, Puig de l&#8217;Ofrena (1349 m.)\u00bb \u2014 FOTOSENDERISMO.COM\" src=\"https:\/\/fotosenderismo.com\/wordpress\/index.php\/2017\/04\/28\/ridaura-puig-de-lofrena-1349-m\/embed\/#?secret=NoiNXzQeDk#?secret=LXuL92QFDb\" data-secret=\"LXuL92QFDb\" width=\"600\" height=\"338\" frameborder=\"0\" marginwidth=\"0\" marginheight=\"0\" scrolling=\"no\"><\/iframe>\n<\/div><\/figure>\n","protected":false},"excerpt":{"rendered":"<p>Salida de mantenimiento que se ha planificado sobre un plano antiguo de la Zona Volc\u00e0nica de la Garrotxa. El objetivo era el de explorar el terreno para enlazar con los caminos que ya tenemos procedentes de Riudaura, y tambi\u00e9n el de disfrutar de los senderos y bosques. Al final, aunque el track que hab\u00edamos dise\u00f1ado nos ha servido de orientaci\u00f3n, hemos tenido que prescindir de \u00e9l en muchos momentos, ya que no era fiel a la realidad. As\u00ed, hemos descubierto excelentes senderos que no figuran en ning\u00fan mapa.<\/p>\n","protected":false},"author":1,"featured_media":9995,"comment_status":"open","ping_status":"closed","sticky":false,"template":"","format":"standard","meta":{"footnotes":""},"categories":[45,46,143,288,33,42,47,48],"tags":[187,98,177,223],"class_list":["post-9992","post","type-post","status-publish","format-standard","has-post-thumbnail","hentry","category-garrotxa","category-girona","category-1-5-volcanes","category-201-entre-5-y-10-km","category-menos-de-500","category-senderismo","category-circular-tipo-de-recorrido","category-media-montana-o-terrenos-altos","tag-fotos-by-eduard","tag-98","tag-eduard","tag-track-en-wikiloc"],"_links":{"self":[{"href":"https:\/\/fotosenderismo.com\/wordpress\/index.php\/wp-json\/wp\/v2\/posts\/9992","targetHints":{"allow":["GET"]}}],"collection":[{"href":"https:\/\/fotosenderismo.com\/wordpress\/index.php\/wp-json\/wp\/v2\/posts"}],"about":[{"href":"https:\/\/fotosenderismo.com\/wordpress\/index.php\/wp-json\/wp\/v2\/types\/post"}],"author":[{"embeddable":true,"href":"https:\/\/fotosenderismo.com\/wordpress\/index.php\/wp-json\/wp\/v2\/users\/1"}],"replies":[{"embeddable":true,"href":"https:\/\/fotosenderismo.com\/wordpress\/index.php\/wp-json\/wp\/v2\/comments?post=9992"}],"version-history":[{"count":19,"href":"https:\/\/fotosenderismo.com\/wordpress\/index.php\/wp-json\/wp\/v2\/posts\/9992\/revisions"}],"predecessor-version":[{"id":23380,"href":"https:\/\/fotosenderismo.com\/wordpress\/index.php\/wp-json\/wp\/v2\/posts\/9992\/revisions\/23380"}],"wp:featuredmedia":[{"embeddable":true,"href":"https:\/\/fotosenderismo.com\/wordpress\/index.php\/wp-json\/wp\/v2\/media\/9995"}],"wp:attachment":[{"href":"https:\/\/fotosenderismo.com\/wordpress\/index.php\/wp-json\/wp\/v2\/media?parent=9992"}],"wp:term":[{"taxonomy":"category","embeddable":true,"href":"https:\/\/fotosenderismo.com\/wordpress\/index.php\/wp-json\/wp\/v2\/categories?post=9992"},{"taxonomy":"post_tag","embeddable":true,"href":"https:\/\/fotosenderismo.com\/wordpress\/index.php\/wp-json\/wp\/v2\/tags?post=9992"}],"curies":[{"name":"wp","href":"https:\/\/api.w.org\/{rel}","templated":true}]}}