{"id":9534,"date":"2018-04-17T14:03:01","date_gmt":"2018-04-17T14:03:01","guid":{"rendered":"http:\/\/fotosenderismo.com\/wordpress\/?p=9534"},"modified":"2024-02-23T17:58:48","modified_gmt":"2024-02-23T17:58:48","slug":"santa-pau-sant-marti-vell-coll-de-lalguer-coll-satrapa-coll-de-boixedes-sant-julia-de-mont","status":"publish","type":"post","link":"https:\/\/fotosenderismo.com\/wordpress\/index.php\/2018\/04\/17\/santa-pau-sant-marti-vell-coll-de-lalguer-coll-satrapa-coll-de-boixedes-sant-julia-de-mont\/","title":{"rendered":"Santa Pau, Sant Mart\u00ed Vell, Coll de l\u2019Alguer, Coll Satrapa, Coll de Boixedes, Sant Juli\u00e0 de Mont"},"content":{"rendered":"\n<p><\/p>\n\n\n\n<figure class=\"wp-block-image aligncenter\"><a href=\"https:\/\/photos.google.com\/share\/AF1QipMaeCcZqdKybaun5UJ8EI8_r71A5jXUU67aefAwwScC-ARW9MY7tCwwFObsgDk-mQ?key=TWxHRW8zSXVyZFE2UEtnWnJfdndOZmdxcXZqd2hB\" target=\"_blank\" rel=\"noopener noreferrer\"><img loading=\"lazy\" decoding=\"async\" width=\"400\" height=\"53\" src=\"http:\/\/fotosenderismo.com\/wordpress\/wp-content\/uploads\/2018\/04\/visualizar-galeria-fotos.jpg\" alt=\"\" class=\"wp-image-9459\" srcset=\"https:\/\/fotosenderismo.com\/wordpress\/wp-content\/uploads\/2018\/04\/visualizar-galeria-fotos.jpg 400w, https:\/\/fotosenderismo.com\/wordpress\/wp-content\/uploads\/2018\/04\/visualizar-galeria-fotos-300x40.jpg 300w\" sizes=\"auto, (max-width: 400px) 100vw, 400px\" \/><\/a><\/figure>\n\n\n\n<p><\/p>\n\n\n\n<figure class=\"wp-block-image aligncenter\"><a href=\"http:\/\/fotosenderismo.com\/wordpress\/wp-content\/uploads\/2018\/04\/SANTA-PAU-SANT-MARTI-SANT-JULIA-DATOS.jpg\" target=\"_blank\" rel=\"noopener noreferrer\"><img loading=\"lazy\" decoding=\"async\" width=\"1383\" height=\"915\" src=\"http:\/\/fotosenderismo.com\/wordpress\/wp-content\/uploads\/2018\/04\/SANTA-PAU-SANT-MARTI-SANT-JULIA-DATOS.jpg\" alt=\"\" class=\"wp-image-9536\" srcset=\"https:\/\/fotosenderismo.com\/wordpress\/wp-content\/uploads\/2018\/04\/SANTA-PAU-SANT-MARTI-SANT-JULIA-DATOS.jpg 1383w, https:\/\/fotosenderismo.com\/wordpress\/wp-content\/uploads\/2018\/04\/SANTA-PAU-SANT-MARTI-SANT-JULIA-DATOS-300x198.jpg 300w, https:\/\/fotosenderismo.com\/wordpress\/wp-content\/uploads\/2018\/04\/SANTA-PAU-SANT-MARTI-SANT-JULIA-DATOS-768x508.jpg 768w, https:\/\/fotosenderismo.com\/wordpress\/wp-content\/uploads\/2018\/04\/SANTA-PAU-SANT-MARTI-SANT-JULIA-DATOS-1024x677.jpg 1024w, https:\/\/fotosenderismo.com\/wordpress\/wp-content\/uploads\/2018\/04\/SANTA-PAU-SANT-MARTI-SANT-JULIA-DATOS-800x529.jpg 800w\" sizes=\"auto, (max-width: 1383px) 100vw, 1383px\" \/><\/a><\/figure>\n\n\n\n<p><\/p>\n\n\n\n<figure class=\"wp-block-image aligncenter size-full\"><a href=\"https:\/\/fotosenderismo.com\/wordpress\/wp-content\/uploads\/2018-04-17-SANTA-PAU-SANT-MARTI-SATRAPA-SANT-JULIA.gpx\"><img loading=\"lazy\" decoding=\"async\" width=\"400\" height=\"50\" src=\"https:\/\/fotosenderismo.com\/wordpress\/wp-content\/uploads\/2024\/02\/image-2.png\" alt=\"\" class=\"wp-image-23096\" srcset=\"https:\/\/fotosenderismo.com\/wordpress\/wp-content\/uploads\/2024\/02\/image-2.png 400w, https:\/\/fotosenderismo.com\/wordpress\/wp-content\/uploads\/2024\/02\/image-2-300x38.png 300w\" sizes=\"auto, (max-width: 400px) 100vw, 400px\" \/><\/a><\/figure>\n\n\n\n<p><\/p>\n\n\n\n<figure class=\"wp-block-image aligncenter\"><a href=\"https:\/\/ca.wikiloc.com\/rutes-senderisme\/2018-04-17-santa-pau-sant-marti-satrapa-sant-julia-24074805\" target=\"_blank\" rel=\"noopener noreferrer\"><img loading=\"lazy\" decoding=\"async\" width=\"400\" height=\"52\" src=\"http:\/\/fotosenderismo.com\/wordpress\/wp-content\/uploads\/2018\/04\/track-wikiloc.jpg\" alt=\"\" class=\"wp-image-9517\" srcset=\"https:\/\/fotosenderismo.com\/wordpress\/wp-content\/uploads\/2018\/04\/track-wikiloc.jpg 400w, https:\/\/fotosenderismo.com\/wordpress\/wp-content\/uploads\/2018\/04\/track-wikiloc-300x39.jpg 300w\" sizes=\"auto, (max-width: 400px) 100vw, 400px\" \/><\/a><\/figure>\n\n\n\n<p><\/p>\n\n\n\n<p class=\"has-drop-cap has-very-light-gray-background-color has-background\"><strong><span style=\"font-size: 14pt; font-family: georgia, palatino, serif;\">Esta vez hemos dibujado un camino de ascenso hasta el coll Satrapa en un viejo mapa de la Editorial Alpina para enlazarlo con tramos de tracks de otras salidas. Lo hemos seguido y la excursi\u00f3n resultante ha sido todo un \u00e9xito. Antes de ascender por ese sendero, que pasa por el coll de l\u2019Alguer, nos hemos acercado hasta el santuario de Sant Mart\u00ed Vell. Desde el Coll de l\u2019Alguer hemos alcanzado el Coll Satrapa, y desde all\u00ed nos hemos dirigido a Sant Juli\u00e0 de Mont. Despu\u00e9s hemos tomado el viejo camino de los monjes hasta el coll de Boixedes. Finalmente, nos hemos dejado arrastrar pendiente abajo hacia Santa Pau. La salida no tiene ninguna dificultad t\u00e9cnica pero casi todo el camino es \u00e1spero y pedregoso. M\u00e1s all\u00e0 de esto, los paisajes y rincones que encontraremos ser\u00e1n un aut\u00e9ntico regalo a la vista.<\/span><\/strong><\/p>\n\n\n\n<p><\/p>\n\n\n\n<figure class=\"wp-block-image aligncenter\"><a href=\"http:\/\/fotosenderismo.com\/wordpress\/wp-content\/uploads\/2018\/04\/santa-pau-alguer.julia-mapa.jpg\" target=\"_blank\" rel=\"noopener noreferrer\"><img loading=\"lazy\" decoding=\"async\" width=\"1080\" height=\"1920\" src=\"http:\/\/fotosenderismo.com\/wordpress\/wp-content\/uploads\/2018\/04\/santa-pau-alguer.julia-mapa.jpg\" alt=\"\" class=\"wp-image-10116\" srcset=\"https:\/\/fotosenderismo.com\/wordpress\/wp-content\/uploads\/2018\/04\/santa-pau-alguer.julia-mapa.jpg 1080w, https:\/\/fotosenderismo.com\/wordpress\/wp-content\/uploads\/2018\/04\/santa-pau-alguer.julia-mapa-169x300.jpg 169w, https:\/\/fotosenderismo.com\/wordpress\/wp-content\/uploads\/2018\/04\/santa-pau-alguer.julia-mapa-768x1365.jpg 768w, https:\/\/fotosenderismo.com\/wordpress\/wp-content\/uploads\/2018\/04\/santa-pau-alguer.julia-mapa-576x1024.jpg 576w, https:\/\/fotosenderismo.com\/wordpress\/wp-content\/uploads\/2018\/04\/santa-pau-alguer.julia-mapa-800x1422.jpg 800w\" sizes=\"auto, (max-width: 1080px) 100vw, 1080px\" \/><\/a><\/figure>\n\n\n\n<p><\/p>\n\n\n\n<figure class=\"wp-block-image aligncenter\"><a href=\"http:\/\/fotosenderismo.com\/wordpress\/wp-content\/uploads\/2018\/04\/SANTA-PAU-SANT-MARTI-SANT-JULIA-EARTH-1.jpg\" target=\"_blank\" rel=\"noopener noreferrer\"><img loading=\"lazy\" decoding=\"async\" width=\"1920\" height=\"971\" src=\"http:\/\/fotosenderismo.com\/wordpress\/wp-content\/uploads\/2018\/04\/SANTA-PAU-SANT-MARTI-SANT-JULIA-EARTH-1.jpg\" alt=\"\" class=\"wp-image-9537\" srcset=\"https:\/\/fotosenderismo.com\/wordpress\/wp-content\/uploads\/2018\/04\/SANTA-PAU-SANT-MARTI-SANT-JULIA-EARTH-1.jpg 1920w, https:\/\/fotosenderismo.com\/wordpress\/wp-content\/uploads\/2018\/04\/SANTA-PAU-SANT-MARTI-SANT-JULIA-EARTH-1-300x152.jpg 300w, https:\/\/fotosenderismo.com\/wordpress\/wp-content\/uploads\/2018\/04\/SANTA-PAU-SANT-MARTI-SANT-JULIA-EARTH-1-768x388.jpg 768w, https:\/\/fotosenderismo.com\/wordpress\/wp-content\/uploads\/2018\/04\/SANTA-PAU-SANT-MARTI-SANT-JULIA-EARTH-1-1024x518.jpg 1024w, https:\/\/fotosenderismo.com\/wordpress\/wp-content\/uploads\/2018\/04\/SANTA-PAU-SANT-MARTI-SANT-JULIA-EARTH-1-800x405.jpg 800w\" sizes=\"auto, (max-width: 1920px) 100vw, 1920px\" \/><\/a><\/figure>\n\n\n\n<p><\/p>\n\n\n\n<figure class=\"wp-block-image aligncenter\"><a href=\"http:\/\/fotosenderismo.com\/wordpress\/wp-content\/uploads\/2018\/04\/SANTA-PAU-SANT-MARTI-SANT-JULIA-EARTH-2.jpg\" target=\"_blank\" rel=\"noopener noreferrer\"><img loading=\"lazy\" decoding=\"async\" width=\"1920\" height=\"971\" src=\"http:\/\/fotosenderismo.com\/wordpress\/wp-content\/uploads\/2018\/04\/SANTA-PAU-SANT-MARTI-SANT-JULIA-EARTH-2.jpg\" alt=\"\" class=\"wp-image-9538\" srcset=\"https:\/\/fotosenderismo.com\/wordpress\/wp-content\/uploads\/2018\/04\/SANTA-PAU-SANT-MARTI-SANT-JULIA-EARTH-2.jpg 1920w, https:\/\/fotosenderismo.com\/wordpress\/wp-content\/uploads\/2018\/04\/SANTA-PAU-SANT-MARTI-SANT-JULIA-EARTH-2-300x152.jpg 300w, https:\/\/fotosenderismo.com\/wordpress\/wp-content\/uploads\/2018\/04\/SANTA-PAU-SANT-MARTI-SANT-JULIA-EARTH-2-768x388.jpg 768w, https:\/\/fotosenderismo.com\/wordpress\/wp-content\/uploads\/2018\/04\/SANTA-PAU-SANT-MARTI-SANT-JULIA-EARTH-2-1024x518.jpg 1024w, https:\/\/fotosenderismo.com\/wordpress\/wp-content\/uploads\/2018\/04\/SANTA-PAU-SANT-MARTI-SANT-JULIA-EARTH-2-800x405.jpg 800w\" sizes=\"auto, (max-width: 1920px) 100vw, 1920px\" \/><\/a><\/figure>\n\n\n\n<p><\/p>\n\n\n\n<figure class=\"wp-block-image aligncenter\"><a href=\"http:\/\/fotosenderismo.com\/wordpress\/wp-content\/uploads\/2018\/04\/SANTA-PAU-SANT-MARTI-SANT-JULIA-PERFIL.jpg\" target=\"_blank\" rel=\"noopener noreferrer\"><img loading=\"lazy\" decoding=\"async\" width=\"1895\" height=\"633\" src=\"http:\/\/fotosenderismo.com\/wordpress\/wp-content\/uploads\/2018\/04\/SANTA-PAU-SANT-MARTI-SANT-JULIA-PERFIL.jpg\" alt=\"\" class=\"wp-image-9540\" srcset=\"https:\/\/fotosenderismo.com\/wordpress\/wp-content\/uploads\/2018\/04\/SANTA-PAU-SANT-MARTI-SANT-JULIA-PERFIL.jpg 1895w, https:\/\/fotosenderismo.com\/wordpress\/wp-content\/uploads\/2018\/04\/SANTA-PAU-SANT-MARTI-SANT-JULIA-PERFIL-300x100.jpg 300w, https:\/\/fotosenderismo.com\/wordpress\/wp-content\/uploads\/2018\/04\/SANTA-PAU-SANT-MARTI-SANT-JULIA-PERFIL-768x257.jpg 768w, https:\/\/fotosenderismo.com\/wordpress\/wp-content\/uploads\/2018\/04\/SANTA-PAU-SANT-MARTI-SANT-JULIA-PERFIL-1024x342.jpg 1024w, https:\/\/fotosenderismo.com\/wordpress\/wp-content\/uploads\/2018\/04\/SANTA-PAU-SANT-MARTI-SANT-JULIA-PERFIL-800x267.jpg 800w\" sizes=\"auto, (max-width: 1895px) 100vw, 1895px\" \/><\/a><\/figure>\n\n\n\n<p><\/p>\n\n\n\n<figure class=\"wp-block-image aligncenter\"><a href=\"http:\/\/fotosenderismo.com\/wordpress\/wp-content\/uploads\/2018\/04\/SANTA-PAU-SANT-JULIA.jpg\" target=\"_blank\" rel=\"noopener noreferrer\"><img loading=\"lazy\" decoding=\"async\" width=\"1676\" height=\"831\" src=\"http:\/\/fotosenderismo.com\/wordpress\/wp-content\/uploads\/2018\/04\/SANTA-PAU-SANT-JULIA.jpg\" alt=\"\" class=\"wp-image-9546\" srcset=\"https:\/\/fotosenderismo.com\/wordpress\/wp-content\/uploads\/2018\/04\/SANTA-PAU-SANT-JULIA.jpg 1676w, https:\/\/fotosenderismo.com\/wordpress\/wp-content\/uploads\/2018\/04\/SANTA-PAU-SANT-JULIA-300x149.jpg 300w, https:\/\/fotosenderismo.com\/wordpress\/wp-content\/uploads\/2018\/04\/SANTA-PAU-SANT-JULIA-768x381.jpg 768w, https:\/\/fotosenderismo.com\/wordpress\/wp-content\/uploads\/2018\/04\/SANTA-PAU-SANT-JULIA-1024x508.jpg 1024w, https:\/\/fotosenderismo.com\/wordpress\/wp-content\/uploads\/2018\/04\/SANTA-PAU-SANT-JULIA-800x397.jpg 800w\" sizes=\"auto, (max-width: 1676px) 100vw, 1676px\" \/><\/a><\/figure>\n\n\n\n<p><\/p>\n\n\n\n<figure class=\"wp-block-image aligncenter\"><a href=\"http:\/\/fotosenderismo.com\/wordpress\/wp-content\/uploads\/2018\/03\/TERMINOS-DE-BUSQUEDA.jpg\"><img loading=\"lazy\" decoding=\"async\" width=\"302\" height=\"46\" src=\"http:\/\/fotosenderismo.com\/wordpress\/wp-content\/uploads\/2018\/03\/TERMINOS-DE-BUSQUEDA.jpg\" alt=\"\" class=\"wp-image-10151\" srcset=\"https:\/\/fotosenderismo.com\/wordpress\/wp-content\/uploads\/2018\/03\/TERMINOS-DE-BUSQUEDA.jpg 302w, https:\/\/fotosenderismo.com\/wordpress\/wp-content\/uploads\/2018\/03\/TERMINOS-DE-BUSQUEDA-300x46.jpg 300w\" sizes=\"auto, (max-width: 302px) 100vw, 302px\" \/><\/a><\/figure>\n\n\n\n<p><\/p>\n\n\n\n<p class=\"has-text-align-center has-very-light-gray-background-color has-background\"><span style=\"font-size: 14pt;\"><em><strong><span style=\"font-family: georgia, palatino, serif;\">Santa Pau, Sant Mart\u00ed Vell, Coll de l\u2019Alguer, Coll Satrapa, Coll de Boixedes, Sant Juli\u00e0 de Mont<\/span><\/strong><\/em><\/span><\/p>\n\n\n\n<p><\/p>\n\n\n\n<figure class=\"wp-block-image aligncenter\"><a href=\"http:\/\/fotosenderismo.com\/wordpress\/wp-content\/uploads\/2018\/03\/RELACIONADAS.jpg\"><img loading=\"lazy\" decoding=\"async\" width=\"311\" height=\"48\" src=\"http:\/\/fotosenderismo.com\/wordpress\/wp-content\/uploads\/2018\/03\/RELACIONADAS.jpg\" alt=\"\" class=\"wp-image-10152\" srcset=\"https:\/\/fotosenderismo.com\/wordpress\/wp-content\/uploads\/2018\/03\/RELACIONADAS.jpg 311w, https:\/\/fotosenderismo.com\/wordpress\/wp-content\/uploads\/2018\/03\/RELACIONADAS-300x46.jpg 300w\" sizes=\"auto, (max-width: 311px) 100vw, 311px\" \/><\/a><\/figure>\n\n\n\n<p><\/p>\n\n\n\n<figure class=\"wp-block-embed aligncenter is-type-wp-embed is-provider-fotosenderismo-com wp-block-embed-fotosenderismo-com\"><div class=\"wp-block-embed__wrapper\">\n<blockquote class=\"wp-embedded-content\" data-secret=\"ecp4O9rRel\"><a href=\"https:\/\/fotosenderismo.com\/wordpress\/index.php\/2018\/03\/13\/la-miana-pruan-coll-satrapa-la-miana\/\">La Miana, Pruan, Coll Satrapa, La Miana<\/a><\/blockquote><iframe loading=\"lazy\" class=\"wp-embedded-content\" sandbox=\"allow-scripts\" security=\"restricted\" style=\"position: absolute; clip: rect(1px, 1px, 1px, 1px);\" title=\"\u00abLa Miana, Pruan, Coll Satrapa, La Miana\u00bb \u2014 FOTOSENDERISMO.COM\" src=\"https:\/\/fotosenderismo.com\/wordpress\/index.php\/2018\/03\/13\/la-miana-pruan-coll-satrapa-la-miana\/embed\/#?secret=xQj1UOT1C6#?secret=ecp4O9rRel\" data-secret=\"ecp4O9rRel\" width=\"600\" height=\"338\" frameborder=\"0\" marginwidth=\"0\" marginheight=\"0\" scrolling=\"no\"><\/iframe>\n<\/div><\/figure>\n\n\n\n<figure class=\"wp-block-embed aligncenter is-type-wp-embed is-provider-fotosenderismo-com wp-block-embed-fotosenderismo-com\"><div class=\"wp-block-embed__wrapper\">\n<blockquote class=\"wp-embedded-content\" data-secret=\"yguFnlKaos\"><a href=\"https:\/\/fotosenderismo.com\/wordpress\/index.php\/2018\/03\/09\/santa-pau-coll-satrapa-pruan\/\">Santa Pau, Coll Satrapa, Pruan<\/a><\/blockquote><iframe loading=\"lazy\" class=\"wp-embedded-content\" sandbox=\"allow-scripts\" security=\"restricted\" style=\"position: absolute; clip: rect(1px, 1px, 1px, 1px);\" title=\"\u00abSanta Pau, Coll Satrapa, Pruan\u00bb \u2014 FOTOSENDERISMO.COM\" src=\"https:\/\/fotosenderismo.com\/wordpress\/index.php\/2018\/03\/09\/santa-pau-coll-satrapa-pruan\/embed\/#?secret=JtkIlYMWig#?secret=yguFnlKaos\" data-secret=\"yguFnlKaos\" width=\"600\" height=\"338\" frameborder=\"0\" marginwidth=\"0\" marginheight=\"0\" scrolling=\"no\"><\/iframe>\n<\/div><\/figure>\n","protected":false},"excerpt":{"rendered":"<p>Esta vez hemos dibujado un camino de ascenso hasta el coll Satrapa en un viejo mapa de la Editorial Alpina para enlazarlo con tramos de tracks de otras salidas. Lo hemos seguido y la excursi\u00f3n resultante ha sido todo un \u00e9xito. Antes de ascender por ese sendero, que pasa por el coll de l\u2019Alguer, nos hemos acercado hasta el santuario de Sant Mart\u00ed Vell. Desde el Coll de l\u2019Alguer hemos alcanzado el Coll Satrapa, y desde all\u00ed nos hemos dirigido a Sant Juli\u00e0 de Mont. Despu\u00e9s hemos tomado el viejo camino de los monjes hasta el coll de Boixedes. Finalmente, nos hemos dejado arrastrar pendiente abajo hacia Santa Pau. La salida no tiene ninguna dificultad t\u00e9cnica pero casi todo el camino es  \u00e1spero y pedregoso. M\u00e1s all\u00e0 de esto, los paisajes y rincones que encontraremos ser\u00e1n un aut\u00e9ntico regalo a la vista.<\/p>\n","protected":false},"author":1,"featured_media":9539,"comment_status":"open","ping_status":"closed","sticky":false,"template":"","format":"standard","meta":{"footnotes":""},"categories":[45,46,143,280,34,42,47,48],"tags":[187,98,177,223],"class_list":["post-9534","post","type-post","status-publish","format-standard","has-post-thumbnail","hentry","category-garrotxa","category-girona","category-1-5-volcanes","category-202-entre-10-y-15-km","category-entre-500-y-1000-metros","category-senderismo","category-circular-tipo-de-recorrido","category-media-montana-o-terrenos-altos","tag-fotos-by-eduard","tag-98","tag-eduard","tag-track-en-wikiloc"],"_links":{"self":[{"href":"https:\/\/fotosenderismo.com\/wordpress\/index.php\/wp-json\/wp\/v2\/posts\/9534","targetHints":{"allow":["GET"]}}],"collection":[{"href":"https:\/\/fotosenderismo.com\/wordpress\/index.php\/wp-json\/wp\/v2\/posts"}],"about":[{"href":"https:\/\/fotosenderismo.com\/wordpress\/index.php\/wp-json\/wp\/v2\/types\/post"}],"author":[{"embeddable":true,"href":"https:\/\/fotosenderismo.com\/wordpress\/index.php\/wp-json\/wp\/v2\/users\/1"}],"replies":[{"embeddable":true,"href":"https:\/\/fotosenderismo.com\/wordpress\/index.php\/wp-json\/wp\/v2\/comments?post=9534"}],"version-history":[{"count":21,"href":"https:\/\/fotosenderismo.com\/wordpress\/index.php\/wp-json\/wp\/v2\/posts\/9534\/revisions"}],"predecessor-version":[{"id":23405,"href":"https:\/\/fotosenderismo.com\/wordpress\/index.php\/wp-json\/wp\/v2\/posts\/9534\/revisions\/23405"}],"wp:featuredmedia":[{"embeddable":true,"href":"https:\/\/fotosenderismo.com\/wordpress\/index.php\/wp-json\/wp\/v2\/media\/9539"}],"wp:attachment":[{"href":"https:\/\/fotosenderismo.com\/wordpress\/index.php\/wp-json\/wp\/v2\/media?parent=9534"}],"wp:term":[{"taxonomy":"category","embeddable":true,"href":"https:\/\/fotosenderismo.com\/wordpress\/index.php\/wp-json\/wp\/v2\/categories?post=9534"},{"taxonomy":"post_tag","embeddable":true,"href":"https:\/\/fotosenderismo.com\/wordpress\/index.php\/wp-json\/wp\/v2\/tags?post=9534"}],"curies":[{"name":"wp","href":"https:\/\/api.w.org\/{rel}","templated":true}]}}