{"id":9298,"date":"2018-03-21T14:26:16","date_gmt":"2018-03-21T14:26:16","guid":{"rendered":"http:\/\/fotosenderismo.com\/wordpress\/?p=9298"},"modified":"2024-02-26T17:46:58","modified_gmt":"2024-02-26T17:46:58","slug":"castellfollit-de-la-roca-muntanya-del-cos-santuari-del-cos","status":"publish","type":"post","link":"https:\/\/fotosenderismo.com\/wordpress\/index.php\/2018\/03\/21\/castellfollit-de-la-roca-muntanya-del-cos-santuari-del-cos\/","title":{"rendered":"Castellfollit de la Roca, Muntanya del C\u00f3s, Santuari del C\u00f3s"},"content":{"rendered":"\n<p><\/p>\n\n\n\n<figure class=\"wp-block-image aligncenter\"><a href=\"https:\/\/photos.google.com\/share\/AF1QipOnD1nFaxppsmYgOAPur1ZZ6ZAhWUDhfKWZQqQ9EKrnxCwZjsIX4HNtbzDar4SNWQ?key=Mi1IQjNiUk1HUXVWQTJKbDA0OE45aGpsaHFfc3VR\" target=\"_blank\" rel=\"noopener noreferrer\"><img loading=\"lazy\" decoding=\"async\" width=\"300\" height=\"40\" src=\"http:\/\/fotosenderismo.com\/wordpress\/wp-content\/uploads\/2018\/02\/visualizar-galeria-fotos-300x40.jpg\" alt=\"\" class=\"wp-image-9127\" srcset=\"https:\/\/fotosenderismo.com\/wordpress\/wp-content\/uploads\/2018\/02\/visualizar-galeria-fotos-300x40.jpg 300w, https:\/\/fotosenderismo.com\/wordpress\/wp-content\/uploads\/2018\/02\/visualizar-galeria-fotos-768x102.jpg 768w, https:\/\/fotosenderismo.com\/wordpress\/wp-content\/uploads\/2018\/02\/visualizar-galeria-fotos-800x106.jpg 800w, https:\/\/fotosenderismo.com\/wordpress\/wp-content\/uploads\/2018\/02\/visualizar-galeria-fotos.jpg 854w\" sizes=\"auto, (max-width: 300px) 100vw, 300px\" \/><\/a><\/figure>\n\n\n\n<p><\/p>\n\n\n\n<figure class=\"wp-block-image aligncenter\"><a href=\"http:\/\/fotosenderismo.com\/wordpress\/wp-content\/uploads\/2018\/03\/CASTELLFOLLIT-COS-DATOS.jpg\" target=\"_blank\" rel=\"noopener noreferrer\"><img loading=\"lazy\" decoding=\"async\" width=\"1123\" height=\"876\" src=\"http:\/\/fotosenderismo.com\/wordpress\/wp-content\/uploads\/2018\/03\/CASTELLFOLLIT-COS-DATOS.jpg\" alt=\"\" class=\"wp-image-9305\" srcset=\"https:\/\/fotosenderismo.com\/wordpress\/wp-content\/uploads\/2018\/03\/CASTELLFOLLIT-COS-DATOS.jpg 1123w, https:\/\/fotosenderismo.com\/wordpress\/wp-content\/uploads\/2018\/03\/CASTELLFOLLIT-COS-DATOS-300x234.jpg 300w, https:\/\/fotosenderismo.com\/wordpress\/wp-content\/uploads\/2018\/03\/CASTELLFOLLIT-COS-DATOS-768x599.jpg 768w, https:\/\/fotosenderismo.com\/wordpress\/wp-content\/uploads\/2018\/03\/CASTELLFOLLIT-COS-DATOS-1024x799.jpg 1024w, https:\/\/fotosenderismo.com\/wordpress\/wp-content\/uploads\/2018\/03\/CASTELLFOLLIT-COS-DATOS-800x624.jpg 800w\" sizes=\"auto, (max-width: 1123px) 100vw, 1123px\" \/><\/a><\/figure>\n\n\n\n<p><\/p>\n\n\n\n<figure class=\"wp-block-image aligncenter size-full\"><a href=\"https:\/\/fotosenderismo.com\/wordpress\/wp-content\/uploads\/2018-03-21-CASTELLFOLLIT-COS.gpx\"><img loading=\"lazy\" decoding=\"async\" width=\"400\" height=\"50\" src=\"https:\/\/fotosenderismo.com\/wordpress\/wp-content\/uploads\/2024\/02\/image-2.png\" alt=\"\" class=\"wp-image-23096\" srcset=\"https:\/\/fotosenderismo.com\/wordpress\/wp-content\/uploads\/2024\/02\/image-2.png 400w, https:\/\/fotosenderismo.com\/wordpress\/wp-content\/uploads\/2024\/02\/image-2-300x38.png 300w\" sizes=\"auto, (max-width: 400px) 100vw, 400px\" \/><\/a><\/figure>\n\n\n\n<p><\/p>\n\n\n\n<figure class=\"wp-block-image aligncenter\"><a href=\"https:\/\/ca.wikiloc.com\/rutes-senderisme\/castellfollit-de-la-roca-muntanya-del-cos-santuari-del-cos-38988727\" target=\"_blank\" rel=\"noopener noreferrer\"><img loading=\"lazy\" decoding=\"async\" width=\"400\" height=\"52\" src=\"http:\/\/fotosenderismo.com\/wordpress\/wp-content\/uploads\/2019\/05\/track-wikiloc.jpg\" alt=\"\" class=\"wp-image-14261\" srcset=\"https:\/\/fotosenderismo.com\/wordpress\/wp-content\/uploads\/2019\/05\/track-wikiloc.jpg 400w, https:\/\/fotosenderismo.com\/wordpress\/wp-content\/uploads\/2019\/05\/track-wikiloc-300x39.jpg 300w\" sizes=\"auto, (max-width: 400px) 100vw, 400px\" \/><\/a><\/figure>\n\n\n\n<p><\/p>\n\n\n\n<p class=\"has-drop-cap has-very-light-gray-background-color has-background\"><strong><span style=\"font-size: 14pt; font-family: georgia, palatino, serif;\">Como hace tiempo que quer\u00eda preparar una salida de \u201cmantenimiento\u201d a la monta\u00f1a del C\u00f3s he tomado un plano del SIGPAC que hab\u00eda descargado hace mucho tiempo y otro de la Editorial Alpina no menos antiguo, y he dibujado una ruta sobre ellos. He tenido suerte y los caminos de los mapas, combinados, estaban bien y la matinal ha terminado exitosamente.<\/span><\/strong><\/p>\n\n\n\n<p class=\"has-very-light-gray-background-color has-background\"><strong><span style=\"font-size: 14pt; font-family: georgia, palatino, serif;\">No es que se trate de una salida maravillosa en comparaci\u00f3n a otros recorridos de la zona, pero si uno no sabe qu\u00e9 hacer y quiere explorarlo tampoco acabar\u00e1 decepcionado. No veremos grandes paisajes hasta que no alcancemos el santuario de C\u00f3s, pero hay tramos de bosque encantadores.<\/span><\/strong><\/p>\n\n\n\n<p class=\"has-very-light-gray-background-color has-background\"><strong><span style=\"font-size: 14pt; font-family: georgia, palatino, serif;\">Lo hemos hecho en el sentido de las agujas del reloj. Desde Castellfollit hemos bajado a la pasarela, hemos cruzado la carretera y hemos tomado primero un camino que pasa a trav\u00e9s del vecindario del Fluvi\u00e0 y posteriormente una trocha a que a su vez nos llevar\u00e1 a la carretera de Oix. La seguiremos m\u00e1s o menos durante 400 metros para enlazar con una pista que lentamente nos acercar\u00e1 en un muy suave ascenso a los bacs de can Vinyoles y Fontanelles. A partir de all\u00ed deberemos estar muy atentos al GPS, porque el track sigue por un sendero muy n\u00edtido, pero que debemos abandonar casi inmediatamente para tomar otra vereda que asciende a mano derecha trav\u00e9s de un encinar. Atentos porque la entrada a la misma pasa desapercibida a la vista.<\/span><\/strong><\/p>\n\n\n\n<p class=\"has-very-light-gray-background-color has-background\"><strong><span style=\"font-size: 14pt; font-family: georgia, palatino, serif;\">Ascendiendo por ella llegaremos a una pista asfaltada, que se convierte muy pronto en pista de tierra. Muy cerca de la cumbre la abandonaremos a cambio de un sendero marcado en amarillo que nos conducir\u00e1 ya al santuario. Desde all\u00ed s\u00f3lo nos deberemos dejar arrastrar por el camino marcado en amarillo que nos ha de devolver a Castellfollit. Poco antes de llegar y muy cerca de un dep\u00f3sito de agua, sin embargo, lo dejaremos para tomar un sendero muy poco definido que nos bajar\u00e1 por unas gradas perfiladas en la monta\u00f1a hasta una escalinata de piedra que nos dejar\u00e1 en la carretera general, muy cerca del camino de la pasarela. Por este \u00faltimo volveremos a Castellfollit.<\/span><\/strong><\/p>\n\n\n\n<p class=\"has-very-light-gray-background-color has-background\"><strong><span style=\"font-size: 14pt; font-family: georgia, palatino, serif;\">No cabe destacar ning\u00fan problema. Aunque en alg\u00fan punto de la zona norte de la monta\u00f1a, los caminos estaban algo enmara\u00f1ados, no opon\u00edan ning\u00fan tipo de dificultad.<\/span><\/strong><\/p>\n\n\n\n<p><\/p>\n\n\n\n<figure class=\"wp-block-image aligncenter\"><a href=\"http:\/\/fotosenderismo.com\/wordpress\/wp-content\/uploads\/2018\/03\/CASTELLFOLLIT-COS-MAP.jpg\" target=\"_blank\" rel=\"noopener noreferrer\"><img loading=\"lazy\" decoding=\"async\" width=\"1920\" height=\"1080\" src=\"http:\/\/fotosenderismo.com\/wordpress\/wp-content\/uploads\/2018\/03\/CASTELLFOLLIT-COS-MAP.jpg\" alt=\"\" class=\"wp-image-9308\" srcset=\"https:\/\/fotosenderismo.com\/wordpress\/wp-content\/uploads\/2018\/03\/CASTELLFOLLIT-COS-MAP.jpg 1920w, https:\/\/fotosenderismo.com\/wordpress\/wp-content\/uploads\/2018\/03\/CASTELLFOLLIT-COS-MAP-300x169.jpg 300w, https:\/\/fotosenderismo.com\/wordpress\/wp-content\/uploads\/2018\/03\/CASTELLFOLLIT-COS-MAP-768x432.jpg 768w, https:\/\/fotosenderismo.com\/wordpress\/wp-content\/uploads\/2018\/03\/CASTELLFOLLIT-COS-MAP-1024x576.jpg 1024w, https:\/\/fotosenderismo.com\/wordpress\/wp-content\/uploads\/2018\/03\/CASTELLFOLLIT-COS-MAP-800x450.jpg 800w\" sizes=\"auto, (max-width: 1920px) 100vw, 1920px\" \/><\/a><\/figure>\n\n\n\n<p><\/p>\n\n\n\n<figure class=\"wp-block-image aligncenter\"><a href=\"http:\/\/fotosenderismo.com\/wordpress\/wp-content\/uploads\/2018\/03\/CASTELLFOLLIT-COS-TRESD.jpg\" target=\"_blank\" rel=\"noopener noreferrer\"><img loading=\"lazy\" decoding=\"async\" width=\"1920\" height=\"1080\" src=\"http:\/\/fotosenderismo.com\/wordpress\/wp-content\/uploads\/2018\/03\/CASTELLFOLLIT-COS-TRESD.jpg\" alt=\"\" class=\"wp-image-9310\" srcset=\"https:\/\/fotosenderismo.com\/wordpress\/wp-content\/uploads\/2018\/03\/CASTELLFOLLIT-COS-TRESD.jpg 1920w, https:\/\/fotosenderismo.com\/wordpress\/wp-content\/uploads\/2018\/03\/CASTELLFOLLIT-COS-TRESD-300x169.jpg 300w, https:\/\/fotosenderismo.com\/wordpress\/wp-content\/uploads\/2018\/03\/CASTELLFOLLIT-COS-TRESD-768x432.jpg 768w, https:\/\/fotosenderismo.com\/wordpress\/wp-content\/uploads\/2018\/03\/CASTELLFOLLIT-COS-TRESD-1024x576.jpg 1024w, https:\/\/fotosenderismo.com\/wordpress\/wp-content\/uploads\/2018\/03\/CASTELLFOLLIT-COS-TRESD-800x450.jpg 800w\" sizes=\"auto, (max-width: 1920px) 100vw, 1920px\" \/><\/a><\/figure>\n\n\n\n<p><\/p>\n\n\n\n<figure class=\"wp-block-image aligncenter\"><a href=\"http:\/\/fotosenderismo.com\/wordpress\/wp-content\/uploads\/2018\/03\/CASTELLFOLLIT-COS-EARTH.jpg\" target=\"_blank\" rel=\"noopener noreferrer\"><img loading=\"lazy\" decoding=\"async\" width=\"1920\" height=\"971\" src=\"http:\/\/fotosenderismo.com\/wordpress\/wp-content\/uploads\/2018\/03\/CASTELLFOLLIT-COS-EARTH.jpg\" alt=\"\" class=\"wp-image-9306\" srcset=\"https:\/\/fotosenderismo.com\/wordpress\/wp-content\/uploads\/2018\/03\/CASTELLFOLLIT-COS-EARTH.jpg 1920w, https:\/\/fotosenderismo.com\/wordpress\/wp-content\/uploads\/2018\/03\/CASTELLFOLLIT-COS-EARTH-300x152.jpg 300w, https:\/\/fotosenderismo.com\/wordpress\/wp-content\/uploads\/2018\/03\/CASTELLFOLLIT-COS-EARTH-768x388.jpg 768w, https:\/\/fotosenderismo.com\/wordpress\/wp-content\/uploads\/2018\/03\/CASTELLFOLLIT-COS-EARTH-1024x518.jpg 1024w, https:\/\/fotosenderismo.com\/wordpress\/wp-content\/uploads\/2018\/03\/CASTELLFOLLIT-COS-EARTH-800x405.jpg 800w\" sizes=\"auto, (max-width: 1920px) 100vw, 1920px\" \/><\/a><\/figure>\n\n\n\n<p><\/p>\n\n\n\n<figure class=\"wp-block-image aligncenter\"><a href=\"http:\/\/fotosenderismo.com\/wordpress\/wp-content\/uploads\/2018\/03\/CASTELLFOLLIT-COS-PERFIL.jpg\" target=\"_blank\" rel=\"noopener noreferrer\"><img loading=\"lazy\" decoding=\"async\" width=\"1859\" height=\"660\" src=\"http:\/\/fotosenderismo.com\/wordpress\/wp-content\/uploads\/2018\/03\/CASTELLFOLLIT-COS-PERFIL.jpg\" alt=\"\" class=\"wp-image-9309\" srcset=\"https:\/\/fotosenderismo.com\/wordpress\/wp-content\/uploads\/2018\/03\/CASTELLFOLLIT-COS-PERFIL.jpg 1859w, https:\/\/fotosenderismo.com\/wordpress\/wp-content\/uploads\/2018\/03\/CASTELLFOLLIT-COS-PERFIL-300x107.jpg 300w, https:\/\/fotosenderismo.com\/wordpress\/wp-content\/uploads\/2018\/03\/CASTELLFOLLIT-COS-PERFIL-768x273.jpg 768w, https:\/\/fotosenderismo.com\/wordpress\/wp-content\/uploads\/2018\/03\/CASTELLFOLLIT-COS-PERFIL-1024x364.jpg 1024w, https:\/\/fotosenderismo.com\/wordpress\/wp-content\/uploads\/2018\/03\/CASTELLFOLLIT-COS-PERFIL-800x284.jpg 800w\" sizes=\"auto, (max-width: 1859px) 100vw, 1859px\" \/><\/a><\/figure>\n\n\n\n<p><\/p>\n\n\n\n<figure class=\"wp-block-image aligncenter\"><a href=\"http:\/\/fotosenderismo.com\/wordpress\/wp-content\/uploads\/2018\/03\/TERMINOS-DE-BUSQUEDA.jpg\"><img loading=\"lazy\" decoding=\"async\" width=\"302\" height=\"46\" src=\"http:\/\/fotosenderismo.com\/wordpress\/wp-content\/uploads\/2018\/03\/TERMINOS-DE-BUSQUEDA.jpg\" alt=\"\" class=\"wp-image-10151\" srcset=\"https:\/\/fotosenderismo.com\/wordpress\/wp-content\/uploads\/2018\/03\/TERMINOS-DE-BUSQUEDA.jpg 302w, https:\/\/fotosenderismo.com\/wordpress\/wp-content\/uploads\/2018\/03\/TERMINOS-DE-BUSQUEDA-300x46.jpg 300w\" sizes=\"auto, (max-width: 302px) 100vw, 302px\" \/><\/a><\/figure>\n\n\n\n<p><\/p>\n\n\n\n<p class=\"has-text-align-center has-very-light-gray-background-color has-background\"><span style=\"font-size: 14pt;\"><em><strong><span style=\"font-family: georgia, palatino, serif;\">Olot, Castellfollit de la Roca, Mare de D\u00e9u del C\u00f3s<\/span><\/strong><\/em><\/span><\/p>\n","protected":false},"excerpt":{"rendered":"<p>Como hace tiempo que quer\u00eda preparar una salida de \u201cmantenimiento\u201d a la monta\u00f1a del C\u00f3s he tomado un plano del SIGPAC que hab\u00eda descargado hace mucho tiempo y otro de la Editorial Alpina no menos antiguo, y he dibujado una ruta sobre ellos. He tenido suerte y los caminos de los mapas, combinados, estaban bien y la matinal ha terminado exitosamente. No es que se trate de una salida maravillosa en comparaci\u00f3n a otros recorridos de la zona, pero si uno no sabe qu\u00e9 hacer y quiere explorarlo tampoco acabar\u00e1 decepcionado. No veremos grandes paisajes hasta que no alcancemos el santuario de C\u00f3s, pero hay tramos de bosque encantadores.<\/p>\n","protected":false},"author":1,"featured_media":9307,"comment_status":"open","ping_status":"closed","sticky":false,"template":"","format":"standard","meta":{"footnotes":""},"categories":[45,46,49,143,280,33,42,47,60],"tags":[187,98,177,223],"class_list":["post-9298","post","type-post","status-publish","format-standard","has-post-thumbnail","hentry","category-garrotxa","category-girona","category-alta-garrotxa","category-1-5-volcanes","category-202-entre-10-y-15-km","category-menos-de-500","category-senderismo","category-circular-tipo-de-recorrido","category-baja-montana-o-tierras-a-media-altitud","tag-fotos-by-eduard","tag-98","tag-eduard","tag-track-en-wikiloc"],"_links":{"self":[{"href":"https:\/\/fotosenderismo.com\/wordpress\/index.php\/wp-json\/wp\/v2\/posts\/9298","targetHints":{"allow":["GET"]}}],"collection":[{"href":"https:\/\/fotosenderismo.com\/wordpress\/index.php\/wp-json\/wp\/v2\/posts"}],"about":[{"href":"https:\/\/fotosenderismo.com\/wordpress\/index.php\/wp-json\/wp\/v2\/types\/post"}],"author":[{"embeddable":true,"href":"https:\/\/fotosenderismo.com\/wordpress\/index.php\/wp-json\/wp\/v2\/users\/1"}],"replies":[{"embeddable":true,"href":"https:\/\/fotosenderismo.com\/wordpress\/index.php\/wp-json\/wp\/v2\/comments?post=9298"}],"version-history":[{"count":21,"href":"https:\/\/fotosenderismo.com\/wordpress\/index.php\/wp-json\/wp\/v2\/posts\/9298\/revisions"}],"predecessor-version":[{"id":23435,"href":"https:\/\/fotosenderismo.com\/wordpress\/index.php\/wp-json\/wp\/v2\/posts\/9298\/revisions\/23435"}],"wp:featuredmedia":[{"embeddable":true,"href":"https:\/\/fotosenderismo.com\/wordpress\/index.php\/wp-json\/wp\/v2\/media\/9307"}],"wp:attachment":[{"href":"https:\/\/fotosenderismo.com\/wordpress\/index.php\/wp-json\/wp\/v2\/media?parent=9298"}],"wp:term":[{"taxonomy":"category","embeddable":true,"href":"https:\/\/fotosenderismo.com\/wordpress\/index.php\/wp-json\/wp\/v2\/categories?post=9298"},{"taxonomy":"post_tag","embeddable":true,"href":"https:\/\/fotosenderismo.com\/wordpress\/index.php\/wp-json\/wp\/v2\/tags?post=9298"}],"curies":[{"name":"wp","href":"https:\/\/api.w.org\/{rel}","templated":true}]}}