{"id":8776,"date":"2017-09-22T21:05:37","date_gmt":"2017-09-22T21:05:37","guid":{"rendered":"http:\/\/fotosenderismo.com\/wordpress\/?p=8776"},"modified":"2024-02-27T18:34:47","modified_gmt":"2024-02-27T18:34:47","slug":"mare-de-deu-de-la-pertusa-congost-de-mont-rebei","status":"publish","type":"post","link":"https:\/\/fotosenderismo.com\/wordpress\/index.php\/2017\/09\/22\/mare-de-deu-de-la-pertusa-congost-de-mont-rebei\/","title":{"rendered":"Mare de D\u00e9u de la Pertusa, Congost de Mont-rebei"},"content":{"rendered":"\n<p><\/p>\n\n\n\n<figure class=\"wp-block-image aligncenter\"><a href=\"https:\/\/photos.google.com\/share\/AF1QipONyspTbt8CAXZJ6IWu1D6Lby4TE4a_CrYo6WOZFSzdl5xtApwWYNur_zuOYTZoLA?key=ckU0Z3BTV1VndmdMYWdRbjFmQUhVQ091V3dLZ1N3\" target=\"_blank\" rel=\"noopener noreferrer\"><img loading=\"lazy\" decoding=\"async\" width=\"400\" height=\"53\" src=\"http:\/\/fotosenderismo.com\/wordpress\/wp-content\/uploads\/2017\/08\/visualizar-galeria-fotos-e1504269820283.jpg\" alt=\"\" class=\"wp-image-8631\"\/><\/a><\/figure>\n\n\n\n<p><\/p>\n\n\n\n<figure class=\"wp-block-image aligncenter\"><a href=\"http:\/\/fotosenderismo.com\/wordpress\/wp-content\/uploads\/2017\/09\/pertusa-mont-rebei-datos.jpg\" target=\"_blank\" rel=\"noopener noreferrer\"><img loading=\"lazy\" decoding=\"async\" width=\"1122\" height=\"860\" src=\"http:\/\/fotosenderismo.com\/wordpress\/wp-content\/uploads\/2017\/09\/pertusa-mont-rebei-datos.jpg\" alt=\"\" class=\"wp-image-8778\" srcset=\"https:\/\/fotosenderismo.com\/wordpress\/wp-content\/uploads\/2017\/09\/pertusa-mont-rebei-datos.jpg 1122w, https:\/\/fotosenderismo.com\/wordpress\/wp-content\/uploads\/2017\/09\/pertusa-mont-rebei-datos-300x230.jpg 300w, https:\/\/fotosenderismo.com\/wordpress\/wp-content\/uploads\/2017\/09\/pertusa-mont-rebei-datos-768x589.jpg 768w, https:\/\/fotosenderismo.com\/wordpress\/wp-content\/uploads\/2017\/09\/pertusa-mont-rebei-datos-1024x785.jpg 1024w, https:\/\/fotosenderismo.com\/wordpress\/wp-content\/uploads\/2017\/09\/pertusa-mont-rebei-datos-800x613.jpg 800w\" sizes=\"auto, (max-width: 1122px) 100vw, 1122px\" \/><\/a><\/figure>\n\n\n\n<p><\/p>\n\n\n\n<figure class=\"wp-block-image aligncenter size-full\"><a href=\"https:\/\/fotosenderismo.com\/wordpress\/wp-content\/uploads\/2017-09-22-PERTUSA-MONTREBEI.gpx\"><img loading=\"lazy\" decoding=\"async\" width=\"400\" height=\"50\" src=\"https:\/\/fotosenderismo.com\/wordpress\/wp-content\/uploads\/2024\/02\/descargar-track-9.jpg\" alt=\"\" class=\"wp-image-23007\" srcset=\"https:\/\/fotosenderismo.com\/wordpress\/wp-content\/uploads\/2024\/02\/descargar-track-9.jpg 400w, https:\/\/fotosenderismo.com\/wordpress\/wp-content\/uploads\/2024\/02\/descargar-track-9-300x38.jpg 300w\" sizes=\"auto, (max-width: 400px) 100vw, 400px\" \/><\/a><\/figure>\n\n\n\n<p><\/p>\n\n\n\n<figure class=\"wp-block-image aligncenter\"><a href=\"https:\/\/fotosenderismo.com\/wordpress\/wp-content\/uploads\/2017-09-22-PERTUSA-MONTREBEI.gpx\" target=\"_blank\" rel=\"noopener noreferrer\"><img loading=\"lazy\" decoding=\"async\" width=\"400\" height=\"50\" src=\"http:\/\/fotosenderismo.com\/wordpress\/wp-content\/uploads\/2016\/04\/descargar-track-e1503960292359.jpg\" alt=\"\" class=\"wp-image-8529\"\/><\/a><\/figure>\n\n\n\n<p><\/p>\n\n\n\n<p class=\"has-drop-cap has-very-light-gray-background-color has-background\"><span style=\"font-size: 14pt;\"><strong><span style=\"font-family: georgia,palatino,serif;\">Esta salida tiene el prop\u00f3sito de visitar tanto el congost de Mont-rebei, m\u00e1s concretamente el camino que se haya excavado a media pared en el abismo rocoso, como el espol\u00f3n rocoso en el cual se haya la ermita de la Mare de D\u00e9u de la Pertusa, no menos espectacular que el propio congost. El track final alcanza un puente de hierro que cruza el r\u00edo de la Noguera Ribagorzana, para regresar sobre sus pasos. No que decir tiene que el paisaje por el discurre el recorrido es espectacular y tambi\u00e9n sobrecogedor, ya que el tr\u00e1nsito por el congost infunde gran respeto. Aunque el camino excavado en la roca es lo suficientemente ancho como para caminar con seguridad, se recomienda ir con mucho cuidado.<\/span><\/strong><\/span><\/p>\n\n\n\n<p class=\"has-very-light-gray-background-color has-background\"><span style=\"font-family: georgia,palatino,serif; font-size: 14pt; background-color: #ffff00;\"><strong>Nota importante: se ha borrado la parte del track que discurre por el camino colgado en la pared del congost porque la recepci\u00f3n era excesivamente deficiente. S\u00f3lo se han dejado las partes del track del final y del principio porque all\u00ed la recepci\u00f3n de sat\u00e9lites ha sido normal.<\/strong><\/span><\/p>\n\n\n\n<figure class=\"wp-block-image aligncenter\"><a href=\"http:\/\/fotosenderismo.com\/wordpress\/wp-content\/uploads\/2017\/09\/pertusa-mont-rebei-map.jpg\" target=\"_blank\" rel=\"noopener noreferrer\"><img loading=\"lazy\" decoding=\"async\" width=\"1920\" height=\"1080\" src=\"http:\/\/fotosenderismo.com\/wordpress\/wp-content\/uploads\/2017\/09\/pertusa-mont-rebei-map.jpg\" alt=\"\" class=\"wp-image-8781\" srcset=\"https:\/\/fotosenderismo.com\/wordpress\/wp-content\/uploads\/2017\/09\/pertusa-mont-rebei-map.jpg 1920w, https:\/\/fotosenderismo.com\/wordpress\/wp-content\/uploads\/2017\/09\/pertusa-mont-rebei-map-300x169.jpg 300w, https:\/\/fotosenderismo.com\/wordpress\/wp-content\/uploads\/2017\/09\/pertusa-mont-rebei-map-768x432.jpg 768w, https:\/\/fotosenderismo.com\/wordpress\/wp-content\/uploads\/2017\/09\/pertusa-mont-rebei-map-1024x576.jpg 1024w, https:\/\/fotosenderismo.com\/wordpress\/wp-content\/uploads\/2017\/09\/pertusa-mont-rebei-map-800x450.jpg 800w\" sizes=\"auto, (max-width: 1920px) 100vw, 1920px\" \/><\/a><\/figure>\n\n\n\n<p><\/p>\n\n\n\n<figure class=\"wp-block-image aligncenter\"><a href=\"http:\/\/fotosenderismo.com\/wordpress\/wp-content\/uploads\/2017\/09\/pertusa-mont-rebei-3d.jpg\" target=\"_blank\" rel=\"noopener noreferrer\"><img loading=\"lazy\" decoding=\"async\" width=\"1920\" height=\"1080\" src=\"http:\/\/fotosenderismo.com\/wordpress\/wp-content\/uploads\/2017\/09\/pertusa-mont-rebei-3d.jpg\" alt=\"\" class=\"wp-image-8777\" srcset=\"https:\/\/fotosenderismo.com\/wordpress\/wp-content\/uploads\/2017\/09\/pertusa-mont-rebei-3d.jpg 1920w, https:\/\/fotosenderismo.com\/wordpress\/wp-content\/uploads\/2017\/09\/pertusa-mont-rebei-3d-300x169.jpg 300w, https:\/\/fotosenderismo.com\/wordpress\/wp-content\/uploads\/2017\/09\/pertusa-mont-rebei-3d-768x432.jpg 768w, https:\/\/fotosenderismo.com\/wordpress\/wp-content\/uploads\/2017\/09\/pertusa-mont-rebei-3d-1024x576.jpg 1024w, https:\/\/fotosenderismo.com\/wordpress\/wp-content\/uploads\/2017\/09\/pertusa-mont-rebei-3d-800x450.jpg 800w\" sizes=\"auto, (max-width: 1920px) 100vw, 1920px\" \/><\/a><\/figure>\n\n\n\n<p><\/p>\n\n\n\n<figure class=\"wp-block-image aligncenter\"><a href=\"http:\/\/fotosenderismo.com\/wordpress\/wp-content\/uploads\/2017\/09\/pertusa-mont-rebei-earth.jpg\" target=\"_blank\" rel=\"noopener noreferrer\"><img loading=\"lazy\" decoding=\"async\" width=\"1920\" height=\"970\" src=\"http:\/\/fotosenderismo.com\/wordpress\/wp-content\/uploads\/2017\/09\/pertusa-mont-rebei-earth.jpg\" alt=\"\" class=\"wp-image-8779\" srcset=\"https:\/\/fotosenderismo.com\/wordpress\/wp-content\/uploads\/2017\/09\/pertusa-mont-rebei-earth.jpg 1920w, https:\/\/fotosenderismo.com\/wordpress\/wp-content\/uploads\/2017\/09\/pertusa-mont-rebei-earth-300x152.jpg 300w, https:\/\/fotosenderismo.com\/wordpress\/wp-content\/uploads\/2017\/09\/pertusa-mont-rebei-earth-768x388.jpg 768w, https:\/\/fotosenderismo.com\/wordpress\/wp-content\/uploads\/2017\/09\/pertusa-mont-rebei-earth-1024x517.jpg 1024w, https:\/\/fotosenderismo.com\/wordpress\/wp-content\/uploads\/2017\/09\/pertusa-mont-rebei-earth-800x404.jpg 800w\" sizes=\"auto, (max-width: 1920px) 100vw, 1920px\" \/><\/a><\/figure>\n\n\n\n<p><\/p>\n\n\n\n<figure class=\"wp-block-image aligncenter\"><a href=\"http:\/\/fotosenderismo.com\/wordpress\/wp-content\/uploads\/2017\/09\/pertusa-mont-rebei-perfil.jpg\" target=\"_blank\" rel=\"noopener noreferrer\"><img loading=\"lazy\" decoding=\"async\" width=\"1910\" height=\"478\" src=\"http:\/\/fotosenderismo.com\/wordpress\/wp-content\/uploads\/2017\/09\/pertusa-mont-rebei-perfil.jpg\" alt=\"\" class=\"wp-image-8782\" srcset=\"https:\/\/fotosenderismo.com\/wordpress\/wp-content\/uploads\/2017\/09\/pertusa-mont-rebei-perfil.jpg 1910w, https:\/\/fotosenderismo.com\/wordpress\/wp-content\/uploads\/2017\/09\/pertusa-mont-rebei-perfil-300x75.jpg 300w, https:\/\/fotosenderismo.com\/wordpress\/wp-content\/uploads\/2017\/09\/pertusa-mont-rebei-perfil-768x192.jpg 768w, https:\/\/fotosenderismo.com\/wordpress\/wp-content\/uploads\/2017\/09\/pertusa-mont-rebei-perfil-1024x256.jpg 1024w, https:\/\/fotosenderismo.com\/wordpress\/wp-content\/uploads\/2017\/09\/pertusa-mont-rebei-perfil-800x200.jpg 800w\" sizes=\"auto, (max-width: 1910px) 100vw, 1910px\" \/><\/a><\/figure>\n\n\n\n<p><\/p>\n\n\n\n<figure class=\"wp-block-image aligncenter\"><a href=\"http:\/\/fotosenderismo.com\/wordpress\/wp-content\/uploads\/2018\/03\/TERMINOS-DE-BUSQUEDA.jpg\"><img loading=\"lazy\" decoding=\"async\" width=\"302\" height=\"46\" src=\"http:\/\/fotosenderismo.com\/wordpress\/wp-content\/uploads\/2018\/03\/TERMINOS-DE-BUSQUEDA.jpg\" alt=\"\" class=\"wp-image-10151\" srcset=\"https:\/\/fotosenderismo.com\/wordpress\/wp-content\/uploads\/2018\/03\/TERMINOS-DE-BUSQUEDA.jpg 302w, https:\/\/fotosenderismo.com\/wordpress\/wp-content\/uploads\/2018\/03\/TERMINOS-DE-BUSQUEDA-300x46.jpg 300w\" sizes=\"auto, (max-width: 302px) 100vw, 302px\" \/><\/a><\/figure>\n\n\n\n<p><\/p>\n\n\n\n<p class=\"has-text-align-center has-very-light-gray-background-color has-background\"><span style=\"font-family: georgia, palatino, serif; font-size: 14pt;\"><em><strong>Ager, Mare de D\u00e9u de la Pertusa, Congost de Mont-rebei, Montsec<\/strong><\/em><\/span><\/p>\n\n\n\n<p><\/p>\n\n\n\n<figure class=\"wp-block-image aligncenter\"><a href=\"http:\/\/fotosenderismo.com\/wordpress\/wp-content\/uploads\/2018\/03\/RELACIONADAS.jpg\"><img loading=\"lazy\" decoding=\"async\" width=\"311\" height=\"48\" src=\"http:\/\/fotosenderismo.com\/wordpress\/wp-content\/uploads\/2018\/03\/RELACIONADAS.jpg\" alt=\"\" class=\"wp-image-10152\" srcset=\"https:\/\/fotosenderismo.com\/wordpress\/wp-content\/uploads\/2018\/03\/RELACIONADAS.jpg 311w, https:\/\/fotosenderismo.com\/wordpress\/wp-content\/uploads\/2018\/03\/RELACIONADAS-300x46.jpg 300w\" sizes=\"auto, (max-width: 311px) 100vw, 311px\" \/><\/a><\/figure>\n\n\n\n<p><\/p>\n\n\n\n<figure class=\"wp-block-embed aligncenter is-type-wp-embed is-provider-fotosenderismo-com wp-block-embed-fotosenderismo-com\"><div class=\"wp-block-embed__wrapper\">\n<blockquote class=\"wp-embedded-content\" data-secret=\"9VrYdhHY6w\"><a href=\"https:\/\/fotosenderismo.com\/wordpress\/index.php\/2017\/09\/24\/mare-de-deu-de-la-pedra\/\">Mare de D\u00e9u de la Pedra<\/a><\/blockquote><iframe loading=\"lazy\" class=\"wp-embedded-content\" sandbox=\"allow-scripts\" security=\"restricted\" style=\"position: absolute; clip: rect(1px, 1px, 1px, 1px);\" title=\"\u00abMare de D\u00e9u de la Pedra\u00bb \u2014 FOTOSENDERISMO.COM\" src=\"https:\/\/fotosenderismo.com\/wordpress\/index.php\/2017\/09\/24\/mare-de-deu-de-la-pedra\/embed\/#?secret=qJVEBf2kI0#?secret=9VrYdhHY6w\" data-secret=\"9VrYdhHY6w\" width=\"600\" height=\"338\" frameborder=\"0\" marginwidth=\"0\" marginheight=\"0\" scrolling=\"no\"><\/iframe>\n<\/div><\/figure>\n\n\n\n<figure class=\"wp-block-embed aligncenter is-type-wp-embed is-provider-fotosenderismo-com wp-block-embed-fotosenderismo-com\"><div class=\"wp-block-embed__wrapper\">\n<blockquote class=\"wp-embedded-content\" data-secret=\"vvqjqdg9Fu\"><a href=\"https:\/\/fotosenderismo.com\/wordpress\/index.php\/2017\/09\/23\/ager-la-regola-santa-eugenia-sant-jaume-del-cas-ager\/\">Ager, la R\u00e9gola, santa Eugenia, sant Jaume del Cas, Ager<\/a><\/blockquote><iframe loading=\"lazy\" class=\"wp-embedded-content\" sandbox=\"allow-scripts\" security=\"restricted\" style=\"position: absolute; clip: rect(1px, 1px, 1px, 1px);\" title=\"\u00abAger, la R\u00e9gola, santa Eugenia, sant Jaume del Cas, Ager\u00bb \u2014 FOTOSENDERISMO.COM\" src=\"https:\/\/fotosenderismo.com\/wordpress\/index.php\/2017\/09\/23\/ager-la-regola-santa-eugenia-sant-jaume-del-cas-ager\/embed\/#?secret=K3NsxH5Khu#?secret=vvqjqdg9Fu\" data-secret=\"vvqjqdg9Fu\" width=\"600\" height=\"338\" frameborder=\"0\" marginwidth=\"0\" marginheight=\"0\" scrolling=\"no\"><\/iframe>\n<\/div><\/figure>\n","protected":false},"excerpt":{"rendered":"<p>Esta salida tiene el prop\u00f3sito de visitar tanto el congost de Mont-rebei, m\u00e1s concretamente el camino que se haya excavado a media pared en el abismo rocoso, como el espol\u00f3n rocoso en el cual se haya la ermita de la Mare de D\u00e9u de la Pertusa, no menos espectacular que el propio congost. El track final alcanza un puente de hiero que cruza el r\u00edo de la Noguera Ribagorzana, para regresar sobre sus pasos. No que decir tiene que el paisaje por el discurre el recorrido es espectacular y tambi\u00e9n sobrecogedor, ya que el transito por el congost infunde gran respeto. Aunque el camino excavado en la roca es lo suficientemente ancho como para caminar con seguridad, se recomienda ir con mucho cuidado.<\/p>\n","protected":false},"author":1,"featured_media":8780,"comment_status":"open","ping_status":"closed","sticky":false,"template":"","format":"standard","meta":{"footnotes":""},"categories":[231,75,210,232,281,34,42,55,60],"tags":[187,98,272,177],"class_list":["post-8776","post","type-post","status-publish","format-standard","has-post-thumbnail","hentry","category-0-03-la-noguera","category-lleida","category-0-03-pallars-llussa","category-1-08-montsec","category-202-entre-15-y-20-km","category-entre-500-y-1000-metros","category-senderismo","category-ida-y-vuelta","category-baja-montana-o-tierras-a-media-altitud","tag-fotos-by-eduard","tag-98","tag-no-wikiloc","tag-eduard"],"_links":{"self":[{"href":"https:\/\/fotosenderismo.com\/wordpress\/index.php\/wp-json\/wp\/v2\/posts\/8776","targetHints":{"allow":["GET"]}}],"collection":[{"href":"https:\/\/fotosenderismo.com\/wordpress\/index.php\/wp-json\/wp\/v2\/posts"}],"about":[{"href":"https:\/\/fotosenderismo.com\/wordpress\/index.php\/wp-json\/wp\/v2\/types\/post"}],"author":[{"embeddable":true,"href":"https:\/\/fotosenderismo.com\/wordpress\/index.php\/wp-json\/wp\/v2\/users\/1"}],"replies":[{"embeddable":true,"href":"https:\/\/fotosenderismo.com\/wordpress\/index.php\/wp-json\/wp\/v2\/comments?post=8776"}],"version-history":[{"count":20,"href":"https:\/\/fotosenderismo.com\/wordpress\/index.php\/wp-json\/wp\/v2\/posts\/8776\/revisions"}],"predecessor-version":[{"id":23515,"href":"https:\/\/fotosenderismo.com\/wordpress\/index.php\/wp-json\/wp\/v2\/posts\/8776\/revisions\/23515"}],"wp:featuredmedia":[{"embeddable":true,"href":"https:\/\/fotosenderismo.com\/wordpress\/index.php\/wp-json\/wp\/v2\/media\/8780"}],"wp:attachment":[{"href":"https:\/\/fotosenderismo.com\/wordpress\/index.php\/wp-json\/wp\/v2\/media?parent=8776"}],"wp:term":[{"taxonomy":"category","embeddable":true,"href":"https:\/\/fotosenderismo.com\/wordpress\/index.php\/wp-json\/wp\/v2\/categories?post=8776"},{"taxonomy":"post_tag","embeddable":true,"href":"https:\/\/fotosenderismo.com\/wordpress\/index.php\/wp-json\/wp\/v2\/tags?post=8776"}],"curies":[{"name":"wp","href":"https:\/\/api.w.org\/{rel}","templated":true}]}}