{"id":8503,"date":"2013-04-12T21:22:48","date_gmt":"2013-04-12T21:22:48","guid":{"rendered":"http:\/\/fotosenderismo.com\/wordpress\/?p=8503"},"modified":"2024-02-09T19:43:50","modified_gmt":"2024-02-09T19:43:50","slug":"faldeando-la-serra-de-finestres","status":"publish","type":"post","link":"https:\/\/fotosenderismo.com\/wordpress\/index.php\/2013\/04\/12\/faldeando-la-serra-de-finestres\/","title":{"rendered":"Faldeando la Serra de Finestres"},"content":{"rendered":"\n<p><\/p>\n\n\n\n<figure class=\"wp-block-image aligncenter\"><a href=\"https:\/\/photos.google.com\/share\/AF1QipM7AiLyXP-VZbWXnLYPJnQ5MCIsP3j90K_brR4OVviF18B5QL2U3s6q-rCrwlpwlQ?key=SFRCLXp3aHYxOVZYRXJwVnk3UFNkR0FXU28yTll3\" target=\"_blank\" rel=\"noopener noreferrer\"><img loading=\"lazy\" decoding=\"async\" width=\"400\" height=\"53\" src=\"http:\/\/fotosenderismo.com\/wordpress\/wp-content\/uploads\/2017\/08\/visualizar-galeria-fotos-e1504269820283.jpg\" alt=\"\" class=\"wp-image-8631\"\/><\/a><\/figure>\n\n\n\n<p><\/p>\n\n\n\n<figure class=\"wp-block-image aligncenter\"><a href=\"http:\/\/fotosenderismo.com\/wordpress\/wp-content\/uploads\/2017\/08\/faldeando-finestres-datos.jpg\" target=\"_blank\" rel=\"noopener noreferrer\"><img loading=\"lazy\" decoding=\"async\" width=\"1334\" height=\"1014\" src=\"http:\/\/fotosenderismo.com\/wordpress\/wp-content\/uploads\/2017\/08\/faldeando-finestres-datos.jpg\" alt=\"\" class=\"wp-image-8505\" srcset=\"https:\/\/fotosenderismo.com\/wordpress\/wp-content\/uploads\/2017\/08\/faldeando-finestres-datos.jpg 1334w, https:\/\/fotosenderismo.com\/wordpress\/wp-content\/uploads\/2017\/08\/faldeando-finestres-datos-300x228.jpg 300w, https:\/\/fotosenderismo.com\/wordpress\/wp-content\/uploads\/2017\/08\/faldeando-finestres-datos-768x584.jpg 768w, https:\/\/fotosenderismo.com\/wordpress\/wp-content\/uploads\/2017\/08\/faldeando-finestres-datos-1024x778.jpg 1024w, https:\/\/fotosenderismo.com\/wordpress\/wp-content\/uploads\/2017\/08\/faldeando-finestres-datos-800x608.jpg 800w\" sizes=\"auto, (max-width: 1334px) 100vw, 1334px\" \/><\/a><\/figure>\n\n\n\n<p><\/p>\n\n\n\n<figure class=\"wp-block-image aligncenter\"><a href=\"https:\/\/ca.wikiloc.com\/rutes-senderisme\/faldeando-la-serra-de-finestres-32474607\" target=\"_blank\" rel=\"noreferrer noopener\"><img loading=\"lazy\" decoding=\"async\" width=\"400\" height=\"52\" src=\"http:\/\/fotosenderismo.com\/wordpress\/wp-content\/uploads\/2010\/05\/track-wikiloc.jpg\" alt=\"\" class=\"wp-image-12734\" srcset=\"https:\/\/fotosenderismo.com\/wordpress\/wp-content\/uploads\/2010\/05\/track-wikiloc.jpg 400w, https:\/\/fotosenderismo.com\/wordpress\/wp-content\/uploads\/2010\/05\/track-wikiloc-300x39.jpg 300w\" sizes=\"auto, (max-width: 400px) 100vw, 400px\" \/><\/a><\/figure>\n\n\n\n<p><\/p>\n\n\n\n<p class=\"has-drop-cap has-very-light-gray-background-color has-background\" style=\"font-size:18px\"><span style=\"font-size: 14pt;\"><strong><span style=\"font-family: georgia,palatino,serif;\">Otra salida que hemos rescatado del olvido y que se hizo para explorar los bosques de la cara norte de la Sierra de Finestres con el fin de enlazar caminos. Esta salida es ideal para todo aquel que ame paisajes abruptos con bosques de umbr\u00eda. En algunos puntos el sendero es dif\u00edcil de rastrear, pero para eso tenemos la ayuda del GPS. Muy recomendable si queremos caminar y es un d\u00eda caluroso, pues las arboledas cubrir\u00e1n nuestro camino del sol en buena parte del recorrido. Las fotos de la galer\u00eda son de diversas excursiones a la zona.<\/span><\/strong><\/span><\/p>\n\n\n\n<p><\/p>\n\n\n\n<figure class=\"wp-block-image aligncenter\"><a href=\"http:\/\/fotosenderismo.com\/wordpress\/wp-content\/uploads\/2013\/04\/faldeanado-finestres.jpg\" target=\"_blank\" rel=\"noopener noreferrer\"><img loading=\"lazy\" decoding=\"async\" width=\"1912\" height=\"1780\" src=\"http:\/\/fotosenderismo.com\/wordpress\/wp-content\/uploads\/2013\/04\/faldeanado-finestres.jpg\" alt=\"\" class=\"wp-image-11295\" srcset=\"https:\/\/fotosenderismo.com\/wordpress\/wp-content\/uploads\/2013\/04\/faldeanado-finestres.jpg 1912w, https:\/\/fotosenderismo.com\/wordpress\/wp-content\/uploads\/2013\/04\/faldeanado-finestres-300x279.jpg 300w, https:\/\/fotosenderismo.com\/wordpress\/wp-content\/uploads\/2013\/04\/faldeanado-finestres-768x715.jpg 768w, https:\/\/fotosenderismo.com\/wordpress\/wp-content\/uploads\/2013\/04\/faldeanado-finestres-1024x953.jpg 1024w, https:\/\/fotosenderismo.com\/wordpress\/wp-content\/uploads\/2013\/04\/faldeanado-finestres-800x745.jpg 800w\" sizes=\"auto, (max-width: 1912px) 100vw, 1912px\" \/><\/a><\/figure>\n\n\n\n<p><\/p>\n\n\n\n<figure class=\"wp-block-image aligncenter\"><a href=\"http:\/\/fotosenderismo.com\/wordpress\/wp-content\/uploads\/2017\/08\/FALDEANDO-FINESTRES-MAPA.jpg\" target=\"_blank\" rel=\"noopener noreferrer\"><img loading=\"lazy\" decoding=\"async\" width=\"1920\" height=\"1080\" src=\"http:\/\/fotosenderismo.com\/wordpress\/wp-content\/uploads\/2017\/08\/FALDEANDO-FINESTRES-MAPA.jpg\" alt=\"\" class=\"wp-image-10665\" srcset=\"https:\/\/fotosenderismo.com\/wordpress\/wp-content\/uploads\/2017\/08\/FALDEANDO-FINESTRES-MAPA.jpg 1920w, https:\/\/fotosenderismo.com\/wordpress\/wp-content\/uploads\/2017\/08\/FALDEANDO-FINESTRES-MAPA-300x169.jpg 300w, https:\/\/fotosenderismo.com\/wordpress\/wp-content\/uploads\/2017\/08\/FALDEANDO-FINESTRES-MAPA-768x432.jpg 768w, https:\/\/fotosenderismo.com\/wordpress\/wp-content\/uploads\/2017\/08\/FALDEANDO-FINESTRES-MAPA-1024x576.jpg 1024w, https:\/\/fotosenderismo.com\/wordpress\/wp-content\/uploads\/2017\/08\/FALDEANDO-FINESTRES-MAPA-800x450.jpg 800w\" sizes=\"auto, (max-width: 1920px) 100vw, 1920px\" \/><\/a><\/figure>\n\n\n\n<p><\/p>\n\n\n\n<figure class=\"wp-block-image aligncenter\"><a href=\"http:\/\/fotosenderismo.com\/wordpress\/wp-content\/uploads\/2017\/08\/faldeando-finestres-3d.jpg\" target=\"_blank\" rel=\"noopener noreferrer\"><img loading=\"lazy\" decoding=\"async\" width=\"1920\" height=\"1080\" src=\"http:\/\/fotosenderismo.com\/wordpress\/wp-content\/uploads\/2017\/08\/faldeando-finestres-3d.jpg\" alt=\"\" class=\"wp-image-8504\" srcset=\"https:\/\/fotosenderismo.com\/wordpress\/wp-content\/uploads\/2017\/08\/faldeando-finestres-3d.jpg 1920w, https:\/\/fotosenderismo.com\/wordpress\/wp-content\/uploads\/2017\/08\/faldeando-finestres-3d-300x169.jpg 300w, https:\/\/fotosenderismo.com\/wordpress\/wp-content\/uploads\/2017\/08\/faldeando-finestres-3d-768x432.jpg 768w, https:\/\/fotosenderismo.com\/wordpress\/wp-content\/uploads\/2017\/08\/faldeando-finestres-3d-1024x576.jpg 1024w, https:\/\/fotosenderismo.com\/wordpress\/wp-content\/uploads\/2017\/08\/faldeando-finestres-3d-800x450.jpg 800w\" sizes=\"auto, (max-width: 1920px) 100vw, 1920px\" \/><\/a><\/figure>\n\n\n\n<p><\/p>\n\n\n\n<figure class=\"wp-block-image aligncenter\"><a href=\"http:\/\/fotosenderismo.com\/wordpress\/wp-content\/uploads\/2017\/08\/faldeando-finestres-EARTH.jpg\" target=\"_blank\" rel=\"noopener noreferrer\"><img loading=\"lazy\" decoding=\"async\" width=\"1920\" height=\"970\" src=\"http:\/\/fotosenderismo.com\/wordpress\/wp-content\/uploads\/2017\/08\/faldeando-finestres-EARTH.jpg\" alt=\"\" class=\"wp-image-8506\" srcset=\"https:\/\/fotosenderismo.com\/wordpress\/wp-content\/uploads\/2017\/08\/faldeando-finestres-EARTH.jpg 1920w, https:\/\/fotosenderismo.com\/wordpress\/wp-content\/uploads\/2017\/08\/faldeando-finestres-EARTH-300x152.jpg 300w, https:\/\/fotosenderismo.com\/wordpress\/wp-content\/uploads\/2017\/08\/faldeando-finestres-EARTH-768x388.jpg 768w, https:\/\/fotosenderismo.com\/wordpress\/wp-content\/uploads\/2017\/08\/faldeando-finestres-EARTH-1024x517.jpg 1024w, https:\/\/fotosenderismo.com\/wordpress\/wp-content\/uploads\/2017\/08\/faldeando-finestres-EARTH-800x404.jpg 800w\" sizes=\"auto, (max-width: 1920px) 100vw, 1920px\" \/><\/a><\/figure>\n\n\n\n<p><\/p>\n\n\n\n<figure class=\"wp-block-image aligncenter\"><a href=\"http:\/\/fotosenderismo.com\/wordpress\/wp-content\/uploads\/2017\/08\/faldeando-finestres-perfil.jpg\" target=\"_blank\" rel=\"noopener noreferrer\"><img loading=\"lazy\" decoding=\"async\" width=\"1829\" height=\"800\" src=\"http:\/\/fotosenderismo.com\/wordpress\/wp-content\/uploads\/2017\/08\/faldeando-finestres-perfil.jpg\" alt=\"\" class=\"wp-image-8510\" srcset=\"https:\/\/fotosenderismo.com\/wordpress\/wp-content\/uploads\/2017\/08\/faldeando-finestres-perfil.jpg 1829w, https:\/\/fotosenderismo.com\/wordpress\/wp-content\/uploads\/2017\/08\/faldeando-finestres-perfil-300x131.jpg 300w, https:\/\/fotosenderismo.com\/wordpress\/wp-content\/uploads\/2017\/08\/faldeando-finestres-perfil-768x336.jpg 768w, https:\/\/fotosenderismo.com\/wordpress\/wp-content\/uploads\/2017\/08\/faldeando-finestres-perfil-1024x448.jpg 1024w, https:\/\/fotosenderismo.com\/wordpress\/wp-content\/uploads\/2017\/08\/faldeando-finestres-perfil-800x350.jpg 800w\" sizes=\"auto, (max-width: 1829px) 100vw, 1829px\" \/><\/a><\/figure>\n\n\n\n<p><\/p>\n\n\n\n<figure class=\"wp-block-image aligncenter\"><a href=\"http:\/\/fotosenderismo.com\/wordpress\/wp-content\/uploads\/2018\/03\/TERMINOS-DE-BUSQUEDA.jpg\"><img loading=\"lazy\" decoding=\"async\" width=\"302\" height=\"46\" src=\"http:\/\/fotosenderismo.com\/wordpress\/wp-content\/uploads\/2018\/03\/TERMINOS-DE-BUSQUEDA.jpg\" alt=\"\" class=\"wp-image-10151\" srcset=\"https:\/\/fotosenderismo.com\/wordpress\/wp-content\/uploads\/2018\/03\/TERMINOS-DE-BUSQUEDA.jpg 302w, https:\/\/fotosenderismo.com\/wordpress\/wp-content\/uploads\/2018\/03\/TERMINOS-DE-BUSQUEDA-300x46.jpg 300w\" sizes=\"auto, (max-width: 302px) 100vw, 302px\" \/><\/a><\/figure>\n\n\n\n<p><\/p>\n\n\n\n<p class=\"has-text-align-center has-very-light-gray-background-color has-background\"><span style=\"font-size: 10pt; font-family: georgia,palatino,serif;\"><em><strong><span style=\"text-decoration: underline;\"><\/span><\/strong><\/em><\/span><span style=\"font-size: 14pt; font-family: georgia, palatino, serif;\"><em><strong>Olot, Santa Pau, volc\u00e0 Santa Margarida, Font Pobra, Serra de Finestres, Collada del Grau, Riu Ser<\/strong><\/em><\/span><\/p>\n\n\n\n<p><\/p>\n\n\n\n<figure class=\"wp-block-image aligncenter\"><a href=\"http:\/\/fotosenderismo.com\/wordpress\/wp-content\/uploads\/2018\/03\/RELACIONADAS.jpg\"><img loading=\"lazy\" decoding=\"async\" width=\"311\" height=\"48\" src=\"http:\/\/fotosenderismo.com\/wordpress\/wp-content\/uploads\/2018\/03\/RELACIONADAS.jpg\" alt=\"\" class=\"wp-image-10152\" srcset=\"https:\/\/fotosenderismo.com\/wordpress\/wp-content\/uploads\/2018\/03\/RELACIONADAS.jpg 311w, https:\/\/fotosenderismo.com\/wordpress\/wp-content\/uploads\/2018\/03\/RELACIONADAS-300x46.jpg 300w\" sizes=\"auto, (max-width: 311px) 100vw, 311px\" \/><\/a><\/figure>\n\n\n\n<p><\/p>\n\n\n\n<figure class=\"wp-block-embed aligncenter is-type-wp-embed is-provider-fotosenderismo-com wp-block-embed-fotosenderismo-com\"><div class=\"wp-block-embed__wrapper\">\n<blockquote class=\"wp-embedded-content\" data-secret=\"kSLag7F5Zo\"><a href=\"https:\/\/fotosenderismo.com\/wordpress\/index.php\/2017\/10\/01\/sant-aniol-santa-maria-y-castell-de-finestres-puig-sallanca-1025-m-faig-rodo-cami-de-les-medes\/\">Sant Aniol, Santa Maria y Castell de Finestres, puig Sallan\u00e7a (1025 m.), Faig Rod\u00f3, Cam\u00ed de les Medes<\/a><\/blockquote><iframe loading=\"lazy\" class=\"wp-embedded-content\" sandbox=\"allow-scripts\" security=\"restricted\" style=\"position: absolute; clip: rect(1px, 1px, 1px, 1px);\" title=\"\u00abSant Aniol, Santa Maria y Castell de Finestres, puig Sallan\u00e7a (1025 m.), Faig Rod\u00f3, Cam\u00ed de les Medes\u00bb \u2014 FOTOSENDERISMO.COM\" src=\"https:\/\/fotosenderismo.com\/wordpress\/index.php\/2017\/10\/01\/sant-aniol-santa-maria-y-castell-de-finestres-puig-sallanca-1025-m-faig-rodo-cami-de-les-medes\/embed\/#?secret=Zz3KyHTsKn#?secret=kSLag7F5Zo\" data-secret=\"kSLag7F5Zo\" width=\"600\" height=\"338\" frameborder=\"0\" marginwidth=\"0\" marginheight=\"0\" scrolling=\"no\"><\/iframe>\n<\/div><\/figure>\n\n\n\n<figure class=\"wp-block-embed aligncenter is-type-wp-embed is-provider-fotosenderismo-com wp-block-embed-fotosenderismo-com\"><div class=\"wp-block-embed__wrapper\">\n<blockquote class=\"wp-embedded-content\" data-secret=\"BeakUmJ6t5\"><a href=\"https:\/\/fotosenderismo.com\/wordpress\/index.php\/2011\/08\/01\/circular-santa-pau-serra-de-finestres-mieres\/\">Circular Santa Pau, Serra de Finestres, poblado Ib\u00e9rico, Mieres<\/a><\/blockquote><iframe loading=\"lazy\" class=\"wp-embedded-content\" sandbox=\"allow-scripts\" security=\"restricted\" style=\"position: absolute; clip: rect(1px, 1px, 1px, 1px);\" title=\"\u00abCircular Santa Pau, Serra de Finestres, poblado Ib\u00e9rico, Mieres\u00bb \u2014 FOTOSENDERISMO.COM\" src=\"https:\/\/fotosenderismo.com\/wordpress\/index.php\/2011\/08\/01\/circular-santa-pau-serra-de-finestres-mieres\/embed\/#?secret=yBlqJQk5R2#?secret=BeakUmJ6t5\" data-secret=\"BeakUmJ6t5\" width=\"600\" height=\"338\" frameborder=\"0\" marginwidth=\"0\" marginheight=\"0\" scrolling=\"no\"><\/iframe>\n<\/div><\/figure>\n\n\n\n<figure class=\"wp-block-embed aligncenter is-type-wp-embed is-provider-fotosenderismo-com wp-block-embed-fotosenderismo-com\"><div class=\"wp-block-embed__wrapper\">\n<blockquote class=\"wp-embedded-content\" data-secret=\"kSLag7F5Zo\"><a href=\"https:\/\/fotosenderismo.com\/wordpress\/index.php\/2017\/10\/01\/sant-aniol-santa-maria-y-castell-de-finestres-puig-sallanca-1025-m-faig-rodo-cami-de-les-medes\/\">Sant Aniol, Santa Maria y Castell de Finestres, puig Sallan\u00e7a (1025 m.), Faig Rod\u00f3, Cam\u00ed de les Medes<\/a><\/blockquote><iframe loading=\"lazy\" class=\"wp-embedded-content\" sandbox=\"allow-scripts\" security=\"restricted\" style=\"position: absolute; clip: rect(1px, 1px, 1px, 1px);\" title=\"\u00abSant Aniol, Santa Maria y Castell de Finestres, puig Sallan\u00e7a (1025 m.), Faig Rod\u00f3, Cam\u00ed de les Medes\u00bb \u2014 FOTOSENDERISMO.COM\" src=\"https:\/\/fotosenderismo.com\/wordpress\/index.php\/2017\/10\/01\/sant-aniol-santa-maria-y-castell-de-finestres-puig-sallanca-1025-m-faig-rodo-cami-de-les-medes\/embed\/#?secret=Zz3KyHTsKn#?secret=kSLag7F5Zo\" data-secret=\"kSLag7F5Zo\" width=\"600\" height=\"338\" frameborder=\"0\" marginwidth=\"0\" marginheight=\"0\" scrolling=\"no\"><\/iframe>\n<\/div><\/figure>\n","protected":false},"excerpt":{"rendered":"<p>Otra salida que hemos rescatado del olvido y que se hizo para explorar los bosques de la cara norte de la Sierra de Finestres con el fin de enlazar caminos. Esta salida es ideal para todo aquel que ame paisajes abruptos con bosques de umbr\u00eda. En algunos puntos el sendero es dif\u00edcil de rastrear, pero para eso tenemos la ayuda del GPS. Muy recomendable si queremos caminar y es un d\u00eda caluroso, pues las arboledas cubrir\u00e1n nuestro camino del sol en buena parte del recorrido. Las fotos de la galer\u00eda son de diversas excursiones a la zona.<\/p>\n","protected":false},"author":1,"featured_media":8507,"comment_status":"open","ping_status":"closed","sticky":false,"template":"","format":"standard","meta":{"footnotes":""},"categories":[45,46,143,281,34,42,47,48],"tags":[187,98,177,223],"class_list":["post-8503","post","type-post","status-publish","format-standard","has-post-thumbnail","hentry","category-garrotxa","category-girona","category-1-5-volcanes","category-202-entre-15-y-20-km","category-entre-500-y-1000-metros","category-senderismo","category-circular-tipo-de-recorrido","category-media-montana-o-terrenos-altos","tag-fotos-by-eduard","tag-98","tag-eduard","tag-track-en-wikiloc"],"_links":{"self":[{"href":"https:\/\/fotosenderismo.com\/wordpress\/index.php\/wp-json\/wp\/v2\/posts\/8503","targetHints":{"allow":["GET"]}}],"collection":[{"href":"https:\/\/fotosenderismo.com\/wordpress\/index.php\/wp-json\/wp\/v2\/posts"}],"about":[{"href":"https:\/\/fotosenderismo.com\/wordpress\/index.php\/wp-json\/wp\/v2\/types\/post"}],"author":[{"embeddable":true,"href":"https:\/\/fotosenderismo.com\/wordpress\/index.php\/wp-json\/wp\/v2\/users\/1"}],"replies":[{"embeddable":true,"href":"https:\/\/fotosenderismo.com\/wordpress\/index.php\/wp-json\/wp\/v2\/comments?post=8503"}],"version-history":[{"count":20,"href":"https:\/\/fotosenderismo.com\/wordpress\/index.php\/wp-json\/wp\/v2\/posts\/8503\/revisions"}],"predecessor-version":[{"id":22529,"href":"https:\/\/fotosenderismo.com\/wordpress\/index.php\/wp-json\/wp\/v2\/posts\/8503\/revisions\/22529"}],"wp:featuredmedia":[{"embeddable":true,"href":"https:\/\/fotosenderismo.com\/wordpress\/index.php\/wp-json\/wp\/v2\/media\/8507"}],"wp:attachment":[{"href":"https:\/\/fotosenderismo.com\/wordpress\/index.php\/wp-json\/wp\/v2\/media?parent=8503"}],"wp:term":[{"taxonomy":"category","embeddable":true,"href":"https:\/\/fotosenderismo.com\/wordpress\/index.php\/wp-json\/wp\/v2\/categories?post=8503"},{"taxonomy":"post_tag","embeddable":true,"href":"https:\/\/fotosenderismo.com\/wordpress\/index.php\/wp-json\/wp\/v2\/tags?post=8503"}],"curies":[{"name":"wp","href":"https:\/\/api.w.org\/{rel}","templated":true}]}}