{"id":8440,"date":"2020-02-05T19:19:00","date_gmt":"2020-02-05T19:19:00","guid":{"rendered":"http:\/\/fotosenderismo.com\/wordpress\/?p=8440"},"modified":"2024-02-15T20:22:48","modified_gmt":"2024-02-15T20:22:48","slug":"modificacions-esteticas","status":"publish","type":"post","link":"https:\/\/fotosenderismo.com\/wordpress\/index.php\/2020\/02\/05\/modificacions-esteticas\/","title":{"rendered":"Modificaciones est\u00e9ticas"},"content":{"rendered":"\n<p class=\"has-text-align-center\"><span style=\"text-decoration: underline; font-size: 20pt;\"><span style=\"color: #800000; text-decoration: underline;\"><strong><span style=\"font-family: georgia,palatino,serif;\"><span style=\"color:#313131\" class=\"tadv-color\"><em>Modificaciones est\u00e9ticas<\/em><\/span><\/span><\/strong><\/span><\/span><\/p>\n\n\n\n<p class=\"has-medium-font-size\"><strong>5 de febrero de 2020<\/strong><\/p>\n\n\n\n<p class=\"has-drop-cap has-very-light-gray-background-color has-background\" style=\"font-size:18px\"><strong> Hemos vuelto a redise\u00f1ar la web de fotosenderismo y hemos cambiado la plantilla, tomando la Seek by <a rel=\"noreferrer noopener\" href=\"https:\/\/themeinwp.com\/\" target=\"_blank\">ThemeInWP<\/a> . Aunque est\u00e1bamos totalmente satisfechos con la anterior (basada en SG Window y SG Double), muchos de nuestros usuarios opinaban que se trataba de un entorno que ya empezaban a encontrar un tanto anticuado.  <\/strong><\/p>\n\n\n\n<p class=\"has-very-light-gray-background-color has-background\" style=\"font-size:18px\"> <strong>Lo cierto es que nos ha costado bastante encontrar un modelo que realmente nos gustara a todos, y he tenido que hacer much\u00edsimas pruebas en el localhost. En realidad, probar una plantilla no significa \u00fanicamente instalarla y activarla, sino, mucho m\u00e1s all\u00e1 de ello, configurarla y analizarla para obtener un resultado optimo, cosa que significa mucho trabajo y tiempo. Al final, quedamos encantados con el Seek, aunque tuvimos que editar, a base de html, un navegador de p\u00e1ginas. En todo caso, creemos que junto a las otras herramientas, como la m\u00e1quina de b\u00fasqueda basada en HTML5 Search, el buscador simple o el buscador por fechas y el de categor\u00edas, se puede facilitar una navegaci\u00f3n algo m\u00e1s intuitiva y algo m\u00e1s \u00e1gil. Al menos, eso es lo que hemos tratado de conseguir.<\/strong>  <\/p>\n\n\n\n<p class=\"has-very-light-gray-background-color has-background\" style=\"font-size:18px\"><strong>DE todas formas, ser\u00e1n los visitantes y los usuarios quienes nos dar\u00e1n la raz\u00f3n o no y quienes dir\u00e1n si lo hemos logrado o no. Al menos, est\u00e9ticamente, creemos que hemos mejorado y modernizado la web de fotosenderismo.<\/strong><\/p>\n\n\n\n<p class=\"has-very-light-gray-background-color has-background\" style=\"font-size:18px\"><strong>  Finalmente, cabe decir que hemos aprovechado para unificar, tanto como hemos podido, la estructura y la est\u00e9tica de todas las entradas, cosa que no ha sido nada f\u00e1cil a causa de la gran cantidad de ellas, m\u00e1s de 600. Tambi\u00e9n hemos corregido todos los errores t\u00e9cnicos que hemos visto.<\/strong><\/p>\n\n\n\n<p class=\"has-very-dark-gray-background-color has-background\"><\/p>\n\n\n\n<p class=\"has-medium-font-size\"><span style=\"font-size: 16pt;\"><strong><span style=\"font-family: georgia,palatino,serif;\">22 de agosto de 2017<\/span><\/strong><\/span><\/p>\n\n\n\n<p class=\"has-drop-cap has-very-light-gray-background-color has-background\" style=\"font-size:18px\"> <strong>La incorporaci\u00f3n de las tablas con los datos de las excursiones, en la medida que ya nos informan sobre las distancias, la altimetr\u00eda, los desnviles acumulados, los tipos y clases de recorridos, su localizaci\u00f3n geogr\u00e1fica y administrativa, as\u00ed como sobre los autores de estos, nos ha permitido esconder los iconos de las categor\u00edas. No cabe duda de que el tema de WordPress escogido, el SGDouble, es muy pr\u00e1ctico, flexible, bello y se adapta a muy bien nuestras necesidades, pero tambi\u00e9n considerab\u00e1mos que la visibilidad de las etiquetas de categor\u00edas en la cabecera de las entradas, unido a su gran tama\u00f1o, entorpec\u00eda notablemente el equilibrio \u00f3ptico del sitio, principalmente desde los m\u00f3viles. Ahora, gracias a las tablas ya hemos conseguido ocultarlas, aunque siguen funcionando perfectamente para buscar las excursiones en los men\u00fas de la barra lateral. <\/strong> <\/p>\n","protected":false},"excerpt":{"rendered":"<p>Hemos vuelto a redise\u00f1ar la web de fotosenderismo y hemos cambiado la plantilla, tomando la Seek by ThemeInWP . Aunque est\u00e1bamos totalmente satisfechos con la anterior (basada en SG Window y SG Double), muchos de nuestros usuarios opinaban que se trataba de un entorno que ya empezaban a encontrar un tanto anticuado. <\/p>\n","protected":false},"author":1,"featured_media":8441,"comment_status":"open","ping_status":"closed","sticky":false,"template":"","format":"standard","meta":{"footnotes":""},"categories":[127,335,1],"tags":[96],"class_list":["post-8440","post","type-post","status-publish","format-standard","has-post-thumbnail","hentry","category-comunicado","category-desarrollo-web","category-1","tag-software"],"_links":{"self":[{"href":"https:\/\/fotosenderismo.com\/wordpress\/index.php\/wp-json\/wp\/v2\/posts\/8440","targetHints":{"allow":["GET"]}}],"collection":[{"href":"https:\/\/fotosenderismo.com\/wordpress\/index.php\/wp-json\/wp\/v2\/posts"}],"about":[{"href":"https:\/\/fotosenderismo.com\/wordpress\/index.php\/wp-json\/wp\/v2\/types\/post"}],"author":[{"embeddable":true,"href":"https:\/\/fotosenderismo.com\/wordpress\/index.php\/wp-json\/wp\/v2\/users\/1"}],"replies":[{"embeddable":true,"href":"https:\/\/fotosenderismo.com\/wordpress\/index.php\/wp-json\/wp\/v2\/comments?post=8440"}],"version-history":[{"count":30,"href":"https:\/\/fotosenderismo.com\/wordpress\/index.php\/wp-json\/wp\/v2\/posts\/8440\/revisions"}],"predecessor-version":[{"id":22953,"href":"https:\/\/fotosenderismo.com\/wordpress\/index.php\/wp-json\/wp\/v2\/posts\/8440\/revisions\/22953"}],"wp:featuredmedia":[{"embeddable":true,"href":"https:\/\/fotosenderismo.com\/wordpress\/index.php\/wp-json\/wp\/v2\/media\/8441"}],"wp:attachment":[{"href":"https:\/\/fotosenderismo.com\/wordpress\/index.php\/wp-json\/wp\/v2\/media?parent=8440"}],"wp:term":[{"taxonomy":"category","embeddable":true,"href":"https:\/\/fotosenderismo.com\/wordpress\/index.php\/wp-json\/wp\/v2\/categories?post=8440"},{"taxonomy":"post_tag","embeddable":true,"href":"https:\/\/fotosenderismo.com\/wordpress\/index.php\/wp-json\/wp\/v2\/tags?post=8440"}],"curies":[{"name":"wp","href":"https:\/\/api.w.org\/{rel}","templated":true}]}}