{"id":7318,"date":"2017-07-31T17:38:47","date_gmt":"2017-07-31T17:38:47","guid":{"rendered":"http:\/\/fotosenderismo.com\/wordpress\/?p=7318"},"modified":"2024-02-27T21:43:57","modified_gmt":"2024-02-27T21:43:57","slug":"circular-balandrau","status":"publish","type":"post","link":"https:\/\/fotosenderismo.com\/wordpress\/index.php\/2017\/07\/31\/circular-balandrau\/","title":{"rendered":"Circular Balandrau."},"content":{"rendered":"\n<figure class=\"wp-block-image aligncenter\"><a href=\"https:\/\/photos.google.com\/share\/AF1QipNx9sEq6VEHDHcd7u_3_hoPsW-JLsiLQw_2iFFLSFTBovI7HMPPuycjP2zALxQrhA?key=UnhIb0dLcTR3emQ1b240UnhXZmx4ZWpyQXJJWVNB\" target=\"_blank\" rel=\"noopener noreferrer\"><img loading=\"lazy\" decoding=\"async\" width=\"328\" height=\"136\" src=\"http:\/\/fotosenderismo.com\/wordpress\/wp-content\/uploads\/2017\/05\/FOTOS.jpg\" alt=\"\" class=\"wp-image-6403\" srcset=\"https:\/\/fotosenderismo.com\/wordpress\/wp-content\/uploads\/2017\/05\/FOTOS.jpg 328w, https:\/\/fotosenderismo.com\/wordpress\/wp-content\/uploads\/2017\/05\/FOTOS-300x124.jpg 300w\" sizes=\"auto, (max-width: 328px) 100vw, 328px\" \/><\/a><\/figure>\n\n\n\n<p><\/p>\n\n\n\n<figure class=\"wp-block-image aligncenter\"><a href=\"http:\/\/fotosenderismo.com\/wordpress\/wp-content\/uploads\/2017\/07\/Imagen25.jpg\" target=\"_blank\" rel=\"noopener noreferrer\"><img loading=\"lazy\" decoding=\"async\" width=\"1224\" height=\"848\" src=\"http:\/\/fotosenderismo.com\/wordpress\/wp-content\/uploads\/2017\/07\/Imagen25.jpg\" alt=\"\" class=\"wp-image-14980\" srcset=\"https:\/\/fotosenderismo.com\/wordpress\/wp-content\/uploads\/2017\/07\/Imagen25.jpg 1224w, https:\/\/fotosenderismo.com\/wordpress\/wp-content\/uploads\/2017\/07\/Imagen25-300x208.jpg 300w, https:\/\/fotosenderismo.com\/wordpress\/wp-content\/uploads\/2017\/07\/Imagen25-768x532.jpg 768w, https:\/\/fotosenderismo.com\/wordpress\/wp-content\/uploads\/2017\/07\/Imagen25-1024x709.jpg 1024w, https:\/\/fotosenderismo.com\/wordpress\/wp-content\/uploads\/2017\/07\/Imagen25-800x554.jpg 800w\" sizes=\"auto, (max-width: 1224px) 100vw, 1224px\" \/><\/a><\/figure>\n\n\n\n<p><\/p>\n\n\n\n<figure class=\"wp-block-image aligncenter\"><a href=\"https:\/\/fotosenderismo.com\/wordpress\/wp-content\/uploads\/2017-07-31-BALANDRAU.gpx\" target=\"_blank\" rel=\"noopener noreferrer\"><img loading=\"lazy\" decoding=\"async\" width=\"328\" height=\"118\" src=\"http:\/\/fotosenderismo.com\/wordpress\/wp-content\/uploads\/2017\/05\/TRACK.jpg\" alt=\"\" class=\"wp-image-6402\" srcset=\"https:\/\/fotosenderismo.com\/wordpress\/wp-content\/uploads\/2017\/05\/TRACK.jpg 328w, https:\/\/fotosenderismo.com\/wordpress\/wp-content\/uploads\/2017\/05\/TRACK-300x108.jpg 300w\" sizes=\"auto, (max-width: 328px) 100vw, 328px\" \/><\/a><\/figure>\n\n\n\n<p><\/p>\n\n\n\n<p class=\"has-drop-cap has-very-light-gray-background-color has-background\"><span style=\"font-size: 14pt;\"><strong><span style=\"font-family: georgia,palatino,serif;\">En general, podemos decir que el track que aqu\u00ed os presentamos es el resultado de una excursi\u00f3n fallida, ya que el itinerario que hab\u00edamos planificado inicialmente era mucho m\u00e1s ambicioso. De hecho, pretend\u00eda alcanzar el Puig de les Borregues desde el Puig de Pastuira y el Pla d\u2019Orzal, para luego desplazarse por todo lo alto de la cresta hasta el Fontlletera y el Balandrau. El Fort\u00edsimo viento que azotaba la zona, sin embargo, ha hecho que desisti\u00e9ramos de este intento, de manera que ya nos conform\u00e1bamos con subir el Fontlletera para luego ir al Balandrau. El problema era que como el viento empeoraba hemos renunciado tambi\u00e9n a esta intentona. Al final hemos decidido ir hasta el Coll de Tres Pics para descender y abandonar. All\u00ed, sin embargo, hemos visto que la ascensi\u00f3n al Balandrau estaba a cubierto del viento y lo hemos subido. El resultado final ha sido el de esta circular que sube de una forma un poco distinta de la cl\u00e1sica a esta cumbre, que a mi entender tiene una de las mejores vistas del Pirineo de Girona. Al final el regreso por la pista nos ha proporcionado un paseo relajado que nos ha permitido disfrutar de este paisaje encantador, ya que en la altitud de la pista el viento era bastante m\u00e1s soportable.<\/span><\/strong><\/span><\/p>\n\n\n\n<p><\/p>\n\n\n\n<figure class=\"wp-block-image aligncenter\"><a href=\"http:\/\/fotosenderismo.com\/wordpress\/wp-content\/uploads\/2017\/07\/BALANDRAU.jpg\" target=\"_blank\" rel=\"noopener noreferrer\"><img loading=\"lazy\" decoding=\"async\" width=\"1920\" height=\"1080\" src=\"http:\/\/fotosenderismo.com\/wordpress\/wp-content\/uploads\/2017\/07\/BALANDRAU.jpg\" alt=\"\" class=\"wp-image-11597\" srcset=\"https:\/\/fotosenderismo.com\/wordpress\/wp-content\/uploads\/2017\/07\/BALANDRAU.jpg 1920w, https:\/\/fotosenderismo.com\/wordpress\/wp-content\/uploads\/2017\/07\/BALANDRAU-300x169.jpg 300w, https:\/\/fotosenderismo.com\/wordpress\/wp-content\/uploads\/2017\/07\/BALANDRAU-768x432.jpg 768w, https:\/\/fotosenderismo.com\/wordpress\/wp-content\/uploads\/2017\/07\/BALANDRAU-1024x576.jpg 1024w, https:\/\/fotosenderismo.com\/wordpress\/wp-content\/uploads\/2017\/07\/BALANDRAU-800x450.jpg 800w\" sizes=\"auto, (max-width: 1920px) 100vw, 1920px\" \/><\/a><\/figure>\n\n\n\n<p><\/p>\n\n\n\n<figure class=\"wp-block-image aligncenter\"><a href=\"http:\/\/fotosenderismo.com\/wordpress\/wp-content\/uploads\/2017\/07\/BALANDRAU-2017-MAP.jpg\" target=\"_blank\" rel=\"noopener noreferrer\"><img loading=\"lazy\" decoding=\"async\" width=\"1920\" height=\"1039\" src=\"http:\/\/fotosenderismo.com\/wordpress\/wp-content\/uploads\/2017\/07\/BALANDRAU-2017-MAP.jpg\" alt=\"\" class=\"wp-image-7321\" srcset=\"https:\/\/fotosenderismo.com\/wordpress\/wp-content\/uploads\/2017\/07\/BALANDRAU-2017-MAP.jpg 1920w, https:\/\/fotosenderismo.com\/wordpress\/wp-content\/uploads\/2017\/07\/BALANDRAU-2017-MAP-300x162.jpg 300w, https:\/\/fotosenderismo.com\/wordpress\/wp-content\/uploads\/2017\/07\/BALANDRAU-2017-MAP-768x416.jpg 768w, https:\/\/fotosenderismo.com\/wordpress\/wp-content\/uploads\/2017\/07\/BALANDRAU-2017-MAP-1024x554.jpg 1024w, https:\/\/fotosenderismo.com\/wordpress\/wp-content\/uploads\/2017\/07\/BALANDRAU-2017-MAP-800x433.jpg 800w\" sizes=\"auto, (max-width: 1920px) 100vw, 1920px\" \/><\/a><\/figure>\n\n\n\n<p><\/p>\n\n\n\n<figure class=\"wp-block-image aligncenter\"><a href=\"http:\/\/fotosenderismo.com\/wordpress\/wp-content\/uploads\/2017\/07\/BALANDRAU-2017-3D.jpg\" target=\"_blank\" rel=\"noopener noreferrer\"><img loading=\"lazy\" decoding=\"async\" width=\"1920\" height=\"1080\" src=\"http:\/\/fotosenderismo.com\/wordpress\/wp-content\/uploads\/2017\/07\/BALANDRAU-2017-3D.jpg\" alt=\"\" class=\"wp-image-7322\" srcset=\"https:\/\/fotosenderismo.com\/wordpress\/wp-content\/uploads\/2017\/07\/BALANDRAU-2017-3D.jpg 1920w, https:\/\/fotosenderismo.com\/wordpress\/wp-content\/uploads\/2017\/07\/BALANDRAU-2017-3D-300x169.jpg 300w, https:\/\/fotosenderismo.com\/wordpress\/wp-content\/uploads\/2017\/07\/BALANDRAU-2017-3D-768x432.jpg 768w, https:\/\/fotosenderismo.com\/wordpress\/wp-content\/uploads\/2017\/07\/BALANDRAU-2017-3D-1024x576.jpg 1024w, https:\/\/fotosenderismo.com\/wordpress\/wp-content\/uploads\/2017\/07\/BALANDRAU-2017-3D-800x450.jpg 800w\" sizes=\"auto, (max-width: 1920px) 100vw, 1920px\" \/><\/a><\/figure>\n\n\n\n<p><\/p>\n\n\n\n<figure class=\"wp-block-image aligncenter\"><a href=\"http:\/\/fotosenderismo.com\/wordpress\/wp-content\/uploads\/2017\/07\/BALANDRAU-2017-EARTH.jpg\" target=\"_blank\" rel=\"noopener noreferrer\"><img loading=\"lazy\" decoding=\"async\" width=\"1920\" height=\"970\" src=\"http:\/\/fotosenderismo.com\/wordpress\/wp-content\/uploads\/2017\/07\/BALANDRAU-2017-EARTH.jpg\" alt=\"\" class=\"wp-image-7323\" srcset=\"https:\/\/fotosenderismo.com\/wordpress\/wp-content\/uploads\/2017\/07\/BALANDRAU-2017-EARTH.jpg 1920w, https:\/\/fotosenderismo.com\/wordpress\/wp-content\/uploads\/2017\/07\/BALANDRAU-2017-EARTH-300x152.jpg 300w, https:\/\/fotosenderismo.com\/wordpress\/wp-content\/uploads\/2017\/07\/BALANDRAU-2017-EARTH-768x388.jpg 768w, https:\/\/fotosenderismo.com\/wordpress\/wp-content\/uploads\/2017\/07\/BALANDRAU-2017-EARTH-1024x517.jpg 1024w, https:\/\/fotosenderismo.com\/wordpress\/wp-content\/uploads\/2017\/07\/BALANDRAU-2017-EARTH-800x404.jpg 800w\" sizes=\"auto, (max-width: 1920px) 100vw, 1920px\" \/><\/a><\/figure>\n\n\n\n<p><\/p>\n\n\n\n<figure class=\"wp-block-image aligncenter\"><a href=\"http:\/\/fotosenderismo.com\/wordpress\/wp-content\/uploads\/2017\/07\/BALANDRAU-2017-PERFIL.jpg\" target=\"_blank\" rel=\"noopener noreferrer\"><img loading=\"lazy\" decoding=\"async\" width=\"1914\" height=\"510\" src=\"http:\/\/fotosenderismo.com\/wordpress\/wp-content\/uploads\/2017\/07\/BALANDRAU-2017-PERFIL.jpg\" alt=\"\" class=\"wp-image-7324\" srcset=\"https:\/\/fotosenderismo.com\/wordpress\/wp-content\/uploads\/2017\/07\/BALANDRAU-2017-PERFIL.jpg 1914w, https:\/\/fotosenderismo.com\/wordpress\/wp-content\/uploads\/2017\/07\/BALANDRAU-2017-PERFIL-300x80.jpg 300w, https:\/\/fotosenderismo.com\/wordpress\/wp-content\/uploads\/2017\/07\/BALANDRAU-2017-PERFIL-768x205.jpg 768w, https:\/\/fotosenderismo.com\/wordpress\/wp-content\/uploads\/2017\/07\/BALANDRAU-2017-PERFIL-1024x273.jpg 1024w, https:\/\/fotosenderismo.com\/wordpress\/wp-content\/uploads\/2017\/07\/BALANDRAU-2017-PERFIL-800x213.jpg 800w\" sizes=\"auto, (max-width: 1914px) 100vw, 1914px\" \/><\/a><\/figure>\n\n\n\n<p><\/p>\n\n\n\n<figure class=\"wp-block-image aligncenter\"><a href=\"http:\/\/fotosenderismo.com\/wordpress\/wp-content\/uploads\/2018\/03\/TERMINOS-DE-BUSQUEDA.jpg\"><img loading=\"lazy\" decoding=\"async\" width=\"302\" height=\"46\" src=\"http:\/\/fotosenderismo.com\/wordpress\/wp-content\/uploads\/2018\/03\/TERMINOS-DE-BUSQUEDA.jpg\" alt=\"\" class=\"wp-image-10151\" srcset=\"https:\/\/fotosenderismo.com\/wordpress\/wp-content\/uploads\/2018\/03\/TERMINOS-DE-BUSQUEDA.jpg 302w, https:\/\/fotosenderismo.com\/wordpress\/wp-content\/uploads\/2018\/03\/TERMINOS-DE-BUSQUEDA-300x46.jpg 300w\" sizes=\"auto, (max-width: 302px) 100vw, 302px\" \/><\/a><\/figure>\n\n\n\n<p><\/p>\n\n\n\n<p class=\"has-text-align-center has-very-light-gray-background-color has-background\"><span style=\"font-size: 14pt;\"><em><strong><span style=\"font-family: georgia,palatino,serif;\">Camprodon, Llanars, Vilallonga de Ter, Setcases, Tregur\u00e0, Balandrau, Fontlletera, Serra de la Canya<\/span><\/strong><\/em><\/span><\/p>\n\n\n\n<p><\/p>\n\n\n\n<figure class=\"wp-block-image aligncenter\"><a href=\"http:\/\/fotosenderismo.com\/wordpress\/wp-content\/uploads\/2018\/06\/RELACIONADAS-1.jpg\"><img loading=\"lazy\" decoding=\"async\" width=\"261\" height=\"37\" src=\"http:\/\/fotosenderismo.com\/wordpress\/wp-content\/uploads\/2018\/06\/RELACIONADAS-1.jpg\" alt=\"\" class=\"wp-image-11070\"\/><\/a><\/figure>\n\n\n\n<p><\/p>\n\n\n\n<figure class=\"wp-block-embed aligncenter is-type-wp-embed is-provider-fotosenderismo-com wp-block-embed-fotosenderismo-com\"><div class=\"wp-block-embed__wrapper\">\n<blockquote class=\"wp-embedded-content\" data-secret=\"1o1Pq6h912\"><a href=\"https:\/\/fotosenderismo.com\/wordpress\/index.php\/2014\/06\/11\/ruta-dels-tres-pics-de-llanars-agudes-1980-sistra-1990-moscos-1742\/\">Ruta dels Tres Pics de Llanars (Agudes, 1980. Sistra, 1990. Mosc\u00f3s, 1742)<\/a><\/blockquote><iframe loading=\"lazy\" class=\"wp-embedded-content\" sandbox=\"allow-scripts\" security=\"restricted\" style=\"position: absolute; clip: rect(1px, 1px, 1px, 1px);\" title=\"\u00abRuta dels Tres Pics de Llanars (Agudes, 1980. Sistra, 1990. Mosc\u00f3s, 1742)\u00bb \u2014 FOTOSENDERISMO.COM\" src=\"https:\/\/fotosenderismo.com\/wordpress\/index.php\/2014\/06\/11\/ruta-dels-tres-pics-de-llanars-agudes-1980-sistra-1990-moscos-1742\/embed\/#?secret=OczbfJseiM#?secret=1o1Pq6h912\" data-secret=\"1o1Pq6h912\" width=\"600\" height=\"338\" frameborder=\"0\" marginwidth=\"0\" marginheight=\"0\" scrolling=\"no\"><\/iframe>\n<\/div><\/figure>\n\n\n\n<figure class=\"wp-block-embed aligncenter is-type-wp-embed is-provider-fotosenderismo-com wp-block-embed-fotosenderismo-com\"><div class=\"wp-block-embed__wrapper\">\n<blockquote class=\"wp-embedded-content\" data-secret=\"PikuRKEVEt\"><a href=\"https:\/\/fotosenderismo.com\/wordpress\/index.php\/2016\/08\/16\/vallter-pic-de-la-dona-2702-m-pic-de-bastiments-2881-m\/\">Vallter, pic de la Dona (2702 m.), pic de Bastiments (2881 m.)<\/a><\/blockquote><iframe loading=\"lazy\" class=\"wp-embedded-content\" sandbox=\"allow-scripts\" security=\"restricted\" style=\"position: absolute; clip: rect(1px, 1px, 1px, 1px);\" title=\"\u00abVallter, pic de la Dona (2702 m.), pic de Bastiments (2881 m.)\u00bb \u2014 FOTOSENDERISMO.COM\" src=\"https:\/\/fotosenderismo.com\/wordpress\/index.php\/2016\/08\/16\/vallter-pic-de-la-dona-2702-m-pic-de-bastiments-2881-m\/embed\/#?secret=8uYlRqzCZC#?secret=PikuRKEVEt\" data-secret=\"PikuRKEVEt\" width=\"600\" height=\"338\" frameborder=\"0\" marginwidth=\"0\" marginheight=\"0\" scrolling=\"no\"><\/iframe>\n<\/div><\/figure>\n","protected":false},"excerpt":{"rendered":"<p>En general, podemos decir que el track que aqu\u00ed os presentamos es el resultado de una excursi\u00f3n fallida, ya que el itinerario que hab\u00edamos planificado inicialmente era mucho m\u00e1s ambicioso. De hecho, pretend\u00eda alcanzar el Puig de les Borregues desde el Puig de Pastuira y el Pla d\u2019Orzal, para luego desplazarse por todo lo alto de la cresta hasta el Fontlletera y el Balandrau. El Fort\u00edsimo viento que azotaba la zona, sin embargo, ha hecho que desisti\u00e9ramos de este intento, de manera que ya nos conform\u00e1bamos con subir el Fontlletera para luego ir al Balandrau. El problema era que como el viento empeoraba hemos renunciado tambi\u00e9n a esta intentona. Al final hemos decidido ir hasta el Coll de Tres Pics para descender y abandonar. All\u00ed, sin embargo, hemos visto que la ascensi\u00f3n al Balandrau estaba a cubierto del viento y lo hemos subido. El resultado final ha sido el de esta circular que sube de una forma un poco distinta de la cl\u00e1sica a esta cumbre, que a mi entender tiene una de las mejores vistas del Pirineo de Girona. Al final el regreso por la pista nos ha proporcionado un paseo relajado que nos ha permitido disfrutar de este paisaje encantador, ya que en la altitud de la pista el viento era bastante m\u00e1s soportable.<\/p>\n","protected":false},"author":1,"featured_media":7325,"comment_status":"open","ping_status":"closed","sticky":false,"template":"","format":"standard","meta":{"footnotes":""},"categories":[46,53,54,280,34,42,47,147],"tags":[187,98,272,198,177],"class_list":["post-7318","post","type-post","status-publish","format-standard","has-post-thumbnail","hentry","category-girona","category-ripolles","category-pirineo-de-gerona","category-202-entre-10-y-15-km","category-entre-500-y-1000-metros","category-senderismo","category-circular-tipo-de-recorrido","category-alta-montana-altitud-a-mas-de-2500-metros","tag-fotos-by-eduard","tag-98","tag-no-wikiloc","tag-track-by-douglas","tag-eduard"],"_links":{"self":[{"href":"https:\/\/fotosenderismo.com\/wordpress\/index.php\/wp-json\/wp\/v2\/posts\/7318","targetHints":{"allow":["GET"]}}],"collection":[{"href":"https:\/\/fotosenderismo.com\/wordpress\/index.php\/wp-json\/wp\/v2\/posts"}],"about":[{"href":"https:\/\/fotosenderismo.com\/wordpress\/index.php\/wp-json\/wp\/v2\/types\/post"}],"author":[{"embeddable":true,"href":"https:\/\/fotosenderismo.com\/wordpress\/index.php\/wp-json\/wp\/v2\/users\/1"}],"replies":[{"embeddable":true,"href":"https:\/\/fotosenderismo.com\/wordpress\/index.php\/wp-json\/wp\/v2\/comments?post=7318"}],"version-history":[{"count":17,"href":"https:\/\/fotosenderismo.com\/wordpress\/index.php\/wp-json\/wp\/v2\/posts\/7318\/revisions"}],"predecessor-version":[{"id":23537,"href":"https:\/\/fotosenderismo.com\/wordpress\/index.php\/wp-json\/wp\/v2\/posts\/7318\/revisions\/23537"}],"wp:featuredmedia":[{"embeddable":true,"href":"https:\/\/fotosenderismo.com\/wordpress\/index.php\/wp-json\/wp\/v2\/media\/7325"}],"wp:attachment":[{"href":"https:\/\/fotosenderismo.com\/wordpress\/index.php\/wp-json\/wp\/v2\/media?parent=7318"}],"wp:term":[{"taxonomy":"category","embeddable":true,"href":"https:\/\/fotosenderismo.com\/wordpress\/index.php\/wp-json\/wp\/v2\/categories?post=7318"},{"taxonomy":"post_tag","embeddable":true,"href":"https:\/\/fotosenderismo.com\/wordpress\/index.php\/wp-json\/wp\/v2\/tags?post=7318"}],"curies":[{"name":"wp","href":"https:\/\/api.w.org\/{rel}","templated":true}]}}