{"id":6760,"date":"2013-03-29T14:03:32","date_gmt":"2013-03-29T14:03:32","guid":{"rendered":"http:\/\/fotosenderismo.com\/wordpress\/?p=6760"},"modified":"2024-02-09T19:47:38","modified_gmt":"2024-02-09T19:47:38","slug":"de-palamos-a-cap-roig-por-la-playa","status":"publish","type":"post","link":"https:\/\/fotosenderismo.com\/wordpress\/index.php\/2013\/03\/29\/de-palamos-a-cap-roig-por-la-playa\/","title":{"rendered":"De Palam\u00f3s a cap Roig por la playa"},"content":{"rendered":"\n<p><\/p>\n\n\n\n<figure class=\"wp-block-image aligncenter\"><a href=\"https:\/\/photos.google.com\/share\/AF1QipNM00MnY4k_u7TMPNbtQO10vycbQjfbY2nPOoAlvV_mnH9k4pYjYwmoQQdojW6iCA?key=QkU5Ri1sbnp0bjNjR0JreEswajE5WXpFMjJRUkdB\" target=\"_blank\" rel=\"noopener noreferrer\"><img loading=\"lazy\" decoding=\"async\" width=\"323\" height=\"134\" src=\"http:\/\/fotosenderismo.com\/wordpress\/wp-content\/uploads\/2017\/06\/FOTOS.jpg\" alt=\"\" class=\"wp-image-6576\" srcset=\"https:\/\/fotosenderismo.com\/wordpress\/wp-content\/uploads\/2017\/06\/FOTOS.jpg 323w, https:\/\/fotosenderismo.com\/wordpress\/wp-content\/uploads\/2017\/06\/FOTOS-300x124.jpg 300w\" sizes=\"auto, (max-width: 323px) 100vw, 323px\" \/><\/a><\/figure>\n\n\n\n<p><\/p>\n\n\n\n<figure class=\"wp-block-image\"><a href=\"http:\/\/fotosenderismo.com\/wordpress\/wp-content\/uploads\/2019\/01\/palamos-cap-datos.jpg\" target=\"_blank\" rel=\"noreferrer noopener\"><img loading=\"lazy\" decoding=\"async\" width=\"1024\" height=\"713\" src=\"http:\/\/fotosenderismo.com\/wordpress\/wp-content\/uploads\/2019\/01\/palamos-cap-datos-1024x713.jpg\" alt=\"\" class=\"wp-image-13354\" srcset=\"https:\/\/fotosenderismo.com\/wordpress\/wp-content\/uploads\/2019\/01\/palamos-cap-datos-1024x713.jpg 1024w, https:\/\/fotosenderismo.com\/wordpress\/wp-content\/uploads\/2019\/01\/palamos-cap-datos-300x209.jpg 300w, https:\/\/fotosenderismo.com\/wordpress\/wp-content\/uploads\/2019\/01\/palamos-cap-datos-768x535.jpg 768w, https:\/\/fotosenderismo.com\/wordpress\/wp-content\/uploads\/2019\/01\/palamos-cap-datos-800x557.jpg 800w, https:\/\/fotosenderismo.com\/wordpress\/wp-content\/uploads\/2019\/01\/palamos-cap-datos.jpg 1179w\" sizes=\"auto, (max-width: 1024px) 100vw, 1024px\" \/><\/a><\/figure>\n\n\n\n<p><\/p>\n\n\n\n<figure class=\"wp-block-image aligncenter\"><a href=\"https:\/\/ca.wikiloc.com\/rutes-senderisme\/de-palamos-a-cap-roig-por-la-playa-32455593\" target=\"_blank\" rel=\"noreferrer noopener\"><img loading=\"lazy\" decoding=\"async\" width=\"400\" height=\"52\" src=\"http:\/\/fotosenderismo.com\/wordpress\/wp-content\/uploads\/2010\/05\/track-wikiloc.jpg\" alt=\"\" class=\"wp-image-12734\" srcset=\"https:\/\/fotosenderismo.com\/wordpress\/wp-content\/uploads\/2010\/05\/track-wikiloc.jpg 400w, https:\/\/fotosenderismo.com\/wordpress\/wp-content\/uploads\/2010\/05\/track-wikiloc-300x39.jpg 300w\" sizes=\"auto, (max-width: 400px) 100vw, 400px\" \/><\/a><\/figure>\n\n\n\n<p><\/p>\n\n\n\n<p class=\"has-drop-cap has-very-light-gray-background-color has-background\" style=\"font-size:18px\"><span style=\"font-size: 14pt;\"><strong><span style=\"color: #000000; font-family: georgia,palatino,serif;\">Esta vez hemos rescatado un track del 29 de marzo a\u00f1o 2013 de la Costa Brava. Como ya supon\u00e9is, el paisaje es inmejorable para aquel que ame el mar y guste de aprovecharse de excursiones en las que pueda ba\u00f1arse. Las fotos del lugar hablan por s\u00ed mismas.<\/span><\/strong><\/span><\/p>\n\n\n\n<p><\/p>\n\n\n\n<figure class=\"wp-block-image aligncenter\"><a href=\"http:\/\/fotosenderismo.com\/wordpress\/wp-content\/uploads\/2013\/04\/CAP-GROS-CAP-ROIG.jpg\" target=\"_blank\" rel=\"noopener noreferrer\"><img loading=\"lazy\" decoding=\"async\" width=\"2315\" height=\"2104\" src=\"http:\/\/fotosenderismo.com\/wordpress\/wp-content\/uploads\/2013\/04\/CAP-GROS-CAP-ROIG.jpg\" alt=\"\" class=\"wp-image-11286\" srcset=\"https:\/\/fotosenderismo.com\/wordpress\/wp-content\/uploads\/2013\/04\/CAP-GROS-CAP-ROIG.jpg 2315w, https:\/\/fotosenderismo.com\/wordpress\/wp-content\/uploads\/2013\/04\/CAP-GROS-CAP-ROIG-300x273.jpg 300w, https:\/\/fotosenderismo.com\/wordpress\/wp-content\/uploads\/2013\/04\/CAP-GROS-CAP-ROIG-768x698.jpg 768w, https:\/\/fotosenderismo.com\/wordpress\/wp-content\/uploads\/2013\/04\/CAP-GROS-CAP-ROIG-1024x931.jpg 1024w, https:\/\/fotosenderismo.com\/wordpress\/wp-content\/uploads\/2013\/04\/CAP-GROS-CAP-ROIG-800x727.jpg 800w\" sizes=\"auto, (max-width: 2315px) 100vw, 2315px\" \/><\/a><\/figure>\n\n\n\n<p><\/p>\n\n\n\n<figure class=\"wp-block-image aligncenter\"><a href=\"http:\/\/fotosenderismo.com\/wordpress\/wp-content\/uploads\/2017\/06\/PALAMOS-CAP-ROIG-MAP.jpg\" target=\"_blank\" rel=\"noopener noreferrer\"><img loading=\"lazy\" decoding=\"async\" width=\"1920\" height=\"1080\" src=\"http:\/\/fotosenderismo.com\/wordpress\/wp-content\/uploads\/2017\/06\/PALAMOS-CAP-ROIG-MAP.jpg\" alt=\"\" class=\"wp-image-6762\" srcset=\"https:\/\/fotosenderismo.com\/wordpress\/wp-content\/uploads\/2017\/06\/PALAMOS-CAP-ROIG-MAP.jpg 1920w, https:\/\/fotosenderismo.com\/wordpress\/wp-content\/uploads\/2017\/06\/PALAMOS-CAP-ROIG-MAP-300x169.jpg 300w, https:\/\/fotosenderismo.com\/wordpress\/wp-content\/uploads\/2017\/06\/PALAMOS-CAP-ROIG-MAP-768x432.jpg 768w, https:\/\/fotosenderismo.com\/wordpress\/wp-content\/uploads\/2017\/06\/PALAMOS-CAP-ROIG-MAP-1024x576.jpg 1024w, https:\/\/fotosenderismo.com\/wordpress\/wp-content\/uploads\/2017\/06\/PALAMOS-CAP-ROIG-MAP-800x450.jpg 800w\" sizes=\"auto, (max-width: 1920px) 100vw, 1920px\" \/><\/a><\/figure>\n\n\n\n<p><\/p>\n\n\n\n<figure class=\"wp-block-image aligncenter\"><a href=\"http:\/\/fotosenderismo.com\/wordpress\/wp-content\/uploads\/2017\/06\/PALAMOS-CAP-ROIG-3D.jpg\" target=\"_blank\" rel=\"noopener noreferrer\"><img loading=\"lazy\" decoding=\"async\" width=\"1920\" height=\"1080\" src=\"http:\/\/fotosenderismo.com\/wordpress\/wp-content\/uploads\/2017\/06\/PALAMOS-CAP-ROIG-3D.jpg\" alt=\"\" class=\"wp-image-6763\" srcset=\"https:\/\/fotosenderismo.com\/wordpress\/wp-content\/uploads\/2017\/06\/PALAMOS-CAP-ROIG-3D.jpg 1920w, https:\/\/fotosenderismo.com\/wordpress\/wp-content\/uploads\/2017\/06\/PALAMOS-CAP-ROIG-3D-300x169.jpg 300w, https:\/\/fotosenderismo.com\/wordpress\/wp-content\/uploads\/2017\/06\/PALAMOS-CAP-ROIG-3D-768x432.jpg 768w, https:\/\/fotosenderismo.com\/wordpress\/wp-content\/uploads\/2017\/06\/PALAMOS-CAP-ROIG-3D-1024x576.jpg 1024w, https:\/\/fotosenderismo.com\/wordpress\/wp-content\/uploads\/2017\/06\/PALAMOS-CAP-ROIG-3D-800x450.jpg 800w\" sizes=\"auto, (max-width: 1920px) 100vw, 1920px\" \/><\/a><\/figure>\n\n\n\n<p><\/p>\n\n\n\n<figure class=\"wp-block-image aligncenter\"><a href=\"http:\/\/fotosenderismo.com\/wordpress\/wp-content\/uploads\/2017\/06\/PALAMOS-CAP-ROIG-EARTH.jpg\" target=\"_blank\" rel=\"noopener noreferrer\"><img loading=\"lazy\" decoding=\"async\" width=\"1920\" height=\"970\" src=\"http:\/\/fotosenderismo.com\/wordpress\/wp-content\/uploads\/2017\/06\/PALAMOS-CAP-ROIG-EARTH.jpg\" alt=\"\" class=\"wp-image-6764\" srcset=\"https:\/\/fotosenderismo.com\/wordpress\/wp-content\/uploads\/2017\/06\/PALAMOS-CAP-ROIG-EARTH.jpg 1920w, https:\/\/fotosenderismo.com\/wordpress\/wp-content\/uploads\/2017\/06\/PALAMOS-CAP-ROIG-EARTH-300x152.jpg 300w, https:\/\/fotosenderismo.com\/wordpress\/wp-content\/uploads\/2017\/06\/PALAMOS-CAP-ROIG-EARTH-768x388.jpg 768w, https:\/\/fotosenderismo.com\/wordpress\/wp-content\/uploads\/2017\/06\/PALAMOS-CAP-ROIG-EARTH-1024x517.jpg 1024w, https:\/\/fotosenderismo.com\/wordpress\/wp-content\/uploads\/2017\/06\/PALAMOS-CAP-ROIG-EARTH-800x404.jpg 800w\" sizes=\"auto, (max-width: 1920px) 100vw, 1920px\" \/><\/a><\/figure>\n\n\n\n<p><\/p>\n\n\n\n<figure class=\"wp-block-image aligncenter\"><a href=\"http:\/\/fotosenderismo.com\/wordpress\/wp-content\/uploads\/2017\/06\/PALAMOS-CAP-ROIG-PERFIL.jpg\" target=\"_blank\" rel=\"noopener noreferrer\"><img loading=\"lazy\" decoding=\"async\" width=\"1872\" height=\"655\" src=\"http:\/\/fotosenderismo.com\/wordpress\/wp-content\/uploads\/2017\/06\/PALAMOS-CAP-ROIG-PERFIL.jpg\" alt=\"\" class=\"wp-image-6765\" srcset=\"https:\/\/fotosenderismo.com\/wordpress\/wp-content\/uploads\/2017\/06\/PALAMOS-CAP-ROIG-PERFIL.jpg 1872w, https:\/\/fotosenderismo.com\/wordpress\/wp-content\/uploads\/2017\/06\/PALAMOS-CAP-ROIG-PERFIL-300x105.jpg 300w, https:\/\/fotosenderismo.com\/wordpress\/wp-content\/uploads\/2017\/06\/PALAMOS-CAP-ROIG-PERFIL-768x269.jpg 768w, https:\/\/fotosenderismo.com\/wordpress\/wp-content\/uploads\/2017\/06\/PALAMOS-CAP-ROIG-PERFIL-1024x358.jpg 1024w, https:\/\/fotosenderismo.com\/wordpress\/wp-content\/uploads\/2017\/06\/PALAMOS-CAP-ROIG-PERFIL-800x280.jpg 800w\" sizes=\"auto, (max-width: 1872px) 100vw, 1872px\" \/><\/a><\/figure>\n\n\n\n<p><\/p>\n\n\n\n<figure class=\"wp-block-image aligncenter\"><a href=\"http:\/\/fotosenderismo.com\/wordpress\/wp-content\/uploads\/2018\/03\/TERMINOS-DE-BUSQUEDA.jpg\"><img loading=\"lazy\" decoding=\"async\" width=\"302\" height=\"46\" src=\"http:\/\/fotosenderismo.com\/wordpress\/wp-content\/uploads\/2018\/03\/TERMINOS-DE-BUSQUEDA.jpg\" alt=\"\" class=\"wp-image-10151\" srcset=\"https:\/\/fotosenderismo.com\/wordpress\/wp-content\/uploads\/2018\/03\/TERMINOS-DE-BUSQUEDA.jpg 302w, https:\/\/fotosenderismo.com\/wordpress\/wp-content\/uploads\/2018\/03\/TERMINOS-DE-BUSQUEDA-300x46.jpg 300w\" sizes=\"auto, (max-width: 302px) 100vw, 302px\" \/><\/a><\/figure>\n\n\n\n<p><\/p>\n\n\n\n<p class=\"has-text-align-center has-very-light-gray-background-color has-background\"><span style=\"text-decoration: underline; font-size: 10pt;\"><em><strong><span style=\"font-family: georgia,palatino,serif;\"><\/span><\/strong><\/em><\/span><span style=\"font-size: 14pt;\"><em><strong><span style=\"font-family: georgia,palatino,serif;\">Palam\u00f3s, Calella de Palafrugell, Costa Brava, Cap Roig, Cala Castell, La Fosca<\/span><\/strong><\/em><\/span><\/p>\n\n\n\n<p><\/p>\n\n\n\n<figure class=\"wp-block-image aligncenter\"><a href=\"http:\/\/fotosenderismo.com\/wordpress\/wp-content\/uploads\/2018\/03\/RELACIONADAS.jpg\"><img loading=\"lazy\" decoding=\"async\" width=\"311\" height=\"48\" src=\"http:\/\/fotosenderismo.com\/wordpress\/wp-content\/uploads\/2018\/03\/RELACIONADAS.jpg\" alt=\"\" class=\"wp-image-10152\" srcset=\"https:\/\/fotosenderismo.com\/wordpress\/wp-content\/uploads\/2018\/03\/RELACIONADAS.jpg 311w, https:\/\/fotosenderismo.com\/wordpress\/wp-content\/uploads\/2018\/03\/RELACIONADAS-300x46.jpg 300w\" sizes=\"auto, (max-width: 311px) 100vw, 311px\" \/><\/a><\/figure>\n\n\n\n<p><\/p>\n\n\n\n<figure class=\"wp-block-embed aligncenter is-type-wp-embed is-provider-fotosenderismo-com wp-block-embed-fotosenderismo-com\"><div class=\"wp-block-embed__wrapper\">\n<blockquote class=\"wp-embedded-content\" data-secret=\"CM5ieAL1b1\"><a href=\"https:\/\/fotosenderismo.com\/wordpress\/index.php\/2014\/03\/29\/palamos-llafranc\/\">Palam\u00f3s, Llafranc<\/a><\/blockquote><iframe loading=\"lazy\" class=\"wp-embedded-content\" sandbox=\"allow-scripts\" security=\"restricted\" style=\"position: absolute; clip: rect(1px, 1px, 1px, 1px);\" title=\"\u00abPalam\u00f3s, Llafranc\u00bb \u2014 FOTOSENDERISMO.COM\" src=\"https:\/\/fotosenderismo.com\/wordpress\/index.php\/2014\/03\/29\/palamos-llafranc\/embed\/#?secret=vJF6qnpHZL#?secret=CM5ieAL1b1\" data-secret=\"CM5ieAL1b1\" width=\"600\" height=\"338\" frameborder=\"0\" marginwidth=\"0\" marginheight=\"0\" scrolling=\"no\"><\/iframe>\n<\/div><\/figure>\n\n\n\n<figure class=\"wp-block-embed aligncenter is-type-wp-embed is-provider-fotosenderismo-com wp-block-embed-fotosenderismo-com\"><div class=\"wp-block-embed__wrapper\">\n<blockquote class=\"wp-embedded-content\" data-secret=\"vSHeNA60rm\"><a href=\"https:\/\/fotosenderismo.com\/wordpress\/index.php\/2017\/06\/20\/palamos-far-de-sant-sebastia\/\">Palam\u00f3s, Far de Sant Sebasti\u00e0<\/a><\/blockquote><iframe loading=\"lazy\" class=\"wp-embedded-content\" sandbox=\"allow-scripts\" security=\"restricted\" style=\"position: absolute; clip: rect(1px, 1px, 1px, 1px);\" title=\"\u00abPalam\u00f3s, Far de Sant Sebasti\u00e0\u00bb \u2014 FOTOSENDERISMO.COM\" src=\"https:\/\/fotosenderismo.com\/wordpress\/index.php\/2017\/06\/20\/palamos-far-de-sant-sebastia\/embed\/#?secret=JoAz1awPGi#?secret=vSHeNA60rm\" data-secret=\"vSHeNA60rm\" width=\"600\" height=\"338\" frameborder=\"0\" marginwidth=\"0\" marginheight=\"0\" scrolling=\"no\"><\/iframe>\n<\/div><\/figure>\n","protected":false},"excerpt":{"rendered":"<p>Esta vez hemos rescatado un track del 29 de marzo a\u00f1o 2013 de la Costa Brava. Como ya supon\u00e9is, el paisaje es inmejorable para aquel que ame el mar y guste de aprovecharse de excursiones en las que pueda ba\u00f1arse. Las fotos del lugar hablan por si mismas.<\/p>\n","protected":false},"author":1,"featured_media":6766,"comment_status":"open","ping_status":"closed","sticky":false,"template":"","format":"standard","meta":{"footnotes":""},"categories":[59,46,155,281,33,42,47,124],"tags":[187,98,195,223,279],"class_list":["post-6760","post","type-post","status-publish","format-standard","has-post-thumbnail","hentry","category-emporda","category-girona","category-1-10-costa-brava","category-202-entre-15-y-20-km","category-menos-de-500","category-senderismo","category-circular-tipo-de-recorrido","category-tierras-bajas-altitud-del-terreno-a-menos-de-300-metros","tag-fotos-by-eduard","tag-98","tag-track-by-nuria","tag-track-en-wikiloc","tag-track-kml"],"_links":{"self":[{"href":"https:\/\/fotosenderismo.com\/wordpress\/index.php\/wp-json\/wp\/v2\/posts\/6760","targetHints":{"allow":["GET"]}}],"collection":[{"href":"https:\/\/fotosenderismo.com\/wordpress\/index.php\/wp-json\/wp\/v2\/posts"}],"about":[{"href":"https:\/\/fotosenderismo.com\/wordpress\/index.php\/wp-json\/wp\/v2\/types\/post"}],"author":[{"embeddable":true,"href":"https:\/\/fotosenderismo.com\/wordpress\/index.php\/wp-json\/wp\/v2\/users\/1"}],"replies":[{"embeddable":true,"href":"https:\/\/fotosenderismo.com\/wordpress\/index.php\/wp-json\/wp\/v2\/comments?post=6760"}],"version-history":[{"count":25,"href":"https:\/\/fotosenderismo.com\/wordpress\/index.php\/wp-json\/wp\/v2\/posts\/6760\/revisions"}],"predecessor-version":[{"id":22534,"href":"https:\/\/fotosenderismo.com\/wordpress\/index.php\/wp-json\/wp\/v2\/posts\/6760\/revisions\/22534"}],"wp:featuredmedia":[{"embeddable":true,"href":"https:\/\/fotosenderismo.com\/wordpress\/index.php\/wp-json\/wp\/v2\/media\/6766"}],"wp:attachment":[{"href":"https:\/\/fotosenderismo.com\/wordpress\/index.php\/wp-json\/wp\/v2\/media?parent=6760"}],"wp:term":[{"taxonomy":"category","embeddable":true,"href":"https:\/\/fotosenderismo.com\/wordpress\/index.php\/wp-json\/wp\/v2\/categories?post=6760"},{"taxonomy":"post_tag","embeddable":true,"href":"https:\/\/fotosenderismo.com\/wordpress\/index.php\/wp-json\/wp\/v2\/tags?post=6760"}],"curies":[{"name":"wp","href":"https:\/\/api.w.org\/{rel}","templated":true}]}}