{"id":6367,"date":"2017-05-11T16:07:59","date_gmt":"2017-05-11T16:07:59","guid":{"rendered":"http:\/\/fotosenderismo.com\/wordpress\/?p=6367"},"modified":"2024-02-28T20:22:54","modified_gmt":"2024-02-28T20:22:54","slug":"beuda-pas-del-llop-el-mont-1124-m-el-castellot-de-les-bruixes","status":"publish","type":"post","link":"https:\/\/fotosenderismo.com\/wordpress\/index.php\/2017\/05\/11\/beuda-pas-del-llop-el-mont-1124-m-el-castellot-de-les-bruixes\/","title":{"rendered":"Beuda, pas del Llop, el Mont (1124 m.), Monasterio de Sous, el Castellot de les Bruixes"},"content":{"rendered":"\n<p><\/p>\n\n\n\n<figure class=\"wp-block-image aligncenter\"><a href=\"https:\/\/goo.gl\/photos\/5etrDhmR2enA2UQW9\" target=\"_blank\" rel=\"noopener noreferrer\"><img loading=\"lazy\" decoding=\"async\" width=\"300\" height=\"126\" src=\"http:\/\/fotosenderismo.com\/wordpress\/wp-content\/uploads\/2016\/06\/camara-300x126.jpg\" alt=\"\" class=\"wp-image-4771\" srcset=\"https:\/\/fotosenderismo.com\/wordpress\/wp-content\/uploads\/2016\/06\/camara-300x126.jpg 300w, https:\/\/fotosenderismo.com\/wordpress\/wp-content\/uploads\/2016\/06\/camara.jpg 715w\" sizes=\"auto, (max-width: 300px) 100vw, 300px\" \/><\/a><\/figure>\n\n\n\n<p><\/p>\n\n\n\n<figure class=\"wp-block-image aligncenter\"><a href=\"http:\/\/fotosenderismo.com\/wordpress\/wp-content\/uploads\/2017\/05\/llop-mont-bruise-datos-1.jpg\" target=\"_blank\" rel=\"noopener noreferrer\"><img loading=\"lazy\" decoding=\"async\" width=\"1390\" height=\"1023\" src=\"http:\/\/fotosenderismo.com\/wordpress\/wp-content\/uploads\/2017\/05\/llop-mont-bruise-datos-1.jpg\" alt=\"\" class=\"wp-image-7016\" srcset=\"https:\/\/fotosenderismo.com\/wordpress\/wp-content\/uploads\/2017\/05\/llop-mont-bruise-datos-1.jpg 1390w, https:\/\/fotosenderismo.com\/wordpress\/wp-content\/uploads\/2017\/05\/llop-mont-bruise-datos-1-300x221.jpg 300w, https:\/\/fotosenderismo.com\/wordpress\/wp-content\/uploads\/2017\/05\/llop-mont-bruise-datos-1-768x565.jpg 768w, https:\/\/fotosenderismo.com\/wordpress\/wp-content\/uploads\/2017\/05\/llop-mont-bruise-datos-1-1024x754.jpg 1024w, https:\/\/fotosenderismo.com\/wordpress\/wp-content\/uploads\/2017\/05\/llop-mont-bruise-datos-1-800x589.jpg 800w\" sizes=\"auto, (max-width: 1390px) 100vw, 1390px\" \/><\/a><\/figure>\n\n\n\n<p><\/p>\n\n\n\n<figure class=\"wp-block-image aligncenter size-full\"><a href=\"https:\/\/fotosenderismo.com\/wordpress\/wp-content\/uploads\/2017-05-11-LLOP-MONT-CASTELLOT.gpx\"><img loading=\"lazy\" decoding=\"async\" width=\"400\" height=\"50\" src=\"https:\/\/fotosenderismo.com\/wordpress\/wp-content\/uploads\/2024\/02\/image-2.png\" alt=\"\" class=\"wp-image-23096\" srcset=\"https:\/\/fotosenderismo.com\/wordpress\/wp-content\/uploads\/2024\/02\/image-2.png 400w, https:\/\/fotosenderismo.com\/wordpress\/wp-content\/uploads\/2024\/02\/image-2-300x38.png 300w\" sizes=\"auto, (max-width: 400px) 100vw, 400px\" \/><\/a><\/figure>\n\n\n\n<p><\/p>\n\n\n\n<figure class=\"wp-block-image aligncenter\"><a href=\"https:\/\/ca.wikiloc.com\/rutes-senderisme\/beuda-pas-del-llop-el-mont-1124-m-monasterio-de-sous-el-castellot-de-les-bruixes-38502619\" target=\"_blank\" rel=\"noreferrer noopener\"><img loading=\"lazy\" decoding=\"async\" width=\"400\" height=\"52\" src=\"http:\/\/fotosenderismo.com\/wordpress\/wp-content\/uploads\/2019\/05\/track-wikiloc.jpg\" alt=\"\" class=\"wp-image-14261\" srcset=\"https:\/\/fotosenderismo.com\/wordpress\/wp-content\/uploads\/2019\/05\/track-wikiloc.jpg 400w, https:\/\/fotosenderismo.com\/wordpress\/wp-content\/uploads\/2019\/05\/track-wikiloc-300x39.jpg 300w\" sizes=\"auto, (max-width: 400px) 100vw, 400px\" \/><\/a><\/figure>\n\n\n\n<p><\/p>\n\n\n\n<p class=\"has-drop-cap has-very-light-gray-background-color has-background\"><span style=\"font-size: 14pt;\"><strong><span style=\"font-family: georgia,palatino,serif;\">Excursi\u00f3n excelente. Empezamos por carretera asfaltada hasta can Tries. Desde all\u00ed ascendemos por una trocha que cruza la era de la Palla para alcanzar el pas del Llop. Finalmente, desemboca en el sendero que, procedente de Albany\u00e0, asciende hasta el Mont. Desde el Mont, descendemos primero hasta el monasterio de Sous, que ha sido restaurado en una buena parte, y el Castellot de les Bruixes, una atalaya de ruinas bien cuidadas que nos regala buenas vistas a Beuda y sus entornos. Si vamos en el sentido del reloj, tanto el sendero que asciende al pas del Llop como el que desciende desde Sous son espectaculares. Cabe destacar, por su notable inclinaci\u00f3n, tanto el canchal del pas del Llop, como el corredor vertical que desciende desde Sous, aunque no nos encontremos ning\u00fan paso verdaderamente arriesgado, ya que no es preciso trepar en ning\u00fan punto. En algunos tramos el bosque nos regala con las im\u00e1genes de rocas y \u00e1rboles recubiertos de musgo, cosa que da una bonita estampa al recorrido.<\/span><\/strong><\/span><\/p>\n\n\n\n<p class=\"has-very-light-gray-background-color has-background\"><span style=\"font-size: 14pt;\"><strong><span style=\"font-family: georgia,palatino,serif;\">Nota: Al finalizar a excursi\u00f3n nos acercamos al Sant Sepulcre de Palera, del cual incluimos fotos<\/span><\/strong><\/span><\/p>\n\n\n\n<p><\/p>\n\n\n\n<figure class=\"wp-block-image aligncenter\"><a href=\"http:\/\/fotosenderismo.com\/wordpress\/wp-content\/uploads\/2017\/05\/PAS-LLOP.jpg\" target=\"_blank\" rel=\"noopener noreferrer\"><img loading=\"lazy\" decoding=\"async\" width=\"1080\" height=\"1920\" src=\"http:\/\/fotosenderismo.com\/wordpress\/wp-content\/uploads\/2017\/05\/PAS-LLOP.jpg\" alt=\"\" class=\"wp-image-10885\" srcset=\"https:\/\/fotosenderismo.com\/wordpress\/wp-content\/uploads\/2017\/05\/PAS-LLOP.jpg 1080w, https:\/\/fotosenderismo.com\/wordpress\/wp-content\/uploads\/2017\/05\/PAS-LLOP-169x300.jpg 169w, https:\/\/fotosenderismo.com\/wordpress\/wp-content\/uploads\/2017\/05\/PAS-LLOP-768x1365.jpg 768w, https:\/\/fotosenderismo.com\/wordpress\/wp-content\/uploads\/2017\/05\/PAS-LLOP-576x1024.jpg 576w, https:\/\/fotosenderismo.com\/wordpress\/wp-content\/uploads\/2017\/05\/PAS-LLOP-800x1422.jpg 800w\" sizes=\"auto, (max-width: 1080px) 100vw, 1080px\" \/><\/a><\/figure>\n\n\n\n<p><\/p>\n\n\n\n<figure class=\"wp-block-image\"><a href=\"http:\/\/fotosenderismo.com\/wordpress\/wp-content\/uploads\/2017\/05\/MONT-LLOP-CASTELLOT-MAP.jpg\" target=\"_blank\" rel=\"noopener noreferrer\"><img loading=\"lazy\" decoding=\"async\" width=\"1920\" height=\"1043\" src=\"http:\/\/fotosenderismo.com\/wordpress\/wp-content\/uploads\/2017\/05\/MONT-LLOP-CASTELLOT-MAP.jpg\" alt=\"\" class=\"wp-image-6369\" srcset=\"https:\/\/fotosenderismo.com\/wordpress\/wp-content\/uploads\/2017\/05\/MONT-LLOP-CASTELLOT-MAP.jpg 1920w, https:\/\/fotosenderismo.com\/wordpress\/wp-content\/uploads\/2017\/05\/MONT-LLOP-CASTELLOT-MAP-300x163.jpg 300w, https:\/\/fotosenderismo.com\/wordpress\/wp-content\/uploads\/2017\/05\/MONT-LLOP-CASTELLOT-MAP-768x417.jpg 768w, https:\/\/fotosenderismo.com\/wordpress\/wp-content\/uploads\/2017\/05\/MONT-LLOP-CASTELLOT-MAP-1024x556.jpg 1024w, https:\/\/fotosenderismo.com\/wordpress\/wp-content\/uploads\/2017\/05\/MONT-LLOP-CASTELLOT-MAP-800x435.jpg 800w\" sizes=\"auto, (max-width: 1920px) 100vw, 1920px\" \/><\/a><\/figure>\n\n\n\n<p><\/p>\n\n\n\n<figure class=\"wp-block-image\"><a href=\"http:\/\/fotosenderismo.com\/wordpress\/wp-content\/uploads\/2017\/05\/MONT-LLOP-CASTELLOT-3D.jpg\" target=\"_blank\" rel=\"noopener noreferrer\"><img loading=\"lazy\" decoding=\"async\" width=\"1920\" height=\"1080\" src=\"http:\/\/fotosenderismo.com\/wordpress\/wp-content\/uploads\/2017\/05\/MONT-LLOP-CASTELLOT-3D.jpg\" alt=\"\" class=\"wp-image-6370\" srcset=\"https:\/\/fotosenderismo.com\/wordpress\/wp-content\/uploads\/2017\/05\/MONT-LLOP-CASTELLOT-3D.jpg 1920w, https:\/\/fotosenderismo.com\/wordpress\/wp-content\/uploads\/2017\/05\/MONT-LLOP-CASTELLOT-3D-300x169.jpg 300w, https:\/\/fotosenderismo.com\/wordpress\/wp-content\/uploads\/2017\/05\/MONT-LLOP-CASTELLOT-3D-768x432.jpg 768w, https:\/\/fotosenderismo.com\/wordpress\/wp-content\/uploads\/2017\/05\/MONT-LLOP-CASTELLOT-3D-1024x576.jpg 1024w, https:\/\/fotosenderismo.com\/wordpress\/wp-content\/uploads\/2017\/05\/MONT-LLOP-CASTELLOT-3D-800x450.jpg 800w\" sizes=\"auto, (max-width: 1920px) 100vw, 1920px\" \/><\/a><\/figure>\n\n\n\n<p><\/p>\n\n\n\n<figure class=\"wp-block-image\"><a href=\"http:\/\/fotosenderismo.com\/wordpress\/wp-content\/uploads\/2017\/05\/MONT-LLOP-CASTELLOT-EARTH.jpg\" target=\"_blank\" rel=\"noopener noreferrer\"><img loading=\"lazy\" decoding=\"async\" width=\"1920\" height=\"965\" src=\"http:\/\/fotosenderismo.com\/wordpress\/wp-content\/uploads\/2017\/05\/MONT-LLOP-CASTELLOT-EARTH.jpg\" alt=\"\" class=\"wp-image-6371\" srcset=\"https:\/\/fotosenderismo.com\/wordpress\/wp-content\/uploads\/2017\/05\/MONT-LLOP-CASTELLOT-EARTH.jpg 1920w, https:\/\/fotosenderismo.com\/wordpress\/wp-content\/uploads\/2017\/05\/MONT-LLOP-CASTELLOT-EARTH-300x151.jpg 300w, https:\/\/fotosenderismo.com\/wordpress\/wp-content\/uploads\/2017\/05\/MONT-LLOP-CASTELLOT-EARTH-768x386.jpg 768w, https:\/\/fotosenderismo.com\/wordpress\/wp-content\/uploads\/2017\/05\/MONT-LLOP-CASTELLOT-EARTH-1024x515.jpg 1024w, https:\/\/fotosenderismo.com\/wordpress\/wp-content\/uploads\/2017\/05\/MONT-LLOP-CASTELLOT-EARTH-800x402.jpg 800w\" sizes=\"auto, (max-width: 1920px) 100vw, 1920px\" \/><\/a><\/figure>\n\n\n\n<p><\/p>\n\n\n\n<figure class=\"wp-block-image\"><a href=\"http:\/\/fotosenderismo.com\/wordpress\/wp-content\/uploads\/2017\/05\/MONT-LLOP-CASTELLOT-PERFIL.jpg\" target=\"_blank\" rel=\"noopener noreferrer\"><img loading=\"lazy\" decoding=\"async\" width=\"1887\" height=\"585\" src=\"http:\/\/fotosenderismo.com\/wordpress\/wp-content\/uploads\/2017\/05\/MONT-LLOP-CASTELLOT-PERFIL.jpg\" alt=\"\" class=\"wp-image-6376\" srcset=\"https:\/\/fotosenderismo.com\/wordpress\/wp-content\/uploads\/2017\/05\/MONT-LLOP-CASTELLOT-PERFIL.jpg 1887w, https:\/\/fotosenderismo.com\/wordpress\/wp-content\/uploads\/2017\/05\/MONT-LLOP-CASTELLOT-PERFIL-300x93.jpg 300w, https:\/\/fotosenderismo.com\/wordpress\/wp-content\/uploads\/2017\/05\/MONT-LLOP-CASTELLOT-PERFIL-768x238.jpg 768w, https:\/\/fotosenderismo.com\/wordpress\/wp-content\/uploads\/2017\/05\/MONT-LLOP-CASTELLOT-PERFIL-1024x317.jpg 1024w, https:\/\/fotosenderismo.com\/wordpress\/wp-content\/uploads\/2017\/05\/MONT-LLOP-CASTELLOT-PERFIL-800x248.jpg 800w\" sizes=\"auto, (max-width: 1887px) 100vw, 1887px\" \/><\/a><\/figure>\n\n\n\n<p><\/p>\n\n\n\n<figure class=\"wp-block-image aligncenter\"><a href=\"http:\/\/fotosenderismo.com\/wordpress\/wp-content\/uploads\/2018\/03\/TERMINOS-DE-BUSQUEDA.jpg\"><img loading=\"lazy\" decoding=\"async\" width=\"302\" height=\"46\" src=\"http:\/\/fotosenderismo.com\/wordpress\/wp-content\/uploads\/2018\/03\/TERMINOS-DE-BUSQUEDA.jpg\" alt=\"\" class=\"wp-image-10151\" srcset=\"https:\/\/fotosenderismo.com\/wordpress\/wp-content\/uploads\/2018\/03\/TERMINOS-DE-BUSQUEDA.jpg 302w, https:\/\/fotosenderismo.com\/wordpress\/wp-content\/uploads\/2018\/03\/TERMINOS-DE-BUSQUEDA-300x46.jpg 300w\" sizes=\"auto, (max-width: 302px) 100vw, 302px\" \/><\/a><\/figure>\n\n\n\n<p><\/p>\n\n\n\n<p class=\"has-text-align-center has-very-light-gray-background-color has-background\"><em><strong><span style=\"font-size: 14pt; font-family: georgia, palatino, serif;\">Beuda, pas del Llop, el Mont, Monasterio de Sous, el Castellot de les Bruixes<\/span><\/strong><\/em><\/p>\n\n\n\n<p><\/p>\n\n\n\n<figure class=\"wp-block-image aligncenter\"><a href=\"http:\/\/fotosenderismo.com\/wordpress\/wp-content\/uploads\/2018\/02\/ENLACES-EXTERNOS.jpg\"><img loading=\"lazy\" decoding=\"async\" width=\"324\" height=\"38\" src=\"http:\/\/fotosenderismo.com\/wordpress\/wp-content\/uploads\/2018\/02\/ENLACES-EXTERNOS.jpg\" alt=\"\" class=\"wp-image-10223\" srcset=\"https:\/\/fotosenderismo.com\/wordpress\/wp-content\/uploads\/2018\/02\/ENLACES-EXTERNOS.jpg 324w, https:\/\/fotosenderismo.com\/wordpress\/wp-content\/uploads\/2018\/02\/ENLACES-EXTERNOS-300x35.jpg 300w\" sizes=\"auto, (max-width: 324px) 100vw, 324px\" \/><\/a><\/figure>\n\n\n\n<p class=\"has-text-align-center\"><span style=\"font-size: 14pt;\"><strong><span style=\"font-family: georgia,palatino,serif;\">Santuario del Mont:<\/span><\/strong><\/span><\/p>\n\n\n\n<p class=\"has-black-background-color has-background\"><a href=\"http:\/\/www.marededeudelmont.com\/ca\/\">http:\/\/www.marededeudelmont.com\/ca\/<\/a><\/p>\n\n\n\n<p class=\"has-text-align-center has-white-background-color has-background\"><span style=\"font-size: 14pt;\"><strong><span style=\"font-family: georgia,palatino,serif;\">Monasterio de Sous<\/span><\/strong><\/span>:<\/p>\n\n\n\n<p class=\"has-black-background-color has-background\"><a href=\"http:\/\/www.monestirs.cat\/monst\/aemp\/cae02sous.htm\">http:\/\/www.monestirs.cat\/monst\/aemp\/cae02sous.htm<\/a><\/p>\n\n\n\n<p class=\"has-text-align-center\"><span style=\"font-size: 14pt;\"><strong><span style=\"font-family: georgia,palatino,serif;\">El Castellot de les Bruixes<\/span><\/strong><\/span>:<\/p>\n\n\n\n<p class=\"has-black-background-color has-background\"><a href=\"http:\/\/www.catalunyamedieval.es\/castellot-de-beuda-la-garrotxa\/\">http:\/\/www.catalunyamedieval.es\/castellot-de-beuda-la-garrotxa\/<\/a><\/p>\n\n\n\n<p><\/p>\n\n\n\n<figure class=\"wp-block-image aligncenter\"><a href=\"http:\/\/fotosenderismo.com\/wordpress\/wp-content\/uploads\/2018\/03\/RELACIONADAS.jpg\"><img loading=\"lazy\" decoding=\"async\" width=\"311\" height=\"48\" src=\"http:\/\/fotosenderismo.com\/wordpress\/wp-content\/uploads\/2018\/03\/RELACIONADAS.jpg\" alt=\"\" class=\"wp-image-10152\" srcset=\"https:\/\/fotosenderismo.com\/wordpress\/wp-content\/uploads\/2018\/03\/RELACIONADAS.jpg 311w, https:\/\/fotosenderismo.com\/wordpress\/wp-content\/uploads\/2018\/03\/RELACIONADAS-300x46.jpg 300w\" sizes=\"auto, (max-width: 311px) 100vw, 311px\" \/><\/a><\/figure>\n\n\n\n<p><\/p>\n\n\n\n<figure class=\"wp-block-embed aligncenter is-type-wp-embed is-provider-fotosenderismo-com wp-block-embed-fotosenderismo-com\"><div class=\"wp-block-embed__wrapper\">\n<blockquote class=\"wp-embedded-content\" data-secret=\"ju8INubumn\"><a href=\"https:\/\/fotosenderismo.com\/wordpress\/index.php\/2016\/01\/17\/ascension-la-tossa-despinau-1089-m-y-el-mont-1124-m\/\">Ascensi\u00f3n la Tossa d&#8217;Espinau (1089 m.) y el Mont (1124 m.)<\/a><\/blockquote><iframe loading=\"lazy\" class=\"wp-embedded-content\" sandbox=\"allow-scripts\" security=\"restricted\" style=\"position: absolute; clip: rect(1px, 1px, 1px, 1px);\" title=\"\u00abAscensi\u00f3n la Tossa d&#8217;Espinau (1089 m.) y el Mont (1124 m.)\u00bb \u2014 FOTOSENDERISMO.COM\" src=\"https:\/\/fotosenderismo.com\/wordpress\/index.php\/2016\/01\/17\/ascension-la-tossa-despinau-1089-m-y-el-mont-1124-m\/embed\/#?secret=Q9KUr6xOtx#?secret=ju8INubumn\" data-secret=\"ju8INubumn\" width=\"600\" height=\"338\" frameborder=\"0\" marginwidth=\"0\" marginheight=\"0\" scrolling=\"no\"><\/iframe>\n<\/div><\/figure>\n\n\n\n<figure class=\"wp-block-embed aligncenter is-type-wp-embed is-provider-fotosenderismo-com wp-block-embed-fotosenderismo-com\"><div class=\"wp-block-embed__wrapper\">\n<blockquote class=\"wp-embedded-content\" data-secret=\"RLs8c5Z833\"><a href=\"https:\/\/fotosenderismo.com\/wordpress\/index.php\/2012\/01\/11\/vuelta-a-sta-maria-del-mont\/\">Rodeando Santa Maria del Mont<\/a><\/blockquote><iframe loading=\"lazy\" class=\"wp-embedded-content\" sandbox=\"allow-scripts\" security=\"restricted\" style=\"position: absolute; clip: rect(1px, 1px, 1px, 1px);\" title=\"\u00abRodeando Santa Maria del Mont\u00bb \u2014 FOTOSENDERISMO.COM\" src=\"https:\/\/fotosenderismo.com\/wordpress\/index.php\/2012\/01\/11\/vuelta-a-sta-maria-del-mont\/embed\/#?secret=J73HuX8zsa#?secret=RLs8c5Z833\" data-secret=\"RLs8c5Z833\" width=\"600\" height=\"338\" frameborder=\"0\" marginwidth=\"0\" marginheight=\"0\" scrolling=\"no\"><\/iframe>\n<\/div><\/figure>\n\n\n\n<figure class=\"wp-block-embed aligncenter is-type-wp-embed is-provider-fotosenderismo-com wp-block-embed-fotosenderismo-com\"><div class=\"wp-block-embed__wrapper\">\n<blockquote class=\"wp-embedded-content\" data-secret=\"VvtFsySp2d\"><a href=\"https:\/\/fotosenderismo.com\/wordpress\/index.php\/2017\/12\/27\/caminos-clasicos-de-santa-maria-del-mont-beuda-falgars-santa-maria-del-mont-sous-beuda\/\">Caminos cl\u00e1sicos de Santa Maria del Mont. Beuda, Falgars, Santa Maria del Mont, Sous, Beuda<\/a><\/blockquote><iframe loading=\"lazy\" class=\"wp-embedded-content\" sandbox=\"allow-scripts\" security=\"restricted\" style=\"position: absolute; clip: rect(1px, 1px, 1px, 1px);\" title=\"\u00abCaminos cl\u00e1sicos de Santa Maria del Mont. Beuda, Falgars, Santa Maria del Mont, Sous, Beuda\u00bb \u2014 FOTOSENDERISMO.COM\" src=\"https:\/\/fotosenderismo.com\/wordpress\/index.php\/2017\/12\/27\/caminos-clasicos-de-santa-maria-del-mont-beuda-falgars-santa-maria-del-mont-sous-beuda\/embed\/#?secret=H9kpCCJ2qN#?secret=VvtFsySp2d\" data-secret=\"VvtFsySp2d\" width=\"600\" height=\"338\" frameborder=\"0\" marginwidth=\"0\" marginheight=\"0\" scrolling=\"no\"><\/iframe>\n<\/div><\/figure>\n","protected":false},"excerpt":{"rendered":"<p>Excursi\u00f3n excelente. Empezamos por carretera asfaltada hasta can Tries. Desde all\u00ed ascendemos por una trocha que cruza la era de la Palla para alcanzar el pas del Llop. Finalmente, desemboca en el sendero que, procedente de Albany\u00e0, asciende hasta el Mont. Desde el Mont, descendemos primero hasta el monasterio de Sous, que ha sido restaurado en una buena parte, y el Castellot de les Bruixes, una atalaya de ruinas bien cuidadas que nos regala buenas vistas a Beuda y sus entornos. Si vamos en el sentido del reloj, tanto el sendero que asciende al pas del Llop como el que desciende desde Sous son espectaculares. Cabe destacar, por su notable inclinaci\u00f3n, tanto el canchal del pas del Llop, como el corredor vertical que desciende desde Sous, aunque no nos encontremos ning\u00fan paso verdaderamente arriesgado, ya que no es preciso trepar en ning\u00fan punto. En algunos tramos el bosque nos regala con las im\u00e1genes de rocas y \u00e1rboles recubiertos de musgo, cosa que da una bonita estampa al recorrido.<\/p>\n","protected":false},"author":1,"featured_media":6373,"comment_status":"open","ping_status":"closed","sticky":false,"template":"","format":"standard","meta":{"footnotes":""},"categories":[45,59,46,49,131,288,34,42,47,48],"tags":[187,186,98,177,195,223],"class_list":["post-6367","post","type-post","status-publish","format-standard","has-post-thumbnail","hentry","category-garrotxa","category-emporda","category-girona","category-alta-garrotxa","category-cumbres-garrotxa-mas-de-1000-metros","category-201-entre-5-y-10-km","category-entre-500-y-1000-metros","category-senderismo","category-circular-tipo-de-recorrido","category-media-montana-o-terrenos-altos","tag-fotos-by-eduard","tag-fotos-by-ferran","tag-98","tag-eduard","tag-track-by-nuria","tag-track-en-wikiloc"],"_links":{"self":[{"href":"https:\/\/fotosenderismo.com\/wordpress\/index.php\/wp-json\/wp\/v2\/posts\/6367","targetHints":{"allow":["GET"]}}],"collection":[{"href":"https:\/\/fotosenderismo.com\/wordpress\/index.php\/wp-json\/wp\/v2\/posts"}],"about":[{"href":"https:\/\/fotosenderismo.com\/wordpress\/index.php\/wp-json\/wp\/v2\/types\/post"}],"author":[{"embeddable":true,"href":"https:\/\/fotosenderismo.com\/wordpress\/index.php\/wp-json\/wp\/v2\/users\/1"}],"replies":[{"embeddable":true,"href":"https:\/\/fotosenderismo.com\/wordpress\/index.php\/wp-json\/wp\/v2\/comments?post=6367"}],"version-history":[{"count":34,"href":"https:\/\/fotosenderismo.com\/wordpress\/index.php\/wp-json\/wp\/v2\/posts\/6367\/revisions"}],"predecessor-version":[{"id":23581,"href":"https:\/\/fotosenderismo.com\/wordpress\/index.php\/wp-json\/wp\/v2\/posts\/6367\/revisions\/23581"}],"wp:featuredmedia":[{"embeddable":true,"href":"https:\/\/fotosenderismo.com\/wordpress\/index.php\/wp-json\/wp\/v2\/media\/6373"}],"wp:attachment":[{"href":"https:\/\/fotosenderismo.com\/wordpress\/index.php\/wp-json\/wp\/v2\/media?parent=6367"}],"wp:term":[{"taxonomy":"category","embeddable":true,"href":"https:\/\/fotosenderismo.com\/wordpress\/index.php\/wp-json\/wp\/v2\/categories?post=6367"},{"taxonomy":"post_tag","embeddable":true,"href":"https:\/\/fotosenderismo.com\/wordpress\/index.php\/wp-json\/wp\/v2\/tags?post=6367"}],"curies":[{"name":"wp","href":"https:\/\/api.w.org\/{rel}","templated":true}]}}