{"id":5812,"date":"2017-03-17T20:13:36","date_gmt":"2017-03-17T20:13:36","guid":{"rendered":"http:\/\/fotosenderismo.com\/wordpress\/?p=5812"},"modified":"2024-02-28T20:50:13","modified_gmt":"2024-02-28T20:50:13","slug":"mini-ruta-por-sant-joan-les-fonts-ruta-de-les-fonts-cingles-de-fontfreda","status":"publish","type":"post","link":"https:\/\/fotosenderismo.com\/wordpress\/index.php\/2017\/03\/17\/mini-ruta-por-sant-joan-les-fonts-ruta-de-les-fonts-cingles-de-fontfreda\/","title":{"rendered":"Mini ruta por Sant Joan les Fonts. Ruta de les Fonts, Cingles de Fontfreda"},"content":{"rendered":"\n<p><\/p>\n\n\n\n<figure class=\"wp-block-image aligncenter\"><a href=\"https:\/\/goo.gl\/photos\/9vNWBJt186XQ2Q2R9\" target=\"_blank\" rel=\"noreferrer noopener\"><img loading=\"lazy\" decoding=\"async\" width=\"300\" height=\"126\" src=\"http:\/\/fotosenderismo.com\/wordpress\/wp-content\/uploads\/2016\/06\/camara-300x126.jpg\" alt=\"\" class=\"wp-image-4771\" srcset=\"https:\/\/fotosenderismo.com\/wordpress\/wp-content\/uploads\/2016\/06\/camara-300x126.jpg 300w, https:\/\/fotosenderismo.com\/wordpress\/wp-content\/uploads\/2016\/06\/camara.jpg 715w\" sizes=\"auto, (max-width: 300px) 100vw, 300px\" \/><\/a><\/figure>\n\n\n\n<p><\/p>\n\n\n\n<figure class=\"wp-block-image aligncenter\"><a href=\"http:\/\/fotosenderismo.com\/wordpress\/wp-content\/uploads\/2017\/03\/fontfreda-datos.jpg\" target=\"_blank\" rel=\"noopener noreferrer\"><img loading=\"lazy\" decoding=\"async\" width=\"1387\" height=\"970\" src=\"http:\/\/fotosenderismo.com\/wordpress\/wp-content\/uploads\/2017\/03\/fontfreda-datos.jpg\" alt=\"\" class=\"wp-image-7081\" srcset=\"https:\/\/fotosenderismo.com\/wordpress\/wp-content\/uploads\/2017\/03\/fontfreda-datos.jpg 1387w, https:\/\/fotosenderismo.com\/wordpress\/wp-content\/uploads\/2017\/03\/fontfreda-datos-300x210.jpg 300w, https:\/\/fotosenderismo.com\/wordpress\/wp-content\/uploads\/2017\/03\/fontfreda-datos-768x537.jpg 768w, https:\/\/fotosenderismo.com\/wordpress\/wp-content\/uploads\/2017\/03\/fontfreda-datos-1024x716.jpg 1024w, https:\/\/fotosenderismo.com\/wordpress\/wp-content\/uploads\/2017\/03\/fontfreda-datos-800x559.jpg 800w\" sizes=\"auto, (max-width: 1387px) 100vw, 1387px\" \/><\/a><\/figure>\n\n\n\n<p><\/p>\n\n\n\n<figure class=\"wp-block-image aligncenter size-full\"><a href=\"https:\/\/fotosenderismo.com\/wordpress\/wp-content\/uploads\/2017-03-17-mini-ruta-sant-joan-1.gpx\"><img loading=\"lazy\" decoding=\"async\" width=\"400\" height=\"50\" src=\"https:\/\/fotosenderismo.com\/wordpress\/wp-content\/uploads\/2024\/02\/image.png\" alt=\"\" class=\"wp-image-23094\" srcset=\"https:\/\/fotosenderismo.com\/wordpress\/wp-content\/uploads\/2024\/02\/image.png 400w, https:\/\/fotosenderismo.com\/wordpress\/wp-content\/uploads\/2024\/02\/image-300x38.png 300w\" sizes=\"auto, (max-width: 400px) 100vw, 400px\" \/><\/a><\/figure>\n\n\n\n<p><\/p>\n\n\n\n<p class=\"has-drop-cap has-very-light-gray-background-color has-background\"><strong><span style=\"font-family: georgia,palatino,serif; font-size: 20pt;\"><span style=\"font-size: 14pt;\">Cort\u00edsima pero encantadora ruta por sant Joan les Fonts, al lado de Olot. Desciende a un peque\u00f1o ca\u00f1\u00f3n en el cual, adem\u00e1s de contemplar una magn\u00edfica vista del bosque fluvial, nos vemos recompensados con las formas cristalizadas hexagonales de la lava volc\u00e1nica. Una vez salidos del ca\u00f1\u00f3n, andamos por la ruta de les Fonts en la vall de Bianya, que en nada desmerece el tramo de recorrido fluvial. Podemos completar la excursi\u00f3n regal\u00e1ndonos la visita al Salt del Mol\u00ed, casi obligada si paseamos por la zona.<\/span><\/span><\/strong><\/p>\n\n\n\n<p><\/p>\n\n\n\n<figure class=\"wp-block-image\"><a href=\"http:\/\/fotosenderismo.com\/wordpress\/wp-content\/uploads\/2017\/03\/MIRUTA-SANT-JOAN-MAP.jpg\" target=\"_blank\" rel=\"noopener noreferrer\"><img loading=\"lazy\" decoding=\"async\" width=\"1920\" height=\"1033\" src=\"http:\/\/fotosenderismo.com\/wordpress\/wp-content\/uploads\/2017\/03\/MIRUTA-SANT-JOAN-MAP.jpg\" alt=\"\" class=\"wp-image-5814\" srcset=\"https:\/\/fotosenderismo.com\/wordpress\/wp-content\/uploads\/2017\/03\/MIRUTA-SANT-JOAN-MAP.jpg 1920w, https:\/\/fotosenderismo.com\/wordpress\/wp-content\/uploads\/2017\/03\/MIRUTA-SANT-JOAN-MAP-300x161.jpg 300w, https:\/\/fotosenderismo.com\/wordpress\/wp-content\/uploads\/2017\/03\/MIRUTA-SANT-JOAN-MAP-768x413.jpg 768w, https:\/\/fotosenderismo.com\/wordpress\/wp-content\/uploads\/2017\/03\/MIRUTA-SANT-JOAN-MAP-1024x551.jpg 1024w, https:\/\/fotosenderismo.com\/wordpress\/wp-content\/uploads\/2017\/03\/MIRUTA-SANT-JOAN-MAP-800x430.jpg 800w\" sizes=\"auto, (max-width: 1920px) 100vw, 1920px\" \/><\/a><\/figure>\n\n\n\n<figure><iframe loading=\"lazy\" src=\"https:\/\/ca.wikiloc.com\/wikiloc\/spatialArtifacts.do?event=view&amp;id=38305798&amp;measures=on&amp;title=on&amp;near=off&amp;images=on&amp;maptype=H\" width=\"1000\" height=\"1000\"><\/iframe><\/figure>\n\n\n\n<p>\nPowered by <a target=\"_blank\" href=\"https:\/\/ca.wikiloc.com\" rel=\"noreferrer noopener\">Wikiloc<\/a><\/p>\n\n\n\n<p><\/p>\n\n\n\n<p><\/p>\n\n\n\n<p><\/p>\n\n\n\n<figure class=\"wp-block-image\"><a href=\"http:\/\/fotosenderismo.com\/wordpress\/wp-content\/uploads\/2017\/03\/MIRUTA-SANT-JOAN-3D.jpg\" target=\"_blank\" rel=\"noopener noreferrer\"><img loading=\"lazy\" decoding=\"async\" width=\"1920\" height=\"1080\" src=\"http:\/\/fotosenderismo.com\/wordpress\/wp-content\/uploads\/2017\/03\/MIRUTA-SANT-JOAN-3D.jpg\" alt=\"\" class=\"wp-image-5815\" srcset=\"https:\/\/fotosenderismo.com\/wordpress\/wp-content\/uploads\/2017\/03\/MIRUTA-SANT-JOAN-3D.jpg 1920w, https:\/\/fotosenderismo.com\/wordpress\/wp-content\/uploads\/2017\/03\/MIRUTA-SANT-JOAN-3D-300x169.jpg 300w, https:\/\/fotosenderismo.com\/wordpress\/wp-content\/uploads\/2017\/03\/MIRUTA-SANT-JOAN-3D-768x432.jpg 768w, https:\/\/fotosenderismo.com\/wordpress\/wp-content\/uploads\/2017\/03\/MIRUTA-SANT-JOAN-3D-1024x576.jpg 1024w, https:\/\/fotosenderismo.com\/wordpress\/wp-content\/uploads\/2017\/03\/MIRUTA-SANT-JOAN-3D-800x450.jpg 800w\" sizes=\"auto, (max-width: 1920px) 100vw, 1920px\" \/><\/a><\/figure>\n\n\n\n<p><\/p>\n\n\n\n<figure class=\"wp-block-image\"><a href=\"http:\/\/fotosenderismo.com\/wordpress\/wp-content\/uploads\/2017\/03\/MIRUTA-SANT-JOAN-EARTH.jpg\" target=\"_blank\" rel=\"noopener noreferrer\"><img loading=\"lazy\" decoding=\"async\" width=\"1920\" height=\"968\" src=\"http:\/\/fotosenderismo.com\/wordpress\/wp-content\/uploads\/2017\/03\/MIRUTA-SANT-JOAN-EARTH.jpg\" alt=\"\" class=\"wp-image-5816\" srcset=\"https:\/\/fotosenderismo.com\/wordpress\/wp-content\/uploads\/2017\/03\/MIRUTA-SANT-JOAN-EARTH.jpg 1920w, https:\/\/fotosenderismo.com\/wordpress\/wp-content\/uploads\/2017\/03\/MIRUTA-SANT-JOAN-EARTH-300x151.jpg 300w, https:\/\/fotosenderismo.com\/wordpress\/wp-content\/uploads\/2017\/03\/MIRUTA-SANT-JOAN-EARTH-768x387.jpg 768w, https:\/\/fotosenderismo.com\/wordpress\/wp-content\/uploads\/2017\/03\/MIRUTA-SANT-JOAN-EARTH-1024x516.jpg 1024w, https:\/\/fotosenderismo.com\/wordpress\/wp-content\/uploads\/2017\/03\/MIRUTA-SANT-JOAN-EARTH-800x403.jpg 800w\" sizes=\"auto, (max-width: 1920px) 100vw, 1920px\" \/><\/a><\/figure>\n\n\n\n<p><\/p>\n\n\n\n<figure class=\"wp-block-image\"><a href=\"http:\/\/fotosenderismo.com\/wordpress\/wp-content\/uploads\/2017\/03\/MIRUTA-SANT-JOAN-PERFIL.jpg\" target=\"_blank\" rel=\"noopener noreferrer\"><img loading=\"lazy\" decoding=\"async\" width=\"1836\" height=\"723\" src=\"http:\/\/fotosenderismo.com\/wordpress\/wp-content\/uploads\/2017\/03\/MIRUTA-SANT-JOAN-PERFIL.jpg\" alt=\"\" class=\"wp-image-5817\" srcset=\"https:\/\/fotosenderismo.com\/wordpress\/wp-content\/uploads\/2017\/03\/MIRUTA-SANT-JOAN-PERFIL.jpg 1836w, https:\/\/fotosenderismo.com\/wordpress\/wp-content\/uploads\/2017\/03\/MIRUTA-SANT-JOAN-PERFIL-300x118.jpg 300w, https:\/\/fotosenderismo.com\/wordpress\/wp-content\/uploads\/2017\/03\/MIRUTA-SANT-JOAN-PERFIL-768x302.jpg 768w, https:\/\/fotosenderismo.com\/wordpress\/wp-content\/uploads\/2017\/03\/MIRUTA-SANT-JOAN-PERFIL-1024x403.jpg 1024w, https:\/\/fotosenderismo.com\/wordpress\/wp-content\/uploads\/2017\/03\/MIRUTA-SANT-JOAN-PERFIL-800x315.jpg 800w\" sizes=\"auto, (max-width: 1836px) 100vw, 1836px\" \/><\/a><\/figure>\n\n\n\n<p><\/p>\n\n\n\n<figure class=\"wp-block-image aligncenter\"><a href=\"http:\/\/fotosenderismo.com\/wordpress\/wp-content\/uploads\/2018\/03\/TERMINOS-DE-BUSQUEDA.jpg\"><img loading=\"lazy\" decoding=\"async\" width=\"302\" height=\"46\" src=\"http:\/\/fotosenderismo.com\/wordpress\/wp-content\/uploads\/2018\/03\/TERMINOS-DE-BUSQUEDA.jpg\" alt=\"\" class=\"wp-image-10151\" srcset=\"https:\/\/fotosenderismo.com\/wordpress\/wp-content\/uploads\/2018\/03\/TERMINOS-DE-BUSQUEDA.jpg 302w, https:\/\/fotosenderismo.com\/wordpress\/wp-content\/uploads\/2018\/03\/TERMINOS-DE-BUSQUEDA-300x46.jpg 300w\" sizes=\"auto, (max-width: 302px) 100vw, 302px\" \/><\/a><\/figure>\n\n\n\n<p><\/p>\n\n\n\n<p class=\"has-text-align-center has-very-light-gray-background-color has-background\"><span style=\"font-family: georgia, palatino, serif; font-size: 14pt;\"><em><strong>Olot, Sant Joan les Fonts, Cingles de Fontfreda, Ruta de les Fonts<\/strong><\/em><\/span><\/p>\n\n\n\n<p><\/p>\n\n\n\n<figure class=\"wp-block-image aligncenter\"><a href=\"http:\/\/fotosenderismo.com\/wordpress\/wp-content\/uploads\/2018\/03\/RELACIONADAS.jpg\"><img loading=\"lazy\" decoding=\"async\" width=\"311\" height=\"48\" src=\"http:\/\/fotosenderismo.com\/wordpress\/wp-content\/uploads\/2018\/03\/RELACIONADAS.jpg\" alt=\"\" class=\"wp-image-10152\" srcset=\"https:\/\/fotosenderismo.com\/wordpress\/wp-content\/uploads\/2018\/03\/RELACIONADAS.jpg 311w, https:\/\/fotosenderismo.com\/wordpress\/wp-content\/uploads\/2018\/03\/RELACIONADAS-300x46.jpg 300w\" sizes=\"auto, (max-width: 311px) 100vw, 311px\" \/><\/a><\/figure>\n\n\n\n<p><\/p>\n\n\n\n<figure class=\"wp-block-embed aligncenter is-type-wp-embed is-provider-fotosenderismo-com wp-block-embed-fotosenderismo-com\"><div class=\"wp-block-embed__wrapper\">\n<blockquote class=\"wp-embedded-content\" data-secret=\"zbLtWYxe5W\"><a href=\"https:\/\/fotosenderismo.com\/wordpress\/index.php\/2019\/05\/10\/sant-joan-les-fonts-volca-aiguanegra\/\">Sant Joan les Fonts, Volc\u00e0 Aiguanegra<\/a><\/blockquote><iframe loading=\"lazy\" class=\"wp-embedded-content\" sandbox=\"allow-scripts\" security=\"restricted\" style=\"position: absolute; clip: rect(1px, 1px, 1px, 1px);\" title=\"\u00abSant Joan les Fonts, Volc\u00e0 Aiguanegra\u00bb \u2014 FOTOSENDERISMO.COM\" src=\"https:\/\/fotosenderismo.com\/wordpress\/index.php\/2019\/05\/10\/sant-joan-les-fonts-volca-aiguanegra\/embed\/#?secret=otPYBvQuGv#?secret=zbLtWYxe5W\" data-secret=\"zbLtWYxe5W\" width=\"600\" height=\"338\" frameborder=\"0\" marginwidth=\"0\" marginheight=\"0\" scrolling=\"no\"><\/iframe>\n<\/div><\/figure>\n\n\n\n<figure class=\"wp-block-embed aligncenter is-type-wp-embed is-provider-fotosenderismo-com wp-block-embed-fotosenderismo-com\"><div class=\"wp-block-embed__wrapper\">\n<blockquote class=\"wp-embedded-content\" data-secret=\"vQ8ATvaKJl\"><a href=\"https:\/\/fotosenderismo.com\/wordpress\/index.php\/2018\/03\/22\/sant-joan-les-fonts-la-cau-coll-de-vivers\/\">Sant Joan les Fonts, la Cau, coll de Vivers<\/a><\/blockquote><iframe loading=\"lazy\" class=\"wp-embedded-content\" sandbox=\"allow-scripts\" security=\"restricted\" style=\"position: absolute; clip: rect(1px, 1px, 1px, 1px);\" title=\"\u00abSant Joan les Fonts, la Cau, coll de Vivers\u00bb \u2014 FOTOSENDERISMO.COM\" src=\"https:\/\/fotosenderismo.com\/wordpress\/index.php\/2018\/03\/22\/sant-joan-les-fonts-la-cau-coll-de-vivers\/embed\/#?secret=mgQE5aDfIw#?secret=vQ8ATvaKJl\" data-secret=\"vQ8ATvaKJl\" width=\"600\" height=\"338\" frameborder=\"0\" marginwidth=\"0\" marginheight=\"0\" scrolling=\"no\"><\/iframe>\n<\/div><\/figure>\n\n\n\n<figure class=\"wp-block-embed aligncenter is-type-wp-embed is-provider-fotosenderismo-com wp-block-embed-fotosenderismo-com\"><div class=\"wp-block-embed__wrapper\">\n<blockquote class=\"wp-embedded-content\" data-secret=\"sXLLolrhkp\"><a href=\"https:\/\/fotosenderismo.com\/wordpress\/index.php\/2017\/08\/31\/sant-joan-les-fonts-la-cau-puig-de-la-cau-cresta-de-malforat-coll-de-passaserres-vall-de-bianya\/\">Sant Joan les Fonts, la Cau, puig de la Cau, cresta de Malforat, coll de Passaserres, Vall de Bianya<\/a><\/blockquote><iframe loading=\"lazy\" class=\"wp-embedded-content\" sandbox=\"allow-scripts\" security=\"restricted\" style=\"position: absolute; clip: rect(1px, 1px, 1px, 1px);\" title=\"\u00abSant Joan les Fonts, la Cau, puig de la Cau, cresta de Malforat, coll de Passaserres, Vall de Bianya\u00bb \u2014 FOTOSENDERISMO.COM\" src=\"https:\/\/fotosenderismo.com\/wordpress\/index.php\/2017\/08\/31\/sant-joan-les-fonts-la-cau-puig-de-la-cau-cresta-de-malforat-coll-de-passaserres-vall-de-bianya\/embed\/#?secret=tJdNiHFNJO#?secret=sXLLolrhkp\" data-secret=\"sXLLolrhkp\" width=\"600\" height=\"338\" frameborder=\"0\" marginwidth=\"0\" marginheight=\"0\" scrolling=\"no\"><\/iframe>\n<\/div><\/figure>\n","protected":false},"excerpt":{"rendered":"<p>Cort\u00edsima pero encantadora ruta por sant Joan les Fonts, al lado de Olot. Desciende a un peque\u00f1o ca\u00f1\u00f3n en el cual, adem\u00e1s de contemplar un magn\u00edfica vista del bosque fluvial, nos vemos recompensados con las formas cristalizadas hexagonales de la lava volc\u00e1nica. Una vez salidos del ca\u00f1\u00f3n, andamos por la ruta de les Fonts en la vall de Bianya, que en nada desmerece el tramo de recorrido fluvial. Podemos completar la excursi\u00f3n regal\u00e1ndonos la visita al salt del Mol\u00ed, casi obligada si paseamos por la zona.<\/p>\n","protected":false},"author":1,"featured_media":5818,"comment_status":"open","ping_status":"closed","sticky":false,"template":"","format":"standard","meta":{"footnotes":""},"categories":[45,46,143,288,33,42,47,60],"tags":[187,98,177,223],"class_list":["post-5812","post","type-post","status-publish","format-standard","has-post-thumbnail","hentry","category-garrotxa","category-girona","category-1-5-volcanes","category-201-entre-5-y-10-km","category-menos-de-500","category-senderismo","category-circular-tipo-de-recorrido","category-baja-montana-o-tierras-a-media-altitud","tag-fotos-by-eduard","tag-98","tag-eduard","tag-track-en-wikiloc"],"_links":{"self":[{"href":"https:\/\/fotosenderismo.com\/wordpress\/index.php\/wp-json\/wp\/v2\/posts\/5812","targetHints":{"allow":["GET"]}}],"collection":[{"href":"https:\/\/fotosenderismo.com\/wordpress\/index.php\/wp-json\/wp\/v2\/posts"}],"about":[{"href":"https:\/\/fotosenderismo.com\/wordpress\/index.php\/wp-json\/wp\/v2\/types\/post"}],"author":[{"embeddable":true,"href":"https:\/\/fotosenderismo.com\/wordpress\/index.php\/wp-json\/wp\/v2\/users\/1"}],"replies":[{"embeddable":true,"href":"https:\/\/fotosenderismo.com\/wordpress\/index.php\/wp-json\/wp\/v2\/comments?post=5812"}],"version-history":[{"count":27,"href":"https:\/\/fotosenderismo.com\/wordpress\/index.php\/wp-json\/wp\/v2\/posts\/5812\/revisions"}],"predecessor-version":[{"id":23606,"href":"https:\/\/fotosenderismo.com\/wordpress\/index.php\/wp-json\/wp\/v2\/posts\/5812\/revisions\/23606"}],"wp:featuredmedia":[{"embeddable":true,"href":"https:\/\/fotosenderismo.com\/wordpress\/index.php\/wp-json\/wp\/v2\/media\/5818"}],"wp:attachment":[{"href":"https:\/\/fotosenderismo.com\/wordpress\/index.php\/wp-json\/wp\/v2\/media?parent=5812"}],"wp:term":[{"taxonomy":"category","embeddable":true,"href":"https:\/\/fotosenderismo.com\/wordpress\/index.php\/wp-json\/wp\/v2\/categories?post=5812"},{"taxonomy":"post_tag","embeddable":true,"href":"https:\/\/fotosenderismo.com\/wordpress\/index.php\/wp-json\/wp\/v2\/tags?post=5812"}],"curies":[{"name":"wp","href":"https:\/\/api.w.org\/{rel}","templated":true}]}}