{"id":5351,"date":"2016-10-27T21:35:03","date_gmt":"2016-10-27T21:35:03","guid":{"rendered":"http:\/\/fotosenderismo.com\/wordpress\/?p=5351"},"modified":"2024-02-06T22:22:40","modified_gmt":"2024-02-06T22:22:40","slug":"el-camino-de-santiago-en-catalunya-girona-amer-etapa-4","status":"publish","type":"post","link":"https:\/\/fotosenderismo.com\/wordpress\/index.php\/2016\/10\/27\/el-camino-de-santiago-en-catalunya-girona-amer-etapa-4\/","title":{"rendered":"El Camino de Santiago en Catalunya. Girona, Amer (Etapa 4)"},"content":{"rendered":"\n<p><\/p>\n\n\n\n<figure class=\"wp-block-image aligncenter\"><a href=\"http:\/\/fotosenderismo.com\/wordpress\/wp-content\/uploads\/2016\/11\/etapa-4-datos.jpg\"><img loading=\"lazy\" decoding=\"async\" width=\"1347\" height=\"824\" src=\"http:\/\/fotosenderismo.com\/wordpress\/wp-content\/uploads\/2016\/11\/etapa-4-datos.jpg\" alt=\"\" class=\"wp-image-7641\" srcset=\"https:\/\/fotosenderismo.com\/wordpress\/wp-content\/uploads\/2016\/11\/etapa-4-datos.jpg 1347w, https:\/\/fotosenderismo.com\/wordpress\/wp-content\/uploads\/2016\/11\/etapa-4-datos-300x184.jpg 300w, https:\/\/fotosenderismo.com\/wordpress\/wp-content\/uploads\/2016\/11\/etapa-4-datos-768x470.jpg 768w, https:\/\/fotosenderismo.com\/wordpress\/wp-content\/uploads\/2016\/11\/etapa-4-datos-1024x626.jpg 1024w, https:\/\/fotosenderismo.com\/wordpress\/wp-content\/uploads\/2016\/11\/etapa-4-datos-800x489.jpg 800w\" sizes=\"auto, (max-width: 1347px) 100vw, 1347px\" \/><\/a><\/figure>\n\n\n\n<p><\/p>\n\n\n\n<figure class=\"wp-block-image aligncenter\"><a href=\"https:\/\/ca.wikiloc.com\/rutes-senderisme\/el-camino-de-santiago-en-catalunya-girona-amer-etapa-4-36938249\" target=\"_blank\" rel=\"noreferrer noopener\"><img loading=\"lazy\" decoding=\"async\" width=\"400\" height=\"52\" src=\"http:\/\/fotosenderismo.com\/wordpress\/wp-content\/uploads\/2019\/05\/track-wikiloc.jpg\" alt=\"\" class=\"wp-image-14261\" srcset=\"https:\/\/fotosenderismo.com\/wordpress\/wp-content\/uploads\/2019\/05\/track-wikiloc.jpg 400w, https:\/\/fotosenderismo.com\/wordpress\/wp-content\/uploads\/2019\/05\/track-wikiloc-300x39.jpg 300w\" sizes=\"auto, (max-width: 400px) 100vw, 400px\" \/><\/a><\/figure>\n\n\n\n<p><\/p>\n\n\n\n<p class=\"has-drop-cap has-very-light-gray-background-color has-background\" style=\"font-size:18px\"><strong><span style=\"font-family: georgia,palatino,serif; font-size: 14pt;\">Este tramo del Camino de Santiago o de Sant Jaume discurre por una v\u00eda verde y no presenta ninguna dificultad. Lo \u00fanico que se puede destacar es que como a veces se extiende a trav\u00e9s de interminables rectas se puede hacer algo tedioso. Una soluci\u00f3n para evitar este tedio puede ser la de hacerlo en bicicleta.<\/span><\/strong><\/p>\n\n\n\n<p><\/p>\n\n\n\n<figure class=\"wp-block-image aligncenter\"><a href=\"http:\/\/fotosenderismo.com\/lbr\/jaume-4.jpg\" target=\"_blank\" rel=\"noopener noreferrer\"><img loading=\"lazy\" decoding=\"async\" width=\"1795\" height=\"710\" src=\"http:\/\/fotosenderismo.com\/wordpress\/wp-content\/uploads\/2016\/10\/jaume-4-petit.jpg\" alt=\"\" class=\"wp-image-11548\" srcset=\"https:\/\/fotosenderismo.com\/wordpress\/wp-content\/uploads\/2016\/10\/jaume-4-petit.jpg 1795w, https:\/\/fotosenderismo.com\/wordpress\/wp-content\/uploads\/2016\/10\/jaume-4-petit-300x119.jpg 300w, https:\/\/fotosenderismo.com\/wordpress\/wp-content\/uploads\/2016\/10\/jaume-4-petit-768x304.jpg 768w, https:\/\/fotosenderismo.com\/wordpress\/wp-content\/uploads\/2016\/10\/jaume-4-petit-1024x405.jpg 1024w, https:\/\/fotosenderismo.com\/wordpress\/wp-content\/uploads\/2016\/10\/jaume-4-petit-800x316.jpg 800w\" sizes=\"auto, (max-width: 1795px) 100vw, 1795px\" \/><\/a><\/figure>\n\n\n\n<p><\/p>\n\n\n\n<figure class=\"wp-block-image aligncenter\"><a href=\"http:\/\/fotosenderismo.com\/wordpress\/wp-content\/uploads\/2016\/11\/GIRONA-AMER-MAP.jpg\" target=\"_blank\" rel=\"noopener noreferrer\"><img loading=\"lazy\" decoding=\"async\" width=\"1920\" height=\"1037\" src=\"http:\/\/fotosenderismo.com\/wordpress\/wp-content\/uploads\/2016\/11\/GIRONA-AMER-MAP.jpg\" alt=\"girona-amer-map\" class=\"wp-image-5353\" srcset=\"https:\/\/fotosenderismo.com\/wordpress\/wp-content\/uploads\/2016\/11\/GIRONA-AMER-MAP.jpg 1920w, https:\/\/fotosenderismo.com\/wordpress\/wp-content\/uploads\/2016\/11\/GIRONA-AMER-MAP-300x162.jpg 300w, https:\/\/fotosenderismo.com\/wordpress\/wp-content\/uploads\/2016\/11\/GIRONA-AMER-MAP-768x415.jpg 768w, https:\/\/fotosenderismo.com\/wordpress\/wp-content\/uploads\/2016\/11\/GIRONA-AMER-MAP-1024x553.jpg 1024w, https:\/\/fotosenderismo.com\/wordpress\/wp-content\/uploads\/2016\/11\/GIRONA-AMER-MAP-800x432.jpg 800w\" sizes=\"auto, (max-width: 1920px) 100vw, 1920px\" \/><\/a><\/figure>\n\n\n\n<p><\/p>\n\n\n\n<figure class=\"wp-block-image\"><a href=\"http:\/\/fotosenderismo.com\/wordpress\/wp-content\/uploads\/2016\/11\/GIRONA-AMER-3D.jpg\" target=\"_blank\" rel=\"noopener noreferrer\"><img loading=\"lazy\" decoding=\"async\" width=\"1920\" height=\"1080\" src=\"http:\/\/fotosenderismo.com\/wordpress\/wp-content\/uploads\/2016\/11\/GIRONA-AMER-3D.jpg\" alt=\"girona-amer-3d\" class=\"wp-image-5354\" srcset=\"https:\/\/fotosenderismo.com\/wordpress\/wp-content\/uploads\/2016\/11\/GIRONA-AMER-3D.jpg 1920w, https:\/\/fotosenderismo.com\/wordpress\/wp-content\/uploads\/2016\/11\/GIRONA-AMER-3D-300x169.jpg 300w, https:\/\/fotosenderismo.com\/wordpress\/wp-content\/uploads\/2016\/11\/GIRONA-AMER-3D-768x432.jpg 768w, https:\/\/fotosenderismo.com\/wordpress\/wp-content\/uploads\/2016\/11\/GIRONA-AMER-3D-1024x576.jpg 1024w, https:\/\/fotosenderismo.com\/wordpress\/wp-content\/uploads\/2016\/11\/GIRONA-AMER-3D-800x450.jpg 800w\" sizes=\"auto, (max-width: 1920px) 100vw, 1920px\" \/><\/a><\/figure>\n\n\n\n<p><\/p>\n\n\n\n<figure class=\"wp-block-image\"><a href=\"http:\/\/fotosenderismo.com\/wordpress\/wp-content\/uploads\/2016\/11\/GIRONA-AMER-EARTH.jpg\" target=\"_blank\" rel=\"noopener noreferrer\"><img loading=\"lazy\" decoding=\"async\" width=\"1920\" height=\"970\" src=\"http:\/\/fotosenderismo.com\/wordpress\/wp-content\/uploads\/2016\/11\/GIRONA-AMER-EARTH.jpg\" alt=\"girona-amer-earth\" class=\"wp-image-5355\" srcset=\"https:\/\/fotosenderismo.com\/wordpress\/wp-content\/uploads\/2016\/11\/GIRONA-AMER-EARTH.jpg 1920w, https:\/\/fotosenderismo.com\/wordpress\/wp-content\/uploads\/2016\/11\/GIRONA-AMER-EARTH-300x152.jpg 300w, https:\/\/fotosenderismo.com\/wordpress\/wp-content\/uploads\/2016\/11\/GIRONA-AMER-EARTH-768x388.jpg 768w, https:\/\/fotosenderismo.com\/wordpress\/wp-content\/uploads\/2016\/11\/GIRONA-AMER-EARTH-1024x517.jpg 1024w, https:\/\/fotosenderismo.com\/wordpress\/wp-content\/uploads\/2016\/11\/GIRONA-AMER-EARTH-800x404.jpg 800w\" sizes=\"auto, (max-width: 1920px) 100vw, 1920px\" \/><\/a><\/figure>\n\n\n\n<p><\/p>\n\n\n\n<figure class=\"wp-block-image\"><a href=\"http:\/\/fotosenderismo.com\/wordpress\/wp-content\/uploads\/2016\/11\/GIRONA-AMER-PERFIL.jpg\" target=\"_blank\" rel=\"noopener noreferrer\"><img loading=\"lazy\" decoding=\"async\" width=\"1915\" height=\"510\" src=\"http:\/\/fotosenderismo.com\/wordpress\/wp-content\/uploads\/2016\/11\/GIRONA-AMER-PERFIL.jpg\" alt=\"girona-amer-perfil\" class=\"wp-image-5356\" srcset=\"https:\/\/fotosenderismo.com\/wordpress\/wp-content\/uploads\/2016\/11\/GIRONA-AMER-PERFIL.jpg 1915w, https:\/\/fotosenderismo.com\/wordpress\/wp-content\/uploads\/2016\/11\/GIRONA-AMER-PERFIL-300x80.jpg 300w, https:\/\/fotosenderismo.com\/wordpress\/wp-content\/uploads\/2016\/11\/GIRONA-AMER-PERFIL-768x205.jpg 768w, https:\/\/fotosenderismo.com\/wordpress\/wp-content\/uploads\/2016\/11\/GIRONA-AMER-PERFIL-1024x273.jpg 1024w, https:\/\/fotosenderismo.com\/wordpress\/wp-content\/uploads\/2016\/11\/GIRONA-AMER-PERFIL-800x213.jpg 800w\" sizes=\"auto, (max-width: 1915px) 100vw, 1915px\" \/><\/a><\/figure>\n\n\n\n<p><\/p>\n\n\n\n<figure class=\"wp-block-image aligncenter\"><a href=\"http:\/\/fotosenderismo.com\/wordpress\/wp-content\/uploads\/2018\/03\/TERMINOS-DE-BUSQUEDA.jpg\"><img loading=\"lazy\" decoding=\"async\" width=\"302\" height=\"46\" src=\"http:\/\/fotosenderismo.com\/wordpress\/wp-content\/uploads\/2018\/03\/TERMINOS-DE-BUSQUEDA.jpg\" alt=\"\" class=\"wp-image-10151\" srcset=\"https:\/\/fotosenderismo.com\/wordpress\/wp-content\/uploads\/2018\/03\/TERMINOS-DE-BUSQUEDA.jpg 302w, https:\/\/fotosenderismo.com\/wordpress\/wp-content\/uploads\/2018\/03\/TERMINOS-DE-BUSQUEDA-300x46.jpg 300w\" sizes=\"auto, (max-width: 302px) 100vw, 302px\" \/><\/a><\/figure>\n\n\n\n<p><\/p>\n\n\n\n<p class=\"has-text-align-center has-very-light-gray-background-color has-background\"><span style=\"font-size: 14pt;\"><em><strong><span style=\"font-family: georgia,palatino,serif;\">Girona, Bescan\u00f2, Angl\u00e8s, Cellera de Ter, Amer, V\u00eda Verda, Cam\u00ed de Sant Jaume, Camino de Santiago<\/span><\/strong><\/em><\/span><\/p>\n\n\n\n<p><\/p>\n\n\n\n<figure class=\"wp-block-image aligncenter\"><a href=\"http:\/\/fotosenderismo.com\/wordpress\/wp-content\/uploads\/2018\/03\/RELACIONADAS.jpg\"><img loading=\"lazy\" decoding=\"async\" width=\"311\" height=\"48\" src=\"http:\/\/fotosenderismo.com\/wordpress\/wp-content\/uploads\/2018\/03\/RELACIONADAS.jpg\" alt=\"\" class=\"wp-image-10152\" srcset=\"https:\/\/fotosenderismo.com\/wordpress\/wp-content\/uploads\/2018\/03\/RELACIONADAS.jpg 311w, https:\/\/fotosenderismo.com\/wordpress\/wp-content\/uploads\/2018\/03\/RELACIONADAS-300x46.jpg 300w\" sizes=\"auto, (max-width: 311px) 100vw, 311px\" \/><\/a><\/figure>\n\n\n\n<p><\/p>\n\n\n\n<figure class=\"wp-block-embed aligncenter is-type-wp-embed is-provider-fotosenderismo-com wp-block-embed-fotosenderismo-com\"><div class=\"wp-block-embed__wrapper\">\n<blockquote class=\"wp-embedded-content\" data-secret=\"uI3wlUcvXy\"><a href=\"https:\/\/fotosenderismo.com\/wordpress\/index.php\/2017\/01\/12\/el-camino-de-santiago-en-catalunya-artes-manresa-etapa-10\/\">El Camino de Santiago en Catalunya: Art\u00e9s, Manresa. Etapa 10<\/a><\/blockquote><iframe loading=\"lazy\" class=\"wp-embedded-content\" sandbox=\"allow-scripts\" security=\"restricted\" style=\"position: absolute; clip: rect(1px, 1px, 1px, 1px);\" title=\"\u00abEl Camino de Santiago en Catalunya: Art\u00e9s, Manresa. Etapa 10\u00bb \u2014 FOTOSENDERISMO.COM\" src=\"https:\/\/fotosenderismo.com\/wordpress\/index.php\/2017\/01\/12\/el-camino-de-santiago-en-catalunya-artes-manresa-etapa-10\/embed\/#?secret=ngdwLiGU2U#?secret=uI3wlUcvXy\" data-secret=\"uI3wlUcvXy\" width=\"600\" height=\"338\" frameborder=\"0\" marginwidth=\"0\" marginheight=\"0\" scrolling=\"no\"><\/iframe>\n<\/div><\/figure>\n\n\n\n<figure class=\"wp-block-embed aligncenter is-type-wp-embed is-provider-fotosenderismo-com wp-block-embed-fotosenderismo-com\"><div class=\"wp-block-embed__wrapper\">\n<blockquote class=\"wp-embedded-content\" data-secret=\"85sVsswjN2\"><a href=\"https:\/\/fotosenderismo.com\/wordpress\/index.php\/2016\/12\/29\/el-camino-de-santiago-en-catalunya-lestany-artes-etapa-9\/\">El Camino de Santiago en Catalunya: l&#8217;Estany, Art\u00e9s. Etapa 9<\/a><\/blockquote><iframe loading=\"lazy\" class=\"wp-embedded-content\" sandbox=\"allow-scripts\" security=\"restricted\" style=\"position: absolute; clip: rect(1px, 1px, 1px, 1px);\" title=\"\u00abEl Camino de Santiago en Catalunya: l&#8217;Estany, Art\u00e9s. Etapa 9\u00bb \u2014 FOTOSENDERISMO.COM\" src=\"https:\/\/fotosenderismo.com\/wordpress\/index.php\/2016\/12\/29\/el-camino-de-santiago-en-catalunya-lestany-artes-etapa-9\/embed\/#?secret=OqU1mhjzqt#?secret=85sVsswjN2\" data-secret=\"85sVsswjN2\" width=\"600\" height=\"338\" frameborder=\"0\" marginwidth=\"0\" marginheight=\"0\" scrolling=\"no\"><\/iframe>\n<\/div><\/figure>\n\n\n\n<figure class=\"wp-block-embed aligncenter is-type-wp-embed is-provider-fotosenderismo-com wp-block-embed-fotosenderismo-com\"><div class=\"wp-block-embed__wrapper\">\n<blockquote class=\"wp-embedded-content\" data-secret=\"dE40r8KHGf\"><a href=\"https:\/\/fotosenderismo.com\/wordpress\/index.php\/2016\/12\/16\/el-camino-de-santiago-en-catalunya-vic-lestany-etapa-8\/\">El Camino de Santiago en Catalunya. Vic, l&#8217;Estany. Etapa 8<\/a><\/blockquote><iframe loading=\"lazy\" class=\"wp-embedded-content\" sandbox=\"allow-scripts\" security=\"restricted\" style=\"position: absolute; clip: rect(1px, 1px, 1px, 1px);\" title=\"\u00abEl Camino de Santiago en Catalunya. Vic, l&#8217;Estany. Etapa 8\u00bb \u2014 FOTOSENDERISMO.COM\" src=\"https:\/\/fotosenderismo.com\/wordpress\/index.php\/2016\/12\/16\/el-camino-de-santiago-en-catalunya-vic-lestany-etapa-8\/embed\/#?secret=ReRsX7naCG#?secret=dE40r8KHGf\" data-secret=\"dE40r8KHGf\" width=\"600\" height=\"338\" frameborder=\"0\" marginwidth=\"0\" marginheight=\"0\" scrolling=\"no\"><\/iframe>\n<\/div><\/figure>\n","protected":false},"excerpt":{"rendered":"<p>Este tramo del Camino de Santiago o de Sant Jaume discurre por una v\u00eda verde y no presenta ninguna dificultad. Lo \u00fanico que se puede destacar es que como a veces se extiende a trav\u00e9s de interminables rectas se puede hacer algo tedioso. Una soluci\u00f3n para evitar este tedio puede ser la de hacerlo en bicicleta.<\/p>\n","protected":false},"author":1,"featured_media":5357,"comment_status":"open","ping_status":"closed","sticky":false,"template":"","format":"standard","meta":{"footnotes":""},"categories":[46,63,58,283,33,61,42,70,124],"tags":[170,274,172,223],"class_list":["post-5351","post","type-post","status-publish","format-standard","has-post-thumbnail","hentry","category-girona","category-girones","category-selva","category-203-entre-25-y-30-km","category-menos-de-500","category-btt","category-senderismo","category-ida","category-tierras-bajas-altitud-del-terreno-a-menos-de-300-metros","tag-camino-de-santiago","tag-no-fotos","tag-ferran","tag-track-en-wikiloc"],"_links":{"self":[{"href":"https:\/\/fotosenderismo.com\/wordpress\/index.php\/wp-json\/wp\/v2\/posts\/5351","targetHints":{"allow":["GET"]}}],"collection":[{"href":"https:\/\/fotosenderismo.com\/wordpress\/index.php\/wp-json\/wp\/v2\/posts"}],"about":[{"href":"https:\/\/fotosenderismo.com\/wordpress\/index.php\/wp-json\/wp\/v2\/types\/post"}],"author":[{"embeddable":true,"href":"https:\/\/fotosenderismo.com\/wordpress\/index.php\/wp-json\/wp\/v2\/users\/1"}],"replies":[{"embeddable":true,"href":"https:\/\/fotosenderismo.com\/wordpress\/index.php\/wp-json\/wp\/v2\/comments?post=5351"}],"version-history":[{"count":19,"href":"https:\/\/fotosenderismo.com\/wordpress\/index.php\/wp-json\/wp\/v2\/posts\/5351\/revisions"}],"predecessor-version":[{"id":22254,"href":"https:\/\/fotosenderismo.com\/wordpress\/index.php\/wp-json\/wp\/v2\/posts\/5351\/revisions\/22254"}],"wp:featuredmedia":[{"embeddable":true,"href":"https:\/\/fotosenderismo.com\/wordpress\/index.php\/wp-json\/wp\/v2\/media\/5357"}],"wp:attachment":[{"href":"https:\/\/fotosenderismo.com\/wordpress\/index.php\/wp-json\/wp\/v2\/media?parent=5351"}],"wp:term":[{"taxonomy":"category","embeddable":true,"href":"https:\/\/fotosenderismo.com\/wordpress\/index.php\/wp-json\/wp\/v2\/categories?post=5351"},{"taxonomy":"post_tag","embeddable":true,"href":"https:\/\/fotosenderismo.com\/wordpress\/index.php\/wp-json\/wp\/v2\/tags?post=5351"}],"curies":[{"name":"wp","href":"https:\/\/api.w.org\/{rel}","templated":true}]}}