{"id":4487,"date":"2016-08-21T07:17:40","date_gmt":"2016-08-21T07:17:40","guid":{"rendered":"http:\/\/fotosenderismo.com\/wordpress\/?p=4487"},"modified":"2024-02-07T15:29:55","modified_gmt":"2024-02-07T15:29:55","slug":"toes-caranca-ulldeter","status":"publish","type":"post","link":"https:\/\/fotosenderismo.com\/wordpress\/index.php\/2016\/08\/21\/toes-caranca-ulldeter\/","title":{"rendered":"To\u00e8s, Caran\u00e7\u00e0, Ulldeter"},"content":{"rendered":"\n<p><\/p>\n\n\n\n<figure class=\"wp-block-image aligncenter\"><a href=\"http:\/\/fotosenderismo.com\/wordpress\/wp-content\/uploads\/2016\/08\/toes-datos-2.jpg\" target=\"_blank\" rel=\"noopener noreferrer\"><img loading=\"lazy\" decoding=\"async\" width=\"1111\" height=\"772\" src=\"http:\/\/fotosenderismo.com\/wordpress\/wp-content\/uploads\/2016\/08\/toes-datos-2.jpg\" alt=\"\" class=\"wp-image-7616\" srcset=\"https:\/\/fotosenderismo.com\/wordpress\/wp-content\/uploads\/2016\/08\/toes-datos-2.jpg 1111w, https:\/\/fotosenderismo.com\/wordpress\/wp-content\/uploads\/2016\/08\/toes-datos-2-300x208.jpg 300w, https:\/\/fotosenderismo.com\/wordpress\/wp-content\/uploads\/2016\/08\/toes-datos-2-768x534.jpg 768w, https:\/\/fotosenderismo.com\/wordpress\/wp-content\/uploads\/2016\/08\/toes-datos-2-1024x712.jpg 1024w, https:\/\/fotosenderismo.com\/wordpress\/wp-content\/uploads\/2016\/08\/toes-datos-2-800x556.jpg 800w\" sizes=\"auto, (max-width: 1111px) 100vw, 1111px\" \/><\/a><\/figure>\n\n\n\n<p><\/p>\n\n\n\n<figure class=\"wp-block-image aligncenter\"><a href=\"https:\/\/fotosenderismo.com\/wordpress\/wp-content\/uploads\/Travessa Toes-Ulldeter.GPX\"><img loading=\"lazy\" decoding=\"async\" width=\"300\" height=\"111\" src=\"http:\/\/fotosenderismo.com\/wordpress\/wp-content\/uploads\/2016\/09\/Track2-300x111.jpg\" alt=\"track2\" class=\"wp-image-4740\" srcset=\"https:\/\/fotosenderismo.com\/wordpress\/wp-content\/uploads\/2016\/09\/Track2-300x111.jpg 300w, https:\/\/fotosenderismo.com\/wordpress\/wp-content\/uploads\/2016\/09\/Track2.jpg 638w\" sizes=\"auto, (max-width: 300px) 100vw, 300px\" \/><\/a><\/figure>\n\n\n\n<p><\/p>\n\n\n\n<p class=\"has-drop-cap has-very-light-gray-background-color has-background\"><span style=\"font-size: 14pt; font-family: georgia,palatino,serif;\"><strong>Es tracta de sortir de To\u00e8s de bon mat\u00ed (abans de les 8.30 comen\u00e7ar a caminar) i pujar seguint el Caran\u00e7\u00e0 i gaudint d&#8217;aquest paratge de gorges extraordinari. Al refugi de Caran\u00e7\u00e0 s&#8217;hi ha d&#8217;arribar cap al migdia i havent dinat es puja pel GR10 que, al cap de poc abandonem per tal de pujar la coma de Bacivers cap a Morens i el coll de la Geganta (el rierol \u00e9s la refer\u00e8ncia). Quan baixem del coll de la Geganta cap al refugi d&#8217;Ulldeter cal estar molt alerta en no deixar el trencant que, a la nostra dreta, duu directament cap a la cap\u00e7alera del riu Ter (sin\u00f3 \u00e9s f\u00e0cil acabar a la part baixa de Vallter i haver de remuntar altitud). A l&#8217;endem\u00e0, des del Coll de la Geganta, es fa una volta per la cresta de Serra Gallinera des d&#8217;on es poden gaudir d&#8217;unes vistes extraordin\u00e0ries a banda i banda fins arribar a coll de Pal on s&#8217;empalma amb el GR que ens duu altre cop al refugi de Caran\u00e7\u00e0. La tornada es fa pel cam\u00ed del refugi de Dona-Pa que passa penjat per sobre les gorges: cal ascendir uns 100 metres de desnivell per\u00f2 despr\u00e9s \u00e9s de molt bon fer, amb pocs sifons, fins arribar al refugi. Des d&#8217;all\u00ed s&#8217;inicia un cam\u00ed amb un fort descens per\u00f2 molt ben fet, amb nombroses zigues-zagues fins que s&#8217;arriba de nou a les gorges de Caran\u00e7\u00e0 i a To\u00e8s. La dificultat no rau tan en el fet que els camins siguin dif\u00edcils (els habituals per aquests indrets de muntanya, sense grimpades ni escalades), sin\u00f3 en la resist\u00e8ncia: en dos dies es fan m\u00e9s de 40 km. i amb m\u00e9s de 2.500 metres de desnivell.<\/strong><\/span><\/p>\n\n\n\n<p class=\"has-drop-cap has-very-light-gray-background-color has-background\"><span style=\"font-size: 14pt; font-family: georgia,palatino,serif;\"><strong>Se trata de salir de To\u00e8s a primera hora de la ma\u00f1ana (antes de las 8:30) para subir siguiendo el Caran\u00e7a disfrutando de este extraordinario paisaje de gorgues (<em>pozas, hoces<\/em>). Se recomienda llegar al refugio de Caran\u00e7a antes del mediod\u00eda. Despu\u00e9s de comer se toma el GR10, que, al poco tiempo, hemos de abandonar para subir hasta la coma (<em>valle glaciar<\/em>) de Bacivers hacia Morens y el coll (<em>collado<\/em>) de la Geganta (el riachuelo es una referencia). Cuando bajamos del coll de la Geganta hacia el refugio Ulldeter hemos de estar alerta para no dejar el desv\u00edo que, a nuestra derecha, nos lleva directamente hasta la cabecera del r\u00edo Ter (si no lo hacemos as\u00ed es f\u00e1cil acabar en la parte baja de Vallter, cosa que luego nos obligar\u00eda a remontar). Al d\u00eda siguiente, desde el coll de la Geganta, se da una vuelta por la cresta de la sierra de la Gallinera, lugar desde el cual se puede disfrutar, a lado y lado, de magn\u00edficas vistas y llegar al coll de Pal, donde se enlaza con el GR que nos conduce de nuevo hasta el refugio de Caran\u00e7a. El regreso se hace por el camino del refugio Dona-Pa, que pasa colgando sobre las gorgues: se ha de ascender unos 100 metros de desnivel, aunque despu\u00e9s el camino se apacigua presentando muy pocos sifones hasta llegar al refugio. Desde all\u00ed se inicia un camino con un fuerte descenso, con abundantes zigzags, hasta que llega de nuevo hasta las gorgues de Caran\u00e7a y To\u00e8s. La dificultad no se haya en el camino (las habituales para senderos de monta\u00f1a, sin escaladas ni trepadas) sino en la resistencia: en dos d\u00edas se hacen m\u00e1s de 40 km y m\u00e1s de 2500 metros de desnivel.<\/strong><\/span><\/p>\n\n\n\n<p><\/p>\n\n\n\n<figure class=\"wp-block-image aligncenter is-resized\"><a href=\"http:\/\/fotosenderismo.com\/wordpress\/wp-content\/uploads\/toes-3.jpg\" target=\"_blank\" rel=\"noopener noreferrer\"><img loading=\"lazy\" decoding=\"async\" width=\"462\" height=\"1024\" src=\"http:\/\/fotosenderismo.com\/wordpress\/wp-content\/uploads\/2016\/08\/toes-4-462x1024.jpg\" alt=\"\" class=\"wp-image-14398\" srcset=\"https:\/\/fotosenderismo.com\/wordpress\/wp-content\/uploads\/2016\/08\/toes-4-462x1024.jpg 462w, https:\/\/fotosenderismo.com\/wordpress\/wp-content\/uploads\/2016\/08\/toes-4-135x300.jpg 135w, https:\/\/fotosenderismo.com\/wordpress\/wp-content\/uploads\/2016\/08\/toes-4-768x1702.jpg 768w, https:\/\/fotosenderismo.com\/wordpress\/wp-content\/uploads\/2016\/08\/toes-4-800x1773.jpg 800w, https:\/\/fotosenderismo.com\/wordpress\/wp-content\/uploads\/2016\/08\/toes-4.jpg 1414w\" sizes=\"auto, (max-width: 462px) 100vw, 462px\" \/><\/a><\/figure>\n\n\n\n<p><\/p>\n\n\n\n<figure><iframe loading=\"lazy\" src=\"https:\/\/ca.wikiloc.com\/wikiloc\/spatialArtifacts.do?event=view&amp;id=14492600&amp;measures=on&amp;title=on&amp;near=on&amp;images=on&amp;maptype=H\" width=\"1000\" height=\"1000\"><\/iframe><\/figure>\n\n\n\n<p>\nPowered by <a target=\"_blank\" href=\"https:\/\/ca.wikiloc.com\" rel=\"noreferrer noopener\">Wikiloc<\/a><\/p>\n\n\n\n<p><\/p>\n\n\n\n<p><\/p>\n\n\n\n<figure class=\"wp-block-image aligncenter\"><a href=\"http:\/\/fotosenderismo.com\/wordpress\/wp-content\/uploads\/2016\/08\/TOES-ULLDETER-MAP.jpg\" target=\"_blank\" rel=\"noopener noreferrer\"><img loading=\"lazy\" decoding=\"async\" width=\"1859\" height=\"914\" src=\"http:\/\/fotosenderismo.com\/wordpress\/wp-content\/uploads\/2016\/08\/TOES-ULLDETER-MAP.jpg\" alt=\"TOES-ULLDETER-MAP\" class=\"wp-image-4488\" srcset=\"https:\/\/fotosenderismo.com\/wordpress\/wp-content\/uploads\/2016\/08\/TOES-ULLDETER-MAP.jpg 1859w, https:\/\/fotosenderismo.com\/wordpress\/wp-content\/uploads\/2016\/08\/TOES-ULLDETER-MAP-300x147.jpg 300w, https:\/\/fotosenderismo.com\/wordpress\/wp-content\/uploads\/2016\/08\/TOES-ULLDETER-MAP-768x378.jpg 768w, https:\/\/fotosenderismo.com\/wordpress\/wp-content\/uploads\/2016\/08\/TOES-ULLDETER-MAP-1024x503.jpg 1024w, https:\/\/fotosenderismo.com\/wordpress\/wp-content\/uploads\/2016\/08\/TOES-ULLDETER-MAP-800x393.jpg 800w\" sizes=\"auto, (max-width: 1859px) 100vw, 1859px\" \/><\/a><\/figure>\n\n\n\n<p><span style=\"font-family: georgia,palatino,serif; font-size: 12pt;\"><\/span><\/p>\n\n\n\n<p><\/p>\n\n\n\n<figure class=\"wp-block-image aligncenter\"><a href=\"http:\/\/fotosenderismo.com\/wordpress\/wp-content\/uploads\/2016\/08\/TOES-ULLDETER-EARTH.jpg\" target=\"_blank\" rel=\"noopener noreferrer\"><img loading=\"lazy\" decoding=\"async\" width=\"1917\" height=\"963\" src=\"http:\/\/fotosenderismo.com\/wordpress\/wp-content\/uploads\/2016\/08\/TOES-ULLDETER-EARTH.jpg\" alt=\"TOES-ULLDETER-EARTH\" class=\"wp-image-4490\" srcset=\"https:\/\/fotosenderismo.com\/wordpress\/wp-content\/uploads\/2016\/08\/TOES-ULLDETER-EARTH.jpg 1917w, https:\/\/fotosenderismo.com\/wordpress\/wp-content\/uploads\/2016\/08\/TOES-ULLDETER-EARTH-300x151.jpg 300w, https:\/\/fotosenderismo.com\/wordpress\/wp-content\/uploads\/2016\/08\/TOES-ULLDETER-EARTH-768x386.jpg 768w, https:\/\/fotosenderismo.com\/wordpress\/wp-content\/uploads\/2016\/08\/TOES-ULLDETER-EARTH-1024x514.jpg 1024w, https:\/\/fotosenderismo.com\/wordpress\/wp-content\/uploads\/2016\/08\/TOES-ULLDETER-EARTH-800x402.jpg 800w\" sizes=\"auto, (max-width: 1917px) 100vw, 1917px\" \/><\/a><\/figure>\n\n\n\n<p><\/p>\n\n\n\n<figure class=\"wp-block-image aligncenter\"><a href=\"http:\/\/fotosenderismo.com\/wordpress\/wp-content\/uploads\/2016\/08\/TOES-ULLDETER-PERFIL.jpg\" target=\"_blank\" rel=\"noopener noreferrer\"><img loading=\"lazy\" decoding=\"async\" width=\"1887\" height=\"538\" src=\"http:\/\/fotosenderismo.com\/wordpress\/wp-content\/uploads\/2016\/08\/TOES-ULLDETER-PERFIL.jpg\" alt=\"TOES-ULLDETER-PERFIL\" class=\"wp-image-4491\" srcset=\"https:\/\/fotosenderismo.com\/wordpress\/wp-content\/uploads\/2016\/08\/TOES-ULLDETER-PERFIL.jpg 1887w, https:\/\/fotosenderismo.com\/wordpress\/wp-content\/uploads\/2016\/08\/TOES-ULLDETER-PERFIL-300x86.jpg 300w, https:\/\/fotosenderismo.com\/wordpress\/wp-content\/uploads\/2016\/08\/TOES-ULLDETER-PERFIL-768x219.jpg 768w, https:\/\/fotosenderismo.com\/wordpress\/wp-content\/uploads\/2016\/08\/TOES-ULLDETER-PERFIL-1024x292.jpg 1024w, https:\/\/fotosenderismo.com\/wordpress\/wp-content\/uploads\/2016\/08\/TOES-ULLDETER-PERFIL-800x228.jpg 800w\" sizes=\"auto, (max-width: 1887px) 100vw, 1887px\" \/><\/a><\/figure>\n\n\n\n<p><\/p>\n\n\n\n<figure class=\"wp-block-image aligncenter\"><a href=\"http:\/\/fotosenderismo.com\/wordpress\/wp-content\/uploads\/2018\/03\/TERMINOS-DE-BUSQUEDA.jpg\"><img loading=\"lazy\" decoding=\"async\" width=\"302\" height=\"46\" src=\"http:\/\/fotosenderismo.com\/wordpress\/wp-content\/uploads\/2018\/03\/TERMINOS-DE-BUSQUEDA.jpg\" alt=\"\" class=\"wp-image-10151\" srcset=\"https:\/\/fotosenderismo.com\/wordpress\/wp-content\/uploads\/2018\/03\/TERMINOS-DE-BUSQUEDA.jpg 302w, https:\/\/fotosenderismo.com\/wordpress\/wp-content\/uploads\/2018\/03\/TERMINOS-DE-BUSQUEDA-300x46.jpg 300w\" sizes=\"auto, (max-width: 302px) 100vw, 302px\" \/><\/a><\/figure>\n\n\n\n<p><\/p>\n\n\n\n<p class=\"has-text-align-center has-very-light-gray-background-color has-background\"><span style=\"text-decoration: underline; font-size: 10pt;\"><em><strong><span style=\"font-family: georgia,palatino,serif;\"><\/span><\/strong><\/em><\/span><strong><span style=\"font-size: 14pt;\"><em><span style=\"font-family: georgia,palatino,serif;\">To\u00e8s, Caran\u00e7\u00e0, Ulldeter, Bacivers<\/span><\/em><\/span><\/strong><\/p>\n\n\n\n<p><\/p>\n\n\n\n<figure class=\"wp-block-embed aligncenter is-type-wp-embed is-provider-wordpress wp-block-embed-wordpress is-provider-fotosenderismo-com\"><div class=\"wp-block-embed__wrapper\">\nhttp:\/\/fotosenderismo.com\/wordpress\/index.php\/apoyo-economico-a-nuestro-sitio\/\n<\/div><\/figure>\n","protected":false},"excerpt":{"rendered":"<p>Se trata de salir de To\u00e8s a primera hora de la ma\u00f1ana (antes de las 8:30) para subir siguiendo el Caran\u00e7a disfrutando de este extraordinario paisaje de gorgues (pozas, hoces). Se recomienda llegar al refugio de Caran\u00e7a antes del mediod\u00eda. Despu\u00e9s de comer se toma el GR10, que, al poco tiempo, hemos de abandonar para subir hasta la coma (valle glaciar) de Bacivers hacia Morens y el coll (collado) de la Geganta (el riachuelo es una referencia). Cuando bajamos del coll de la Geganta hacia el refugio Ulldeter hemos de estar alerta para no dejar el desv\u00edo que, a nuestra derecha, nos lleva directamente hasta la cabecera del r\u00edo Ter (si no lo hacemos as\u00ed es f\u00e1cil acabar en la parte baja de Vallter, cosa que luego nos obligar\u00eda a remontar). Al d\u00eda siguiente, desde el coll de la Geganta, se da una vuelta por la cresta de la sierra de la Gallinera, lugar desde el cual se puede disfrutar, a lado y lado, de magn\u00edficas vistas y llegar al coll de Pal, donde se enlaza con el GR que nos conduce de nuevo hasta el refugio de Caran\u00e7a. El regreso se hace por el camino del refugio Dona-Pa, que pasa colgando sobre las gorgues: se ha de ascender unos 100 metros de desnivel, aunque despu\u00e9s el camino se apacigua presentando muy pocos sifones hasta llegar al refugio. Desde all\u00ed se inicia un camino con un fuerte descenso, con abundantes zigzags, hasta que llega de nuevo hasta las gorgues de Caran\u00e7a y To\u00e8s. La dificultad no se haya en el camino (las habituales para senderos de monta\u00f1a, sin escaladas ni trepadas) sino en la resistencia: en dos d\u00edas se hacen m\u00e1s de 40 km y m\u00e1s de 2500 metros de desnivel.<\/p>\n","protected":false},"author":1,"featured_media":4492,"comment_status":"open","ping_status":"closed","sticky":false,"template":"","format":"standard","meta":{"footnotes":""},"categories":[46,53,65,213,216,54,64,286,38,42,47,147],"tags":[274,157,223],"class_list":["post-4487","post","type-post","status-publish","format-standard","has-post-thumbnail","hentry","category-girona","category-ripolles","category-francia","category-0-80-rossello","category-0-80-pirineos-orientales-franceses","category-pirineo-de-gerona","category-pirineo-frances-oriental","category-205-entre-40-y-45-km","category-mas-de-2500-metros","category-senderismo","category-circular-tipo-de-recorrido","category-alta-montana-altitud-a-mas-de-2500-metros","tag-no-fotos","tag-jpalou","tag-track-en-wikiloc"],"_links":{"self":[{"href":"https:\/\/fotosenderismo.com\/wordpress\/index.php\/wp-json\/wp\/v2\/posts\/4487","targetHints":{"allow":["GET"]}}],"collection":[{"href":"https:\/\/fotosenderismo.com\/wordpress\/index.php\/wp-json\/wp\/v2\/posts"}],"about":[{"href":"https:\/\/fotosenderismo.com\/wordpress\/index.php\/wp-json\/wp\/v2\/types\/post"}],"author":[{"embeddable":true,"href":"https:\/\/fotosenderismo.com\/wordpress\/index.php\/wp-json\/wp\/v2\/users\/1"}],"replies":[{"embeddable":true,"href":"https:\/\/fotosenderismo.com\/wordpress\/index.php\/wp-json\/wp\/v2\/comments?post=4487"}],"version-history":[{"count":40,"href":"https:\/\/fotosenderismo.com\/wordpress\/index.php\/wp-json\/wp\/v2\/posts\/4487\/revisions"}],"predecessor-version":[{"id":22269,"href":"https:\/\/fotosenderismo.com\/wordpress\/index.php\/wp-json\/wp\/v2\/posts\/4487\/revisions\/22269"}],"wp:featuredmedia":[{"embeddable":true,"href":"https:\/\/fotosenderismo.com\/wordpress\/index.php\/wp-json\/wp\/v2\/media\/4492"}],"wp:attachment":[{"href":"https:\/\/fotosenderismo.com\/wordpress\/index.php\/wp-json\/wp\/v2\/media?parent=4487"}],"wp:term":[{"taxonomy":"category","embeddable":true,"href":"https:\/\/fotosenderismo.com\/wordpress\/index.php\/wp-json\/wp\/v2\/categories?post=4487"},{"taxonomy":"post_tag","embeddable":true,"href":"https:\/\/fotosenderismo.com\/wordpress\/index.php\/wp-json\/wp\/v2\/tags?post=4487"}],"curies":[{"name":"wp","href":"https:\/\/api.w.org\/{rel}","templated":true}]}}