{"id":3969,"date":"2017-11-19T17:04:42","date_gmt":"2017-11-19T17:04:42","guid":{"rendered":"http:\/\/fotosenderismo.com\/wordpress\/?p=3969"},"modified":"2024-02-27T17:36:03","modified_gmt":"2024-02-27T17:36:03","slug":"sant-marti-solomal-santa-llucia-de-puigmal-sant-pere-despuig","status":"publish","type":"post","link":"https:\/\/fotosenderismo.com\/wordpress\/index.php\/2017\/11\/19\/sant-marti-solomal-santa-llucia-de-puigmal-sant-pere-despuig\/","title":{"rendered":"Sant Mart\u00ed Solomal, Mol\u00ed de&#8217;n Sol\u00e0, Santa Ll\u00facia de Puigmal"},"content":{"rendered":"\n<p><\/p>\n\n\n\n<figure class=\"wp-block-image aligncenter\"><a href=\"https:\/\/photos.app.goo.gl\/BKYLloBjj2G8ndVi1\" target=\"_blank\" rel=\"noopener noreferrer\"><img loading=\"lazy\" decoding=\"async\" width=\"300\" height=\"126\" src=\"http:\/\/fotosenderismo.com\/wordpress\/wp-content\/uploads\/2016\/06\/camara-300x126.jpg\" alt=\"camara\" class=\"wp-image-4771\" srcset=\"https:\/\/fotosenderismo.com\/wordpress\/wp-content\/uploads\/2016\/06\/camara-300x126.jpg 300w, https:\/\/fotosenderismo.com\/wordpress\/wp-content\/uploads\/2016\/06\/camara.jpg 715w\" sizes=\"auto, (max-width: 300px) 100vw, 300px\" \/><\/a><\/figure>\n\n\n\n<p><\/p>\n\n\n\n<figure class=\"wp-block-image aligncenter\"><a href=\"http:\/\/fotosenderismo.com\/wordpress\/wp-content\/uploads\/2016\/06\/SOLOMAL-LLUCIA-DATOS-2.jpg\" target=\"_blank\" rel=\"noopener noreferrer\"><img loading=\"lazy\" decoding=\"async\" width=\"1126\" height=\"842\" src=\"http:\/\/fotosenderismo.com\/wordpress\/wp-content\/uploads\/2016\/06\/SOLOMAL-LLUCIA-DATOS-2.jpg\" alt=\"\" class=\"wp-image-8898\" srcset=\"https:\/\/fotosenderismo.com\/wordpress\/wp-content\/uploads\/2016\/06\/SOLOMAL-LLUCIA-DATOS-2.jpg 1126w, https:\/\/fotosenderismo.com\/wordpress\/wp-content\/uploads\/2016\/06\/SOLOMAL-LLUCIA-DATOS-2-300x224.jpg 300w, https:\/\/fotosenderismo.com\/wordpress\/wp-content\/uploads\/2016\/06\/SOLOMAL-LLUCIA-DATOS-2-768x574.jpg 768w, https:\/\/fotosenderismo.com\/wordpress\/wp-content\/uploads\/2016\/06\/SOLOMAL-LLUCIA-DATOS-2-1024x766.jpg 1024w, https:\/\/fotosenderismo.com\/wordpress\/wp-content\/uploads\/2016\/06\/SOLOMAL-LLUCIA-DATOS-2-800x598.jpg 800w\" sizes=\"auto, (max-width: 1126px) 100vw, 1126px\" \/><\/a><\/figure>\n\n\n\n<p><\/p>\n\n\n\n<figure class=\"wp-block-image aligncenter size-full\"><a href=\"https:\/\/fotosenderismo.com\/wordpress\/wp-content\/uploads\/2017-11-19-SOLOMAL-SANTA-LLUCIA.gpx\"><img loading=\"lazy\" decoding=\"async\" width=\"400\" height=\"50\" src=\"https:\/\/fotosenderismo.com\/wordpress\/wp-content\/uploads\/2024\/02\/descargar-track-9.jpg\" alt=\"\" class=\"wp-image-23007\" srcset=\"https:\/\/fotosenderismo.com\/wordpress\/wp-content\/uploads\/2024\/02\/descargar-track-9.jpg 400w, https:\/\/fotosenderismo.com\/wordpress\/wp-content\/uploads\/2024\/02\/descargar-track-9-300x38.jpg 300w\" sizes=\"auto, (max-width: 400px) 100vw, 400px\" \/><\/a><\/figure>\n\n\n\n<p><\/p>\n\n\n\n<figure class=\"wp-block-image aligncenter\"><a href=\"https:\/\/ca.wikiloc.com\/rutes-senderisme\/sant-marti-solomal-moli-den-sola-santa-llucia-de-puigmal-38601771\" target=\"_blank\" rel=\"noopener noreferrer\"><img loading=\"lazy\" decoding=\"async\" width=\"400\" height=\"52\" src=\"http:\/\/fotosenderismo.com\/wordpress\/wp-content\/uploads\/2019\/05\/track-wikiloc.jpg\" alt=\"\" class=\"wp-image-14261\" srcset=\"https:\/\/fotosenderismo.com\/wordpress\/wp-content\/uploads\/2019\/05\/track-wikiloc.jpg 400w, https:\/\/fotosenderismo.com\/wordpress\/wp-content\/uploads\/2019\/05\/track-wikiloc-300x39.jpg 300w\" sizes=\"auto, (max-width: 400px) 100vw, 400px\" \/><\/a><\/figure>\n\n\n\n<p><\/p>\n\n\n\n<p><strong><span style=\"font-size: 14pt; font-family: georgia, palatino, serif;\">Nuevo texto:<\/span><\/strong><\/p>\n\n\n\n<p class=\"has-drop-cap has-very-light-gray-background-color has-background\"><strong><span style=\"font-size: 14pt; font-family: georgia, palatino, serif;\">Se ha modificado el track con el objetivo de aprovechar el camino que saliendo de Sant Mart\u00ed de Salomal atraviesa un bosque fluvial para aproximarse al Mol\u00ed de&#8217;n Sola. Para acercarnos a esta parte primero pasaremos por una pista muy ancha y luego nos introduciremos en un sendero muy estrecho encajonado entre dos cercas de alambre. Tambi\u00e9n se gana en el sentido de que nos evitamos casi dos kil\u00f3metros de pista asfaltada, reduciendo el tr\u00e1nsito por asfalto al m\u00ednimo. En contrapartida perdemos el paso por Sant Pere Despuig, pero si queremos visitarlo podemos acercarnos en coche hasta este santuario porque lo tenemos muy cerca. Por todo lo dem\u00e1s el texto de 24 de junio de 2016 sigue siendo tan v\u00e1lido como siempre.<\/span><\/strong><\/p>\n\n\n\n<p><strong><span style=\"font-size: 14pt; font-family: georgia, palatino, serif;\">Texto de 24 de junio de 2016<\/span><\/strong><\/p>\n\n\n\n<p class=\"has-very-light-gray-background-color has-background\"><span style=\"font-family: georgia,palatino,serif; font-size: 14pt;\"><strong>Extraordinario contraste entre el camino de ida y el de vuelta. En uno domina el bosque de solana, en otro el de umbr\u00eda. Lamentablemente, es muy dif\u00edcil hacer fotos en entornos forestales cerrados por los duros contrastes de luz, y por este motivo nos perdemos las im\u00e1genes de bellos y sombr\u00edos paisajes. En algunos lugares tenemos la sensaci\u00f3n de caminar por Transilvania, no ya la real, sino, m\u00e1s bien, la de los mitos.<\/strong><\/span><\/p>\n\n\n\n<p class=\"has-very-light-gray-background-color has-background\"><span style=\"font-size: 14pt; font-family: georgia, palatino, serif;\"><strong>Si queremos hacer una versi\u00f3n m\u00e1s corta podemos tomar el track de la siguiente entrada:<\/strong><\/span><\/p>\n\n\n\n<p><\/p>\n\n\n\n<figure class=\"wp-block-embed aligncenter is-type-wp-embed is-provider-fotosenderismo-com wp-block-embed-fotosenderismo-com\"><div class=\"wp-block-embed__wrapper\">\n<blockquote class=\"wp-embedded-content\" data-secret=\"9hq6b8zbDa\"><a href=\"https:\/\/fotosenderismo.com\/wordpress\/index.php\/2017\/07\/17\/moli-den-sola-santa-llucia-de-puigmal\/\">Mol\u00ed d&#8217;en Sol\u00e0, Santa Ll\u00facia de Puigmal<\/a><\/blockquote><iframe loading=\"lazy\" class=\"wp-embedded-content\" sandbox=\"allow-scripts\" security=\"restricted\" style=\"position: absolute; clip: rect(1px, 1px, 1px, 1px);\" title=\"\u00abMol\u00ed d&#8217;en Sol\u00e0, Santa Ll\u00facia de Puigmal\u00bb \u2014 FOTOSENDERISMO.COM\" src=\"https:\/\/fotosenderismo.com\/wordpress\/index.php\/2017\/07\/17\/moli-den-sola-santa-llucia-de-puigmal\/embed\/#?secret=bvvJIAvnck#?secret=9hq6b8zbDa\" data-secret=\"9hq6b8zbDa\" width=\"600\" height=\"338\" frameborder=\"0\" marginwidth=\"0\" marginheight=\"0\" scrolling=\"no\"><\/iframe>\n<\/div><\/figure>\n\n\n\n<p><\/p>\n\n\n\n<p class=\"has-very-light-gray-background-color has-background\"><span style=\"font-size: 14pt;\"><strong><span style=\"font-family: georgia,palatino,serif;\">Los gr\u00e1ficos correspondientes a la presente excursi\u00f3n son, sin embargo, los siguientes:<\/span><\/strong><\/span><\/p>\n\n\n\n<p><\/p>\n\n\n\n<figure class=\"wp-block-image aligncenter\"><a href=\"http:\/\/fotosenderismo.com\/wordpress\/wp-content\/uploads\/2017\/11\/SOLOMAL-PUIGMAL.jpg\" target=\"_blank\" rel=\"noopener noreferrer\"><img loading=\"lazy\" decoding=\"async\" width=\"1920\" height=\"1080\" src=\"http:\/\/fotosenderismo.com\/wordpress\/wp-content\/uploads\/2017\/11\/SOLOMAL-PUIGMAL.jpg\" alt=\"\" class=\"wp-image-11623\" srcset=\"https:\/\/fotosenderismo.com\/wordpress\/wp-content\/uploads\/2017\/11\/SOLOMAL-PUIGMAL.jpg 1920w, https:\/\/fotosenderismo.com\/wordpress\/wp-content\/uploads\/2017\/11\/SOLOMAL-PUIGMAL-300x169.jpg 300w, https:\/\/fotosenderismo.com\/wordpress\/wp-content\/uploads\/2017\/11\/SOLOMAL-PUIGMAL-768x432.jpg 768w, https:\/\/fotosenderismo.com\/wordpress\/wp-content\/uploads\/2017\/11\/SOLOMAL-PUIGMAL-1024x576.jpg 1024w, https:\/\/fotosenderismo.com\/wordpress\/wp-content\/uploads\/2017\/11\/SOLOMAL-PUIGMAL-800x450.jpg 800w\" sizes=\"auto, (max-width: 1920px) 100vw, 1920px\" \/><\/a><\/figure>\n\n\n\n<p><\/p>\n\n\n\n<figure class=\"wp-block-image aligncenter\"><a href=\"http:\/\/fotosenderismo.com\/wordpress\/wp-content\/uploads\/2016\/06\/SOLOMAL-LLUCIA-MAP-1.jpg\" target=\"_blank\" rel=\"noopener noreferrer\"><img loading=\"lazy\" decoding=\"async\" width=\"1920\" height=\"1080\" src=\"http:\/\/fotosenderismo.com\/wordpress\/wp-content\/uploads\/2016\/06\/SOLOMAL-LLUCIA-MAP-1.jpg\" alt=\"\" class=\"wp-image-8894\" srcset=\"https:\/\/fotosenderismo.com\/wordpress\/wp-content\/uploads\/2016\/06\/SOLOMAL-LLUCIA-MAP-1.jpg 1920w, https:\/\/fotosenderismo.com\/wordpress\/wp-content\/uploads\/2016\/06\/SOLOMAL-LLUCIA-MAP-1-300x169.jpg 300w, https:\/\/fotosenderismo.com\/wordpress\/wp-content\/uploads\/2016\/06\/SOLOMAL-LLUCIA-MAP-1-768x432.jpg 768w, https:\/\/fotosenderismo.com\/wordpress\/wp-content\/uploads\/2016\/06\/SOLOMAL-LLUCIA-MAP-1-1024x576.jpg 1024w, https:\/\/fotosenderismo.com\/wordpress\/wp-content\/uploads\/2016\/06\/SOLOMAL-LLUCIA-MAP-1-800x450.jpg 800w\" sizes=\"auto, (max-width: 1920px) 100vw, 1920px\" \/><\/a><\/figure>\n\n\n\n<p><\/p>\n\n\n\n<figure class=\"wp-block-image aligncenter\"><a href=\"http:\/\/fotosenderismo.com\/wordpress\/wp-content\/uploads\/2016\/06\/SOLOMAL-LLUCIA-3D-1.jpg\" target=\"_blank\" rel=\"noopener noreferrer\"><img loading=\"lazy\" decoding=\"async\" width=\"1920\" height=\"1080\" src=\"http:\/\/fotosenderismo.com\/wordpress\/wp-content\/uploads\/2016\/06\/SOLOMAL-LLUCIA-3D-1.jpg\" alt=\"\" class=\"wp-image-8891\" srcset=\"https:\/\/fotosenderismo.com\/wordpress\/wp-content\/uploads\/2016\/06\/SOLOMAL-LLUCIA-3D-1.jpg 1920w, https:\/\/fotosenderismo.com\/wordpress\/wp-content\/uploads\/2016\/06\/SOLOMAL-LLUCIA-3D-1-300x169.jpg 300w, https:\/\/fotosenderismo.com\/wordpress\/wp-content\/uploads\/2016\/06\/SOLOMAL-LLUCIA-3D-1-768x432.jpg 768w, https:\/\/fotosenderismo.com\/wordpress\/wp-content\/uploads\/2016\/06\/SOLOMAL-LLUCIA-3D-1-1024x576.jpg 1024w, https:\/\/fotosenderismo.com\/wordpress\/wp-content\/uploads\/2016\/06\/SOLOMAL-LLUCIA-3D-1-800x450.jpg 800w\" sizes=\"auto, (max-width: 1920px) 100vw, 1920px\" \/><\/a><\/figure>\n\n\n\n<p><\/p>\n\n\n\n<figure class=\"wp-block-image aligncenter\"><a href=\"http:\/\/fotosenderismo.com\/wordpress\/wp-content\/uploads\/2016\/06\/SOLOMAL-LLUCIA-EARTH.jpg\" target=\"_blank\" rel=\"noopener noreferrer\"><img loading=\"lazy\" decoding=\"async\" width=\"1920\" height=\"970\" src=\"http:\/\/fotosenderismo.com\/wordpress\/wp-content\/uploads\/2016\/06\/SOLOMAL-LLUCIA-EARTH.jpg\" alt=\"\" class=\"wp-image-8893\" srcset=\"https:\/\/fotosenderismo.com\/wordpress\/wp-content\/uploads\/2016\/06\/SOLOMAL-LLUCIA-EARTH.jpg 1920w, https:\/\/fotosenderismo.com\/wordpress\/wp-content\/uploads\/2016\/06\/SOLOMAL-LLUCIA-EARTH-300x152.jpg 300w, https:\/\/fotosenderismo.com\/wordpress\/wp-content\/uploads\/2016\/06\/SOLOMAL-LLUCIA-EARTH-768x388.jpg 768w, https:\/\/fotosenderismo.com\/wordpress\/wp-content\/uploads\/2016\/06\/SOLOMAL-LLUCIA-EARTH-1024x517.jpg 1024w, https:\/\/fotosenderismo.com\/wordpress\/wp-content\/uploads\/2016\/06\/SOLOMAL-LLUCIA-EARTH-800x404.jpg 800w\" sizes=\"auto, (max-width: 1920px) 100vw, 1920px\" \/><\/a><\/figure>\n\n\n\n<p><\/p>\n\n\n\n<figure class=\"wp-block-image aligncenter\"><a href=\"http:\/\/fotosenderismo.com\/wordpress\/wp-content\/uploads\/2016\/06\/SOLOMAL-LLUCIA-PERFIL-1.jpg\" target=\"_blank\" rel=\"noopener noreferrer\"><img loading=\"lazy\" decoding=\"async\" width=\"1843\" height=\"472\" src=\"http:\/\/fotosenderismo.com\/wordpress\/wp-content\/uploads\/2016\/06\/SOLOMAL-LLUCIA-PERFIL-1.jpg\" alt=\"\" class=\"wp-image-8895\" srcset=\"https:\/\/fotosenderismo.com\/wordpress\/wp-content\/uploads\/2016\/06\/SOLOMAL-LLUCIA-PERFIL-1.jpg 1843w, https:\/\/fotosenderismo.com\/wordpress\/wp-content\/uploads\/2016\/06\/SOLOMAL-LLUCIA-PERFIL-1-300x77.jpg 300w, https:\/\/fotosenderismo.com\/wordpress\/wp-content\/uploads\/2016\/06\/SOLOMAL-LLUCIA-PERFIL-1-768x197.jpg 768w, https:\/\/fotosenderismo.com\/wordpress\/wp-content\/uploads\/2016\/06\/SOLOMAL-LLUCIA-PERFIL-1-1024x262.jpg 1024w, https:\/\/fotosenderismo.com\/wordpress\/wp-content\/uploads\/2016\/06\/SOLOMAL-LLUCIA-PERFIL-1-800x205.jpg 800w\" sizes=\"auto, (max-width: 1843px) 100vw, 1843px\" \/><\/a><\/figure>\n\n\n\n<p><\/p>\n\n\n\n<figure class=\"wp-block-image aligncenter\"><a href=\"http:\/\/fotosenderismo.com\/wordpress\/wp-content\/uploads\/2018\/03\/TERMINOS-DE-BUSQUEDA.jpg\"><img loading=\"lazy\" decoding=\"async\" width=\"302\" height=\"46\" src=\"http:\/\/fotosenderismo.com\/wordpress\/wp-content\/uploads\/2018\/03\/TERMINOS-DE-BUSQUEDA.jpg\" alt=\"\" class=\"wp-image-10151\" srcset=\"https:\/\/fotosenderismo.com\/wordpress\/wp-content\/uploads\/2018\/03\/TERMINOS-DE-BUSQUEDA.jpg 302w, https:\/\/fotosenderismo.com\/wordpress\/wp-content\/uploads\/2018\/03\/TERMINOS-DE-BUSQUEDA-300x46.jpg 300w\" sizes=\"auto, (max-width: 302px) 100vw, 302px\" \/><\/a><\/figure>\n\n\n\n<p><\/p>\n\n\n\n<p class=\"has-text-align-center has-very-light-gray-background-color has-background\"><span style=\"font-size: 14pt;\"><em><strong><span style=\"font-family: georgia,palatino,serif;\">Olot, Hostalnou de Bianya, Sant Mart\u00ed Solomal, santa Ll\u00facia de Puigmal, Sant Pere Despuig<\/span><\/strong><\/em><\/span><\/p>\n\n\n\n<p><\/p>\n\n\n\n<figure class=\"wp-block-image aligncenter\"><a href=\"http:\/\/fotosenderismo.com\/wordpress\/wp-content\/uploads\/2018\/03\/RELACIONADAS.jpg\"><img loading=\"lazy\" decoding=\"async\" width=\"311\" height=\"48\" src=\"http:\/\/fotosenderismo.com\/wordpress\/wp-content\/uploads\/2018\/03\/RELACIONADAS.jpg\" alt=\"\" class=\"wp-image-10152\" srcset=\"https:\/\/fotosenderismo.com\/wordpress\/wp-content\/uploads\/2018\/03\/RELACIONADAS.jpg 311w, https:\/\/fotosenderismo.com\/wordpress\/wp-content\/uploads\/2018\/03\/RELACIONADAS-300x46.jpg 300w\" sizes=\"auto, (max-width: 311px) 100vw, 311px\" \/><\/a><\/figure>\n\n\n\n<p><\/p>\n\n\n\n<figure class=\"wp-block-embed aligncenter is-type-wp-embed is-provider-fotosenderismo-com wp-block-embed-fotosenderismo-com\"><div class=\"wp-block-embed__wrapper\">\n<blockquote class=\"wp-embedded-content\" data-secret=\"cTEWSaOAuv\"><a href=\"https:\/\/fotosenderismo.com\/wordpress\/index.php\/2017\/11\/09\/integral-de-la-serra-de-sant-miquel-del-mont-olot-hostalnou-de-bianya\/\">Integral de la serra de Sant Miquel del Mont. Olot, Hostalnou de Bianya<\/a><\/blockquote><iframe loading=\"lazy\" class=\"wp-embedded-content\" sandbox=\"allow-scripts\" security=\"restricted\" style=\"position: absolute; clip: rect(1px, 1px, 1px, 1px);\" title=\"\u00abIntegral de la serra de Sant Miquel del Mont. Olot, Hostalnou de Bianya\u00bb \u2014 FOTOSENDERISMO.COM\" src=\"https:\/\/fotosenderismo.com\/wordpress\/index.php\/2017\/11\/09\/integral-de-la-serra-de-sant-miquel-del-mont-olot-hostalnou-de-bianya\/embed\/#?secret=0zsESDloqd#?secret=cTEWSaOAuv\" data-secret=\"cTEWSaOAuv\" width=\"600\" height=\"338\" frameborder=\"0\" marginwidth=\"0\" marginheight=\"0\" scrolling=\"no\"><\/iframe>\n<\/div><\/figure>\n\n\n\n<figure class=\"wp-block-embed aligncenter is-type-wp-embed is-provider-fotosenderismo-com wp-block-embed-fotosenderismo-com\"><div class=\"wp-block-embed__wrapper\">\n<blockquote class=\"wp-embedded-content\" data-secret=\"ZMufKFoLAu\"><a href=\"https:\/\/fotosenderismo.com\/wordpress\/index.php\/2019\/02\/05\/ruta-del-mirador-rutes-de-la-vall-dels-sentits-de-bianya\/\">Ruta del Mirador &#8211; Rutes de la Vall dels Sentits de Bianya<\/a><\/blockquote><iframe loading=\"lazy\" class=\"wp-embedded-content\" sandbox=\"allow-scripts\" security=\"restricted\" style=\"position: absolute; clip: rect(1px, 1px, 1px, 1px);\" title=\"\u00abRuta del Mirador &#8211; Rutes de la Vall dels Sentits de Bianya\u00bb \u2014 FOTOSENDERISMO.COM\" src=\"https:\/\/fotosenderismo.com\/wordpress\/index.php\/2019\/02\/05\/ruta-del-mirador-rutes-de-la-vall-dels-sentits-de-bianya\/embed\/#?secret=m7ZS1sL48o#?secret=ZMufKFoLAu\" data-secret=\"ZMufKFoLAu\" width=\"600\" height=\"338\" frameborder=\"0\" marginwidth=\"0\" marginheight=\"0\" scrolling=\"no\"><\/iframe>\n<\/div><\/figure>\n","protected":false},"excerpt":{"rendered":"<p>Extraordinario contraste entre el camino de ida y el de vuelta. En uno domina el bosque de solana, en otro el de umbr\u00eda. Lamentablemente, es muy dif\u00edcil hacer fotos en entornos forestales cerrados por los duros contrastes de luz, y por este motivo nos perdemos las im\u00e1genes de bellos y sombr\u00edos paisajes. En algunos lugares tenemos la sensaci\u00f3n de caminar por Transilvania, no ya la real, sino, m\u00e1s bien, la de los mitos.<\/p>\n","protected":false},"author":1,"featured_media":3975,"comment_status":"open","ping_status":"closed","sticky":false,"template":"","format":"standard","meta":{"footnotes":""},"categories":[45,46,53,281,34,42,47,60],"tags":[187,98,177,223],"class_list":["post-3969","post","type-post","status-publish","format-standard","has-post-thumbnail","hentry","category-garrotxa","category-girona","category-ripolles","category-202-entre-15-y-20-km","category-entre-500-y-1000-metros","category-senderismo","category-circular-tipo-de-recorrido","category-baja-montana-o-tierras-a-media-altitud","tag-fotos-by-eduard","tag-98","tag-eduard","tag-track-en-wikiloc"],"_links":{"self":[{"href":"https:\/\/fotosenderismo.com\/wordpress\/index.php\/wp-json\/wp\/v2\/posts\/3969","targetHints":{"allow":["GET"]}}],"collection":[{"href":"https:\/\/fotosenderismo.com\/wordpress\/index.php\/wp-json\/wp\/v2\/posts"}],"about":[{"href":"https:\/\/fotosenderismo.com\/wordpress\/index.php\/wp-json\/wp\/v2\/types\/post"}],"author":[{"embeddable":true,"href":"https:\/\/fotosenderismo.com\/wordpress\/index.php\/wp-json\/wp\/v2\/users\/1"}],"replies":[{"embeddable":true,"href":"https:\/\/fotosenderismo.com\/wordpress\/index.php\/wp-json\/wp\/v2\/comments?post=3969"}],"version-history":[{"count":37,"href":"https:\/\/fotosenderismo.com\/wordpress\/index.php\/wp-json\/wp\/v2\/posts\/3969\/revisions"}],"predecessor-version":[{"id":23494,"href":"https:\/\/fotosenderismo.com\/wordpress\/index.php\/wp-json\/wp\/v2\/posts\/3969\/revisions\/23494"}],"wp:featuredmedia":[{"embeddable":true,"href":"https:\/\/fotosenderismo.com\/wordpress\/index.php\/wp-json\/wp\/v2\/media\/3975"}],"wp:attachment":[{"href":"https:\/\/fotosenderismo.com\/wordpress\/index.php\/wp-json\/wp\/v2\/media?parent=3969"}],"wp:term":[{"taxonomy":"category","embeddable":true,"href":"https:\/\/fotosenderismo.com\/wordpress\/index.php\/wp-json\/wp\/v2\/categories?post=3969"},{"taxonomy":"post_tag","embeddable":true,"href":"https:\/\/fotosenderismo.com\/wordpress\/index.php\/wp-json\/wp\/v2\/tags?post=3969"}],"curies":[{"name":"wp","href":"https:\/\/api.w.org\/{rel}","templated":true}]}}