{"id":383,"date":"2009-08-06T13:57:28","date_gmt":"2009-08-06T13:57:28","guid":{"rendered":"http:\/\/fotosenderismo.com\/wordpress\/?p=383"},"modified":"2024-02-13T16:08:35","modified_gmt":"2024-02-13T16:08:35","slug":"coma-de-lorri-bastiments-2874-m-vallter","status":"publish","type":"post","link":"https:\/\/fotosenderismo.com\/wordpress\/index.php\/2009\/08\/06\/coma-de-lorri-bastiments-2874-m-vallter\/","title":{"rendered":"Pla de la Molina, Coma de l&#8217;Orri, Bastiments (2874 m), Vallter"},"content":{"rendered":"\n<p><\/p>\n\n\n\n<figure class=\"wp-block-image aligncenter\"><a href=\"https:\/\/photos.google.com\/share\/AF1QipNYpSEOajpdF-R8wMo1bhGB5knPomWYPqkrqxWxLinAD9KR8fj42nEWoKigtf4j9Q?key=eEk0RjMwYjljQml4LVRoQlVVRENoT0NSNHJOaWFR\" target=\"_blank\" rel=\"noopener noreferrer\"><img loading=\"lazy\" decoding=\"async\" width=\"400\" height=\"53\" src=\"http:\/\/fotosenderismo.com\/wordpress\/wp-content\/uploads\/2018\/10\/visualizar-galeria-fotos.jpg\" alt=\"\" class=\"wp-image-12419\" srcset=\"https:\/\/fotosenderismo.com\/wordpress\/wp-content\/uploads\/2018\/10\/visualizar-galeria-fotos.jpg 400w, https:\/\/fotosenderismo.com\/wordpress\/wp-content\/uploads\/2018\/10\/visualizar-galeria-fotos-300x40.jpg 300w\" sizes=\"auto, (max-width: 400px) 100vw, 400px\" \/><\/a><\/figure>\n\n\n\n<p><\/p>\n\n\n\n<figure class=\"wp-block-image aligncenter\"><a href=\"http:\/\/fotosenderismo.com\/wordpress\/wp-content\/uploads\/2009\/08\/Imagen41.jpg\" target=\"_blank\" rel=\"noopener noreferrer\"><img loading=\"lazy\" decoding=\"async\" width=\"1352\" height=\"820\" src=\"http:\/\/fotosenderismo.com\/wordpress\/wp-content\/uploads\/2009\/08\/Imagen41.jpg\" alt=\"\" class=\"wp-image-15012\" srcset=\"https:\/\/fotosenderismo.com\/wordpress\/wp-content\/uploads\/2009\/08\/Imagen41.jpg 1352w, https:\/\/fotosenderismo.com\/wordpress\/wp-content\/uploads\/2009\/08\/Imagen41-300x182.jpg 300w, https:\/\/fotosenderismo.com\/wordpress\/wp-content\/uploads\/2009\/08\/Imagen41-768x466.jpg 768w, https:\/\/fotosenderismo.com\/wordpress\/wp-content\/uploads\/2009\/08\/Imagen41-1024x621.jpg 1024w, https:\/\/fotosenderismo.com\/wordpress\/wp-content\/uploads\/2009\/08\/Imagen41-800x485.jpg 800w\" sizes=\"auto, (max-width: 1352px) 100vw, 1352px\" \/><\/a><\/figure>\n\n\n\n<p><\/p>\n\n\n\n<figure class=\"wp-block-image aligncenter\"><a href=\"https:\/\/ca.wikiloc.com\/rutes-senderisme\/pla-de-la-molina-coma-de-lorri-bastiments-2874-m-vallter-30709499\" target=\"_blank\" rel=\"noopener noreferrer\"><img loading=\"lazy\" decoding=\"async\" width=\"400\" height=\"52\" src=\"http:\/\/fotosenderismo.com\/wordpress\/wp-content\/uploads\/2012\/04\/track-wikiloc.jpg\" alt=\"\" class=\"wp-image-12413\" srcset=\"https:\/\/fotosenderismo.com\/wordpress\/wp-content\/uploads\/2012\/04\/track-wikiloc.jpg 400w, https:\/\/fotosenderismo.com\/wordpress\/wp-content\/uploads\/2012\/04\/track-wikiloc-300x39.jpg 300w\" sizes=\"auto, (max-width: 400px) 100vw, 400px\" \/><\/a><\/figure>\n\n\n\n<p><\/p>\n\n\n\n<p class=\"has-drop-cap has-very-light-gray-background-color has-background\"><span style=\"font-size: 14pt; font-family: georgia, palatino, serif;\"><strong>Esta salida, del 6 de agosto de 2009, tuvo como objetivo principal visitar la Coma de l\u2019Orri. La ascensi\u00f3n al Bastiments, en este sentido, es secundaria y \u00fanicamente una forma de culminar con alguna cumbre esta excursi\u00f3n. Tambi\u00e9n he buscado una forma alternativa de bajar y en lugar de volver al Coll de la Marrana pens\u00e9 que ser\u00eda mejor llegar hasta el Coll de la Geganta para poder disfrutar de esta manera del paisaje que nos ofrece el circo de Bacivers. El track, despu\u00e9s, baja hasta Vallter y enlaza con el GR que desciende junto al r\u00edo Ter.<\/strong><\/span><br><span style=\"font-size: 14pt; font-family: georgia, palatino, serif;\"><strong>La Coma de l\u2019Orri es un tipo de valle glaciar. En Catalunya las \u201ccomes\u201d son antiguos valles glaciares que se caracterizan por tener en su parte m\u00e1s alta una depresi\u00f3n m\u00e1s o menos llana que era donde el hielo se depositaba para formar el circo glaciar. Desde ah\u00ed se deslizaba para excavar el resto del valle. La Coma de l\u2019Orri es uno de esos antiguos valles glaciares. Se halla casi al final del valle del Ter y desde la depresi\u00f3n que anta\u00f1o formara el circo, y que ahora se conoce como Ja\u00e7a de Dalt, se desploma m\u00e1s de 800 metros hasta el Pla de la Molina. Ubicada a unos 3,8 kil\u00f3metros de Setaces, su aspecto es imponente porque desde abajo puede observarse en toda su plenitud la enormidad de la cuesta, que en total, desde el Pla de la Molina, abajo de todo, hasta el Coll de l\u2019Orri, remonta unos 1000 metros. <\/strong> <\/span><\/p>\n\n\n\n<p><\/p>\n\n\n\n<div\n    class='wp-block-pdfp-pdf-poster  alignnone'\n    id='block-2'\n    data-attributes='{&quot;uniqueId&quot;:&quot;pdfp1&quot;,&quot;file&quot;:&quot;https:\\\/\\\/fotosenderismo.com\\\/wordpress\\\/wp-content\\\/uploads\\\/2021\\\/07\\\/Coma-Orri.pdf&quot;,&quot;title&quot;:&quot;COMA D&#8217;ORRI-BASTIMENTS&quot;,&quot;height&quot;:&quot;1122px&quot;,&quot;width&quot;:&quot;900px&quot;,&quot;print&quot;:false,&quot;fullscreenButton&quot;:true,&quot;fullscreenButtonText&quot;:&quot;View Fullscreen&quot;,&quot;newWindow&quot;:false,&quot;showName&quot;:true,&quot;downloadButton&quot;:true,&quot;downloadButtonText&quot;:&quot;Download File&quot;,&quot;protect&quot;:false,&quot;onlyPDF&quot;:false,&quot;defaultBrowser&quot;:false,&quot;thumbMenu&quot;:false,&quot;initialPage&quot;:&quot;1&quot;,&quot;sidebarOpen&quot;:false,&quot;lastVersion&quot;:false,&quot;hrScroll&quot;:false,&quot;alert&quot;:false,&quot;btnStyles&quot;:{&quot;background&quot;:&quot;#1e73be&quot;,&quot;color&quot;:&quot;#fff&quot;,&quot;fontSize&quot;:&quot;rem&quot;,&quot;padding&quot;:{&quot;top&quot;:10,&quot;right&quot;:20,&quot;bottom&quot;:10,&quot;left&quot;:10}},&quot;popupOptions&quot;:{&quot;enabled&quot;:false,&quot;text&quot;:&quot;Open PDF&quot;,&quot;btnStyle&quot;:{&quot;background&quot;:&quot;#1e73be&quot;,&quot;color&quot;:&quot;#fff&quot;,&quot;fontSize&quot;:&quot;rem&quot;,&quot;padding&quot;:{&quot;top&quot;:10,&quot;right&quot;:20,&quot;bottom&quot;:10,&quot;left&quot;:10}}},&quot;socialShare&quot;:{&quot;enabled&quot;:false,&quot;facebook&quot;:false,&quot;twitter&quot;:false,&quot;linkedin&quot;:false,&quot;pinterest&quot;:false,&quot;position&quot;:&quot;top&quot;},&quot;adobeEmbedder&quot;:false,&quot;align&quot;:&quot;none&quot;,&quot;alignment&quot;:&quot;left&quot;,&quot;titleFontSize&quot;:&quot;16px&quot;,&quot;isHideRightToolbar&quot;:false,&quot;additional&quot;:{&quot;ID&quot;:&quot;&quot;,&quot;Class&quot;:&quot;&quot;,&quot;CSS&quot;:&quot;&quot;},&quot;adobeOptions&quot;:{&quot;showDownloadPDF&quot;:true,&quot;showPrintPDF&quot;:true,&quot;showAnnotationTools&quot;:true,&quot;showFullScreen&quot;:false,&quot;embedMode&quot;:&quot;SIZED_CONTAINER&quot;},&quot;popupBtnStyle&quot;:{&quot;background&quot;:&quot;#2271b1&quot;,&quot;color&quot;:&quot;#fff&quot;,&quot;padding&quot;:{&quot;top&quot;:10,&quot;right&quot;:20,&quot;bottom&quot;:10,&quot;left&quot;:10}},&quot;popupBtnText&quot;:&quot;Open Document&quot;,&quot;CSS&quot;:&quot;&quot;,&quot;isPremium&quot;:false}'\n    style=\"text-align: left\">\n    \n        <iframe loading=\"lazy\" title=\"COMA D&#8217;ORRI-BASTIMENTS\" style=\"border:0;\" width=\"100%\" height=\"800px\" class=\"pdfp_unsupported_frame\" src=\"\/\/docs.google.com\/gview?embedded=true&url=https:\/\/fotosenderismo.com\/wordpress\/wp-content\/uploads\/2021\/07\/Coma-Orri.pdf\"><\/iframe>\n\n    <\/div>\n\n\n\n\n<p><\/p>\n\n\n\n<figure class=\"wp-block-image aligncenter\"><a href=\"http:\/\/fotosenderismo.com\/wordpress\/wp-content\/uploads\/2009\/08\/ORRI-BASTIMENTS.jpg\" target=\"_blank\" rel=\"noopener noreferrer\"><img loading=\"lazy\" decoding=\"async\" width=\"1920\" height=\"1080\" src=\"http:\/\/fotosenderismo.com\/wordpress\/wp-content\/uploads\/2009\/08\/ORRI-BASTIMENTS.jpg\" alt=\"\" class=\"wp-image-11150\" srcset=\"https:\/\/fotosenderismo.com\/wordpress\/wp-content\/uploads\/2009\/08\/ORRI-BASTIMENTS.jpg 1920w, https:\/\/fotosenderismo.com\/wordpress\/wp-content\/uploads\/2009\/08\/ORRI-BASTIMENTS-300x169.jpg 300w, https:\/\/fotosenderismo.com\/wordpress\/wp-content\/uploads\/2009\/08\/ORRI-BASTIMENTS-768x432.jpg 768w, https:\/\/fotosenderismo.com\/wordpress\/wp-content\/uploads\/2009\/08\/ORRI-BASTIMENTS-1024x576.jpg 1024w, https:\/\/fotosenderismo.com\/wordpress\/wp-content\/uploads\/2009\/08\/ORRI-BASTIMENTS-800x450.jpg 800w\" sizes=\"auto, (max-width: 1920px) 100vw, 1920px\" \/><\/a><\/figure>\n\n\n\n<p><\/p>\n\n\n\n<iframe loading=\"lazy\" frameBorder=\"0\" scrolling=\"no\" src=\"https:\/\/ca.wikiloc.com\/wikiloc\/spatialArtifacts.do?event=view&#038;id=30709499&#038;measures=on&#038;title=on&#038;near=on&#038;images=on&#038;maptype=H\" width=\"1000\" height=\"1000\"><\/iframe><div style=\"color:#777;font-size:11px;line-height:16px;\">Powered by <a style=\"color:#06d;font-size:11px;line-height:16px;\" target=\"_blank\" href=\"https:\/\/ca.wikiloc.com\" rel=\"noopener\">Wikiloc<\/a><\/div>\n\n\n\n<p><\/p>\n\n\n\n<figure class=\"wp-block-image aligncenter\"><a href=\"http:\/\/fotosenderismo.com\/wordpress\/wp-content\/uploads\/2016\/04\/orri-bastiments-map.jpg\" target=\"_blank\" rel=\"noopener noreferrer\"><img loading=\"lazy\" decoding=\"async\" width=\"1920\" height=\"1041\" src=\"http:\/\/fotosenderismo.com\/wordpress\/wp-content\/uploads\/2016\/04\/orri-bastiments-map.jpg\" alt=\"\" class=\"wp-image-7608\" srcset=\"https:\/\/fotosenderismo.com\/wordpress\/wp-content\/uploads\/2016\/04\/orri-bastiments-map.jpg 1920w, https:\/\/fotosenderismo.com\/wordpress\/wp-content\/uploads\/2016\/04\/orri-bastiments-map-300x163.jpg 300w, https:\/\/fotosenderismo.com\/wordpress\/wp-content\/uploads\/2016\/04\/orri-bastiments-map-768x416.jpg 768w, https:\/\/fotosenderismo.com\/wordpress\/wp-content\/uploads\/2016\/04\/orri-bastiments-map-1024x555.jpg 1024w, https:\/\/fotosenderismo.com\/wordpress\/wp-content\/uploads\/2016\/04\/orri-bastiments-map-800x434.jpg 800w\" sizes=\"auto, (max-width: 1920px) 100vw, 1920px\" \/><\/a><\/figure>\n\n\n\n<p><\/p>\n\n\n\n<figure class=\"wp-block-image aligncenter\"><a href=\"http:\/\/fotosenderismo.com\/wordpress\/wp-content\/uploads\/2016\/04\/orri-bastiments-3d.jpg\" target=\"_blank\" rel=\"noopener noreferrer\"><img loading=\"lazy\" decoding=\"async\" width=\"1920\" height=\"1080\" src=\"http:\/\/fotosenderismo.com\/wordpress\/wp-content\/uploads\/2016\/04\/orri-bastiments-3d.jpg\" alt=\"\" class=\"wp-image-7606\" srcset=\"https:\/\/fotosenderismo.com\/wordpress\/wp-content\/uploads\/2016\/04\/orri-bastiments-3d.jpg 1920w, https:\/\/fotosenderismo.com\/wordpress\/wp-content\/uploads\/2016\/04\/orri-bastiments-3d-300x169.jpg 300w, https:\/\/fotosenderismo.com\/wordpress\/wp-content\/uploads\/2016\/04\/orri-bastiments-3d-768x432.jpg 768w, https:\/\/fotosenderismo.com\/wordpress\/wp-content\/uploads\/2016\/04\/orri-bastiments-3d-1024x576.jpg 1024w, https:\/\/fotosenderismo.com\/wordpress\/wp-content\/uploads\/2016\/04\/orri-bastiments-3d-800x450.jpg 800w\" sizes=\"auto, (max-width: 1920px) 100vw, 1920px\" \/><\/a><\/figure>\n\n\n\n<p><\/p>\n\n\n\n<figure class=\"wp-block-image aligncenter\"><a href=\"http:\/\/fotosenderismo.com\/wordpress\/wp-content\/uploads\/2016\/04\/orri-bastiments-earthjpg.jpg\" target=\"_blank\" rel=\"noopener noreferrer\"><img loading=\"lazy\" decoding=\"async\" width=\"1920\" height=\"970\" src=\"http:\/\/fotosenderismo.com\/wordpress\/wp-content\/uploads\/2016\/04\/orri-bastiments-earthjpg.jpg\" alt=\"\" class=\"wp-image-7607\" srcset=\"https:\/\/fotosenderismo.com\/wordpress\/wp-content\/uploads\/2016\/04\/orri-bastiments-earthjpg.jpg 1920w, https:\/\/fotosenderismo.com\/wordpress\/wp-content\/uploads\/2016\/04\/orri-bastiments-earthjpg-300x152.jpg 300w, https:\/\/fotosenderismo.com\/wordpress\/wp-content\/uploads\/2016\/04\/orri-bastiments-earthjpg-768x388.jpg 768w, https:\/\/fotosenderismo.com\/wordpress\/wp-content\/uploads\/2016\/04\/orri-bastiments-earthjpg-1024x517.jpg 1024w, https:\/\/fotosenderismo.com\/wordpress\/wp-content\/uploads\/2016\/04\/orri-bastiments-earthjpg-800x404.jpg 800w\" sizes=\"auto, (max-width: 1920px) 100vw, 1920px\" \/><\/a><\/figure>\n\n\n\n<p><\/p>\n\n\n\n<figure class=\"wp-block-image\"><a href=\"http:\/\/fotosenderismo.com\/wordpress\/wp-content\/uploads\/2016\/04\/orri-bastiments-perfil.jpg\" target=\"_blank\" rel=\"noopener noreferrer\"><img loading=\"lazy\" decoding=\"async\" width=\"1890\" height=\"510\" src=\"http:\/\/fotosenderismo.com\/wordpress\/wp-content\/uploads\/2016\/04\/orri-bastiments-perfil.jpg\" alt=\"orri-bastiments-perfil\" class=\"wp-image-2917\" srcset=\"https:\/\/fotosenderismo.com\/wordpress\/wp-content\/uploads\/2016\/04\/orri-bastiments-perfil.jpg 1890w, https:\/\/fotosenderismo.com\/wordpress\/wp-content\/uploads\/2016\/04\/orri-bastiments-perfil-300x81.jpg 300w, https:\/\/fotosenderismo.com\/wordpress\/wp-content\/uploads\/2016\/04\/orri-bastiments-perfil-768x207.jpg 768w, https:\/\/fotosenderismo.com\/wordpress\/wp-content\/uploads\/2016\/04\/orri-bastiments-perfil-1024x276.jpg 1024w, https:\/\/fotosenderismo.com\/wordpress\/wp-content\/uploads\/2016\/04\/orri-bastiments-perfil-800x216.jpg 800w\" sizes=\"auto, (max-width: 1890px) 100vw, 1890px\" \/><\/a><\/figure>\n\n\n\n<p><\/p>\n\n\n\n<figure class=\"wp-block-image aligncenter\"><a href=\"http:\/\/fotosenderismo.com\/wordpress\/wp-content\/uploads\/2018\/05\/TERMINOS-DE-BUSQUEDA-1.jpg\"><img loading=\"lazy\" decoding=\"async\" width=\"260\" height=\"32\" src=\"http:\/\/fotosenderismo.com\/wordpress\/wp-content\/uploads\/2018\/05\/TERMINOS-DE-BUSQUEDA-1.jpg\" alt=\"\" class=\"wp-image-10461\"\/><\/a><\/figure>\n\n\n\n<p><\/p>\n\n\n\n<p class=\"has-text-align-center has-very-light-gray-background-color has-background\"><span style=\"font-family: georgia,palatino,serif; font-size: 10pt;\"><em><strong><span style=\"text-decoration: underline;\"><\/span><\/strong><\/em><\/span><span style=\"font-family: georgia, palatino, serif; font-size: 14pt;\"><em><strong>Camprodon, Setcases, Coma de l&#8217;Orri, Bastiments, Gegant, Vallter<\/strong><\/em><\/span><\/p>\n","protected":false},"excerpt":{"rendered":"<p>Esta salida, del 6 de agosto de 2009, tuvo como objetivo principal visitar la Coma de l\u2019Orri. La ascensi\u00f3n al Bastiments, en este sentido, es secundaria y \u00fanicamente una forma de culminar con alguna cumbre esta excursi\u00f3n. Tambi\u00e9n he buscado una forma alternativa de bajar y en lugar de volver al Coll de la Marrana pens\u00e9 que ser\u00eda mejor llegar hasta el Coll de la Geganta para poder disfrutar de esta manera del paisaje que nos ofrece el circo de Bacivers. El track, despu\u00e9s, baja hasta Vallter y enlaza con el GR que desciende junto al r\u00edo Ter.<br \/>\nLa Coma de l\u2019Orri es un tipo de valle glaciar. En Catalunya las \u201ccomes\u201d son antiguos valles glaciares que se caracterizan por tener en su parte m\u00e1s alta una depresi\u00f3n m\u00e1s o menos llana que era donde el hielo se depositaba para formar el circo glaciar.<\/p>\n","protected":false},"author":1,"featured_media":1970,"comment_status":"open","ping_status":"closed","sticky":false,"template":"","format":"standard","meta":{"footnotes":""},"categories":[46,53,54,280,35,42,47,147],"tags":[163,187,98,177,223,279],"class_list":["post-383","post","type-post","status-publish","format-standard","has-post-thumbnail","hentry","category-girona","category-ripolles","category-pirineo-de-gerona","category-202-entre-10-y-15-km","category-entre-1000-y-1500-metros","category-senderismo","category-circular-tipo-de-recorrido","category-alta-montana-altitud-a-mas-de-2500-metros","tag-d-1-documentos-adjuntos","tag-fotos-by-eduard","tag-98","tag-eduard","tag-track-en-wikiloc","tag-track-kml"],"_links":{"self":[{"href":"https:\/\/fotosenderismo.com\/wordpress\/index.php\/wp-json\/wp\/v2\/posts\/383","targetHints":{"allow":["GET"]}}],"collection":[{"href":"https:\/\/fotosenderismo.com\/wordpress\/index.php\/wp-json\/wp\/v2\/posts"}],"about":[{"href":"https:\/\/fotosenderismo.com\/wordpress\/index.php\/wp-json\/wp\/v2\/types\/post"}],"author":[{"embeddable":true,"href":"https:\/\/fotosenderismo.com\/wordpress\/index.php\/wp-json\/wp\/v2\/users\/1"}],"replies":[{"embeddable":true,"href":"https:\/\/fotosenderismo.com\/wordpress\/index.php\/wp-json\/wp\/v2\/comments?post=383"}],"version-history":[{"count":34,"href":"https:\/\/fotosenderismo.com\/wordpress\/index.php\/wp-json\/wp\/v2\/posts\/383\/revisions"}],"predecessor-version":[{"id":22690,"href":"https:\/\/fotosenderismo.com\/wordpress\/index.php\/wp-json\/wp\/v2\/posts\/383\/revisions\/22690"}],"wp:featuredmedia":[{"embeddable":true,"href":"https:\/\/fotosenderismo.com\/wordpress\/index.php\/wp-json\/wp\/v2\/media\/1970"}],"wp:attachment":[{"href":"https:\/\/fotosenderismo.com\/wordpress\/index.php\/wp-json\/wp\/v2\/media?parent=383"}],"wp:term":[{"taxonomy":"category","embeddable":true,"href":"https:\/\/fotosenderismo.com\/wordpress\/index.php\/wp-json\/wp\/v2\/categories?post=383"},{"taxonomy":"post_tag","embeddable":true,"href":"https:\/\/fotosenderismo.com\/wordpress\/index.php\/wp-json\/wp\/v2\/tags?post=383"}],"curies":[{"name":"wp","href":"https:\/\/api.w.org\/{rel}","templated":true}]}}