{"id":3788,"date":"2012-07-14T21:19:08","date_gmt":"2012-07-14T21:19:08","guid":{"rendered":"http:\/\/fotosenderismo.com\/wordpress\/?p=3788"},"modified":"2024-02-09T20:06:04","modified_gmt":"2024-02-09T20:06:04","slug":"arinsal-pla-de-lestany-estanys-forcats-circ-de-baiau-comapedrosa-2939-m-refugi-coma-pedrosa","status":"publish","type":"post","link":"https:\/\/fotosenderismo.com\/wordpress\/index.php\/2012\/07\/14\/arinsal-pla-de-lestany-estanys-forcats-circ-de-baiau-comapedrosa-2939-m-refugi-coma-pedrosa\/","title":{"rendered":"Arinsal, pla de l&#8217;Estany, Estanys Forcats, Circ de Baiau, Comapedrosa (2939 m.), Refugi Coma Pedrosa"},"content":{"rendered":"\n<p><\/p>\n\n\n\n<figure class=\"wp-block-image aligncenter\"><a href=\"https:\/\/photos.app.goo.gl\/hER9AKvPmnAGHVsX8\" target=\"_blank\" rel=\"noopener noreferrer\"><img loading=\"lazy\" decoding=\"async\" width=\"300\" height=\"126\" src=\"http:\/\/fotosenderismo.com\/wordpress\/wp-content\/uploads\/2016\/06\/camara-300x126.jpg\" alt=\"camara\" class=\"wp-image-4771\" srcset=\"https:\/\/fotosenderismo.com\/wordpress\/wp-content\/uploads\/2016\/06\/camara-300x126.jpg 300w, https:\/\/fotosenderismo.com\/wordpress\/wp-content\/uploads\/2016\/06\/camara.jpg 715w\" sizes=\"auto, (max-width: 300px) 100vw, 300px\" \/><\/a><\/figure>\n\n\n\n<p><\/p>\n\n\n\n<figure class=\"wp-block-image aligncenter\"><a href=\"http:\/\/fotosenderismo.com\/wordpress\/wp-content\/uploads\/2016\/06\/baiau-datos-3.jpg\" target=\"_blank\" rel=\"noopener noreferrer\"><img loading=\"lazy\" decoding=\"async\" width=\"1222\" height=\"885\" src=\"http:\/\/fotosenderismo.com\/wordpress\/wp-content\/uploads\/2016\/06\/baiau-datos-3.jpg\" alt=\"\" class=\"wp-image-7091\" srcset=\"https:\/\/fotosenderismo.com\/wordpress\/wp-content\/uploads\/2016\/06\/baiau-datos-3.jpg 1222w, https:\/\/fotosenderismo.com\/wordpress\/wp-content\/uploads\/2016\/06\/baiau-datos-3-300x217.jpg 300w, https:\/\/fotosenderismo.com\/wordpress\/wp-content\/uploads\/2016\/06\/baiau-datos-3-768x556.jpg 768w, https:\/\/fotosenderismo.com\/wordpress\/wp-content\/uploads\/2016\/06\/baiau-datos-3-1024x742.jpg 1024w, https:\/\/fotosenderismo.com\/wordpress\/wp-content\/uploads\/2016\/06\/baiau-datos-3-800x579.jpg 800w\" sizes=\"auto, (max-width: 1222px) 100vw, 1222px\" \/><\/a><\/figure>\n\n\n\n<p><\/p>\n\n\n\n<figure class=\"wp-block-image aligncenter\"><a href=\"https:\/\/ca.wikiloc.com\/rutes-alpinisme\/arinsal-pla-de-lestany-estanys-forcats-circ-de-baiau-comapedrosa-2939-m-refugi-coma-pedrosa-32402202\" target=\"_blank\" rel=\"noreferrer noopener\"><img loading=\"lazy\" decoding=\"async\" width=\"400\" height=\"52\" src=\"http:\/\/fotosenderismo.com\/wordpress\/wp-content\/uploads\/2010\/05\/track-wikiloc.jpg\" alt=\"\" class=\"wp-image-12734\" srcset=\"https:\/\/fotosenderismo.com\/wordpress\/wp-content\/uploads\/2010\/05\/track-wikiloc.jpg 400w, https:\/\/fotosenderismo.com\/wordpress\/wp-content\/uploads\/2010\/05\/track-wikiloc-300x39.jpg 300w\" sizes=\"auto, (max-width: 400px) 100vw, 400px\" \/><\/a><\/figure>\n\n\n\n<p><\/p>\n\n\n\n<p class=\"has-drop-cap has-very-light-gray-background-color has-background\" style=\"font-size:18px\"> Salida del 12 a 14 de julio de 2012. Se hizo en tres d\u00edas porque acumula mucho desnivel, \u00edbamos muy cargados y, adem\u00e1s, quer\u00edamos pasar noche tanto en el Refugio de Baiau como en el de Comapedrosa. Lo m\u00e1s espectacular de todo fue, por la tarde del primer d\u00eda, el tr\u00e1nsito por los Estanys Forcats, que estaban totalmente rodeados de nieve. Esto entra\u00f1aba alg\u00fan riesgo, ya que, como ten\u00eda cierta dureza, hab\u00eda la posibilidad de resbalar y caer en alguno de los lagos, y hubiera sido muy dif\u00edcil rescatar al accidentado. Todo ello quedaba compensado, si and\u00e1bamos con cuidado, con la maravillosa estampa que nos ofrec\u00eda la  angostadura monta\u00f1osa dentro de la cual estaban empotrados. Tampoco cabe menospreciar los lagos de Baiau (con el refugio met\u00e1lico -pero bien equipado por dentro-en el medio), y, ni mucho menos, la espectacular y severa subida al Port de Baiau, que desde el refugio se nos antojaba como una pared inaccesible, aunque a la hora de la verdad y a pesar de que la pendiente era extrema, se pod\u00eda subir perfectamente. Eso es lo que hicimos el segundo d\u00eda. Una vez alcanzado el puerto, solo quedaba ascender a la cumbre del Comapedrosa, a 2950 metros. Desde la cumbre descendimos nuevamente al puerto, y desde all\u00ed, bajando junto a L\u2019Estany  Negre y els Estanys de Comapedrosa, alcanzamos la Coma Pedrosa y el Refugio guardado, donde fuimos admirablemente tratados. Al d\u00eda siguiente bajamos por el GR11 hasta Arinsal, y algunos aprovechamos para ba\u00f1arnos en las heladas aguas del r\u00edo Arinsal. <\/p>\n\n\n\n<p><\/p>\n\n\n\n<figure class=\"wp-block-image\"><a href=\"http:\/\/fotosenderismo.com\/wordpress\/wp-content\/uploads\/2016\/06\/BAIAU-COMAPEDROSA-MAP.jpg\" target=\"_blank\" rel=\"noopener noreferrer\"><img loading=\"lazy\" decoding=\"async\" width=\"1860\" height=\"913\" src=\"http:\/\/fotosenderismo.com\/wordpress\/wp-content\/uploads\/2016\/06\/BAIAU-COMAPEDROSA-MAP.jpg\" alt=\"BAIAU-COMAPEDROSA-MAP\" class=\"wp-image-3789\" srcset=\"https:\/\/fotosenderismo.com\/wordpress\/wp-content\/uploads\/2016\/06\/BAIAU-COMAPEDROSA-MAP.jpg 1860w, https:\/\/fotosenderismo.com\/wordpress\/wp-content\/uploads\/2016\/06\/BAIAU-COMAPEDROSA-MAP-300x147.jpg 300w, https:\/\/fotosenderismo.com\/wordpress\/wp-content\/uploads\/2016\/06\/BAIAU-COMAPEDROSA-MAP-768x377.jpg 768w, https:\/\/fotosenderismo.com\/wordpress\/wp-content\/uploads\/2016\/06\/BAIAU-COMAPEDROSA-MAP-1024x503.jpg 1024w, https:\/\/fotosenderismo.com\/wordpress\/wp-content\/uploads\/2016\/06\/BAIAU-COMAPEDROSA-MAP-800x393.jpg 800w\" sizes=\"auto, (max-width: 1860px) 100vw, 1860px\" \/><\/a><\/figure>\n\n\n\n<p><\/p>\n\n\n\n<figure class=\"wp-block-image\"><a href=\"http:\/\/fotosenderismo.com\/wordpress\/wp-content\/uploads\/2016\/06\/BAIAU-COMAPEDROSA-3D.jpg\" target=\"_blank\" rel=\"noopener noreferrer\"><img loading=\"lazy\" decoding=\"async\" width=\"1853\" height=\"938\" src=\"http:\/\/fotosenderismo.com\/wordpress\/wp-content\/uploads\/2016\/06\/BAIAU-COMAPEDROSA-3D.jpg\" alt=\"BAIAU-COMAPEDROSA-3D\" class=\"wp-image-3790\" srcset=\"https:\/\/fotosenderismo.com\/wordpress\/wp-content\/uploads\/2016\/06\/BAIAU-COMAPEDROSA-3D.jpg 1853w, https:\/\/fotosenderismo.com\/wordpress\/wp-content\/uploads\/2016\/06\/BAIAU-COMAPEDROSA-3D-300x152.jpg 300w, https:\/\/fotosenderismo.com\/wordpress\/wp-content\/uploads\/2016\/06\/BAIAU-COMAPEDROSA-3D-768x389.jpg 768w, https:\/\/fotosenderismo.com\/wordpress\/wp-content\/uploads\/2016\/06\/BAIAU-COMAPEDROSA-3D-1024x518.jpg 1024w, https:\/\/fotosenderismo.com\/wordpress\/wp-content\/uploads\/2016\/06\/BAIAU-COMAPEDROSA-3D-800x405.jpg 800w\" sizes=\"auto, (max-width: 1853px) 100vw, 1853px\" \/><\/a><\/figure>\n\n\n\n<p><\/p>\n\n\n\n<figure class=\"wp-block-image\"><a href=\"http:\/\/fotosenderismo.com\/wordpress\/wp-content\/uploads\/2016\/06\/BAIAU-COMAPEDROSA-PERFIL.jpg\" target=\"_blank\" rel=\"noopener noreferrer\"><img loading=\"lazy\" decoding=\"async\" width=\"1913\" height=\"542\" src=\"http:\/\/fotosenderismo.com\/wordpress\/wp-content\/uploads\/2016\/06\/BAIAU-COMAPEDROSA-PERFIL.jpg\" alt=\"BAIAU-COMAPEDROSA-PERFIL\" class=\"wp-image-3791\" srcset=\"https:\/\/fotosenderismo.com\/wordpress\/wp-content\/uploads\/2016\/06\/BAIAU-COMAPEDROSA-PERFIL.jpg 1913w, https:\/\/fotosenderismo.com\/wordpress\/wp-content\/uploads\/2016\/06\/BAIAU-COMAPEDROSA-PERFIL-300x85.jpg 300w, https:\/\/fotosenderismo.com\/wordpress\/wp-content\/uploads\/2016\/06\/BAIAU-COMAPEDROSA-PERFIL-768x218.jpg 768w, https:\/\/fotosenderismo.com\/wordpress\/wp-content\/uploads\/2016\/06\/BAIAU-COMAPEDROSA-PERFIL-1024x290.jpg 1024w, https:\/\/fotosenderismo.com\/wordpress\/wp-content\/uploads\/2016\/06\/BAIAU-COMAPEDROSA-PERFIL-800x227.jpg 800w\" sizes=\"auto, (max-width: 1913px) 100vw, 1913px\" \/><\/a><\/figure>\n\n\n\n<p><\/p>\n\n\n\n<figure class=\"wp-block-image aligncenter\"><a href=\"http:\/\/fotosenderismo.com\/wordpress\/wp-content\/uploads\/2018\/03\/TERMINOS-DE-BUSQUEDA.jpg\"><img loading=\"lazy\" decoding=\"async\" width=\"302\" height=\"46\" src=\"http:\/\/fotosenderismo.com\/wordpress\/wp-content\/uploads\/2018\/03\/TERMINOS-DE-BUSQUEDA.jpg\" alt=\"\" class=\"wp-image-10151\" srcset=\"https:\/\/fotosenderismo.com\/wordpress\/wp-content\/uploads\/2018\/03\/TERMINOS-DE-BUSQUEDA.jpg 302w, https:\/\/fotosenderismo.com\/wordpress\/wp-content\/uploads\/2018\/03\/TERMINOS-DE-BUSQUEDA-300x46.jpg 300w\" sizes=\"auto, (max-width: 302px) 100vw, 302px\" \/><\/a><\/figure>\n\n\n\n<p><\/p>\n\n\n\n<p class=\"has-text-align-center has-very-light-gray-background-color has-background\"><span style=\"text-decoration: underline; font-size: 10pt;\"><em><strong><span style=\"font-family: georgia,palatino,serif;\"><\/span><\/strong><\/em><\/span><span style=\"font-size: 14pt;\"><em><strong><span style=\"font-family: georgia,palatino,serif;\">Andorra, Pallars Sobir\u00e0, Arinsal, Pla de l&#8217;Estany, Estanys Forcats, Baiau, Comapedrosa<\/span><\/strong><\/em><\/span><\/p>\n\n\n\n<p><\/p>\n\n\n\n<figure class=\"wp-block-image aligncenter\"><a href=\"http:\/\/fotosenderismo.com\/wordpress\/wp-content\/uploads\/2018\/03\/RELACIONADAS.jpg\"><img loading=\"lazy\" decoding=\"async\" width=\"311\" height=\"48\" src=\"http:\/\/fotosenderismo.com\/wordpress\/wp-content\/uploads\/2018\/03\/RELACIONADAS.jpg\" alt=\"\" class=\"wp-image-10152\" srcset=\"https:\/\/fotosenderismo.com\/wordpress\/wp-content\/uploads\/2018\/03\/RELACIONADAS.jpg 311w, https:\/\/fotosenderismo.com\/wordpress\/wp-content\/uploads\/2018\/03\/RELACIONADAS-300x46.jpg 300w\" sizes=\"auto, (max-width: 311px) 100vw, 311px\" \/><\/a><\/figure>\n\n\n\n<p><\/p>\n\n\n\n<figure class=\"wp-block-embed aligncenter is-type-wp-embed is-provider-fotosenderismo-com wp-block-embed-fotosenderismo-com\"><div class=\"wp-block-embed__wrapper\">\n<blockquote class=\"wp-embedded-content\" data-secret=\"ms2gliK2mi\"><a href=\"https:\/\/fotosenderismo.com\/wordpress\/index.php\/2013\/08\/23\/pic-de-la-coma-del-forn-2680-m\/\">Pic de la Coma del Forn (2680 m)<\/a><\/blockquote><iframe loading=\"lazy\" class=\"wp-embedded-content\" sandbox=\"allow-scripts\" security=\"restricted\" style=\"position: absolute; clip: rect(1px, 1px, 1px, 1px);\" title=\"\u00abPic de la Coma del Forn (2680 m)\u00bb \u2014 FOTOSENDERISMO.COM\" src=\"https:\/\/fotosenderismo.com\/wordpress\/index.php\/2013\/08\/23\/pic-de-la-coma-del-forn-2680-m\/embed\/#?secret=FRY4nxNAtW#?secret=ms2gliK2mi\" data-secret=\"ms2gliK2mi\" width=\"600\" height=\"338\" frameborder=\"0\" marginwidth=\"0\" marginheight=\"0\" scrolling=\"no\"><\/iframe>\n<\/div><\/figure>\n\n\n\n<figure class=\"wp-block-embed aligncenter is-type-wp-embed is-provider-fotosenderismo-com wp-block-embed-fotosenderismo-com\"><div class=\"wp-block-embed__wrapper\">\n<blockquote class=\"wp-embedded-content\" data-secret=\"TX2VKNbE1K\"><a href=\"https:\/\/fotosenderismo.com\/wordpress\/index.php\/2013\/08\/28\/414\/\">Pla de Boavi, lago Certascan<\/a><\/blockquote><iframe loading=\"lazy\" class=\"wp-embedded-content\" sandbox=\"allow-scripts\" security=\"restricted\" style=\"position: absolute; clip: rect(1px, 1px, 1px, 1px);\" title=\"\u00abPla de Boavi, lago Certascan\u00bb \u2014 FOTOSENDERISMO.COM\" src=\"https:\/\/fotosenderismo.com\/wordpress\/index.php\/2013\/08\/28\/414\/embed\/#?secret=mtze3mlc9X#?secret=TX2VKNbE1K\" data-secret=\"TX2VKNbE1K\" width=\"600\" height=\"338\" frameborder=\"0\" marginwidth=\"0\" marginheight=\"0\" scrolling=\"no\"><\/iframe>\n<\/div><\/figure>\n\n\n\n<figure class=\"wp-block-embed aligncenter is-type-wp-embed is-provider-fotosenderismo-com wp-block-embed-fotosenderismo-com\"><div class=\"wp-block-embed__wrapper\">\n<blockquote class=\"wp-embedded-content\" data-secret=\"noNdvvTOnw\"><a href=\"https:\/\/fotosenderismo.com\/wordpress\/index.php\/2015\/08\/07\/pica-destats-3144-m-verdaguer-3125-m\/\">Pica d&#8217;Estats (3144 m.), Verdaguer (3125 m.)<\/a><\/blockquote><iframe loading=\"lazy\" class=\"wp-embedded-content\" sandbox=\"allow-scripts\" security=\"restricted\" style=\"position: absolute; clip: rect(1px, 1px, 1px, 1px);\" title=\"\u00abPica d&#8217;Estats (3144 m.), Verdaguer (3125 m.)\u00bb \u2014 FOTOSENDERISMO.COM\" src=\"https:\/\/fotosenderismo.com\/wordpress\/index.php\/2015\/08\/07\/pica-destats-3144-m-verdaguer-3125-m\/embed\/#?secret=XWidZPV8Wr#?secret=noNdvvTOnw\" data-secret=\"noNdvvTOnw\" width=\"600\" height=\"338\" frameborder=\"0\" marginwidth=\"0\" marginheight=\"0\" scrolling=\"no\"><\/iframe>\n<\/div><\/figure>\n","protected":false},"excerpt":{"rendered":"<p>Salida del 12 a 14 de julio de 2012. Se hizo en tres d\u00edas porque acumula mucho desnivel, \u00edbamos muy cargados y, adem\u00e1s, quer\u00edamos pasar noche tanto en el Refugio de Baiau como en el de Comapedrosa. Lo m\u00e1s espectacular de todo fue, por la tarde del primer d\u00eda, el tr\u00e1nsito por los Estanys Forcats, que estaban totalmente rodeados de nieve. Esto entra\u00f1aba alg\u00fan riesgo, ya que como tenia cierta dureza, hab\u00eda la posibilidad de resbalar y caer en alguno de los lagos, y hubiera sido muy dif\u00edcil rescatar al accidentado. Todo ello quedaba compensado, si and\u00e1bamos con cuidado, con la maravillosa estampa que nos ofrec\u00eda la angostadura monta\u00f1osa dentro de la cual estaban empotrados. Tampoco cabe menospreciar los lagos de Baiau (con el refugio met\u00e1lico -pero bien equipado por dentro-en el medio), y, ni mucho menos, la espectacular y severa subida al Port de Baiau, que desde el refugio se nos antojaba como una pared inaccesible, aunque a la hora de la verdad y a pesar de que la pendiente era extrema, se pod\u00eda subir perfectamente. Eso es lo que hicimos el segundo d\u00eda. Una vez alcanzado el puerto, solo quedaba ascender a la cumbre del Comapedrosa, a 2950 metros. Desde la cumbre descendimos nuevamente al puerto, y desde all\u00ed, bajando junto a L\u2019Estany Negre y els Estanys de Comapedrosa, alcanzamos la Coma Pedrosa y el Refugio guardado, donde fuimos admirablemente tratados. Al d\u00eda siguiente bajamos por el GR11 hasta Arinsal, y algunos aprovechamos para ba\u00f1arnos en las heladas aguas del r\u00edo Arinsal. <\/p>\n","protected":false},"author":1,"featured_media":3792,"comment_status":"open","ping_status":"closed","sticky":false,"template":"","format":"standard","meta":{"footnotes":""},"categories":[331,75,73,319,72,281,36,42,47,147],"tags":[98,183,177,223],"class_list":["post-3788","post","type-post","status-publish","format-standard","has-post-thumbnail","hentry","category-000-reto","category-lleida","category-003-pallars-sobira","category-017-andorra","category-pirineo-de-lleida","category-202-entre-15-y-20-km","category-entre-1500-y-2000-metros","category-senderismo","category-circular-tipo-de-recorrido","category-alta-montana-altitud-a-mas-de-2500-metros","tag-98","tag-paisajes-nevados","tag-eduard","tag-track-en-wikiloc"],"_links":{"self":[{"href":"https:\/\/fotosenderismo.com\/wordpress\/index.php\/wp-json\/wp\/v2\/posts\/3788","targetHints":{"allow":["GET"]}}],"collection":[{"href":"https:\/\/fotosenderismo.com\/wordpress\/index.php\/wp-json\/wp\/v2\/posts"}],"about":[{"href":"https:\/\/fotosenderismo.com\/wordpress\/index.php\/wp-json\/wp\/v2\/types\/post"}],"author":[{"embeddable":true,"href":"https:\/\/fotosenderismo.com\/wordpress\/index.php\/wp-json\/wp\/v2\/users\/1"}],"replies":[{"embeddable":true,"href":"https:\/\/fotosenderismo.com\/wordpress\/index.php\/wp-json\/wp\/v2\/comments?post=3788"}],"version-history":[{"count":21,"href":"https:\/\/fotosenderismo.com\/wordpress\/index.php\/wp-json\/wp\/v2\/posts\/3788\/revisions"}],"predecessor-version":[{"id":22552,"href":"https:\/\/fotosenderismo.com\/wordpress\/index.php\/wp-json\/wp\/v2\/posts\/3788\/revisions\/22552"}],"wp:featuredmedia":[{"embeddable":true,"href":"https:\/\/fotosenderismo.com\/wordpress\/index.php\/wp-json\/wp\/v2\/media\/3792"}],"wp:attachment":[{"href":"https:\/\/fotosenderismo.com\/wordpress\/index.php\/wp-json\/wp\/v2\/media?parent=3788"}],"wp:term":[{"taxonomy":"category","embeddable":true,"href":"https:\/\/fotosenderismo.com\/wordpress\/index.php\/wp-json\/wp\/v2\/categories?post=3788"},{"taxonomy":"post_tag","embeddable":true,"href":"https:\/\/fotosenderismo.com\/wordpress\/index.php\/wp-json\/wp\/v2\/tags?post=3788"}],"curies":[{"name":"wp","href":"https:\/\/api.w.org\/{rel}","templated":true}]}}