{"id":378,"date":"2012-09-12T13:48:31","date_gmt":"2012-09-12T13:48:31","guid":{"rendered":"http:\/\/fotosenderismo.com\/wordpress\/?p=378"},"modified":"2024-02-09T20:01:06","modified_gmt":"2024-02-09T20:01:06","slug":"meranges-engorcs-malniu-meranges","status":"publish","type":"post","link":"https:\/\/fotosenderismo.com\/wordpress\/index.php\/2012\/09\/12\/meranges-engorcs-malniu-meranges\/","title":{"rendered":"Meranges, Engorcs, Malniu, Meranges"},"content":{"rendered":"\n<p><\/p>\n\n\n\n<figure class=\"wp-block-image aligncenter\"><a href=\"https:\/\/photos.app.goo.gl\/ctpWkJXMxsKc6Pe19\" target=\"_blank\" rel=\"noopener noreferrer\"><img loading=\"lazy\" decoding=\"async\" width=\"300\" height=\"126\" src=\"http:\/\/fotosenderismo.com\/wordpress\/wp-content\/uploads\/2016\/06\/camara-300x126.jpg\" alt=\"camara\" class=\"wp-image-4771\" srcset=\"https:\/\/fotosenderismo.com\/wordpress\/wp-content\/uploads\/2016\/06\/camara-300x126.jpg 300w, https:\/\/fotosenderismo.com\/wordpress\/wp-content\/uploads\/2016\/06\/camara.jpg 715w\" sizes=\"auto, (max-width: 300px) 100vw, 300px\" \/><\/a><\/figure>\n\n\n\n<p><\/p>\n\n\n\n<figure class=\"wp-block-image aligncenter\"><a href=\"http:\/\/fotosenderismo.com\/wordpress\/wp-content\/uploads\/2016\/04\/engorcs-datos.jpg\" target=\"_blank\" rel=\"noopener noreferrer\"><img loading=\"lazy\" decoding=\"async\" width=\"1334\" height=\"1009\" src=\"http:\/\/fotosenderismo.com\/wordpress\/wp-content\/uploads\/2016\/04\/engorcs-datos.jpg\" alt=\"\" class=\"wp-image-8293\" srcset=\"https:\/\/fotosenderismo.com\/wordpress\/wp-content\/uploads\/2016\/04\/engorcs-datos.jpg 1334w, https:\/\/fotosenderismo.com\/wordpress\/wp-content\/uploads\/2016\/04\/engorcs-datos-300x227.jpg 300w, https:\/\/fotosenderismo.com\/wordpress\/wp-content\/uploads\/2016\/04\/engorcs-datos-768x581.jpg 768w, https:\/\/fotosenderismo.com\/wordpress\/wp-content\/uploads\/2016\/04\/engorcs-datos-1024x775.jpg 1024w, https:\/\/fotosenderismo.com\/wordpress\/wp-content\/uploads\/2016\/04\/engorcs-datos-800x605.jpg 800w\" sizes=\"auto, (max-width: 1334px) 100vw, 1334px\" \/><\/a><\/figure>\n\n\n\n<p><\/p>\n\n\n\n<figure class=\"wp-block-image aligncenter\"><a href=\"http:\/\/www.fotosenderismo.com\/tracks\/Pirigirona\/ENGORCS-MERANGES.pdf\" target=\"_blank\" rel=\"noopener noreferrer\"><img loading=\"lazy\" decoding=\"async\" width=\"300\" height=\"112\" src=\"http:\/\/fotosenderismo.com\/wordpress\/wp-content\/uploads\/2016\/06\/informacion-300x112.jpg\" alt=\"informacion\" class=\"wp-image-4836\" srcset=\"https:\/\/fotosenderismo.com\/wordpress\/wp-content\/uploads\/2016\/06\/informacion-300x112.jpg 300w, https:\/\/fotosenderismo.com\/wordpress\/wp-content\/uploads\/2016\/06\/informacion.jpg 721w\" sizes=\"auto, (max-width: 300px) 100vw, 300px\" \/><\/a><\/figure>\n\n\n\n<p><\/p>\n\n\n\n<figure class=\"wp-block-image aligncenter\"><a href=\"https:\/\/ca.wikiloc.com\/rutes-alpinisme\/meranges-engorcs-malniu-meranges-32408961\" target=\"_blank\" rel=\"noreferrer noopener\"><img loading=\"lazy\" decoding=\"async\" width=\"400\" height=\"52\" src=\"http:\/\/fotosenderismo.com\/wordpress\/wp-content\/uploads\/2010\/05\/track-wikiloc.jpg\" alt=\"\" class=\"wp-image-12734\" srcset=\"https:\/\/fotosenderismo.com\/wordpress\/wp-content\/uploads\/2010\/05\/track-wikiloc.jpg 400w, https:\/\/fotosenderismo.com\/wordpress\/wp-content\/uploads\/2010\/05\/track-wikiloc-300x39.jpg 300w\" sizes=\"auto, (max-width: 400px) 100vw, 400px\" \/><\/a><\/figure>\n\n\n\n<p><\/p>\n\n\n\n<p class=\"has-drop-cap has-very-light-gray-background-color has-background\" style=\"font-size:18px\"> Esta salida, de 12 de septiembre de 2012, ten\u00eda como objetivo subir a  Puigpedr\u00f3s, de 2915 metros, pero el d\u00eda despu\u00e9s de pasar noche en  Engorcs, hac\u00eda mucho viento y muy mal tiempo, por lo que decidimos cambiar la excursi\u00f3n. As\u00ed, en lugar de subir al pico, hicimos la traves\u00eda, que, faldeando la monta\u00f1a por el flanco sudoeste, une los refugios de Engorcs y Malniu. Evidentemente, la excursi\u00f3n no empez\u00f3 en  Engorcs, sino, el d\u00eda antes, en un aparcamiento de Meranges. Desde all\u00ed fuimos en busca de la Valltova para subir a Engorcs. Desde Malniu, para volver a Meranges, fuimos a buscar un sendero cl\u00e1sico. Aunque en esta salida no se hizo lo proyectado, vale la pena por s\u00ed misma. Si estamos por la zona y hace buen tiempo, puede ser una buena excursi\u00f3n para pasar el d\u00eda y entretenerse en la monta\u00f1a. He de recordar, como siempre, que estamos en alta monta\u00f1a y que hay que ir preparados para los imprevistos meteorol\u00f3gicos. La zona es estupenda, y las fotos hablan por s\u00ed mismas, as\u00ed que no a\u00f1adir\u00e9 nada a ellas. <\/p>\n\n\n\n<p><\/p>\n\n\n\n<figure class=\"wp-block-image aligncenter\"><a href=\"http:\/\/fotosenderismo.com\/wordpress\/wp-content\/uploads\/2012\/09\/MALNIU-ENGORCS.jpg\" target=\"_blank\" rel=\"noopener noreferrer\"><img loading=\"lazy\" decoding=\"async\" width=\"1920\" height=\"1080\" src=\"http:\/\/fotosenderismo.com\/wordpress\/wp-content\/uploads\/2012\/09\/MALNIU-ENGORCS.jpg\" alt=\"\" class=\"wp-image-11152\" srcset=\"https:\/\/fotosenderismo.com\/wordpress\/wp-content\/uploads\/2012\/09\/MALNIU-ENGORCS.jpg 1920w, https:\/\/fotosenderismo.com\/wordpress\/wp-content\/uploads\/2012\/09\/MALNIU-ENGORCS-300x169.jpg 300w, https:\/\/fotosenderismo.com\/wordpress\/wp-content\/uploads\/2012\/09\/MALNIU-ENGORCS-768x432.jpg 768w, https:\/\/fotosenderismo.com\/wordpress\/wp-content\/uploads\/2012\/09\/MALNIU-ENGORCS-1024x576.jpg 1024w, https:\/\/fotosenderismo.com\/wordpress\/wp-content\/uploads\/2012\/09\/MALNIU-ENGORCS-800x450.jpg 800w\" sizes=\"auto, (max-width: 1920px) 100vw, 1920px\" \/><\/a><\/figure>\n\n\n\n<p><\/p>\n\n\n\n<figure class=\"wp-block-image aligncenter\"><a href=\"http:\/\/fotosenderismo.com\/wordpress\/wp-content\/uploads\/2016\/04\/engorcs-map.jpg\" target=\"_blank\" rel=\"noopener noreferrer\"><img loading=\"lazy\" decoding=\"async\" width=\"1920\" height=\"1080\" src=\"http:\/\/fotosenderismo.com\/wordpress\/wp-content\/uploads\/2016\/04\/engorcs-map.jpg\" alt=\"\" class=\"wp-image-8295\" srcset=\"https:\/\/fotosenderismo.com\/wordpress\/wp-content\/uploads\/2016\/04\/engorcs-map.jpg 1920w, https:\/\/fotosenderismo.com\/wordpress\/wp-content\/uploads\/2016\/04\/engorcs-map-300x169.jpg 300w, https:\/\/fotosenderismo.com\/wordpress\/wp-content\/uploads\/2016\/04\/engorcs-map-768x432.jpg 768w, https:\/\/fotosenderismo.com\/wordpress\/wp-content\/uploads\/2016\/04\/engorcs-map-1024x576.jpg 1024w, https:\/\/fotosenderismo.com\/wordpress\/wp-content\/uploads\/2016\/04\/engorcs-map-800x450.jpg 800w\" sizes=\"auto, (max-width: 1920px) 100vw, 1920px\" \/><\/a><\/figure>\n\n\n\n<p><\/p>\n\n\n\n<figure class=\"wp-block-image aligncenter\"><a href=\"http:\/\/fotosenderismo.com\/wordpress\/wp-content\/uploads\/2016\/04\/engorcs-3d.jpg\" target=\"_blank\" rel=\"noopener noreferrer\"><img loading=\"lazy\" decoding=\"async\" width=\"1920\" height=\"1080\" src=\"http:\/\/fotosenderismo.com\/wordpress\/wp-content\/uploads\/2016\/04\/engorcs-3d.jpg\" alt=\"\" class=\"wp-image-8296\" srcset=\"https:\/\/fotosenderismo.com\/wordpress\/wp-content\/uploads\/2016\/04\/engorcs-3d.jpg 1920w, https:\/\/fotosenderismo.com\/wordpress\/wp-content\/uploads\/2016\/04\/engorcs-3d-300x169.jpg 300w, https:\/\/fotosenderismo.com\/wordpress\/wp-content\/uploads\/2016\/04\/engorcs-3d-768x432.jpg 768w, https:\/\/fotosenderismo.com\/wordpress\/wp-content\/uploads\/2016\/04\/engorcs-3d-1024x576.jpg 1024w, https:\/\/fotosenderismo.com\/wordpress\/wp-content\/uploads\/2016\/04\/engorcs-3d-800x450.jpg 800w\" sizes=\"auto, (max-width: 1920px) 100vw, 1920px\" \/><\/a><\/figure>\n\n\n\n<p><\/p>\n\n\n\n<figure class=\"wp-block-image aligncenter\"><a href=\"http:\/\/fotosenderismo.com\/wordpress\/wp-content\/uploads\/2016\/04\/engorcs-earth.jpg\" target=\"_blank\" rel=\"noopener noreferrer\"><img loading=\"lazy\" decoding=\"async\" width=\"1920\" height=\"970\" src=\"http:\/\/fotosenderismo.com\/wordpress\/wp-content\/uploads\/2016\/04\/engorcs-earth.jpg\" alt=\"\" class=\"wp-image-8294\" srcset=\"https:\/\/fotosenderismo.com\/wordpress\/wp-content\/uploads\/2016\/04\/engorcs-earth.jpg 1920w, https:\/\/fotosenderismo.com\/wordpress\/wp-content\/uploads\/2016\/04\/engorcs-earth-300x152.jpg 300w, https:\/\/fotosenderismo.com\/wordpress\/wp-content\/uploads\/2016\/04\/engorcs-earth-768x388.jpg 768w, https:\/\/fotosenderismo.com\/wordpress\/wp-content\/uploads\/2016\/04\/engorcs-earth-1024x517.jpg 1024w, https:\/\/fotosenderismo.com\/wordpress\/wp-content\/uploads\/2016\/04\/engorcs-earth-800x404.jpg 800w\" sizes=\"auto, (max-width: 1920px) 100vw, 1920px\" \/><\/a><\/figure>\n\n\n\n<p><\/p>\n\n\n\n<figure class=\"wp-block-image\"><a href=\"http:\/\/fotosenderismo.com\/wordpress\/wp-content\/uploads\/2016\/04\/meranges-engorcs-malniu-perfil.jpg\" target=\"_blank\" rel=\"noopener noreferrer\"><img loading=\"lazy\" decoding=\"async\" width=\"1894\" height=\"428\" src=\"http:\/\/fotosenderismo.com\/wordpress\/wp-content\/uploads\/2016\/04\/meranges-engorcs-malniu-perfil.jpg\" alt=\"meranges-engorcs-malniu-perfil\" class=\"wp-image-2924\" srcset=\"https:\/\/fotosenderismo.com\/wordpress\/wp-content\/uploads\/2016\/04\/meranges-engorcs-malniu-perfil.jpg 1894w, https:\/\/fotosenderismo.com\/wordpress\/wp-content\/uploads\/2016\/04\/meranges-engorcs-malniu-perfil-300x68.jpg 300w, https:\/\/fotosenderismo.com\/wordpress\/wp-content\/uploads\/2016\/04\/meranges-engorcs-malniu-perfil-768x174.jpg 768w, https:\/\/fotosenderismo.com\/wordpress\/wp-content\/uploads\/2016\/04\/meranges-engorcs-malniu-perfil-1024x231.jpg 1024w, https:\/\/fotosenderismo.com\/wordpress\/wp-content\/uploads\/2016\/04\/meranges-engorcs-malniu-perfil-800x181.jpg 800w\" sizes=\"auto, (max-width: 1894px) 100vw, 1894px\" \/><\/a><\/figure>\n\n\n\n<p><\/p>\n\n\n\n<figure class=\"wp-block-image aligncenter\"><a href=\"http:\/\/fotosenderismo.com\/wordpress\/wp-content\/uploads\/2018\/05\/TERMINOS-DE-BUSQUEDA-1.jpg\"><img loading=\"lazy\" decoding=\"async\" width=\"260\" height=\"32\" src=\"http:\/\/fotosenderismo.com\/wordpress\/wp-content\/uploads\/2018\/05\/TERMINOS-DE-BUSQUEDA-1.jpg\" alt=\"\" class=\"wp-image-10461\"\/><\/a><\/figure>\n\n\n\n<p><\/p>\n\n\n\n<p class=\"has-text-align-center has-very-light-gray-background-color has-background\"><span style=\"font-family: georgia,palatino,serif; font-size: 10pt;\"><em><strong><span style=\"text-decoration: underline;\"><\/span><\/strong><\/em><\/span><span style=\"font-family: georgia, palatino, serif; font-size: 14pt;\"><em><strong>Puigcerd\u00e0, Meranges, Engorcs, Malniu<\/strong><\/em><\/span><\/p>\n\n\n\n<p><\/p>\n\n\n\n<figure class=\"wp-block-image aligncenter\"><a href=\"http:\/\/fotosenderismo.com\/wordpress\/wp-content\/uploads\/2018\/05\/RELACIONADAS-1.jpg\"><img loading=\"lazy\" decoding=\"async\" width=\"261\" height=\"37\" src=\"http:\/\/fotosenderismo.com\/wordpress\/wp-content\/uploads\/2018\/05\/RELACIONADAS-1.jpg\" alt=\"\" class=\"wp-image-10460\"\/><\/a><\/figure>\n\n\n\n<p><\/p>\n\n\n\n<figure class=\"wp-block-embed aligncenter is-type-wp-embed is-provider-fotosenderismo-com wp-block-embed-fotosenderismo-com\"><div class=\"wp-block-embed__wrapper\">\n<blockquote class=\"wp-embedded-content\" data-secret=\"0nwKcHPU4U\"><a href=\"https:\/\/fotosenderismo.com\/wordpress\/index.php\/2017\/01\/07\/devesa-den-sala-meranges-puigpedros-1924-m\/\">Prat Llong (Meranges) Puigpedr\u00f3s (2914 m.)<\/a><\/blockquote><iframe loading=\"lazy\" class=\"wp-embedded-content\" sandbox=\"allow-scripts\" security=\"restricted\" style=\"position: absolute; clip: rect(1px, 1px, 1px, 1px);\" title=\"\u00abPrat Llong (Meranges) Puigpedr\u00f3s (2914 m.)\u00bb \u2014 FOTOSENDERISMO.COM\" src=\"https:\/\/fotosenderismo.com\/wordpress\/index.php\/2017\/01\/07\/devesa-den-sala-meranges-puigpedros-1924-m\/embed\/#?secret=AgV2ljXjOR#?secret=0nwKcHPU4U\" data-secret=\"0nwKcHPU4U\" width=\"600\" height=\"338\" frameborder=\"0\" marginwidth=\"0\" marginheight=\"0\" scrolling=\"no\"><\/iframe>\n<\/div><\/figure>\n\n\n\n<figure class=\"wp-block-embed aligncenter is-type-wp-embed is-provider-fotosenderismo-com wp-block-embed-fotosenderismo-com\"><div class=\"wp-block-embed__wrapper\">\n<blockquote class=\"wp-embedded-content\" data-secret=\"I3rcQYTc1r\"><a href=\"https:\/\/fotosenderismo.com\/wordpress\/index.php\/2016\/08\/21\/toes-caranca-ulldeter\/\">To\u00e8s, Caran\u00e7\u00e0, Ulldeter<\/a><\/blockquote><iframe loading=\"lazy\" class=\"wp-embedded-content\" sandbox=\"allow-scripts\" security=\"restricted\" style=\"position: absolute; clip: rect(1px, 1px, 1px, 1px);\" title=\"\u00abTo\u00e8s, Caran\u00e7\u00e0, Ulldeter\u00bb \u2014 FOTOSENDERISMO.COM\" src=\"https:\/\/fotosenderismo.com\/wordpress\/index.php\/2016\/08\/21\/toes-caranca-ulldeter\/embed\/#?secret=T0Y58NOjRM#?secret=I3rcQYTc1r\" data-secret=\"I3rcQYTc1r\" width=\"600\" height=\"338\" frameborder=\"0\" marginwidth=\"0\" marginheight=\"0\" scrolling=\"no\"><\/iframe>\n<\/div><\/figure>\n\n\n\n<figure class=\"wp-block-embed aligncenter is-type-wp-embed is-provider-fotosenderismo-com wp-block-embed-fotosenderismo-com\"><div class=\"wp-block-embed__wrapper\">\n<blockquote class=\"wp-embedded-content\" data-secret=\"jyf3crBe9K\"><a href=\"https:\/\/fotosenderismo.com\/wordpress\/index.php\/2017\/07\/23\/llo-nuria-eyne\/\">LLo, N\u00faria, Eyne<\/a><\/blockquote><iframe loading=\"lazy\" class=\"wp-embedded-content\" sandbox=\"allow-scripts\" security=\"restricted\" style=\"position: absolute; clip: rect(1px, 1px, 1px, 1px);\" title=\"\u00abLLo, N\u00faria, Eyne\u00bb \u2014 FOTOSENDERISMO.COM\" src=\"https:\/\/fotosenderismo.com\/wordpress\/index.php\/2017\/07\/23\/llo-nuria-eyne\/embed\/#?secret=JRSf6oD4Th#?secret=jyf3crBe9K\" data-secret=\"jyf3crBe9K\" width=\"600\" height=\"338\" frameborder=\"0\" marginwidth=\"0\" marginheight=\"0\" scrolling=\"no\"><\/iframe>\n<\/div><\/figure>\n","protected":false},"excerpt":{"rendered":"<p>Esta salida, de 12 de septiembre de 2012, ten\u00eda como objetivo subir a Puigpedr\u00f3s, de 2915 metros, pero el d\u00eda despu\u00e9s de pasar noche en Engorcs, hac\u00eda mucho viento y muy mal tiempo, por lo que decidimos cambiar la excursi\u00f3n. As\u00ed, en lugar de subir al pico, hicimos la traves\u00eda, que, faldeando la monta\u00f1a por el flanco sudoeste, une los refugios de Engorcs y Malniu. Evidentemente, la excursi\u00f3n no empez\u00f3 en Engorcs, sino, el d\u00eda antes, en un aparcamiento de Meranges. Desde all\u00ed fuimos en busca de la Valltova para subir a Engorcs. Desde Malniu, para volver a Meranges, fuimos a buscar un sendero cl\u00e1sico. Aunque en esta salida no se hizo lo proyectado, vale la pena por si misma. Si estamos por la zona y hace buen tiempo, puede ser una buena excursi\u00f3n para pasar el d\u00eda y entretenerse en la monta\u00f1a. He de recordar, como siempre, que estamos en alta monta\u00f1a y que hay que ir preparados para los imprevistos meteorol\u00f3gicos. La zona es estupenda, y los fotos hablan por si mismas, as\u00ed que no a\u00f1adir\u00e9 nada a ellas. <\/p>\n","protected":false},"author":1,"featured_media":1976,"comment_status":"open","ping_status":"closed","sticky":false,"template":"","format":"standard","meta":{"footnotes":""},"categories":[71,46,54,280,34,42,47,50],"tags":[163,187,98,177,223],"class_list":["post-378","post","type-post","status-publish","format-standard","has-post-thumbnail","hentry","category-cerdanya","category-girona","category-pirineo-de-gerona","category-202-entre-10-y-15-km","category-entre-500-y-1000-metros","category-senderismo","category-circular-tipo-de-recorrido","category-alta-montana","tag-d-1-documentos-adjuntos","tag-fotos-by-eduard","tag-98","tag-eduard","tag-track-en-wikiloc"],"_links":{"self":[{"href":"https:\/\/fotosenderismo.com\/wordpress\/index.php\/wp-json\/wp\/v2\/posts\/378","targetHints":{"allow":["GET"]}}],"collection":[{"href":"https:\/\/fotosenderismo.com\/wordpress\/index.php\/wp-json\/wp\/v2\/posts"}],"about":[{"href":"https:\/\/fotosenderismo.com\/wordpress\/index.php\/wp-json\/wp\/v2\/types\/post"}],"author":[{"embeddable":true,"href":"https:\/\/fotosenderismo.com\/wordpress\/index.php\/wp-json\/wp\/v2\/users\/1"}],"replies":[{"embeddable":true,"href":"https:\/\/fotosenderismo.com\/wordpress\/index.php\/wp-json\/wp\/v2\/comments?post=378"}],"version-history":[{"count":32,"href":"https:\/\/fotosenderismo.com\/wordpress\/index.php\/wp-json\/wp\/v2\/posts\/378\/revisions"}],"predecessor-version":[{"id":22547,"href":"https:\/\/fotosenderismo.com\/wordpress\/index.php\/wp-json\/wp\/v2\/posts\/378\/revisions\/22547"}],"wp:featuredmedia":[{"embeddable":true,"href":"https:\/\/fotosenderismo.com\/wordpress\/index.php\/wp-json\/wp\/v2\/media\/1976"}],"wp:attachment":[{"href":"https:\/\/fotosenderismo.com\/wordpress\/index.php\/wp-json\/wp\/v2\/media?parent=378"}],"wp:term":[{"taxonomy":"category","embeddable":true,"href":"https:\/\/fotosenderismo.com\/wordpress\/index.php\/wp-json\/wp\/v2\/categories?post=378"},{"taxonomy":"post_tag","embeddable":true,"href":"https:\/\/fotosenderismo.com\/wordpress\/index.php\/wp-json\/wp\/v2\/tags?post=378"}],"curies":[{"name":"wp","href":"https:\/\/api.w.org\/{rel}","templated":true}]}}