{"id":371,"date":"2014-06-11T13:38:16","date_gmt":"2014-06-11T13:38:16","guid":{"rendered":"http:\/\/fotosenderismo.com\/wordpress\/?p=371"},"modified":"2024-02-08T21:13:39","modified_gmt":"2024-02-08T21:13:39","slug":"ruta-dels-tres-pics-de-llanars-agudes-1980-sistra-1990-moscos-1742","status":"publish","type":"post","link":"https:\/\/fotosenderismo.com\/wordpress\/index.php\/2014\/06\/11\/ruta-dels-tres-pics-de-llanars-agudes-1980-sistra-1990-moscos-1742\/","title":{"rendered":"Ruta dels Tres Pics de Llanars (Agudes, 1980. Sistra, 1990. Mosc\u00f3s, 1742)"},"content":{"rendered":"\n<p><\/p>\n\n\n\n<figure class=\"wp-block-image aligncenter\"><a href=\"https:\/\/photos.app.goo.gl\/Zq14otP2FmtjggpE8\" target=\"_blank\" rel=\"noopener noreferrer\"><img loading=\"lazy\" decoding=\"async\" width=\"323\" height=\"134\" src=\"http:\/\/fotosenderismo.com\/wordpress\/wp-content\/uploads\/2017\/06\/FOTOS.jpg\" alt=\"\" class=\"wp-image-6576\" srcset=\"https:\/\/fotosenderismo.com\/wordpress\/wp-content\/uploads\/2017\/06\/FOTOS.jpg 323w, https:\/\/fotosenderismo.com\/wordpress\/wp-content\/uploads\/2017\/06\/FOTOS-300x124.jpg 300w\" sizes=\"auto, (max-width: 323px) 100vw, 323px\" \/><\/a><\/figure>\n\n\n\n<p><\/p>\n\n\n\n<figure class=\"wp-block-image aligncenter\"><a href=\"http:\/\/fotosenderismo.com\/wordpress\/wp-content\/uploads\/2014\/06\/Imagen33.jpg\" target=\"_blank\" rel=\"noopener noreferrer\"><img loading=\"lazy\" decoding=\"async\" width=\"1024\" height=\"746\" src=\"http:\/\/fotosenderismo.com\/wordpress\/wp-content\/uploads\/2014\/06\/Imagen33-1024x746.jpg\" alt=\"\" class=\"wp-image-14998\" srcset=\"https:\/\/fotosenderismo.com\/wordpress\/wp-content\/uploads\/2014\/06\/Imagen33-1024x746.jpg 1024w, https:\/\/fotosenderismo.com\/wordpress\/wp-content\/uploads\/2014\/06\/Imagen33-300x218.jpg 300w, https:\/\/fotosenderismo.com\/wordpress\/wp-content\/uploads\/2014\/06\/Imagen33-768x559.jpg 768w, https:\/\/fotosenderismo.com\/wordpress\/wp-content\/uploads\/2014\/06\/Imagen33-800x583.jpg 800w, https:\/\/fotosenderismo.com\/wordpress\/wp-content\/uploads\/2014\/06\/Imagen33.jpg 1225w\" sizes=\"auto, (max-width: 1024px) 100vw, 1024px\" \/><\/a><\/figure>\n\n\n\n<p><\/p>\n\n\n\n<figure><iframe loading=\"lazy\" src=\"https:\/\/ca.wikiloc.com\/wikiloc\/spatialArtifacts.do?event=view&amp;id=33647158&amp;measures=on&amp;title=on&amp;near=on&amp;images=on&amp;maptype=H\" width=\"1000\" height=\"1000\"><\/iframe><\/figure>\n\n\n\n<p>\nPowered by <a target=\"_blank\" href=\"https:\/\/ca.wikiloc.com\" rel=\"noreferrer noopener\">Wikiloc<\/a><\/p>\n\n\n\n<p><\/p>\n\n\n\n<p class=\"has-drop-cap has-very-light-gray-background-color has-background\"><span style=\"font-size: 14pt;\"><strong><span style=\"font-family: georgia,palatino,serif;\">No todas las salidas al Pirineo deben discurrir por los grandes picos, como el Bastiments o el Puigmal. Todas estas cumbres est\u00e1n custodiadas por picos menores que a veces no alcanzan los 2000 metros, pero que pueden ofrecernos muy buenas excursiones, con buenas vistas y tambi\u00e9n con buenas pendientes. Este es el caso de los tres picos de Llanars. En general, aunque esta salida es muy f\u00e1cil en condiciones clim\u00e1ticas normales, presenta <\/span><\/strong><\/span><span style=\"font-size: 14pt;\"><strong><span style=\"font-family: georgia,palatino,serif;\">dificultades para rastrear el camino en el \u00faltimo kil\u00f3metro y medio de bajada a Llanars (si se sigue el itinerario en sentido de las agujas del reloj). En esta \u00faltima zona el camino se difumina entre el matorral, cambia de a\u00f1o en a\u00f1o e incluso de estaci\u00f3n a estaci\u00f3n. A pesar de todo, el terreno no es impracticable. Tambi\u00e9n hay que desplazarse b<\/span><\/strong><\/span><span style=\"font-size: 14pt;\"><strong><span style=\"font-family: georgia,palatino,serif;\">osque a trav\u00e9s en Puig Sistra.<\/span><\/strong><\/span><\/p>\n\n\n\n<p><\/p>\n\n\n\n<figure class=\"wp-block-image aligncenter\"><a href=\"http:\/\/fotosenderismo.com\/wordpress\/wp-content\/uploads\/2014\/06\/tres-pics-llanars.jpg\" target=\"_blank\" rel=\"noopener noreferrer\"><img loading=\"lazy\" decoding=\"async\" width=\"1910\" height=\"1760\" src=\"http:\/\/fotosenderismo.com\/wordpress\/wp-content\/uploads\/2014\/06\/tres-pics-llanars.jpg\" alt=\"\" class=\"wp-image-11350\" srcset=\"https:\/\/fotosenderismo.com\/wordpress\/wp-content\/uploads\/2014\/06\/tres-pics-llanars.jpg 1910w, https:\/\/fotosenderismo.com\/wordpress\/wp-content\/uploads\/2014\/06\/tres-pics-llanars-300x276.jpg 300w, https:\/\/fotosenderismo.com\/wordpress\/wp-content\/uploads\/2014\/06\/tres-pics-llanars-768x708.jpg 768w, https:\/\/fotosenderismo.com\/wordpress\/wp-content\/uploads\/2014\/06\/tres-pics-llanars-1024x944.jpg 1024w, https:\/\/fotosenderismo.com\/wordpress\/wp-content\/uploads\/2014\/06\/tres-pics-llanars-800x737.jpg 800w\" sizes=\"auto, (max-width: 1910px) 100vw, 1910px\" \/><\/a><\/figure>\n\n\n\n<p><\/p>\n\n\n\n<figure class=\"wp-block-image aligncenter\"><a href=\"http:\/\/fotosenderismo.com\/wordpress\/wp-content\/uploads\/2016\/04\/tres-llanars-map.jpg\" target=\"_blank\" rel=\"noopener noreferrer\"><img loading=\"lazy\" decoding=\"async\" width=\"1920\" height=\"1041\" src=\"http:\/\/fotosenderismo.com\/wordpress\/wp-content\/uploads\/2016\/04\/tres-llanars-map.jpg\" alt=\"\" class=\"wp-image-7349\" srcset=\"https:\/\/fotosenderismo.com\/wordpress\/wp-content\/uploads\/2016\/04\/tres-llanars-map.jpg 1920w, https:\/\/fotosenderismo.com\/wordpress\/wp-content\/uploads\/2016\/04\/tres-llanars-map-300x163.jpg 300w, https:\/\/fotosenderismo.com\/wordpress\/wp-content\/uploads\/2016\/04\/tres-llanars-map-768x416.jpg 768w, https:\/\/fotosenderismo.com\/wordpress\/wp-content\/uploads\/2016\/04\/tres-llanars-map-1024x555.jpg 1024w, https:\/\/fotosenderismo.com\/wordpress\/wp-content\/uploads\/2016\/04\/tres-llanars-map-800x434.jpg 800w\" sizes=\"auto, (max-width: 1920px) 100vw, 1920px\" \/><\/a><\/figure>\n\n\n\n<p><\/p>\n\n\n\n<figure class=\"wp-block-image aligncenter\"><a href=\"http:\/\/fotosenderismo.com\/wordpress\/wp-content\/uploads\/2016\/04\/tres-llanars-3d.jpg\" target=\"_blank\" rel=\"noopener noreferrer\"><img loading=\"lazy\" decoding=\"async\" width=\"1920\" height=\"1080\" src=\"http:\/\/fotosenderismo.com\/wordpress\/wp-content\/uploads\/2016\/04\/tres-llanars-3d.jpg\" alt=\"\" class=\"wp-image-7350\" srcset=\"https:\/\/fotosenderismo.com\/wordpress\/wp-content\/uploads\/2016\/04\/tres-llanars-3d.jpg 1920w, https:\/\/fotosenderismo.com\/wordpress\/wp-content\/uploads\/2016\/04\/tres-llanars-3d-300x169.jpg 300w, https:\/\/fotosenderismo.com\/wordpress\/wp-content\/uploads\/2016\/04\/tres-llanars-3d-768x432.jpg 768w, https:\/\/fotosenderismo.com\/wordpress\/wp-content\/uploads\/2016\/04\/tres-llanars-3d-1024x576.jpg 1024w, https:\/\/fotosenderismo.com\/wordpress\/wp-content\/uploads\/2016\/04\/tres-llanars-3d-800x450.jpg 800w\" sizes=\"auto, (max-width: 1920px) 100vw, 1920px\" \/><\/a><\/figure>\n\n\n\n<p><\/p>\n\n\n\n<figure class=\"wp-block-image aligncenter\"><a href=\"http:\/\/fotosenderismo.com\/wordpress\/wp-content\/uploads\/2016\/04\/tres-llanars-earth.jpg\" target=\"_blank\" rel=\"noopener noreferrer\"><img loading=\"lazy\" decoding=\"async\" width=\"1920\" height=\"970\" src=\"http:\/\/fotosenderismo.com\/wordpress\/wp-content\/uploads\/2016\/04\/tres-llanars-earth.jpg\" alt=\"\" class=\"wp-image-7351\" srcset=\"https:\/\/fotosenderismo.com\/wordpress\/wp-content\/uploads\/2016\/04\/tres-llanars-earth.jpg 1920w, https:\/\/fotosenderismo.com\/wordpress\/wp-content\/uploads\/2016\/04\/tres-llanars-earth-300x152.jpg 300w, https:\/\/fotosenderismo.com\/wordpress\/wp-content\/uploads\/2016\/04\/tres-llanars-earth-768x388.jpg 768w, https:\/\/fotosenderismo.com\/wordpress\/wp-content\/uploads\/2016\/04\/tres-llanars-earth-1024x517.jpg 1024w, https:\/\/fotosenderismo.com\/wordpress\/wp-content\/uploads\/2016\/04\/tres-llanars-earth-800x404.jpg 800w\" sizes=\"auto, (max-width: 1920px) 100vw, 1920px\" \/><\/a><\/figure>\n\n\n\n<p><\/p>\n\n\n\n<figure class=\"wp-block-image\"><a href=\"http:\/\/fotosenderismo.com\/wordpress\/wp-content\/uploads\/2016\/04\/pics-llanars-perfil.jpg\" target=\"_blank\" rel=\"noopener noreferrer\"><img loading=\"lazy\" decoding=\"async\" width=\"1914\" height=\"485\" src=\"http:\/\/fotosenderismo.com\/wordpress\/wp-content\/uploads\/2016\/04\/pics-llanars-perfil.jpg\" alt=\"pics-llanars-perfil\" class=\"wp-image-2930\" srcset=\"https:\/\/fotosenderismo.com\/wordpress\/wp-content\/uploads\/2016\/04\/pics-llanars-perfil.jpg 1914w, https:\/\/fotosenderismo.com\/wordpress\/wp-content\/uploads\/2016\/04\/pics-llanars-perfil-300x76.jpg 300w, https:\/\/fotosenderismo.com\/wordpress\/wp-content\/uploads\/2016\/04\/pics-llanars-perfil-768x195.jpg 768w, https:\/\/fotosenderismo.com\/wordpress\/wp-content\/uploads\/2016\/04\/pics-llanars-perfil-1024x259.jpg 1024w, https:\/\/fotosenderismo.com\/wordpress\/wp-content\/uploads\/2016\/04\/pics-llanars-perfil-800x203.jpg 800w\" sizes=\"auto, (max-width: 1914px) 100vw, 1914px\" \/><\/a><\/figure>\n\n\n\n<p><\/p>\n\n\n\n<figure class=\"wp-block-image aligncenter\"><a href=\"http:\/\/fotosenderismo.com\/wordpress\/wp-content\/uploads\/2018\/05\/TERMINOS-DE-BUSQUEDA-1.jpg\"><img loading=\"lazy\" decoding=\"async\" width=\"260\" height=\"32\" src=\"http:\/\/fotosenderismo.com\/wordpress\/wp-content\/uploads\/2018\/05\/TERMINOS-DE-BUSQUEDA-1.jpg\" alt=\"\" class=\"wp-image-10461\"\/><\/a><\/figure>\n\n\n\n<p><\/p>\n\n\n\n<p class=\"has-text-align-center has-very-light-gray-background-color has-background\"><span style=\"font-size: 14pt;\"><strong><em><span style=\"font-family: georgia,palatino,serif;\">Camprodon, Llanars, Vilallonga de Ter, Setcases, Moll\u00f3, Agudes de Llanars, Puig Sistra, Puig Mosc\u00f3s, Serra De Falt\u00fas, Serra Meianers<\/span><\/em><\/strong><\/span><\/p>\n\n\n\n<p><\/p>\n\n\n\n<figure class=\"wp-block-image aligncenter\"><a href=\"http:\/\/fotosenderismo.com\/wordpress\/wp-content\/uploads\/2018\/05\/RELACIONADAS-1.jpg\"><img loading=\"lazy\" decoding=\"async\" width=\"261\" height=\"37\" src=\"http:\/\/fotosenderismo.com\/wordpress\/wp-content\/uploads\/2018\/05\/RELACIONADAS-1.jpg\" alt=\"\" class=\"wp-image-10460\"\/><\/a><\/figure>\n\n\n\n<p><\/p>\n\n\n\n<figure class=\"wp-block-embed aligncenter is-type-wp-embed is-provider-fotosenderismo-com wp-block-embed-fotosenderismo-com\"><div class=\"wp-block-embed__wrapper\">\n<blockquote class=\"wp-embedded-content\" data-secret=\"z3aIUIafB7\"><a href=\"https:\/\/fotosenderismo.com\/wordpress\/index.php\/2018\/06\/19\/setcases-vilallonga-de-ter-llanars\/\">Setcases, Vilallonga de Ter, Llanars<\/a><\/blockquote><iframe loading=\"lazy\" class=\"wp-embedded-content\" sandbox=\"allow-scripts\" security=\"restricted\" style=\"position: absolute; clip: rect(1px, 1px, 1px, 1px);\" title=\"\u00abSetcases, Vilallonga de Ter, Llanars\u00bb \u2014 FOTOSENDERISMO.COM\" src=\"https:\/\/fotosenderismo.com\/wordpress\/index.php\/2018\/06\/19\/setcases-vilallonga-de-ter-llanars\/embed\/#?secret=xiZDquyLG3#?secret=z3aIUIafB7\" data-secret=\"z3aIUIafB7\" width=\"600\" height=\"338\" frameborder=\"0\" marginwidth=\"0\" marginheight=\"0\" scrolling=\"no\"><\/iframe>\n<\/div><\/figure>\n","protected":false},"excerpt":{"rendered":"<p>No todas las salidas al Pirineo deben discurrir por los grandes picos, como el Bastiments o el Puigmal. Todas estas cumbres est\u00e1n custodiadas por picos menores que a veces no alcanzan los 2000 metros, pero que pueden ofrecernos muy buenas excursiones, con buenas vistas y tambi\u00e9n con buenas pendientes. Este es el caso de los tres picos de Llanars. En general, aunque esta salida es muy f\u00e1cil en condiciones clim\u00e1ticas normales, presenta dificultades para rastrear el camino en el \u00faltimo kil\u00f3metro y medio de bajada a Llanars (si se sigue el itinerario en sentido de las agujas del reloj). En esta \u00faltima zona el camino se difumina entre el matorral, cambia de a\u00f1o en a\u00f1o e incluso de estaci\u00f3n a estaci\u00f3n. A pesar de todo, el terreno no es impracticable. Tambi\u00e9n hay que desplazarse bosque a trav\u00e9s en Puig Sistra.<\/p>\n","protected":false},"author":1,"featured_media":1988,"comment_status":"open","ping_status":"closed","sticky":false,"template":"","format":"standard","meta":{"footnotes":""},"categories":[46,53,54,282,35,42,47,50],"tags":[187,98,198,223],"class_list":["post-371","post","type-post","status-publish","format-standard","has-post-thumbnail","hentry","category-girona","category-ripolles","category-pirineo-de-gerona","category-203-entre-20-y-25-km","category-entre-1000-y-1500-metros","category-senderismo","category-circular-tipo-de-recorrido","category-alta-montana","tag-fotos-by-eduard","tag-98","tag-track-by-douglas","tag-track-en-wikiloc"],"_links":{"self":[{"href":"https:\/\/fotosenderismo.com\/wordpress\/index.php\/wp-json\/wp\/v2\/posts\/371","targetHints":{"allow":["GET"]}}],"collection":[{"href":"https:\/\/fotosenderismo.com\/wordpress\/index.php\/wp-json\/wp\/v2\/posts"}],"about":[{"href":"https:\/\/fotosenderismo.com\/wordpress\/index.php\/wp-json\/wp\/v2\/types\/post"}],"author":[{"embeddable":true,"href":"https:\/\/fotosenderismo.com\/wordpress\/index.php\/wp-json\/wp\/v2\/users\/1"}],"replies":[{"embeddable":true,"href":"https:\/\/fotosenderismo.com\/wordpress\/index.php\/wp-json\/wp\/v2\/comments?post=371"}],"version-history":[{"count":46,"href":"https:\/\/fotosenderismo.com\/wordpress\/index.php\/wp-json\/wp\/v2\/posts\/371\/revisions"}],"predecessor-version":[{"id":22456,"href":"https:\/\/fotosenderismo.com\/wordpress\/index.php\/wp-json\/wp\/v2\/posts\/371\/revisions\/22456"}],"wp:featuredmedia":[{"embeddable":true,"href":"https:\/\/fotosenderismo.com\/wordpress\/index.php\/wp-json\/wp\/v2\/media\/1988"}],"wp:attachment":[{"href":"https:\/\/fotosenderismo.com\/wordpress\/index.php\/wp-json\/wp\/v2\/media?parent=371"}],"wp:term":[{"taxonomy":"category","embeddable":true,"href":"https:\/\/fotosenderismo.com\/wordpress\/index.php\/wp-json\/wp\/v2\/categories?post=371"},{"taxonomy":"post_tag","embeddable":true,"href":"https:\/\/fotosenderismo.com\/wordpress\/index.php\/wp-json\/wp\/v2\/tags?post=371"}],"curies":[{"name":"wp","href":"https:\/\/api.w.org\/{rel}","templated":true}]}}