{"id":3517,"date":"2006-08-31T21:18:26","date_gmt":"2006-08-31T21:18:26","guid":{"rendered":"http:\/\/fotosenderismo.com\/wordpress\/?p=3517"},"modified":"2024-02-13T21:06:28","modified_gmt":"2024-02-13T21:06:28","slug":"castellfollit-de-la-roca-castell-de-montagut","status":"publish","type":"post","link":"https:\/\/fotosenderismo.com\/wordpress\/index.php\/2006\/08\/31\/castellfollit-de-la-roca-castell-de-montagut\/","title":{"rendered":"Castellfollit de la Roca, Castell de Montagut"},"content":{"rendered":"\n<p><\/p>\n\n\n\n<figure class=\"wp-block-image aligncenter\"><a href=\"http:\/\/fotosenderismo.com\/wordpress\/wp-content\/uploads\/2016\/06\/castell-cos-datos.jpg\" target=\"_blank\" rel=\"noopener noreferrer\"><img loading=\"lazy\" decoding=\"async\" width=\"1081\" height=\"851\" src=\"http:\/\/fotosenderismo.com\/wordpress\/wp-content\/uploads\/2016\/06\/castell-cos-datos.jpg\" alt=\"\" class=\"wp-image-7788\" srcset=\"https:\/\/fotosenderismo.com\/wordpress\/wp-content\/uploads\/2016\/06\/castell-cos-datos.jpg 1081w, https:\/\/fotosenderismo.com\/wordpress\/wp-content\/uploads\/2016\/06\/castell-cos-datos-300x236.jpg 300w, https:\/\/fotosenderismo.com\/wordpress\/wp-content\/uploads\/2016\/06\/castell-cos-datos-768x605.jpg 768w, https:\/\/fotosenderismo.com\/wordpress\/wp-content\/uploads\/2016\/06\/castell-cos-datos-1024x806.jpg 1024w, https:\/\/fotosenderismo.com\/wordpress\/wp-content\/uploads\/2016\/06\/castell-cos-datos-800x630.jpg 800w\" sizes=\"auto, (max-width: 1081px) 100vw, 1081px\" \/><\/a><\/figure>\n\n\n\n<p><\/p>\n\n\n\n<figure class=\"wp-block-image aligncenter\"><a href=\"https:\/\/ca.wikiloc.com\/rutes-senderisme\/castellfollit-de-la-roca-castell-de-montagut-30567608\" target=\"_blank\" rel=\"noopener noreferrer\"><img loading=\"lazy\" decoding=\"async\" width=\"400\" height=\"52\" src=\"http:\/\/fotosenderismo.com\/wordpress\/wp-content\/uploads\/2012\/04\/track-wikiloc.jpg\" alt=\"\" class=\"wp-image-12413\" srcset=\"https:\/\/fotosenderismo.com\/wordpress\/wp-content\/uploads\/2012\/04\/track-wikiloc.jpg 400w, https:\/\/fotosenderismo.com\/wordpress\/wp-content\/uploads\/2012\/04\/track-wikiloc-300x39.jpg 300w\" sizes=\"auto, (max-width: 400px) 100vw, 400px\" \/><\/a><\/figure>\n\n\n\n<p><\/p>\n\n\n\n<p class=\"has-drop-cap has-very-light-gray-background-color has-background\"><strong><span style=\"font-size: 14pt; font-family: georgia, palatino, serif;\">Subida pedregosa hasta el castillo de Montagut, adornada por alg\u00fan canchal y hitos de piedras que casi podr\u00edamos calificar de esculturas. Ideal como matinal, sin ning\u00fan tipo de problema. Excelentes vistas desde el santuario de Cos.<\/span><\/strong><\/p>\n\n\n\n<p><\/p>\n\n\n\n<figure class=\"wp-block-image aligncenter\"><a href=\"http:\/\/fotosenderismo.com\/wordpress\/wp-content\/uploads\/2006\/08\/CASTELLFOLLIT-COS-MAPA.jpg\" target=\"_blank\" rel=\"noopener noreferrer\"><img loading=\"lazy\" decoding=\"async\" width=\"1920\" height=\"1080\" src=\"http:\/\/fotosenderismo.com\/wordpress\/wp-content\/uploads\/2006\/08\/CASTELLFOLLIT-COS-MAPA.jpg\" alt=\"\" class=\"wp-image-12497\" srcset=\"https:\/\/fotosenderismo.com\/wordpress\/wp-content\/uploads\/2006\/08\/CASTELLFOLLIT-COS-MAPA.jpg 1920w, https:\/\/fotosenderismo.com\/wordpress\/wp-content\/uploads\/2006\/08\/CASTELLFOLLIT-COS-MAPA-300x169.jpg 300w, https:\/\/fotosenderismo.com\/wordpress\/wp-content\/uploads\/2006\/08\/CASTELLFOLLIT-COS-MAPA-768x432.jpg 768w, https:\/\/fotosenderismo.com\/wordpress\/wp-content\/uploads\/2006\/08\/CASTELLFOLLIT-COS-MAPA-1024x576.jpg 1024w, https:\/\/fotosenderismo.com\/wordpress\/wp-content\/uploads\/2006\/08\/CASTELLFOLLIT-COS-MAPA-800x450.jpg 800w\" sizes=\"auto, (max-width: 1920px) 100vw, 1920px\" \/><\/a><\/figure>\n\n\n\n<p><\/p>\n\n\n\n<figure class=\"wp-block-image aligncenter\"><a href=\"http:\/\/fotosenderismo.com\/wordpress\/wp-content\/uploads\/2006\/08\/CASTELLFOLLIT-COS.jpg\" target=\"_blank\" rel=\"noopener noreferrer\"><img loading=\"lazy\" decoding=\"async\" width=\"1920\" height=\"1080\" src=\"http:\/\/fotosenderismo.com\/wordpress\/wp-content\/uploads\/2006\/08\/CASTELLFOLLIT-COS.jpg\" alt=\"\" class=\"wp-image-10957\" srcset=\"https:\/\/fotosenderismo.com\/wordpress\/wp-content\/uploads\/2006\/08\/CASTELLFOLLIT-COS.jpg 1920w, https:\/\/fotosenderismo.com\/wordpress\/wp-content\/uploads\/2006\/08\/CASTELLFOLLIT-COS-300x169.jpg 300w, https:\/\/fotosenderismo.com\/wordpress\/wp-content\/uploads\/2006\/08\/CASTELLFOLLIT-COS-768x432.jpg 768w, https:\/\/fotosenderismo.com\/wordpress\/wp-content\/uploads\/2006\/08\/CASTELLFOLLIT-COS-1024x576.jpg 1024w, https:\/\/fotosenderismo.com\/wordpress\/wp-content\/uploads\/2006\/08\/CASTELLFOLLIT-COS-800x450.jpg 800w\" sizes=\"auto, (max-width: 1920px) 100vw, 1920px\" \/><\/a><\/figure>\n\n\n\n<p><\/p>\n\n\n\n<figure class=\"wp-block-image\"><a href=\"http:\/\/fotosenderismo.com\/wordpress\/wp-content\/uploads\/2016\/06\/CASTELLFOLLIT-CASTELL-DE-MONTAGUT-MAP.jpg\" target=\"_blank\" rel=\"noopener noreferrer\"><img loading=\"lazy\" decoding=\"async\" width=\"1860\" height=\"912\" src=\"http:\/\/fotosenderismo.com\/wordpress\/wp-content\/uploads\/2016\/06\/CASTELLFOLLIT-CASTELL-DE-MONTAGUT-MAP.jpg\" alt=\"CASTELLFOLLIT-CASTELL-DE-MONTAGUT-MAP\" class=\"wp-image-3518\" srcset=\"https:\/\/fotosenderismo.com\/wordpress\/wp-content\/uploads\/2016\/06\/CASTELLFOLLIT-CASTELL-DE-MONTAGUT-MAP.jpg 1860w, https:\/\/fotosenderismo.com\/wordpress\/wp-content\/uploads\/2016\/06\/CASTELLFOLLIT-CASTELL-DE-MONTAGUT-MAP-300x147.jpg 300w, https:\/\/fotosenderismo.com\/wordpress\/wp-content\/uploads\/2016\/06\/CASTELLFOLLIT-CASTELL-DE-MONTAGUT-MAP-768x377.jpg 768w, https:\/\/fotosenderismo.com\/wordpress\/wp-content\/uploads\/2016\/06\/CASTELLFOLLIT-CASTELL-DE-MONTAGUT-MAP-1024x502.jpg 1024w, https:\/\/fotosenderismo.com\/wordpress\/wp-content\/uploads\/2016\/06\/CASTELLFOLLIT-CASTELL-DE-MONTAGUT-MAP-800x392.jpg 800w\" sizes=\"auto, (max-width: 1860px) 100vw, 1860px\" \/><\/a><\/figure>\n\n\n\n<p><\/p>\n\n\n\n<figure class=\"wp-block-image\"><a href=\"http:\/\/fotosenderismo.com\/wordpress\/wp-content\/uploads\/2016\/06\/CASTELLFOLLIT-CASTELL-DE-MONTAGUT-3D.jpg\" target=\"_blank\" rel=\"noopener noreferrer\"><img loading=\"lazy\" decoding=\"async\" width=\"1855\" height=\"914\" src=\"http:\/\/fotosenderismo.com\/wordpress\/wp-content\/uploads\/2016\/06\/CASTELLFOLLIT-CASTELL-DE-MONTAGUT-3D.jpg\" alt=\"CASTELLFOLLIT-CASTELL-DE-MONTAGUT-3D\" class=\"wp-image-3519\" srcset=\"https:\/\/fotosenderismo.com\/wordpress\/wp-content\/uploads\/2016\/06\/CASTELLFOLLIT-CASTELL-DE-MONTAGUT-3D.jpg 1855w, https:\/\/fotosenderismo.com\/wordpress\/wp-content\/uploads\/2016\/06\/CASTELLFOLLIT-CASTELL-DE-MONTAGUT-3D-300x148.jpg 300w, https:\/\/fotosenderismo.com\/wordpress\/wp-content\/uploads\/2016\/06\/CASTELLFOLLIT-CASTELL-DE-MONTAGUT-3D-768x378.jpg 768w, https:\/\/fotosenderismo.com\/wordpress\/wp-content\/uploads\/2016\/06\/CASTELLFOLLIT-CASTELL-DE-MONTAGUT-3D-1024x505.jpg 1024w, https:\/\/fotosenderismo.com\/wordpress\/wp-content\/uploads\/2016\/06\/CASTELLFOLLIT-CASTELL-DE-MONTAGUT-3D-800x394.jpg 800w\" sizes=\"auto, (max-width: 1855px) 100vw, 1855px\" \/><\/a><\/figure>\n\n\n\n<p><\/p>\n\n\n\n<figure class=\"wp-block-image\"><a href=\"http:\/\/fotosenderismo.com\/wordpress\/wp-content\/uploads\/2016\/06\/castellfollit-castell-montagut.jpg\" target=\"_blank\" rel=\"noopener noreferrer\"><img loading=\"lazy\" decoding=\"async\" width=\"1903\" height=\"946\" src=\"http:\/\/fotosenderismo.com\/wordpress\/wp-content\/uploads\/2016\/06\/castellfollit-castell-montagut.jpg\" alt=\"castellfollit-castell-montagut\" class=\"wp-image-4030\" srcset=\"https:\/\/fotosenderismo.com\/wordpress\/wp-content\/uploads\/2016\/06\/castellfollit-castell-montagut.jpg 1903w, https:\/\/fotosenderismo.com\/wordpress\/wp-content\/uploads\/2016\/06\/castellfollit-castell-montagut-300x149.jpg 300w, https:\/\/fotosenderismo.com\/wordpress\/wp-content\/uploads\/2016\/06\/castellfollit-castell-montagut-768x382.jpg 768w, https:\/\/fotosenderismo.com\/wordpress\/wp-content\/uploads\/2016\/06\/castellfollit-castell-montagut-1024x509.jpg 1024w, https:\/\/fotosenderismo.com\/wordpress\/wp-content\/uploads\/2016\/06\/castellfollit-castell-montagut-800x398.jpg 800w\" sizes=\"auto, (max-width: 1903px) 100vw, 1903px\" \/><\/a><\/figure>\n\n\n\n<p><\/p>\n\n\n\n<figure class=\"wp-block-image aligncenter\"><a href=\"http:\/\/fotosenderismo.com\/wordpress\/wp-content\/uploads\/2016\/06\/CASTELLFOLLIT-CASTELL-DE-MONTAGUT-PERFIL.jpg\" target=\"_blank\" rel=\"noopener noreferrer\"><img loading=\"lazy\" decoding=\"async\" width=\"1914\" height=\"430\" src=\"http:\/\/fotosenderismo.com\/wordpress\/wp-content\/uploads\/2016\/06\/CASTELLFOLLIT-CASTELL-DE-MONTAGUT-PERFIL.jpg\" alt=\"CASTELLFOLLIT-CASTELL-DE-MONTAGUT-PERFIL\" class=\"wp-image-3520\" srcset=\"https:\/\/fotosenderismo.com\/wordpress\/wp-content\/uploads\/2016\/06\/CASTELLFOLLIT-CASTELL-DE-MONTAGUT-PERFIL.jpg 1914w, https:\/\/fotosenderismo.com\/wordpress\/wp-content\/uploads\/2016\/06\/CASTELLFOLLIT-CASTELL-DE-MONTAGUT-PERFIL-300x67.jpg 300w, https:\/\/fotosenderismo.com\/wordpress\/wp-content\/uploads\/2016\/06\/CASTELLFOLLIT-CASTELL-DE-MONTAGUT-PERFIL-768x173.jpg 768w, https:\/\/fotosenderismo.com\/wordpress\/wp-content\/uploads\/2016\/06\/CASTELLFOLLIT-CASTELL-DE-MONTAGUT-PERFIL-1024x230.jpg 1024w, https:\/\/fotosenderismo.com\/wordpress\/wp-content\/uploads\/2016\/06\/CASTELLFOLLIT-CASTELL-DE-MONTAGUT-PERFIL-800x180.jpg 800w\" sizes=\"auto, (max-width: 1914px) 100vw, 1914px\" \/><\/a><\/figure>\n\n\n\n<p><\/p>\n\n\n\n<figure class=\"wp-block-image aligncenter\"><a href=\"http:\/\/fotosenderismo.com\/wordpress\/wp-content\/uploads\/2018\/03\/TERMINOS-DE-BUSQUEDA.jpg\"><img loading=\"lazy\" decoding=\"async\" width=\"302\" height=\"46\" src=\"http:\/\/fotosenderismo.com\/wordpress\/wp-content\/uploads\/2018\/03\/TERMINOS-DE-BUSQUEDA.jpg\" alt=\"\" class=\"wp-image-10151\" srcset=\"https:\/\/fotosenderismo.com\/wordpress\/wp-content\/uploads\/2018\/03\/TERMINOS-DE-BUSQUEDA.jpg 302w, https:\/\/fotosenderismo.com\/wordpress\/wp-content\/uploads\/2018\/03\/TERMINOS-DE-BUSQUEDA-300x46.jpg 300w\" sizes=\"auto, (max-width: 302px) 100vw, 302px\" \/><\/a><\/figure>\n\n\n\n<p><\/p>\n\n\n\n<p class=\"has-text-align-center has-very-light-gray-background-color has-background\"><span style=\"font-size: 10pt;\"><em><span style=\"text-decoration: underline;\"><strong><span style=\"font-family: georgia,palatino,serif;\"><\/span><\/strong><\/span><\/em><\/span><strong><span style=\"font-size: 14pt;\"><em><span style=\"font-family: georgia,palatino,serif;\">Castellfollit de la Roca, Castell de Montagut, Muntanya del C\u00f3s<\/span><\/em><\/span><\/strong><\/p>\n\n\n\n<p><\/p>\n\n\n\n<figure class=\"wp-block-image aligncenter\"><a href=\"http:\/\/fotosenderismo.com\/wordpress\/wp-content\/uploads\/2018\/03\/RELACIONADAS.jpg\"><img loading=\"lazy\" decoding=\"async\" width=\"311\" height=\"48\" src=\"http:\/\/fotosenderismo.com\/wordpress\/wp-content\/uploads\/2018\/03\/RELACIONADAS.jpg\" alt=\"\" class=\"wp-image-10152\" srcset=\"https:\/\/fotosenderismo.com\/wordpress\/wp-content\/uploads\/2018\/03\/RELACIONADAS.jpg 311w, https:\/\/fotosenderismo.com\/wordpress\/wp-content\/uploads\/2018\/03\/RELACIONADAS-300x46.jpg 300w\" sizes=\"auto, (max-width: 311px) 100vw, 311px\" \/><\/a><\/figure>\n\n\n\n<p><\/p>\n\n\n\n<figure class=\"wp-block-embed aligncenter is-type-wp-embed is-provider-fotosenderismo-com wp-block-embed-fotosenderismo-com\"><div class=\"wp-block-embed__wrapper\">\n<blockquote class=\"wp-embedded-content\" data-secret=\"YlNSwRTSfO\"><a href=\"https:\/\/fotosenderismo.com\/wordpress\/index.php\/2018\/04\/06\/montagut-mare-de-deu-del-cos-castellfollit-de-la-roca\/\">Montagut, Mare de D\u00e9u del C\u00f3s, Castellfollit de la Roca<\/a><\/blockquote><iframe loading=\"lazy\" class=\"wp-embedded-content\" sandbox=\"allow-scripts\" security=\"restricted\" style=\"position: absolute; clip: rect(1px, 1px, 1px, 1px);\" title=\"\u00abMontagut, Mare de D\u00e9u del C\u00f3s, Castellfollit de la Roca\u00bb \u2014 FOTOSENDERISMO.COM\" src=\"https:\/\/fotosenderismo.com\/wordpress\/index.php\/2018\/04\/06\/montagut-mare-de-deu-del-cos-castellfollit-de-la-roca\/embed\/#?secret=3uPDeWEwHS#?secret=YlNSwRTSfO\" data-secret=\"YlNSwRTSfO\" width=\"600\" height=\"338\" frameborder=\"0\" marginwidth=\"0\" marginheight=\"0\" scrolling=\"no\"><\/iframe>\n<\/div><\/figure>\n\n\n\n<figure class=\"wp-block-embed aligncenter is-type-wp-embed is-provider-fotosenderismo-com wp-block-embed-fotosenderismo-com\"><div class=\"wp-block-embed__wrapper\">\n<blockquote class=\"wp-embedded-content\" data-secret=\"UixS4ra9Zc\"><a href=\"https:\/\/fotosenderismo.com\/wordpress\/index.php\/2018\/03\/15\/castellfollit-baumes-de-carxuma-santuari-de-la-devesa-santuari-de-mont-ros\/\">Castellfollit, Baumes de Carxuma, Santuari de la Devesa, Santuari de Mont-ros<\/a><\/blockquote><iframe loading=\"lazy\" class=\"wp-embedded-content\" sandbox=\"allow-scripts\" security=\"restricted\" style=\"position: absolute; clip: rect(1px, 1px, 1px, 1px);\" title=\"\u00abCastellfollit, Baumes de Carxuma, Santuari de la Devesa, Santuari de Mont-ros\u00bb \u2014 FOTOSENDERISMO.COM\" src=\"https:\/\/fotosenderismo.com\/wordpress\/index.php\/2018\/03\/15\/castellfollit-baumes-de-carxuma-santuari-de-la-devesa-santuari-de-mont-ros\/embed\/#?secret=SBp3vxbXTa#?secret=UixS4ra9Zc\" data-secret=\"UixS4ra9Zc\" width=\"600\" height=\"338\" frameborder=\"0\" marginwidth=\"0\" marginheight=\"0\" scrolling=\"no\"><\/iframe>\n<\/div><\/figure>\n\n\n\n<figure class=\"wp-block-embed aligncenter is-type-wp-embed is-provider-fotosenderismo-com wp-block-embed-fotosenderismo-com\"><div class=\"wp-block-embed__wrapper\">\n<blockquote class=\"wp-embedded-content\" data-secret=\"xSIu8Kb1no\"><a href=\"https:\/\/fotosenderismo.com\/wordpress\/index.php\/2018\/03\/21\/castellfollit-de-la-roca-muntanya-del-cos-santuari-del-cos\/\">Castellfollit de la Roca, Muntanya del C\u00f3s, Santuari del C\u00f3s<\/a><\/blockquote><iframe loading=\"lazy\" class=\"wp-embedded-content\" sandbox=\"allow-scripts\" security=\"restricted\" style=\"position: absolute; clip: rect(1px, 1px, 1px, 1px);\" title=\"\u00abCastellfollit de la Roca, Muntanya del C\u00f3s, Santuari del C\u00f3s\u00bb \u2014 FOTOSENDERISMO.COM\" src=\"https:\/\/fotosenderismo.com\/wordpress\/index.php\/2018\/03\/21\/castellfollit-de-la-roca-muntanya-del-cos-santuari-del-cos\/embed\/#?secret=engHhoQOYY#?secret=xSIu8Kb1no\" data-secret=\"xSIu8Kb1no\" width=\"600\" height=\"338\" frameborder=\"0\" marginwidth=\"0\" marginheight=\"0\" scrolling=\"no\"><\/iframe>\n<\/div><\/figure>\n","protected":false},"excerpt":{"rendered":"<p>Subida pedregosa hasta el castillo de Montagut, adornada por alg\u00fan canchal y hitos de piedras que casi podr\u00edamos calificar de esculturas. Ideal como matinal, sin ning\u00fan tipo de problema. Excelentes vistas desde el santuario de Cos.<\/p>\n","protected":false},"author":1,"featured_media":3522,"comment_status":"open","ping_status":"closed","sticky":false,"template":"","format":"standard","meta":{"footnotes":""},"categories":[45,46,49,143,288,33,123,42,55,60],"tags":[274,177,223],"class_list":["post-3517","post","type-post","status-publish","format-standard","has-post-thumbnail","hentry","category-garrotxa","category-girona","category-alta-garrotxa","category-1-5-volcanes","category-201-entre-5-y-10-km","category-menos-de-500","category-4-2-pequeno-recorrido","category-senderismo","category-ida-y-vuelta","category-baja-montana-o-tierras-a-media-altitud","tag-no-fotos","tag-eduard","tag-track-en-wikiloc"],"_links":{"self":[{"href":"https:\/\/fotosenderismo.com\/wordpress\/index.php\/wp-json\/wp\/v2\/posts\/3517","targetHints":{"allow":["GET"]}}],"collection":[{"href":"https:\/\/fotosenderismo.com\/wordpress\/index.php\/wp-json\/wp\/v2\/posts"}],"about":[{"href":"https:\/\/fotosenderismo.com\/wordpress\/index.php\/wp-json\/wp\/v2\/types\/post"}],"author":[{"embeddable":true,"href":"https:\/\/fotosenderismo.com\/wordpress\/index.php\/wp-json\/wp\/v2\/users\/1"}],"replies":[{"embeddable":true,"href":"https:\/\/fotosenderismo.com\/wordpress\/index.php\/wp-json\/wp\/v2\/comments?post=3517"}],"version-history":[{"count":21,"href":"https:\/\/fotosenderismo.com\/wordpress\/index.php\/wp-json\/wp\/v2\/posts\/3517\/revisions"}],"predecessor-version":[{"id":22733,"href":"https:\/\/fotosenderismo.com\/wordpress\/index.php\/wp-json\/wp\/v2\/posts\/3517\/revisions\/22733"}],"wp:featuredmedia":[{"embeddable":true,"href":"https:\/\/fotosenderismo.com\/wordpress\/index.php\/wp-json\/wp\/v2\/media\/3522"}],"wp:attachment":[{"href":"https:\/\/fotosenderismo.com\/wordpress\/index.php\/wp-json\/wp\/v2\/media?parent=3517"}],"wp:term":[{"taxonomy":"category","embeddable":true,"href":"https:\/\/fotosenderismo.com\/wordpress\/index.php\/wp-json\/wp\/v2\/categories?post=3517"},{"taxonomy":"post_tag","embeddable":true,"href":"https:\/\/fotosenderismo.com\/wordpress\/index.php\/wp-json\/wp\/v2\/tags?post=3517"}],"curies":[{"name":"wp","href":"https:\/\/api.w.org\/{rel}","templated":true}]}}