{"id":315,"date":"2010-05-11T07:28:30","date_gmt":"2010-05-11T07:28:30","guid":{"rendered":"http:\/\/fotosenderismo.com\/wordpress\/?p=315"},"modified":"2024-02-13T15:28:00","modified_gmt":"2024-02-13T15:28:00","slug":"macanet-de-cabrenys-pic-moixer","status":"publish","type":"post","link":"https:\/\/fotosenderismo.com\/wordpress\/index.php\/2010\/05\/11\/macanet-de-cabrenys-pic-moixer\/","title":{"rendered":"Ma\u00e7anet de Cabrenys, les Salines (1446 m), pic Moixer (1143 m)"},"content":{"rendered":"\n<figure class=\"wp-block-image aligncenter\"><a href=\"http:\/\/fotosenderismo.com\/wordpress\/wp-content\/uploads\/2016\/04\/salines-datos.jpg\" target=\"_blank\" rel=\"noopener noreferrer\"><img loading=\"lazy\" decoding=\"async\" width=\"1178\" height=\"864\" src=\"http:\/\/fotosenderismo.com\/wordpress\/wp-content\/uploads\/2016\/04\/salines-datos.jpg\" alt=\"\" class=\"wp-image-8128\" srcset=\"https:\/\/fotosenderismo.com\/wordpress\/wp-content\/uploads\/2016\/04\/salines-datos.jpg 1178w, https:\/\/fotosenderismo.com\/wordpress\/wp-content\/uploads\/2016\/04\/salines-datos-300x220.jpg 300w, https:\/\/fotosenderismo.com\/wordpress\/wp-content\/uploads\/2016\/04\/salines-datos-768x563.jpg 768w, https:\/\/fotosenderismo.com\/wordpress\/wp-content\/uploads\/2016\/04\/salines-datos-1024x751.jpg 1024w, https:\/\/fotosenderismo.com\/wordpress\/wp-content\/uploads\/2016\/04\/salines-datos-800x587.jpg 800w\" sizes=\"auto, (max-width: 1178px) 100vw, 1178px\" \/><\/a><\/figure>\n\n\n\n<p><\/p>\n\n\n\n<figure class=\"wp-block-image aligncenter\"><a href=\"https:\/\/ca.wikiloc.com\/rutes-senderisme\/macanet-de-cabrenys-les-salines-1446-m-pic-moixer-1143-m-30913144\" target=\"_blank\" rel=\"noopener noreferrer\"><img loading=\"lazy\" decoding=\"async\" width=\"400\" height=\"52\" src=\"http:\/\/fotosenderismo.com\/wordpress\/wp-content\/uploads\/2010\/05\/track-wikiloc.jpg\" alt=\"\" class=\"wp-image-12734\" srcset=\"https:\/\/fotosenderismo.com\/wordpress\/wp-content\/uploads\/2010\/05\/track-wikiloc.jpg 400w, https:\/\/fotosenderismo.com\/wordpress\/wp-content\/uploads\/2010\/05\/track-wikiloc-300x39.jpg 300w\" sizes=\"auto, (max-width: 400px) 100vw, 400px\" \/><\/a><\/figure>\n\n\n\n<p><\/p>\n\n\n\n<p class=\"has-drop-cap has-very-light-gray-background-color has-background\"><strong><span style=\"font-size: 14pt; font-family: georgia, palatino, serif;\">Salida del 11 de mayo de 2010. Asciende por la pista que lleva hasta el Moixer atravesando la Solana de Can Seguer, els Boscos del Seris, la Riera d\u2019Ardenya (casi a 1000 metros) y hasta el Coll de Pous. Sin dejar la pista alcanzamos el Moixer, de 1443 metros, y ya, cresteando por rocas, el Roc de Comptador, de 1450 metros y pico m\u00e1s alto de l\u2019Empord\u00e0. Para regresar, volvemos sobre nuestros pasos hasta el Coll de Pous y alli tomamos el sendero que nos devolver\u00e1 a Ma\u00e7anet de Cabrenys pasando por el santuario de la Mare de D\u00e9u de les Salines. El camino de bajada es empinado y abrupto, pero a partir de los 800 metros de altitud enlazamos con una pista que iremos cruzando en diagonal. A partir de los 700 metros de altitud ya no la abandonaremos. Pasaremos entre els Camp de les Casotes y les Roqueteres del Quint\u00e0 y de forma paralela a la Riera d\u2019Ardenya. As\u00ed, poco a poco, nos aproximaremos al punto final y de partida.<\/span><\/strong><\/p>\n\n\n\n<p><\/p>\n\n\n\n<figure class=\"wp-block-image aligncenter\"><a href=\"http:\/\/fotosenderismo.com\/wordpress\/wp-content\/uploads\/2010\/05\/MACANET-SALINES.jpg\" target=\"_blank\" rel=\"noopener noreferrer\"><img loading=\"lazy\" decoding=\"async\" width=\"1080\" height=\"1920\" src=\"http:\/\/fotosenderismo.com\/wordpress\/wp-content\/uploads\/2010\/05\/MACANET-SALINES.jpg\" alt=\"\" class=\"wp-image-11170\" srcset=\"https:\/\/fotosenderismo.com\/wordpress\/wp-content\/uploads\/2010\/05\/MACANET-SALINES.jpg 1080w, https:\/\/fotosenderismo.com\/wordpress\/wp-content\/uploads\/2010\/05\/MACANET-SALINES-169x300.jpg 169w, https:\/\/fotosenderismo.com\/wordpress\/wp-content\/uploads\/2010\/05\/MACANET-SALINES-768x1365.jpg 768w, https:\/\/fotosenderismo.com\/wordpress\/wp-content\/uploads\/2010\/05\/MACANET-SALINES-576x1024.jpg 576w, https:\/\/fotosenderismo.com\/wordpress\/wp-content\/uploads\/2010\/05\/MACANET-SALINES-800x1422.jpg 800w\" sizes=\"auto, (max-width: 1080px) 100vw, 1080px\" \/><\/a><\/figure>\n\n\n\n<p><\/p>\n\n\n\n<figure class=\"wp-block-image aligncenter\"><a href=\"http:\/\/fotosenderismo.com\/wordpress\/wp-content\/uploads\/2016\/04\/salines-map.jpg\" target=\"_blank\" rel=\"noopener noreferrer\"><img loading=\"lazy\" decoding=\"async\" width=\"1920\" height=\"1080\" src=\"http:\/\/fotosenderismo.com\/wordpress\/wp-content\/uploads\/2016\/04\/salines-map.jpg\" alt=\"\" class=\"wp-image-8129\" srcset=\"https:\/\/fotosenderismo.com\/wordpress\/wp-content\/uploads\/2016\/04\/salines-map.jpg 1920w, https:\/\/fotosenderismo.com\/wordpress\/wp-content\/uploads\/2016\/04\/salines-map-300x169.jpg 300w, https:\/\/fotosenderismo.com\/wordpress\/wp-content\/uploads\/2016\/04\/salines-map-768x432.jpg 768w, https:\/\/fotosenderismo.com\/wordpress\/wp-content\/uploads\/2016\/04\/salines-map-1024x576.jpg 1024w, https:\/\/fotosenderismo.com\/wordpress\/wp-content\/uploads\/2016\/04\/salines-map-800x450.jpg 800w\" sizes=\"auto, (max-width: 1920px) 100vw, 1920px\" \/><\/a><\/figure>\n\n\n\n<p><\/p>\n\n\n\n<figure class=\"wp-block-image\"><a href=\"http:\/\/fotosenderismo.com\/wordpress\/wp-content\/uploads\/2016\/04\/cabrenys-3d.jpg\" target=\"_blank\" rel=\"noopener noreferrer\"><img loading=\"lazy\" decoding=\"async\" width=\"1863\" height=\"911\" src=\"http:\/\/fotosenderismo.com\/wordpress\/wp-content\/uploads\/2016\/04\/cabrenys-3d.jpg\" alt=\"cabrenys-3d\" class=\"wp-image-4222\" srcset=\"https:\/\/fotosenderismo.com\/wordpress\/wp-content\/uploads\/2016\/04\/cabrenys-3d.jpg 1863w, https:\/\/fotosenderismo.com\/wordpress\/wp-content\/uploads\/2016\/04\/cabrenys-3d-300x147.jpg 300w, https:\/\/fotosenderismo.com\/wordpress\/wp-content\/uploads\/2016\/04\/cabrenys-3d-768x376.jpg 768w, https:\/\/fotosenderismo.com\/wordpress\/wp-content\/uploads\/2016\/04\/cabrenys-3d-1024x501.jpg 1024w, https:\/\/fotosenderismo.com\/wordpress\/wp-content\/uploads\/2016\/04\/cabrenys-3d-800x391.jpg 800w\" sizes=\"auto, (max-width: 1863px) 100vw, 1863px\" \/><\/a><\/figure>\n\n\n\n<p><\/p>\n\n\n\n<figure class=\"wp-block-image\"><a href=\"http:\/\/fotosenderismo.com\/wordpress\/wp-content\/uploads\/2016\/04\/cabrenys-earth.jpg\" target=\"_blank\" rel=\"noopener noreferrer\"><img loading=\"lazy\" decoding=\"async\" width=\"1893\" height=\"960\" src=\"http:\/\/fotosenderismo.com\/wordpress\/wp-content\/uploads\/2016\/04\/cabrenys-earth.jpg\" alt=\"cabrenys-earth\" class=\"wp-image-4225\" srcset=\"https:\/\/fotosenderismo.com\/wordpress\/wp-content\/uploads\/2016\/04\/cabrenys-earth.jpg 1893w, https:\/\/fotosenderismo.com\/wordpress\/wp-content\/uploads\/2016\/04\/cabrenys-earth-300x152.jpg 300w, https:\/\/fotosenderismo.com\/wordpress\/wp-content\/uploads\/2016\/04\/cabrenys-earth-768x389.jpg 768w, https:\/\/fotosenderismo.com\/wordpress\/wp-content\/uploads\/2016\/04\/cabrenys-earth-1024x519.jpg 1024w, https:\/\/fotosenderismo.com\/wordpress\/wp-content\/uploads\/2016\/04\/cabrenys-earth-800x406.jpg 800w\" sizes=\"auto, (max-width: 1893px) 100vw, 1893px\" \/><\/a><\/figure>\n\n\n\n<p><\/p>\n\n\n\n<figure class=\"wp-block-image\"><a href=\"http:\/\/fotosenderismo.com\/wordpress\/wp-content\/uploads\/2016\/04\/perthus-neulos-perfil-1.jpg\" target=\"_blank\" rel=\"noopener noreferrer\"><img loading=\"lazy\" decoding=\"async\" width=\"1908\" height=\"489\" src=\"http:\/\/fotosenderismo.com\/wordpress\/wp-content\/uploads\/2016\/04\/perthus-neulos-perfil-1.jpg\" alt=\"perthus-neulos-perfil\" class=\"wp-image-2982\" srcset=\"https:\/\/fotosenderismo.com\/wordpress\/wp-content\/uploads\/2016\/04\/perthus-neulos-perfil-1.jpg 1908w, https:\/\/fotosenderismo.com\/wordpress\/wp-content\/uploads\/2016\/04\/perthus-neulos-perfil-1-300x77.jpg 300w, https:\/\/fotosenderismo.com\/wordpress\/wp-content\/uploads\/2016\/04\/perthus-neulos-perfil-1-768x197.jpg 768w, https:\/\/fotosenderismo.com\/wordpress\/wp-content\/uploads\/2016\/04\/perthus-neulos-perfil-1-1024x262.jpg 1024w, https:\/\/fotosenderismo.com\/wordpress\/wp-content\/uploads\/2016\/04\/perthus-neulos-perfil-1-800x205.jpg 800w\" sizes=\"auto, (max-width: 1908px) 100vw, 1908px\" \/><\/a><\/figure>\n\n\n\n<p><\/p>\n\n\n\n<figure class=\"wp-block-image aligncenter\"><a href=\"http:\/\/fotosenderismo.com\/wordpress\/wp-content\/uploads\/2018\/05\/TERMINOS-DE-BUSQUEDA-1.jpg\"><img loading=\"lazy\" decoding=\"async\" width=\"260\" height=\"32\" src=\"http:\/\/fotosenderismo.com\/wordpress\/wp-content\/uploads\/2018\/05\/TERMINOS-DE-BUSQUEDA-1.jpg\" alt=\"\" class=\"wp-image-10461\"\/><\/a><\/figure>\n\n\n\n<p><\/p>\n\n\n\n<p class=\"has-text-align-center has-very-light-gray-background-color has-background\"><span style=\"font-family: georgia,palatino,serif; font-size: 10pt;\"><em><strong><\/strong><\/em><\/span><span style=\"font-family: georgia, palatino, serif; font-size: 14pt;\"><em><strong><u>Ma\u00e7anet de Cabrenys, Les Salines, Moixer, Roc de la Frausa<\/u><\/strong><\/em><\/span><\/p>\n","protected":false},"excerpt":{"rendered":"<p>Salida del 11 de mayo de 2010. Asciende por la pista que lleva hasta el Moixer atravesando la Solana de Can Seguer, els Boscos del Seris, la Riera d\u2019Ardenya (casi a 1000 metros) y hasta el Coll de Pous. Sin dejar la pista alcanzamos el Moixer, de 1443 metros, y ya, cresteando por rocas, el Roc de Comptador, de 1450 metros y pico m\u00e1s alto de l\u2019Empord\u00e0. Para regresar, volvemos sobre nuestros pasos hasta el Coll de Pous y alli tomamos el sendero que nos devolver\u00e1 a Ma\u00e7anet de Cabrenys pasando por el santuario de la Mare de D\u00e9u de les Salines. El camino de bajada es empinado y abrupto, pero a partir de los 800 metros de altitud enlazamos con una pista que iremos cruzando en diagonal. A partir de los 700 metros de altitud ya no la abandonaremos. Pasaremos entre els Camp de les Casotes y les Roqueteres del Quint\u00e0 y de forma paralela a la Riera d\u2019Ardenya. As\u00ed, poco a poco, nos aproximaremos al punto final y de partida.<\/p>\n","protected":false},"author":1,"featured_media":2142,"comment_status":"open","ping_status":"closed","sticky":false,"template":"","format":"standard","meta":{"footnotes":""},"categories":[59,46,54,282,35,42,47,48],"tags":[187,98,177,223,279],"class_list":["post-315","post","type-post","status-publish","format-standard","has-post-thumbnail","hentry","category-emporda","category-girona","category-pirineo-de-gerona","category-203-entre-20-y-25-km","category-entre-1000-y-1500-metros","category-senderismo","category-circular-tipo-de-recorrido","category-media-montana-o-terrenos-altos","tag-fotos-by-eduard","tag-98","tag-eduard","tag-track-en-wikiloc","tag-track-kml"],"_links":{"self":[{"href":"https:\/\/fotosenderismo.com\/wordpress\/index.php\/wp-json\/wp\/v2\/posts\/315","targetHints":{"allow":["GET"]}}],"collection":[{"href":"https:\/\/fotosenderismo.com\/wordpress\/index.php\/wp-json\/wp\/v2\/posts"}],"about":[{"href":"https:\/\/fotosenderismo.com\/wordpress\/index.php\/wp-json\/wp\/v2\/types\/post"}],"author":[{"embeddable":true,"href":"https:\/\/fotosenderismo.com\/wordpress\/index.php\/wp-json\/wp\/v2\/users\/1"}],"replies":[{"embeddable":true,"href":"https:\/\/fotosenderismo.com\/wordpress\/index.php\/wp-json\/wp\/v2\/comments?post=315"}],"version-history":[{"count":28,"href":"https:\/\/fotosenderismo.com\/wordpress\/index.php\/wp-json\/wp\/v2\/posts\/315\/revisions"}],"predecessor-version":[{"id":22662,"href":"https:\/\/fotosenderismo.com\/wordpress\/index.php\/wp-json\/wp\/v2\/posts\/315\/revisions\/22662"}],"wp:featuredmedia":[{"embeddable":true,"href":"https:\/\/fotosenderismo.com\/wordpress\/index.php\/wp-json\/wp\/v2\/media\/2142"}],"wp:attachment":[{"href":"https:\/\/fotosenderismo.com\/wordpress\/index.php\/wp-json\/wp\/v2\/media?parent=315"}],"wp:term":[{"taxonomy":"category","embeddable":true,"href":"https:\/\/fotosenderismo.com\/wordpress\/index.php\/wp-json\/wp\/v2\/categories?post=315"},{"taxonomy":"post_tag","embeddable":true,"href":"https:\/\/fotosenderismo.com\/wordpress\/index.php\/wp-json\/wp\/v2\/tags?post=315"}],"curies":[{"name":"wp","href":"https:\/\/api.w.org\/{rel}","templated":true}]}}