{"id":286,"date":"2014-07-18T21:39:18","date_gmt":"2014-07-18T21:39:18","guid":{"rendered":"http:\/\/fotosenderismo.com\/wordpress\/?p=286"},"modified":"2024-02-07T20:53:07","modified_gmt":"2024-02-07T20:53:07","slug":"castell-de-recasens-puigneulos-1253-m","status":"publish","type":"post","link":"https:\/\/fotosenderismo.com\/wordpress\/index.php\/2014\/07\/18\/castell-de-recasens-puigneulos-1253-m\/","title":{"rendered":"Castell de Requesens, Puigneul\u00f3s (1253 m)"},"content":{"rendered":"\n<p><\/p>\n\n\n\n<figure class=\"wp-block-image aligncenter\"><a href=\"https:\/\/photos.app.goo.gl\/xsKVTf3QAgGFWjmQ7\" target=\"_blank\" rel=\"noopener noreferrer\"><img loading=\"lazy\" decoding=\"async\" width=\"300\" height=\"126\" src=\"http:\/\/fotosenderismo.com\/wordpress\/wp-content\/uploads\/2016\/06\/camara-300x126.jpg\" alt=\"camara\" class=\"wp-image-4771\" srcset=\"https:\/\/fotosenderismo.com\/wordpress\/wp-content\/uploads\/2016\/06\/camara-300x126.jpg 300w, https:\/\/fotosenderismo.com\/wordpress\/wp-content\/uploads\/2016\/06\/camara.jpg 715w\" sizes=\"auto, (max-width: 300px) 100vw, 300px\" \/><\/a><\/figure>\n\n\n\n<p><\/p>\n\n\n\n<figure class=\"wp-block-image aligncenter\"><a href=\"http:\/\/fotosenderismo.com\/wordpress\/wp-content\/uploads\/2016\/04\/recasens-puig-datos.jpg\" target=\"_blank\" rel=\"noopener noreferrer\"><img loading=\"lazy\" decoding=\"async\" width=\"1024\" height=\"745\" src=\"http:\/\/fotosenderismo.com\/wordpress\/wp-content\/uploads\/2014\/07\/requesens-puigneulos-datos-1024x745.jpg\" alt=\"\" class=\"wp-image-13678\" srcset=\"https:\/\/fotosenderismo.com\/wordpress\/wp-content\/uploads\/2014\/07\/requesens-puigneulos-datos-1024x745.jpg 1024w, https:\/\/fotosenderismo.com\/wordpress\/wp-content\/uploads\/2014\/07\/requesens-puigneulos-datos-300x218.jpg 300w, https:\/\/fotosenderismo.com\/wordpress\/wp-content\/uploads\/2014\/07\/requesens-puigneulos-datos-768x559.jpg 768w, https:\/\/fotosenderismo.com\/wordpress\/wp-content\/uploads\/2014\/07\/requesens-puigneulos-datos-800x582.jpg 800w, https:\/\/fotosenderismo.com\/wordpress\/wp-content\/uploads\/2014\/07\/requesens-puigneulos-datos.jpg 1178w\" sizes=\"auto, (max-width: 1024px) 100vw, 1024px\" \/><\/a><\/figure>\n\n\n\n<p><\/p>\n\n\n\n<figure class=\"wp-block-image aligncenter\"><a href=\"https:\/\/ca.wikiloc.com\/rutes-senderisme\/castell-de-requesens-puigneulos-1253-m-33803046\" target=\"_blank\" rel=\"noreferrer noopener\"><img loading=\"lazy\" decoding=\"async\" width=\"400\" height=\"52\" src=\"http:\/\/fotosenderismo.com\/wordpress\/wp-content\/uploads\/2019\/02\/track-wikiloc-1.jpg\" alt=\"\" class=\"wp-image-13636\" srcset=\"https:\/\/fotosenderismo.com\/wordpress\/wp-content\/uploads\/2019\/02\/track-wikiloc-1.jpg 400w, https:\/\/fotosenderismo.com\/wordpress\/wp-content\/uploads\/2019\/02\/track-wikiloc-1-300x39.jpg 300w\" sizes=\"auto, (max-width: 400px) 100vw, 400px\" \/><\/a><\/figure>\n\n\n\n<p><\/p>\n\n\n\n<p class=\"has-drop-cap has-very-light-gray-background-color has-background\" style=\"font-size:18px\"> Salida del 18 de julio de 2014 al Puigneul\u00f3s, la cumbre dominante de la Sierra de Albera, entre Francia y Espa\u00f1a. La Albera, junto al Cap de Creus, constituye uno de los elementos m\u00e1s orientales del Pirineo, y es all\u00ed donde esta cordillera hunde sus ra\u00edces en el mar. Por ello su ubicaci\u00f3n es extraordinaria, y como desde all\u00ed no hay casi nada que entorpezca la panor\u00e1mica, se puede ver grandes zonas tanto de la Catalu\u00f1a francesa como espa\u00f1ola. Esta salida empieza desde el Castillo de Requesens, y atraviesa extraordinarios bosques de hayas, y de ellos hemos de destacar los que se hallan en el entorno de la Tanyareda, ya que all\u00ed daremos con \u00e1rboles enormes. La recompensa final son todas las vistas descritas, pero hay que a\u00f1adir que se distingue con absoluta claridad el macizo del Canig\u00f3, toda la l\u00ednea costera, y las numerosas poblaciones que rodean la sierra. Tambi\u00e9n los lagos salados del Vallespir. La excursi\u00f3n, sin embargo, no tiene ning\u00fan rinc\u00f3n anadino, aunque cada uno nos muestre una personalidad (ser\u00eda mejor decir atm\u00f3sfera) particular y diferente. <\/p>\n\n\n\n<p><\/p>\n\n\n\n<figure class=\"wp-block-image aligncenter\"><a href=\"http:\/\/www.fotosenderismo.com\/tracks\/Emporda\/recasens-puigneulos.pdf\" target=\"_blank\" rel=\"noopener noreferrer\"><img loading=\"lazy\" decoding=\"async\" width=\"300\" height=\"112\" src=\"http:\/\/fotosenderismo.com\/wordpress\/wp-content\/uploads\/2016\/06\/informacion-300x112.jpg\" alt=\"informacion\" class=\"wp-image-4836\" srcset=\"https:\/\/fotosenderismo.com\/wordpress\/wp-content\/uploads\/2016\/06\/informacion-300x112.jpg 300w, https:\/\/fotosenderismo.com\/wordpress\/wp-content\/uploads\/2016\/06\/informacion.jpg 721w\" sizes=\"auto, (max-width: 300px) 100vw, 300px\" \/><\/a><\/figure>\n\n\n\n<p><\/p>\n\n\n\n<figure class=\"wp-block-image aligncenter\"><a href=\"http:\/\/fotosenderismo.com\/wordpress\/wp-content\/uploads\/2014\/07\/requesens-puigneulos.jpg\" target=\"_blank\" rel=\"noopener noreferrer\"><img loading=\"lazy\" decoding=\"async\" width=\"1906\" height=\"1737\" src=\"http:\/\/fotosenderismo.com\/wordpress\/wp-content\/uploads\/2014\/07\/requesens-puigneulos.jpg\" alt=\"\" class=\"wp-image-11352\" srcset=\"https:\/\/fotosenderismo.com\/wordpress\/wp-content\/uploads\/2014\/07\/requesens-puigneulos.jpg 1906w, https:\/\/fotosenderismo.com\/wordpress\/wp-content\/uploads\/2014\/07\/requesens-puigneulos-300x273.jpg 300w, https:\/\/fotosenderismo.com\/wordpress\/wp-content\/uploads\/2014\/07\/requesens-puigneulos-768x700.jpg 768w, https:\/\/fotosenderismo.com\/wordpress\/wp-content\/uploads\/2014\/07\/requesens-puigneulos-1024x933.jpg 1024w, https:\/\/fotosenderismo.com\/wordpress\/wp-content\/uploads\/2014\/07\/requesens-puigneulos-800x729.jpg 800w\" sizes=\"auto, (max-width: 1906px) 100vw, 1906px\" \/><\/a><\/figure>\n\n\n\n<p><\/p>\n\n\n\n<figure><iframe loading=\"lazy\" src=\"https:\/\/ca.wikiloc.com\/wikiloc\/spatialArtifacts.do?event=view&amp;id=33803046&amp;measures=off&amp;title=off&amp;near=off&amp;images=off&amp;maptype=H\" width=\"1000\" height=\"1000\"><\/iframe><\/figure>\n\n\n\n<p>\nPowered by <a target=\"_blank\" href=\"https:\/\/ca.wikiloc.com\" rel=\"noreferrer noopener\">Wikiloc<\/a><\/p>\n\n\n\n<p><\/p>\n\n\n\n<figure class=\"wp-block-image aligncenter\"><a href=\"http:\/\/fotosenderismo.com\/wordpress\/wp-content\/uploads\/2016\/04\/recasens-puig-map.jpg\" target=\"_blank\" rel=\"noopener noreferrer\"><img loading=\"lazy\" decoding=\"async\" width=\"1920\" height=\"1080\" src=\"http:\/\/fotosenderismo.com\/wordpress\/wp-content\/uploads\/2016\/04\/recasens-puig-map.jpg\" alt=\"\" class=\"wp-image-8184\" srcset=\"https:\/\/fotosenderismo.com\/wordpress\/wp-content\/uploads\/2016\/04\/recasens-puig-map.jpg 1920w, https:\/\/fotosenderismo.com\/wordpress\/wp-content\/uploads\/2016\/04\/recasens-puig-map-300x169.jpg 300w, https:\/\/fotosenderismo.com\/wordpress\/wp-content\/uploads\/2016\/04\/recasens-puig-map-768x432.jpg 768w, https:\/\/fotosenderismo.com\/wordpress\/wp-content\/uploads\/2016\/04\/recasens-puig-map-1024x576.jpg 1024w, https:\/\/fotosenderismo.com\/wordpress\/wp-content\/uploads\/2016\/04\/recasens-puig-map-800x450.jpg 800w\" sizes=\"auto, (max-width: 1920px) 100vw, 1920px\" \/><\/a><\/figure>\n\n\n\n<p><\/p>\n\n\n\n<figure class=\"wp-block-image aligncenter\"><a href=\"http:\/\/fotosenderismo.com\/wordpress\/wp-content\/uploads\/2016\/04\/recasens-puig-3d.jpg\" target=\"_blank\" rel=\"noopener noreferrer\"><img loading=\"lazy\" decoding=\"async\" width=\"1920\" height=\"1080\" src=\"http:\/\/fotosenderismo.com\/wordpress\/wp-content\/uploads\/2016\/04\/recasens-puig-3d.jpg\" alt=\"\" class=\"wp-image-8182\" srcset=\"https:\/\/fotosenderismo.com\/wordpress\/wp-content\/uploads\/2016\/04\/recasens-puig-3d.jpg 1920w, https:\/\/fotosenderismo.com\/wordpress\/wp-content\/uploads\/2016\/04\/recasens-puig-3d-300x169.jpg 300w, https:\/\/fotosenderismo.com\/wordpress\/wp-content\/uploads\/2016\/04\/recasens-puig-3d-768x432.jpg 768w, https:\/\/fotosenderismo.com\/wordpress\/wp-content\/uploads\/2016\/04\/recasens-puig-3d-1024x576.jpg 1024w, https:\/\/fotosenderismo.com\/wordpress\/wp-content\/uploads\/2016\/04\/recasens-puig-3d-800x450.jpg 800w\" sizes=\"auto, (max-width: 1920px) 100vw, 1920px\" \/><\/a><\/figure>\n\n\n\n<p><\/p>\n\n\n\n<figure class=\"wp-block-image aligncenter\"><a href=\"http:\/\/fotosenderismo.com\/wordpress\/wp-content\/uploads\/2016\/04\/recasens-puig-earth.jpg\" target=\"_blank\" rel=\"noopener noreferrer\"><img loading=\"lazy\" decoding=\"async\" width=\"1920\" height=\"970\" src=\"http:\/\/fotosenderismo.com\/wordpress\/wp-content\/uploads\/2016\/04\/recasens-puig-earth.jpg\" alt=\"\" class=\"wp-image-8183\" srcset=\"https:\/\/fotosenderismo.com\/wordpress\/wp-content\/uploads\/2016\/04\/recasens-puig-earth.jpg 1920w, https:\/\/fotosenderismo.com\/wordpress\/wp-content\/uploads\/2016\/04\/recasens-puig-earth-300x152.jpg 300w, https:\/\/fotosenderismo.com\/wordpress\/wp-content\/uploads\/2016\/04\/recasens-puig-earth-768x388.jpg 768w, https:\/\/fotosenderismo.com\/wordpress\/wp-content\/uploads\/2016\/04\/recasens-puig-earth-1024x517.jpg 1024w, https:\/\/fotosenderismo.com\/wordpress\/wp-content\/uploads\/2016\/04\/recasens-puig-earth-800x404.jpg 800w\" sizes=\"auto, (max-width: 1920px) 100vw, 1920px\" \/><\/a><\/figure>\n\n\n\n<p><\/p>\n\n\n\n<figure class=\"wp-block-image\"><a href=\"http:\/\/fotosenderismo.com\/wordpress\/wp-content\/uploads\/2016\/04\/puigneulos-requesens-perfil.jpg\" target=\"_blank\" rel=\"noopener noreferrer\"><img loading=\"lazy\" decoding=\"async\" width=\"1895\" height=\"470\" src=\"http:\/\/fotosenderismo.com\/wordpress\/wp-content\/uploads\/2016\/04\/puigneulos-requesens-perfil.jpg\" alt=\"puigneulos-requesens-perfil\" class=\"wp-image-2997\" srcset=\"https:\/\/fotosenderismo.com\/wordpress\/wp-content\/uploads\/2016\/04\/puigneulos-requesens-perfil.jpg 1895w, https:\/\/fotosenderismo.com\/wordpress\/wp-content\/uploads\/2016\/04\/puigneulos-requesens-perfil-300x74.jpg 300w, https:\/\/fotosenderismo.com\/wordpress\/wp-content\/uploads\/2016\/04\/puigneulos-requesens-perfil-768x190.jpg 768w, https:\/\/fotosenderismo.com\/wordpress\/wp-content\/uploads\/2016\/04\/puigneulos-requesens-perfil-1024x254.jpg 1024w, https:\/\/fotosenderismo.com\/wordpress\/wp-content\/uploads\/2016\/04\/puigneulos-requesens-perfil-800x198.jpg 800w\" sizes=\"auto, (max-width: 1895px) 100vw, 1895px\" \/><\/a><\/figure>\n\n\n\n<p><\/p>\n\n\n\n<figure class=\"wp-block-image aligncenter\"><a href=\"http:\/\/fotosenderismo.com\/wordpress\/wp-content\/uploads\/2018\/05\/TERMINOS-DE-BUSQUEDA-1.jpg\"><img loading=\"lazy\" decoding=\"async\" width=\"260\" height=\"32\" src=\"http:\/\/fotosenderismo.com\/wordpress\/wp-content\/uploads\/2018\/05\/TERMINOS-DE-BUSQUEDA-1.jpg\" alt=\"\" class=\"wp-image-10461\"\/><\/a><\/figure>\n\n\n\n<p><\/p>\n\n\n\n<p class=\"has-text-align-center has-very-light-gray-background-color has-background\"><span style=\"font-family: georgia,palatino,serif; font-size: 10pt;\"><em><strong><\/strong><\/em><\/span><span style=\"font-family: georgia, palatino, serif; font-size: 14pt;\"><em><strong>La Jonquera, Cantallops, Puigneul\u00f3s, Castell de Recasens<\/strong><\/em><\/span><\/p>\n\n\n\n<p><\/p>\n\n\n\n<figure class=\"wp-block-image aligncenter\"><a href=\"http:\/\/fotosenderismo.com\/wordpress\/wp-content\/uploads\/2018\/05\/RELACIONADAS-1.jpg\"><img loading=\"lazy\" decoding=\"async\" width=\"261\" height=\"37\" src=\"http:\/\/fotosenderismo.com\/wordpress\/wp-content\/uploads\/2018\/05\/RELACIONADAS-1.jpg\" alt=\"\" class=\"wp-image-10460\"\/><\/a><\/figure>\n\n\n\n<p><\/p>\n\n\n\n<figure class=\"wp-block-embed aligncenter is-type-wp-embed is-provider-fotosenderismo-com wp-block-embed-fotosenderismo-com\"><div class=\"wp-block-embed__wrapper\">\n<blockquote class=\"wp-embedded-content\" data-secret=\"kcpJjT6PRx\"><a href=\"https:\/\/fotosenderismo.com\/wordpress\/index.php\/2010\/04\/26\/le-perthus-puig-neulos-1256-m\/\">Le Perthus, Puig Neul\u00f2s (1256 m)<\/a><\/blockquote><iframe loading=\"lazy\" class=\"wp-embedded-content\" sandbox=\"allow-scripts\" security=\"restricted\" style=\"position: absolute; clip: rect(1px, 1px, 1px, 1px);\" title=\"\u00abLe Perthus, Puig Neul\u00f2s (1256 m)\u00bb \u2014 FOTOSENDERISMO.COM\" src=\"https:\/\/fotosenderismo.com\/wordpress\/index.php\/2010\/04\/26\/le-perthus-puig-neulos-1256-m\/embed\/#?secret=ShkGLmLeTf#?secret=kcpJjT6PRx\" data-secret=\"kcpJjT6PRx\" width=\"600\" height=\"338\" frameborder=\"0\" marginwidth=\"0\" marginheight=\"0\" scrolling=\"no\"><\/iframe>\n<\/div><\/figure>\n\n\n\n<figure class=\"wp-block-embed aligncenter is-type-wp-embed is-provider-fotosenderismo-com wp-block-embed-fotosenderismo-com\"><div class=\"wp-block-embed__wrapper\">\n<blockquote class=\"wp-embedded-content\" data-secret=\"V9lUe4flPu\"><a href=\"https:\/\/fotosenderismo.com\/wordpress\/index.php\/2015\/10\/30\/requesens-puigneulos-1256-m-version-jpalou\/\">Requesens, Puigneul\u00f3s (1256 m.) Versi\u00f3n JPalou<\/a><\/blockquote><iframe loading=\"lazy\" class=\"wp-embedded-content\" sandbox=\"allow-scripts\" security=\"restricted\" style=\"position: absolute; clip: rect(1px, 1px, 1px, 1px);\" title=\"\u00abRequesens, Puigneul\u00f3s (1256 m.) Versi\u00f3n JPalou\u00bb \u2014 FOTOSENDERISMO.COM\" src=\"https:\/\/fotosenderismo.com\/wordpress\/index.php\/2015\/10\/30\/requesens-puigneulos-1256-m-version-jpalou\/embed\/#?secret=CJq30cOroh#?secret=V9lUe4flPu\" data-secret=\"V9lUe4flPu\" width=\"600\" height=\"338\" frameborder=\"0\" marginwidth=\"0\" marginheight=\"0\" scrolling=\"no\"><\/iframe>\n<\/div><\/figure>\n","protected":false},"excerpt":{"rendered":"<p>Salida del 18 de julio de 2014 al Puigneul\u00f3s, la cumbre dominante de la Sierra de Albera, entre Francia y Espa\u00f1a. La Albera, junto al Cap de Creus, constituye uno de los elementos m\u00e1s orientales del Pirineo, y es all\u00ed donde esta cordillera hunde sus ra\u00edces en el mar. Por ello su ubicaci\u00f3n es extraordinaria, y como desde all\u00ed no hay casi nada que entorpezca la panor\u00e1mica, se puede ver grandes zonas tanto de la Catalu\u00f1a francesa como espa\u00f1ola. Esta salida empieza desde el Castillo de Requesens, y atraviesa extraordinarios bosques de hayas, y de ellos hemos de destacar los que se hallan en el entorno de la Tanyareda, ya que se all\u00ed daremos con \u00e1rboles enormes. La recompensa final son todas las vistas descritas, pero hay que a\u00f1adir que se distingue con absoluta claridad el macizo del Canig\u00f3, toda la l\u00ednea costera, y las numerosas poblaciones que rodean la sierra. Tambi\u00e9n los lagos salados del Vallespir. La excursi\u00f3n, sin embargo, no tiene ning\u00fan rinc\u00f3n anadino, aunque cada uno nos muestre una personalidad (seria mejor decir atm\u00f3sfera) particular y diferente. <\/p>\n","protected":false},"author":1,"featured_media":2254,"comment_status":"open","ping_status":"closed","sticky":false,"template":"","format":"standard","meta":{"footnotes":""},"categories":[59,46,54,281,34,42,47,48],"tags":[163,187,98,156,223],"class_list":["post-286","post","type-post","status-publish","format-standard","has-post-thumbnail","hentry","category-emporda","category-girona","category-pirineo-de-gerona","category-202-entre-15-y-20-km","category-entre-500-y-1000-metros","category-senderismo","category-circular-tipo-de-recorrido","category-media-montana-o-terrenos-altos","tag-d-1-documentos-adjuntos","tag-fotos-by-eduard","tag-98","tag-jmanuel","tag-track-en-wikiloc"],"_links":{"self":[{"href":"https:\/\/fotosenderismo.com\/wordpress\/index.php\/wp-json\/wp\/v2\/posts\/286","targetHints":{"allow":["GET"]}}],"collection":[{"href":"https:\/\/fotosenderismo.com\/wordpress\/index.php\/wp-json\/wp\/v2\/posts"}],"about":[{"href":"https:\/\/fotosenderismo.com\/wordpress\/index.php\/wp-json\/wp\/v2\/types\/post"}],"author":[{"embeddable":true,"href":"https:\/\/fotosenderismo.com\/wordpress\/index.php\/wp-json\/wp\/v2\/users\/1"}],"replies":[{"embeddable":true,"href":"https:\/\/fotosenderismo.com\/wordpress\/index.php\/wp-json\/wp\/v2\/comments?post=286"}],"version-history":[{"count":31,"href":"https:\/\/fotosenderismo.com\/wordpress\/index.php\/wp-json\/wp\/v2\/posts\/286\/revisions"}],"predecessor-version":[{"id":22374,"href":"https:\/\/fotosenderismo.com\/wordpress\/index.php\/wp-json\/wp\/v2\/posts\/286\/revisions\/22374"}],"wp:featuredmedia":[{"embeddable":true,"href":"https:\/\/fotosenderismo.com\/wordpress\/index.php\/wp-json\/wp\/v2\/media\/2254"}],"wp:attachment":[{"href":"https:\/\/fotosenderismo.com\/wordpress\/index.php\/wp-json\/wp\/v2\/media?parent=286"}],"wp:term":[{"taxonomy":"category","embeddable":true,"href":"https:\/\/fotosenderismo.com\/wordpress\/index.php\/wp-json\/wp\/v2\/categories?post=286"},{"taxonomy":"post_tag","embeddable":true,"href":"https:\/\/fotosenderismo.com\/wordpress\/index.php\/wp-json\/wp\/v2\/tags?post=286"}],"curies":[{"name":"wp","href":"https:\/\/api.w.org\/{rel}","templated":true}]}}