{"id":269,"date":"2016-01-21T21:03:37","date_gmt":"2016-01-21T21:03:37","guid":{"rendered":"http:\/\/fotosenderismo.com\/wordpress\/?p=269"},"modified":"2024-02-07T18:21:58","modified_gmt":"2024-02-07T18:21:58","slug":"capmany-vilarnadal-sant-climent","status":"publish","type":"post","link":"https:\/\/fotosenderismo.com\/wordpress\/index.php\/2016\/01\/21\/capmany-vilarnadal-sant-climent\/","title":{"rendered":"Capmany, Vilarnadal, sant Climent"},"content":{"rendered":"\n<p><\/p>\n\n\n\n<figure class=\"wp-block-image aligncenter\"><a href=\"https:\/\/photos.google.com\/share\/AF1QipOIKSMBBkd5uDgjAaIa_dmdwN0d8LXTq9mDBoAK2WcBBSsTfxYLtXXppBuD59M6QA?key=WUNLbUMtNEVoZTZ6eXNHUndFeE5tNnFjdEROaGhR\" target=\"_blank\" rel=\"noopener noreferrer\"><img loading=\"lazy\" decoding=\"async\" width=\"300\" height=\"126\" src=\"http:\/\/fotosenderismo.com\/wordpress\/wp-content\/uploads\/2016\/06\/camara-300x126.jpg\" alt=\"camara\" class=\"wp-image-4771\" srcset=\"https:\/\/fotosenderismo.com\/wordpress\/wp-content\/uploads\/2016\/06\/camara-300x126.jpg 300w, https:\/\/fotosenderismo.com\/wordpress\/wp-content\/uploads\/2016\/06\/camara.jpg 715w\" sizes=\"auto, (max-width: 300px) 100vw, 300px\" \/><\/a><\/figure>\n\n\n\n<p><\/p>\n\n\n\n<figure class=\"wp-block-image aligncenter\"><a href=\"http:\/\/fotosenderismo.com\/wordpress\/wp-content\/uploads\/2016\/04\/CAP-CLIM-datos.jpg\" target=\"_blank\" rel=\"noopener noreferrer\"><img loading=\"lazy\" decoding=\"async\" width=\"1185\" height=\"857\" src=\"http:\/\/fotosenderismo.com\/wordpress\/wp-content\/uploads\/2016\/04\/CAP-CLIM-datos.jpg\" alt=\"\" class=\"wp-image-8195\" srcset=\"https:\/\/fotosenderismo.com\/wordpress\/wp-content\/uploads\/2016\/04\/CAP-CLIM-datos.jpg 1185w, https:\/\/fotosenderismo.com\/wordpress\/wp-content\/uploads\/2016\/04\/CAP-CLIM-datos-300x217.jpg 300w, https:\/\/fotosenderismo.com\/wordpress\/wp-content\/uploads\/2016\/04\/CAP-CLIM-datos-768x555.jpg 768w, https:\/\/fotosenderismo.com\/wordpress\/wp-content\/uploads\/2016\/04\/CAP-CLIM-datos-1024x741.jpg 1024w, https:\/\/fotosenderismo.com\/wordpress\/wp-content\/uploads\/2016\/04\/CAP-CLIM-datos-800x579.jpg 800w\" sizes=\"auto, (max-width: 1185px) 100vw, 1185px\" \/><\/a><\/figure>\n\n\n\n<p><\/p>\n\n\n\n<figure class=\"wp-block-image aligncenter\"><a href=\"https:\/\/ca.wikiloc.com\/rutes-outdoor\/capmany-vilarnadal-esculturas-metalicas-moli-den-salom-sant-climent-36160496\" target=\"_blank\" rel=\"noreferrer noopener\"><img loading=\"lazy\" decoding=\"async\" width=\"400\" height=\"52\" src=\"http:\/\/fotosenderismo.com\/wordpress\/wp-content\/uploads\/2019\/02\/track-wikiloc-1.jpg\" alt=\"\" class=\"wp-image-13636\" srcset=\"https:\/\/fotosenderismo.com\/wordpress\/wp-content\/uploads\/2019\/02\/track-wikiloc-1.jpg 400w, https:\/\/fotosenderismo.com\/wordpress\/wp-content\/uploads\/2019\/02\/track-wikiloc-1-300x39.jpg 300w\" sizes=\"auto, (max-width: 400px) 100vw, 400px\" \/><\/a><\/figure>\n\n\n\n<p><\/p>\n\n\n\n<p><\/p>\n\n\n\n<p class=\"has-drop-cap has-very-light-gray-background-color has-background\" style=\"font-size:18px\"> Salida del 21 de enero de 2016. De esta excursi\u00f3n destaca el parque de esculturas met\u00e1licas Mol\u00ed d\u2019en Salom, extraordinarias y sencillas representaciones art\u00edsticas de toda clase animales, como ver\u00e9is en las fotos. Tambi\u00e9n encontraremos alg\u00fan menhir y rocas y rincones singulares. M\u00e1s all\u00e1 de ello, se trata de una tranquila caminata por l\u2019Alt Empord\u00e0 que a pesar de que excede los 20 kil\u00f3metros, no supera los trescientos metros de desnivel de subida acumulado. Mejor ir en primavera y evitar el verano. La excursi\u00f3n empieza en Sant Climent y pasa por Capmany, que para mi es la meca de la arqueolog\u00eda prehist\u00f3rica de la zona, y Vilarnadal. Casi toda por pista forestal ancha. Aunque el recorrido no pasa por all\u00ed, muy cerca de Sant Climent est\u00e1 el dolmen de la Cabana de l\u2019Arqueta. Merece la pena ir a visitarlo, ya que como est\u00e1 al lado (m\u00e1s o menos) de la carretea en direcci\u00f3n a Espolla, podemos aproximarnos en coche.<\/p>\n\n\n\n<p><\/p>\n\n\n\n<figure class=\"wp-block-image aligncenter\"><a href=\"http:\/\/fotosenderismo.com\/wordpress\/wp-content\/uploads\/2016\/01\/vilarnadal.jpg\" target=\"_blank\" rel=\"noreferrer noopener\"><img loading=\"lazy\" decoding=\"async\" width=\"1863\" height=\"1943\" src=\"http:\/\/fotosenderismo.com\/wordpress\/wp-content\/uploads\/2016\/01\/vilarnadal.jpg\" alt=\"\" class=\"wp-image-11453\" srcset=\"https:\/\/fotosenderismo.com\/wordpress\/wp-content\/uploads\/2016\/01\/vilarnadal.jpg 1863w, https:\/\/fotosenderismo.com\/wordpress\/wp-content\/uploads\/2016\/01\/vilarnadal-288x300.jpg 288w, https:\/\/fotosenderismo.com\/wordpress\/wp-content\/uploads\/2016\/01\/vilarnadal-768x801.jpg 768w, https:\/\/fotosenderismo.com\/wordpress\/wp-content\/uploads\/2016\/01\/vilarnadal-982x1024.jpg 982w, https:\/\/fotosenderismo.com\/wordpress\/wp-content\/uploads\/2016\/01\/vilarnadal-800x834.jpg 800w\" sizes=\"auto, (max-width: 1863px) 100vw, 1863px\" \/><\/a><\/figure>\n\n\n\n<p><\/p>\n\n\n\n<figure class=\"wp-block-image aligncenter\"><a href=\"http:\/\/fotosenderismo.com\/wordpress\/wp-content\/uploads\/2016\/04\/CAP-CLIM-MAP.jpg\" target=\"_blank\" rel=\"noopener noreferrer\"><img loading=\"lazy\" decoding=\"async\" width=\"1920\" height=\"1080\" src=\"http:\/\/fotosenderismo.com\/wordpress\/wp-content\/uploads\/2016\/04\/CAP-CLIM-MAP.jpg\" alt=\"\" class=\"wp-image-8197\" srcset=\"https:\/\/fotosenderismo.com\/wordpress\/wp-content\/uploads\/2016\/04\/CAP-CLIM-MAP.jpg 1920w, https:\/\/fotosenderismo.com\/wordpress\/wp-content\/uploads\/2016\/04\/CAP-CLIM-MAP-300x169.jpg 300w, https:\/\/fotosenderismo.com\/wordpress\/wp-content\/uploads\/2016\/04\/CAP-CLIM-MAP-768x432.jpg 768w, https:\/\/fotosenderismo.com\/wordpress\/wp-content\/uploads\/2016\/04\/CAP-CLIM-MAP-1024x576.jpg 1024w, https:\/\/fotosenderismo.com\/wordpress\/wp-content\/uploads\/2016\/04\/CAP-CLIM-MAP-800x450.jpg 800w\" sizes=\"auto, (max-width: 1920px) 100vw, 1920px\" \/><\/a><\/figure>\n\n\n\n<p><\/p>\n\n\n\n<figure class=\"wp-block-image aligncenter\"><a href=\"http:\/\/fotosenderismo.com\/wordpress\/wp-content\/uploads\/2016\/04\/CAP-CLIM-3D.jpg\" target=\"_blank\" rel=\"noopener noreferrer\"><img loading=\"lazy\" decoding=\"async\" width=\"1920\" height=\"1080\" src=\"http:\/\/fotosenderismo.com\/wordpress\/wp-content\/uploads\/2016\/04\/CAP-CLIM-3D.jpg\" alt=\"\" class=\"wp-image-8194\" srcset=\"https:\/\/fotosenderismo.com\/wordpress\/wp-content\/uploads\/2016\/04\/CAP-CLIM-3D.jpg 1920w, https:\/\/fotosenderismo.com\/wordpress\/wp-content\/uploads\/2016\/04\/CAP-CLIM-3D-300x169.jpg 300w, https:\/\/fotosenderismo.com\/wordpress\/wp-content\/uploads\/2016\/04\/CAP-CLIM-3D-768x432.jpg 768w, https:\/\/fotosenderismo.com\/wordpress\/wp-content\/uploads\/2016\/04\/CAP-CLIM-3D-1024x576.jpg 1024w, https:\/\/fotosenderismo.com\/wordpress\/wp-content\/uploads\/2016\/04\/CAP-CLIM-3D-800x450.jpg 800w\" sizes=\"auto, (max-width: 1920px) 100vw, 1920px\" \/><\/a><\/figure>\n\n\n\n<p><\/p>\n\n\n\n<figure class=\"wp-block-image aligncenter\"><a href=\"http:\/\/fotosenderismo.com\/wordpress\/wp-content\/uploads\/2016\/04\/CAP-CLIM-EARTH.jpg\" target=\"_blank\" rel=\"noopener noreferrer\"><img loading=\"lazy\" decoding=\"async\" width=\"1920\" height=\"970\" src=\"http:\/\/fotosenderismo.com\/wordpress\/wp-content\/uploads\/2016\/04\/CAP-CLIM-EARTH.jpg\" alt=\"\" class=\"wp-image-8196\" srcset=\"https:\/\/fotosenderismo.com\/wordpress\/wp-content\/uploads\/2016\/04\/CAP-CLIM-EARTH.jpg 1920w, https:\/\/fotosenderismo.com\/wordpress\/wp-content\/uploads\/2016\/04\/CAP-CLIM-EARTH-300x152.jpg 300w, https:\/\/fotosenderismo.com\/wordpress\/wp-content\/uploads\/2016\/04\/CAP-CLIM-EARTH-768x388.jpg 768w, https:\/\/fotosenderismo.com\/wordpress\/wp-content\/uploads\/2016\/04\/CAP-CLIM-EARTH-1024x517.jpg 1024w, https:\/\/fotosenderismo.com\/wordpress\/wp-content\/uploads\/2016\/04\/CAP-CLIM-EARTH-800x404.jpg 800w\" sizes=\"auto, (max-width: 1920px) 100vw, 1920px\" \/><\/a><\/figure>\n\n\n\n<p><\/p>\n\n\n\n<figure class=\"wp-block-image\"><a href=\"http:\/\/fotosenderismo.com\/wordpress\/wp-content\/uploads\/2016\/04\/capmany-vilarnadal-perfil.jpg\" target=\"_blank\" rel=\"noopener noreferrer\"><img loading=\"lazy\" decoding=\"async\" width=\"1889\" height=\"455\" src=\"http:\/\/fotosenderismo.com\/wordpress\/wp-content\/uploads\/2016\/04\/capmany-vilarnadal-perfil.jpg\" alt=\"capmany-vilarnadal-perfil\" class=\"wp-image-3011\" srcset=\"https:\/\/fotosenderismo.com\/wordpress\/wp-content\/uploads\/2016\/04\/capmany-vilarnadal-perfil.jpg 1889w, https:\/\/fotosenderismo.com\/wordpress\/wp-content\/uploads\/2016\/04\/capmany-vilarnadal-perfil-300x72.jpg 300w, https:\/\/fotosenderismo.com\/wordpress\/wp-content\/uploads\/2016\/04\/capmany-vilarnadal-perfil-768x185.jpg 768w, https:\/\/fotosenderismo.com\/wordpress\/wp-content\/uploads\/2016\/04\/capmany-vilarnadal-perfil-1024x247.jpg 1024w, https:\/\/fotosenderismo.com\/wordpress\/wp-content\/uploads\/2016\/04\/capmany-vilarnadal-perfil-800x193.jpg 800w\" sizes=\"auto, (max-width: 1889px) 100vw, 1889px\" \/><\/a><\/figure>\n\n\n\n<p><\/p>\n\n\n\n<figure class=\"wp-block-image aligncenter\"><a href=\"http:\/\/fotosenderismo.com\/wordpress\/wp-content\/uploads\/2018\/05\/TERMINOS-DE-BUSQUEDA-1.jpg\"><img loading=\"lazy\" decoding=\"async\" width=\"260\" height=\"32\" src=\"http:\/\/fotosenderismo.com\/wordpress\/wp-content\/uploads\/2018\/05\/TERMINOS-DE-BUSQUEDA-1.jpg\" alt=\"\" class=\"wp-image-10461\"\/><\/a><\/figure>\n\n\n\n<p><\/p>\n\n\n\n<p class=\"has-text-align-center has-very-light-gray-background-color has-background\"><span style=\"font-family: georgia,palatino,serif; font-size: 10pt;\"><em><strong><\/strong><\/em><\/span><span style=\"font-family: georgia, palatino, serif; font-size: 14pt;\"><em><strong>Capmany, Vilarnadal, Sant Climent, d\u00f3lmenes, menhires, monumentos megal\u00edticos, esculturas met\u00e1licas<\/strong><\/em><\/span><\/p>\n\n\n\n<p><\/p>\n\n\n\n<figure class=\"wp-block-image aligncenter\"><a href=\"http:\/\/fotosenderismo.com\/wordpress\/wp-content\/uploads\/2018\/06\/participantes.jpg\"><img loading=\"lazy\" decoding=\"async\" width=\"166\" height=\"29\" src=\"http:\/\/fotosenderismo.com\/wordpress\/wp-content\/uploads\/2018\/06\/participantes.jpg\" alt=\"\" class=\"wp-image-11379\"\/><\/a><\/figure>\n\n\n\n<p><\/p>\n\n\n\n<p class=\"has-text-align-center has-very-light-gray-background-color has-background\"><span style=\"font-size: 14pt;\"><strong><span style=\"font-family: georgia, palatino, serif;\">Manolo, Eduard<\/span><\/strong><\/span><\/p>\n\n\n\n<p><\/p>\n\n\n\n<figure class=\"wp-block-image aligncenter\"><a href=\"http:\/\/fotosenderismo.com\/wordpress\/wp-content\/uploads\/2018\/06\/RELACIONADAS-1.jpg\"><img loading=\"lazy\" decoding=\"async\" width=\"261\" height=\"37\" src=\"http:\/\/fotosenderismo.com\/wordpress\/wp-content\/uploads\/2018\/06\/RELACIONADAS-1.jpg\" alt=\"\" class=\"wp-image-11070\"\/><\/a><\/figure>\n\n\n\n<p><\/p>\n\n\n\n<figure class=\"wp-block-embed aligncenter is-type-wp-embed is-provider-fotosenderismo-com wp-block-embed-fotosenderismo-com\"><div class=\"wp-block-embed__wrapper\">\n<blockquote class=\"wp-embedded-content\" data-secret=\"0vKlHbXvl2\"><a href=\"https:\/\/fotosenderismo.com\/wordpress\/index.php\/2010\/01\/14\/dolmens-de-lespolla\/\">D\u00f2lmens de l&#8217;Espolla<\/a><\/blockquote><iframe loading=\"lazy\" class=\"wp-embedded-content\" sandbox=\"allow-scripts\" security=\"restricted\" style=\"position: absolute; clip: rect(1px, 1px, 1px, 1px);\" title=\"\u00abD\u00f2lmens de l&#8217;Espolla\u00bb \u2014 FOTOSENDERISMO.COM\" src=\"https:\/\/fotosenderismo.com\/wordpress\/index.php\/2010\/01\/14\/dolmens-de-lespolla\/embed\/#?secret=Zw9e3vPgjw#?secret=0vKlHbXvl2\" data-secret=\"0vKlHbXvl2\" width=\"600\" height=\"338\" frameborder=\"0\" marginwidth=\"0\" marginheight=\"0\" scrolling=\"no\"><\/iframe>\n<\/div><\/figure>\n\n\n\n<figure class=\"wp-block-embed aligncenter is-type-wp-embed is-provider-fotosenderismo-com wp-block-embed-fotosenderismo-com\"><div class=\"wp-block-embed__wrapper\">\n<blockquote class=\"wp-embedded-content\" data-secret=\"z2o45Hw4VR\"><a href=\"https:\/\/fotosenderismo.com\/wordpress\/index.php\/2010\/01\/22\/dolmens-de-capmany\/\">D\u00f2lmens de Capmany<\/a><\/blockquote><iframe loading=\"lazy\" class=\"wp-embedded-content\" sandbox=\"allow-scripts\" security=\"restricted\" style=\"position: absolute; clip: rect(1px, 1px, 1px, 1px);\" title=\"\u00abD\u00f2lmens de Capmany\u00bb \u2014 FOTOSENDERISMO.COM\" src=\"https:\/\/fotosenderismo.com\/wordpress\/index.php\/2010\/01\/22\/dolmens-de-capmany\/embed\/#?secret=M0brTDFsUi#?secret=z2o45Hw4VR\" data-secret=\"z2o45Hw4VR\" width=\"600\" height=\"338\" frameborder=\"0\" marginwidth=\"0\" marginheight=\"0\" scrolling=\"no\"><\/iframe>\n<\/div><\/figure>\n\n\n\n<figure class=\"wp-block-embed aligncenter is-type-wp-embed is-provider-fotosenderismo-com wp-block-embed-fotosenderismo-com\"><div class=\"wp-block-embed__wrapper\">\n<blockquote class=\"wp-embedded-content\" data-secret=\"4FLiInQHf3\"><a href=\"https:\/\/fotosenderismo.com\/wordpress\/index.php\/2014\/01\/31\/ruta-dolmens-de-sant-climent\/\">Ruta d\u00f2lmens de Sant Climent<\/a><\/blockquote><iframe loading=\"lazy\" class=\"wp-embedded-content\" sandbox=\"allow-scripts\" security=\"restricted\" style=\"position: absolute; clip: rect(1px, 1px, 1px, 1px);\" title=\"\u00abRuta d\u00f2lmens de Sant Climent\u00bb \u2014 FOTOSENDERISMO.COM\" src=\"https:\/\/fotosenderismo.com\/wordpress\/index.php\/2014\/01\/31\/ruta-dolmens-de-sant-climent\/embed\/#?secret=jm9EEgrIsp#?secret=4FLiInQHf3\" data-secret=\"4FLiInQHf3\" width=\"600\" height=\"338\" frameborder=\"0\" marginwidth=\"0\" marginheight=\"0\" scrolling=\"no\"><\/iframe>\n<\/div><\/figure>\n","protected":false},"excerpt":{"rendered":"<p>Salida del 21 de enero de 2016. De esta excursi\u00f3n destaca el parque de esculturas<\/p>\n","protected":false},"author":1,"featured_media":2198,"comment_status":"open","ping_status":"closed","sticky":false,"template":"","format":"standard","meta":{"footnotes":""},"categories":[59,46,282,33,42,47,124],"tags":[187,98,177,223],"class_list":["post-269","post","type-post","status-publish","format-standard","has-post-thumbnail","hentry","category-emporda","category-girona","category-203-entre-20-y-25-km","category-menos-de-500","category-senderismo","category-circular-tipo-de-recorrido","category-tierras-bajas-altitud-del-terreno-a-menos-de-300-metros","tag-fotos-by-eduard","tag-98","tag-eduard","tag-track-en-wikiloc"],"_links":{"self":[{"href":"https:\/\/fotosenderismo.com\/wordpress\/index.php\/wp-json\/wp\/v2\/posts\/269","targetHints":{"allow":["GET"]}}],"collection":[{"href":"https:\/\/fotosenderismo.com\/wordpress\/index.php\/wp-json\/wp\/v2\/posts"}],"about":[{"href":"https:\/\/fotosenderismo.com\/wordpress\/index.php\/wp-json\/wp\/v2\/types\/post"}],"author":[{"embeddable":true,"href":"https:\/\/fotosenderismo.com\/wordpress\/index.php\/wp-json\/wp\/v2\/users\/1"}],"replies":[{"embeddable":true,"href":"https:\/\/fotosenderismo.com\/wordpress\/index.php\/wp-json\/wp\/v2\/comments?post=269"}],"version-history":[{"count":26,"href":"https:\/\/fotosenderismo.com\/wordpress\/index.php\/wp-json\/wp\/v2\/posts\/269\/revisions"}],"predecessor-version":[{"id":22344,"href":"https:\/\/fotosenderismo.com\/wordpress\/index.php\/wp-json\/wp\/v2\/posts\/269\/revisions\/22344"}],"wp:featuredmedia":[{"embeddable":true,"href":"https:\/\/fotosenderismo.com\/wordpress\/index.php\/wp-json\/wp\/v2\/media\/2198"}],"wp:attachment":[{"href":"https:\/\/fotosenderismo.com\/wordpress\/index.php\/wp-json\/wp\/v2\/media?parent=269"}],"wp:term":[{"taxonomy":"category","embeddable":true,"href":"https:\/\/fotosenderismo.com\/wordpress\/index.php\/wp-json\/wp\/v2\/categories?post=269"},{"taxonomy":"post_tag","embeddable":true,"href":"https:\/\/fotosenderismo.com\/wordpress\/index.php\/wp-json\/wp\/v2\/tags?post=269"}],"curies":[{"name":"wp","href":"https:\/\/api.w.org\/{rel}","templated":true}]}}