{"id":252,"date":"2012-01-25T19:49:47","date_gmt":"2012-01-25T19:49:47","guid":{"rendered":"http:\/\/fotosenderismo.com\/wordpress\/?p=252"},"modified":"2024-02-12T16:44:01","modified_gmt":"2024-02-12T16:44:01","slug":"montseny-pobleturo-de-lhome-1705-m","status":"publish","type":"post","link":"https:\/\/fotosenderismo.com\/wordpress\/index.php\/2012\/01\/25\/montseny-pobleturo-de-lhome-1705-m\/","title":{"rendered":"Montseny (poble), Tur\u00f3 de l&#8217;Home (1705 m)"},"content":{"rendered":"\n<p><\/p>\n\n\n\n<figure class=\"wp-block-image aligncenter\"><a href=\"http:\/\/fotosenderismo.com\/wordpress\/wp-content\/uploads\/2016\/04\/montseny-home-agudes-datos-1.jpg\" target=\"_blank\" rel=\"noopener noreferrer\"><img loading=\"lazy\" decoding=\"async\" width=\"1222\" height=\"855\" src=\"http:\/\/fotosenderismo.com\/wordpress\/wp-content\/uploads\/2016\/04\/montseny-home-agudes-datos-1.jpg\" alt=\"\" class=\"wp-image-7282\" srcset=\"https:\/\/fotosenderismo.com\/wordpress\/wp-content\/uploads\/2016\/04\/montseny-home-agudes-datos-1.jpg 1222w, https:\/\/fotosenderismo.com\/wordpress\/wp-content\/uploads\/2016\/04\/montseny-home-agudes-datos-1-300x210.jpg 300w, https:\/\/fotosenderismo.com\/wordpress\/wp-content\/uploads\/2016\/04\/montseny-home-agudes-datos-1-768x537.jpg 768w, https:\/\/fotosenderismo.com\/wordpress\/wp-content\/uploads\/2016\/04\/montseny-home-agudes-datos-1-1024x716.jpg 1024w, https:\/\/fotosenderismo.com\/wordpress\/wp-content\/uploads\/2016\/04\/montseny-home-agudes-datos-1-800x560.jpg 800w\" sizes=\"auto, (max-width: 1222px) 100vw, 1222px\" \/><\/a><\/figure>\n\n\n\n<p><\/p>\n\n\n\n<figure class=\"wp-block-image aligncenter size-full\"><a href=\"https:\/\/fotosenderismo.com\/wordpress\/wp-content\/uploads\/Montseny-poble-turo-l-home-2012-01-25.kml\"><img loading=\"lazy\" decoding=\"async\" width=\"400\" height=\"50\" src=\"https:\/\/fotosenderismo.com\/wordpress\/wp-content\/uploads\/2020\/07\/descargar-track.jpg\" alt=\"\" class=\"wp-image-19227\" srcset=\"https:\/\/fotosenderismo.com\/wordpress\/wp-content\/uploads\/2020\/07\/descargar-track.jpg 400w, https:\/\/fotosenderismo.com\/wordpress\/wp-content\/uploads\/2020\/07\/descargar-track-300x38.jpg 300w\" sizes=\"auto, (max-width: 400px) 100vw, 400px\" \/><\/a><\/figure>\n\n\n\n<p><\/p>\n\n\n\n<p class=\"has-drop-cap has-very-light-gray-background-color has-background\"><span style=\"font-size: 14pt;\"><strong><span style=\"font-family: georgia,palatino,serif;\">Excursi\u00f3n sin dificultades t\u00e9cnicas pero \u00e1spera por la gran pendiente que debe remontar. En general es una buena salida, aunque deber\u00eda mejorase en tanto que discurre por un tramo demasiado largo de carretera asfaltada.<\/span><\/strong><\/span><\/p>\n\n\n\n<p><\/p>\n\n\n\n<figure class=\"wp-block-image aligncenter\"><a href=\"http:\/\/fotosenderismo.com\/wordpress\/wp-content\/uploads\/2012\/01\/MONTSENY-HOME.jpg\" target=\"_blank\" rel=\"noopener noreferrer\"><img loading=\"lazy\" decoding=\"async\" width=\"1920\" height=\"1080\" src=\"http:\/\/fotosenderismo.com\/wordpress\/wp-content\/uploads\/2012\/01\/MONTSENY-HOME.jpg\" alt=\"\" class=\"wp-image-10920\" srcset=\"https:\/\/fotosenderismo.com\/wordpress\/wp-content\/uploads\/2012\/01\/MONTSENY-HOME.jpg 1920w, https:\/\/fotosenderismo.com\/wordpress\/wp-content\/uploads\/2012\/01\/MONTSENY-HOME-300x169.jpg 300w, https:\/\/fotosenderismo.com\/wordpress\/wp-content\/uploads\/2012\/01\/MONTSENY-HOME-768x432.jpg 768w, https:\/\/fotosenderismo.com\/wordpress\/wp-content\/uploads\/2012\/01\/MONTSENY-HOME-1024x576.jpg 1024w, https:\/\/fotosenderismo.com\/wordpress\/wp-content\/uploads\/2012\/01\/MONTSENY-HOME-800x450.jpg 800w\" sizes=\"auto, (max-width: 1920px) 100vw, 1920px\" \/><\/a><\/figure>\n\n\n\n<p><\/p>\n\n\n\n<figure class=\"wp-block-image aligncenter\"><a href=\"http:\/\/fotosenderismo.com\/wordpress\/wp-content\/uploads\/2016\/04\/montseny-home-agudes-map.jpg\" target=\"_blank\" rel=\"noopener noreferrer\"><img loading=\"lazy\" decoding=\"async\" width=\"1920\" height=\"1041\" src=\"http:\/\/fotosenderismo.com\/wordpress\/wp-content\/uploads\/2016\/04\/montseny-home-agudes-map.jpg\" alt=\"\" class=\"wp-image-7275\" srcset=\"https:\/\/fotosenderismo.com\/wordpress\/wp-content\/uploads\/2016\/04\/montseny-home-agudes-map.jpg 1920w, https:\/\/fotosenderismo.com\/wordpress\/wp-content\/uploads\/2016\/04\/montseny-home-agudes-map-300x163.jpg 300w, https:\/\/fotosenderismo.com\/wordpress\/wp-content\/uploads\/2016\/04\/montseny-home-agudes-map-768x416.jpg 768w, https:\/\/fotosenderismo.com\/wordpress\/wp-content\/uploads\/2016\/04\/montseny-home-agudes-map-1024x555.jpg 1024w, https:\/\/fotosenderismo.com\/wordpress\/wp-content\/uploads\/2016\/04\/montseny-home-agudes-map-800x434.jpg 800w\" sizes=\"auto, (max-width: 1920px) 100vw, 1920px\" \/><\/a><\/figure>\n\n\n\n<p><\/p>\n\n\n\n<figure class=\"wp-block-image aligncenter\"><a href=\"http:\/\/fotosenderismo.com\/wordpress\/wp-content\/uploads\/2016\/04\/montseny-home-agudes-3d-1.jpg\" target=\"_blank\" rel=\"noopener noreferrer\"><img loading=\"lazy\" decoding=\"async\" width=\"1920\" height=\"1080\" src=\"http:\/\/fotosenderismo.com\/wordpress\/wp-content\/uploads\/2016\/04\/montseny-home-agudes-3d-1.jpg\" alt=\"\" class=\"wp-image-7278\" srcset=\"https:\/\/fotosenderismo.com\/wordpress\/wp-content\/uploads\/2016\/04\/montseny-home-agudes-3d-1.jpg 1920w, https:\/\/fotosenderismo.com\/wordpress\/wp-content\/uploads\/2016\/04\/montseny-home-agudes-3d-1-300x169.jpg 300w, https:\/\/fotosenderismo.com\/wordpress\/wp-content\/uploads\/2016\/04\/montseny-home-agudes-3d-1-768x432.jpg 768w, https:\/\/fotosenderismo.com\/wordpress\/wp-content\/uploads\/2016\/04\/montseny-home-agudes-3d-1-1024x576.jpg 1024w, https:\/\/fotosenderismo.com\/wordpress\/wp-content\/uploads\/2016\/04\/montseny-home-agudes-3d-1-800x450.jpg 800w\" sizes=\"auto, (max-width: 1920px) 100vw, 1920px\" \/><\/a><\/figure>\n\n\n\n<p><\/p>\n\n\n\n<figure class=\"wp-block-image aligncenter\"><a href=\"http:\/\/fotosenderismo.com\/wordpress\/wp-content\/uploads\/2016\/04\/montseny-home-agudes-earth.jpg\" target=\"_blank\" rel=\"noopener noreferrer\"><img loading=\"lazy\" decoding=\"async\" width=\"1920\" height=\"970\" src=\"http:\/\/fotosenderismo.com\/wordpress\/wp-content\/uploads\/2016\/04\/montseny-home-agudes-earth.jpg\" alt=\"\" class=\"wp-image-7279\" srcset=\"https:\/\/fotosenderismo.com\/wordpress\/wp-content\/uploads\/2016\/04\/montseny-home-agudes-earth.jpg 1920w, https:\/\/fotosenderismo.com\/wordpress\/wp-content\/uploads\/2016\/04\/montseny-home-agudes-earth-300x152.jpg 300w, https:\/\/fotosenderismo.com\/wordpress\/wp-content\/uploads\/2016\/04\/montseny-home-agudes-earth-768x388.jpg 768w, https:\/\/fotosenderismo.com\/wordpress\/wp-content\/uploads\/2016\/04\/montseny-home-agudes-earth-1024x517.jpg 1024w, https:\/\/fotosenderismo.com\/wordpress\/wp-content\/uploads\/2016\/04\/montseny-home-agudes-earth-800x404.jpg 800w\" sizes=\"auto, (max-width: 1920px) 100vw, 1920px\" \/><\/a><\/figure>\n\n\n\n<p><\/p>\n\n\n\n<figure class=\"wp-block-image\"><a href=\"http:\/\/fotosenderismo.com\/wordpress\/wp-content\/uploads\/2016\/04\/montseny-poble-2-turo-perfil.jpg\" target=\"_blank\" rel=\"noopener noreferrer\"><img loading=\"lazy\" decoding=\"async\" width=\"1899\" height=\"502\" src=\"http:\/\/fotosenderismo.com\/wordpress\/wp-content\/uploads\/2016\/04\/montseny-poble-2-turo-perfil.jpg\" alt=\"montseny-poble-2-turo-perfil\" class=\"wp-image-3021\" srcset=\"https:\/\/fotosenderismo.com\/wordpress\/wp-content\/uploads\/2016\/04\/montseny-poble-2-turo-perfil.jpg 1899w, https:\/\/fotosenderismo.com\/wordpress\/wp-content\/uploads\/2016\/04\/montseny-poble-2-turo-perfil-300x79.jpg 300w, https:\/\/fotosenderismo.com\/wordpress\/wp-content\/uploads\/2016\/04\/montseny-poble-2-turo-perfil-768x203.jpg 768w, https:\/\/fotosenderismo.com\/wordpress\/wp-content\/uploads\/2016\/04\/montseny-poble-2-turo-perfil-1024x271.jpg 1024w, https:\/\/fotosenderismo.com\/wordpress\/wp-content\/uploads\/2016\/04\/montseny-poble-2-turo-perfil-800x211.jpg 800w\" sizes=\"auto, (max-width: 1899px) 100vw, 1899px\" \/><\/a><\/figure>\n\n\n\n<p><\/p>\n\n\n\n<figure class=\"wp-block-image aligncenter\"><a href=\"http:\/\/fotosenderismo.com\/wordpress\/wp-content\/uploads\/2018\/05\/TERMINOS-DE-BUSQUEDA-1.jpg\"><img loading=\"lazy\" decoding=\"async\" width=\"260\" height=\"32\" src=\"http:\/\/fotosenderismo.com\/wordpress\/wp-content\/uploads\/2018\/05\/TERMINOS-DE-BUSQUEDA-1.jpg\" alt=\"\" class=\"wp-image-10461\"\/><\/a><\/figure>\n\n\n\n<p><\/p>\n\n\n\n<p class=\"has-text-align-center has-very-light-gray-background-color has-background\"><span style=\"font-size: 10pt;\"><em><strong><span style=\"text-decoration: underline; font-family: georgia,palatino,serif;\"><\/span><\/strong><\/em><\/span><span style=\"font-size: 14pt;\"><em><strong><span style=\"font-family: georgia,palatino,serif;\">Sant Esteve de Palautordera, Montseny, Tur\u00f3 de l&#8217;Home, Agudes<\/span><\/strong><\/em><\/span><\/p>\n\n\n\n<p><\/p>\n\n\n\n<figure class=\"wp-block-image aligncenter\"><a href=\"http:\/\/fotosenderismo.com\/wordpress\/wp-content\/uploads\/2018\/05\/RELACIONADAS-1.jpg\"><img loading=\"lazy\" decoding=\"async\" width=\"261\" height=\"37\" src=\"http:\/\/fotosenderismo.com\/wordpress\/wp-content\/uploads\/2018\/05\/RELACIONADAS-1.jpg\" alt=\"\" class=\"wp-image-10460\"\/><\/a><\/figure>\n\n\n\n<p><\/p>\n\n\n\n<figure class=\"wp-block-embed aligncenter is-type-wp-embed is-provider-fotosenderismo-com wp-block-embed-fotosenderismo-com\"><div class=\"wp-block-embed__wrapper\">\n<blockquote class=\"wp-embedded-content\" data-secret=\"W2gmSQSNR3\"><a href=\"https:\/\/fotosenderismo.com\/wordpress\/index.php\/2014\/11\/20\/tres-pics-del-montseny-agudes-1705-m-turo-de-lhome-1708-m-matagalls-1689-m\/\">Tres pics del Montseny. Agudes (1705 m), Tur\u00f2 de l&#8217;Home (1708 m), Matagalls (1689 m)<\/a><\/blockquote><iframe loading=\"lazy\" class=\"wp-embedded-content\" sandbox=\"allow-scripts\" security=\"restricted\" style=\"position: absolute; clip: rect(1px, 1px, 1px, 1px);\" title=\"\u00abTres pics del Montseny. Agudes (1705 m), Tur\u00f2 de l&#8217;Home (1708 m), Matagalls (1689 m)\u00bb \u2014 FOTOSENDERISMO.COM\" src=\"https:\/\/fotosenderismo.com\/wordpress\/index.php\/2014\/11\/20\/tres-pics-del-montseny-agudes-1705-m-turo-de-lhome-1708-m-matagalls-1689-m\/embed\/#?secret=uF59qZhKTV#?secret=W2gmSQSNR3\" data-secret=\"W2gmSQSNR3\" width=\"600\" height=\"338\" frameborder=\"0\" marginwidth=\"0\" marginheight=\"0\" scrolling=\"no\"><\/iframe>\n<\/div><\/figure>\n","protected":false},"excerpt":{"rendered":"<p>Excursi\u00f3n sin dificultades t\u00e9cnicas pero \u00e1spera por la gran pendiente que debe remontar. En general es una buena salida, aunque deber\u00eda mejorase en tanto que discurre por un tramo demasiado largo de carretera asfaltada.<\/p>\n","protected":false},"author":1,"featured_media":7286,"comment_status":"open","ping_status":"closed","sticky":false,"template":"","format":"standard","meta":{"footnotes":""},"categories":[46,58,43,67,135,282,35,42,47,50],"tags":[274,272,177,279],"class_list":["post-252","post","type-post","status-publish","format-standard","has-post-thumbnail","hentry","category-girona","category-selva","category-barcelona","category-valles-oreintal","category-montseny","category-203-entre-20-y-25-km","category-entre-1000-y-1500-metros","category-senderismo","category-circular-tipo-de-recorrido","category-alta-montana","tag-no-fotos","tag-no-wikiloc","tag-eduard","tag-track-kml"],"_links":{"self":[{"href":"https:\/\/fotosenderismo.com\/wordpress\/index.php\/wp-json\/wp\/v2\/posts\/252","targetHints":{"allow":["GET"]}}],"collection":[{"href":"https:\/\/fotosenderismo.com\/wordpress\/index.php\/wp-json\/wp\/v2\/posts"}],"about":[{"href":"https:\/\/fotosenderismo.com\/wordpress\/index.php\/wp-json\/wp\/v2\/types\/post"}],"author":[{"embeddable":true,"href":"https:\/\/fotosenderismo.com\/wordpress\/index.php\/wp-json\/wp\/v2\/users\/1"}],"replies":[{"embeddable":true,"href":"https:\/\/fotosenderismo.com\/wordpress\/index.php\/wp-json\/wp\/v2\/comments?post=252"}],"version-history":[{"count":31,"href":"https:\/\/fotosenderismo.com\/wordpress\/index.php\/wp-json\/wp\/v2\/posts\/252\/revisions"}],"predecessor-version":[{"id":22579,"href":"https:\/\/fotosenderismo.com\/wordpress\/index.php\/wp-json\/wp\/v2\/posts\/252\/revisions\/22579"}],"wp:featuredmedia":[{"embeddable":true,"href":"https:\/\/fotosenderismo.com\/wordpress\/index.php\/wp-json\/wp\/v2\/media\/7286"}],"wp:attachment":[{"href":"https:\/\/fotosenderismo.com\/wordpress\/index.php\/wp-json\/wp\/v2\/media?parent=252"}],"wp:term":[{"taxonomy":"category","embeddable":true,"href":"https:\/\/fotosenderismo.com\/wordpress\/index.php\/wp-json\/wp\/v2\/categories?post=252"},{"taxonomy":"post_tag","embeddable":true,"href":"https:\/\/fotosenderismo.com\/wordpress\/index.php\/wp-json\/wp\/v2\/tags?post=252"}],"curies":[{"name":"wp","href":"https:\/\/api.w.org\/{rel}","templated":true}]}}