{"id":241,"date":"2015-12-18T19:32:13","date_gmt":"2015-12-18T19:32:13","guid":{"rendered":"http:\/\/fotosenderismo.com\/wordpress\/?p=241"},"modified":"2024-02-07T18:26:34","modified_gmt":"2024-02-07T18:26:34","slug":"circunvalacion-corta-al-bestraca","status":"publish","type":"post","link":"https:\/\/fotosenderismo.com\/wordpress\/index.php\/2015\/12\/18\/circunvalacion-corta-al-bestraca\/","title":{"rendered":"Circunvalaci\u00f3n corta al Bestrac\u00e0"},"content":{"rendered":"\n<p><\/p>\n\n\n\n<figure class=\"wp-block-image aligncenter\"><a href=\"https:\/\/photos.app.goo.gl\/QF9M8rc5DceVLjFb9\" target=\"_blank\" rel=\"noreferrer noopener\"><img loading=\"lazy\" decoding=\"async\" width=\"400\" height=\"53\" src=\"http:\/\/fotosenderismo.com\/wordpress\/wp-content\/uploads\/2019\/05\/visualizar-galeria-fotos.jpg\" alt=\"\" class=\"wp-image-14761\" srcset=\"https:\/\/fotosenderismo.com\/wordpress\/wp-content\/uploads\/2019\/05\/visualizar-galeria-fotos.jpg 400w, https:\/\/fotosenderismo.com\/wordpress\/wp-content\/uploads\/2019\/05\/visualizar-galeria-fotos-300x40.jpg 300w\" sizes=\"auto, (max-width: 400px) 100vw, 400px\" \/><\/a><\/figure>\n\n\n\n<p><\/p>\n\n\n\n<figure class=\"wp-block-image aligncenter\"><a href=\"http:\/\/fotosenderismo.com\/wordpress\/wp-content\/uploads\/2016\/04\/bestraca-corta-datos.jpg\" target=\"_blank\" rel=\"noopener noreferrer\"><img loading=\"lazy\" decoding=\"async\" width=\"1099\" height=\"804\" src=\"http:\/\/fotosenderismo.com\/wordpress\/wp-content\/uploads\/2016\/04\/bestraca-corta-datos.jpg\" alt=\"\" class=\"wp-image-7951\" srcset=\"https:\/\/fotosenderismo.com\/wordpress\/wp-content\/uploads\/2016\/04\/bestraca-corta-datos.jpg 1099w, https:\/\/fotosenderismo.com\/wordpress\/wp-content\/uploads\/2016\/04\/bestraca-corta-datos-300x219.jpg 300w, https:\/\/fotosenderismo.com\/wordpress\/wp-content\/uploads\/2016\/04\/bestraca-corta-datos-768x562.jpg 768w, https:\/\/fotosenderismo.com\/wordpress\/wp-content\/uploads\/2016\/04\/bestraca-corta-datos-1024x749.jpg 1024w, https:\/\/fotosenderismo.com\/wordpress\/wp-content\/uploads\/2016\/04\/bestraca-corta-datos-800x585.jpg 800w\" sizes=\"auto, (max-width: 1099px) 100vw, 1099px\" \/><\/a><\/figure>\n\n\n\n<p><\/p>\n\n\n\n<figure class=\"wp-block-image aligncenter\"><a href=\"https:\/\/ca.wikiloc.com\/rutes-senderisme\/circunvalacion-corta-al-bestraca-36015596\" target=\"_blank\" rel=\"noreferrer noopener\"><img loading=\"lazy\" decoding=\"async\" width=\"400\" height=\"52\" src=\"http:\/\/fotosenderismo.com\/wordpress\/wp-content\/uploads\/2019\/02\/track-wikiloc-1.jpg\" alt=\"\" class=\"wp-image-13636\" srcset=\"https:\/\/fotosenderismo.com\/wordpress\/wp-content\/uploads\/2019\/02\/track-wikiloc-1.jpg 400w, https:\/\/fotosenderismo.com\/wordpress\/wp-content\/uploads\/2019\/02\/track-wikiloc-1-300x39.jpg 300w\" sizes=\"auto, (max-width: 400px) 100vw, 400px\" \/><\/a><\/figure>\n\n\n\n<p><\/p>\n\n\n\n<p class=\"has-drop-cap has-very-light-gray-background-color has-background\" style=\"font-size:18px\"> Salida del 18 de diciembre de 2015. Una de las maneras de planificar excursiones es el de buscar una monta\u00f1a destacada y tratar de dibujar una circunvalaci\u00f3n alrededor de ella. De esta manera se pueden conseguir muy buenas excursiones circulares y este es un caso de estos. En todo caso, \u00e9sta se trata de una muy buena salida porque visita uno de los entornos m\u00e1s excepcionales de la Alta Garrotxa, que es el valle del  Hortmoier, ademas de pasar por el Coll de Bestrac\u00e0, otro de los lugares que no puede dejar de visitarse si se viene a esta zona. Tenemos versiones mucho m\u00e1s largas que rodean el Bestrac\u00e0, pero esta nada tiene que envidiarles. Adem\u00e1s, se puede hacer en una ma\u00f1ana. <\/p>\n\n\n\n<p><\/p>\n\n\n\n<figure class=\"wp-block-image aligncenter\"><a href=\"http:\/\/fotosenderismo.com\/wordpress\/wp-content\/uploads\/2015\/12\/vuelta-bestraca.jpg\" target=\"_blank\" rel=\"noopener noreferrer\"><img loading=\"lazy\" decoding=\"async\" width=\"1907\" height=\"1767\" src=\"http:\/\/fotosenderismo.com\/wordpress\/wp-content\/uploads\/2015\/12\/vuelta-bestraca.jpg\" alt=\"\" class=\"wp-image-11444\" srcset=\"https:\/\/fotosenderismo.com\/wordpress\/wp-content\/uploads\/2015\/12\/vuelta-bestraca.jpg 1907w, https:\/\/fotosenderismo.com\/wordpress\/wp-content\/uploads\/2015\/12\/vuelta-bestraca-300x278.jpg 300w, https:\/\/fotosenderismo.com\/wordpress\/wp-content\/uploads\/2015\/12\/vuelta-bestraca-768x712.jpg 768w, https:\/\/fotosenderismo.com\/wordpress\/wp-content\/uploads\/2015\/12\/vuelta-bestraca-1024x949.jpg 1024w, https:\/\/fotosenderismo.com\/wordpress\/wp-content\/uploads\/2015\/12\/vuelta-bestraca-800x741.jpg 800w\" sizes=\"auto, (max-width: 1907px) 100vw, 1907px\" \/><\/a><\/figure>\n\n\n\n<p><\/p>\n\n\n\n<figure class=\"wp-block-image aligncenter\"><a href=\"http:\/\/fotosenderismo.com\/wordpress\/wp-content\/uploads\/2016\/04\/bestraca-corta-map.jpg\" target=\"_blank\" rel=\"noopener noreferrer\"><img loading=\"lazy\" decoding=\"async\" width=\"1920\" height=\"1038\" src=\"http:\/\/fotosenderismo.com\/wordpress\/wp-content\/uploads\/2016\/04\/bestraca-corta-map.jpg\" alt=\"\" class=\"wp-image-7952\" srcset=\"https:\/\/fotosenderismo.com\/wordpress\/wp-content\/uploads\/2016\/04\/bestraca-corta-map.jpg 1920w, https:\/\/fotosenderismo.com\/wordpress\/wp-content\/uploads\/2016\/04\/bestraca-corta-map-300x162.jpg 300w, https:\/\/fotosenderismo.com\/wordpress\/wp-content\/uploads\/2016\/04\/bestraca-corta-map-768x415.jpg 768w, https:\/\/fotosenderismo.com\/wordpress\/wp-content\/uploads\/2016\/04\/bestraca-corta-map-1024x554.jpg 1024w, https:\/\/fotosenderismo.com\/wordpress\/wp-content\/uploads\/2016\/04\/bestraca-corta-map-800x433.jpg 800w\" sizes=\"auto, (max-width: 1920px) 100vw, 1920px\" \/><\/a><\/figure>\n\n\n\n<p><\/p>\n\n\n\n<figure class=\"wp-block-image aligncenter\"><a href=\"http:\/\/fotosenderismo.com\/wordpress\/wp-content\/uploads\/2016\/04\/bestraca-corta-3d.jpg\" target=\"_blank\" rel=\"noopener noreferrer\"><img loading=\"lazy\" decoding=\"async\" width=\"1920\" height=\"1080\" src=\"http:\/\/fotosenderismo.com\/wordpress\/wp-content\/uploads\/2016\/04\/bestraca-corta-3d.jpg\" alt=\"\" class=\"wp-image-7953\" srcset=\"https:\/\/fotosenderismo.com\/wordpress\/wp-content\/uploads\/2016\/04\/bestraca-corta-3d.jpg 1920w, https:\/\/fotosenderismo.com\/wordpress\/wp-content\/uploads\/2016\/04\/bestraca-corta-3d-300x169.jpg 300w, https:\/\/fotosenderismo.com\/wordpress\/wp-content\/uploads\/2016\/04\/bestraca-corta-3d-768x432.jpg 768w, https:\/\/fotosenderismo.com\/wordpress\/wp-content\/uploads\/2016\/04\/bestraca-corta-3d-1024x576.jpg 1024w, https:\/\/fotosenderismo.com\/wordpress\/wp-content\/uploads\/2016\/04\/bestraca-corta-3d-800x450.jpg 800w\" sizes=\"auto, (max-width: 1920px) 100vw, 1920px\" \/><\/a><\/figure>\n\n\n\n<p><\/p>\n\n\n\n<figure class=\"wp-block-image aligncenter\"><a href=\"http:\/\/fotosenderismo.com\/wordpress\/wp-content\/uploads\/2016\/04\/bestraca-corta-earth.jpg\" target=\"_blank\" rel=\"noopener noreferrer\"><img loading=\"lazy\" decoding=\"async\" width=\"1920\" height=\"970\" src=\"http:\/\/fotosenderismo.com\/wordpress\/wp-content\/uploads\/2016\/04\/bestraca-corta-earth.jpg\" alt=\"\" class=\"wp-image-7954\" srcset=\"https:\/\/fotosenderismo.com\/wordpress\/wp-content\/uploads\/2016\/04\/bestraca-corta-earth.jpg 1920w, https:\/\/fotosenderismo.com\/wordpress\/wp-content\/uploads\/2016\/04\/bestraca-corta-earth-300x152.jpg 300w, https:\/\/fotosenderismo.com\/wordpress\/wp-content\/uploads\/2016\/04\/bestraca-corta-earth-768x388.jpg 768w, https:\/\/fotosenderismo.com\/wordpress\/wp-content\/uploads\/2016\/04\/bestraca-corta-earth-1024x517.jpg 1024w, https:\/\/fotosenderismo.com\/wordpress\/wp-content\/uploads\/2016\/04\/bestraca-corta-earth-800x404.jpg 800w\" sizes=\"auto, (max-width: 1920px) 100vw, 1920px\" \/><\/a><\/figure>\n\n\n\n<p><\/p>\n\n\n\n<figure class=\"wp-block-image\"><a href=\"http:\/\/fotosenderismo.com\/wordpress\/wp-content\/uploads\/2016\/04\/volta-bestraca-perfil.jpg\" target=\"_blank\" rel=\"noopener noreferrer\"><img loading=\"lazy\" decoding=\"async\" width=\"1920\" height=\"551\" src=\"http:\/\/fotosenderismo.com\/wordpress\/wp-content\/uploads\/2016\/04\/volta-bestraca-perfil.jpg\" alt=\"volta-bestraca-perfil\" class=\"wp-image-3032\" srcset=\"https:\/\/fotosenderismo.com\/wordpress\/wp-content\/uploads\/2016\/04\/volta-bestraca-perfil.jpg 1920w, https:\/\/fotosenderismo.com\/wordpress\/wp-content\/uploads\/2016\/04\/volta-bestraca-perfil-300x86.jpg 300w, https:\/\/fotosenderismo.com\/wordpress\/wp-content\/uploads\/2016\/04\/volta-bestraca-perfil-768x220.jpg 768w, https:\/\/fotosenderismo.com\/wordpress\/wp-content\/uploads\/2016\/04\/volta-bestraca-perfil-1024x294.jpg 1024w, https:\/\/fotosenderismo.com\/wordpress\/wp-content\/uploads\/2016\/04\/volta-bestraca-perfil-800x230.jpg 800w\" sizes=\"auto, (max-width: 1920px) 100vw, 1920px\" \/><\/a><\/figure>\n\n\n\n<p><\/p>\n\n\n\n<figure class=\"wp-block-image aligncenter\"><a href=\"http:\/\/fotosenderismo.com\/wordpress\/wp-content\/uploads\/2018\/05\/TERMINOS-DE-BUSQUEDA-1.jpg\"><img loading=\"lazy\" decoding=\"async\" width=\"260\" height=\"32\" src=\"http:\/\/fotosenderismo.com\/wordpress\/wp-content\/uploads\/2018\/05\/TERMINOS-DE-BUSQUEDA-1.jpg\" alt=\"\" class=\"wp-image-10461\"\/><\/a><\/figure>\n\n\n\n<p><\/p>\n\n\n\n<p class=\"has-text-align-center has-very-light-gray-background-color has-background\"><span style=\"font-family: georgia, palatino, serif; font-size: 14pt;\"><em><strong>Castellfollit de la Roca, Oix, Serra de Bestrac\u00e0, Vall d&#8217;Hormoier<\/strong><\/em><\/span><\/p>\n\n\n\n<p><\/p>\n\n\n\n<figure class=\"wp-block-image aligncenter\"><a href=\"http:\/\/fotosenderismo.com\/wordpress\/wp-content\/uploads\/2018\/05\/RELACIONADAS-1.jpg\"><img loading=\"lazy\" decoding=\"async\" width=\"261\" height=\"37\" src=\"http:\/\/fotosenderismo.com\/wordpress\/wp-content\/uploads\/2018\/05\/RELACIONADAS-1.jpg\" alt=\"\" class=\"wp-image-10460\"\/><\/a><\/figure>\n\n\n\n<p><\/p>\n\n\n\n<figure class=\"wp-block-embed aligncenter is-type-wp-embed is-provider-fotosenderismo-com wp-block-embed-fotosenderismo-com\"><div class=\"wp-block-embed__wrapper\">\n<blockquote class=\"wp-embedded-content\" data-secret=\"8hUTbqqIkn\"><a href=\"https:\/\/fotosenderismo.com\/wordpress\/index.php\/2010\/11\/09\/ascenso-directo-al-bestraca-1065-m-desde-oix-circular-al-coll-sagordi\/\">Ascenso directo al Bestraca (1058 m.) desde Oix. Circular al coll Sagordi<\/a><\/blockquote><iframe loading=\"lazy\" class=\"wp-embedded-content\" sandbox=\"allow-scripts\" security=\"restricted\" style=\"position: absolute; clip: rect(1px, 1px, 1px, 1px);\" title=\"\u00abAscenso directo al Bestraca (1058 m.) desde Oix. Circular al coll Sagordi\u00bb \u2014 FOTOSENDERISMO.COM\" src=\"https:\/\/fotosenderismo.com\/wordpress\/index.php\/2010\/11\/09\/ascenso-directo-al-bestraca-1065-m-desde-oix-circular-al-coll-sagordi\/embed\/#?secret=UO6awLXh4o#?secret=8hUTbqqIkn\" data-secret=\"8hUTbqqIkn\" width=\"600\" height=\"338\" frameborder=\"0\" marginwidth=\"0\" marginheight=\"0\" scrolling=\"no\"><\/iframe>\n<\/div><\/figure>\n\n\n\n<figure class=\"wp-block-embed aligncenter is-type-wp-embed is-provider-fotosenderismo-com wp-block-embed-fotosenderismo-com\"><div class=\"wp-block-embed__wrapper\">\n<blockquote class=\"wp-embedded-content\" data-secret=\"u23ZyJpqp8\"><a href=\"https:\/\/fotosenderismo.com\/wordpress\/index.php\/2015\/12\/18\/circunvalacion-corta-al-bestraca\/\">Circunvalaci\u00f3n corta al Bestrac\u00e0<\/a><\/blockquote><iframe loading=\"lazy\" class=\"wp-embedded-content\" sandbox=\"allow-scripts\" security=\"restricted\" style=\"position: absolute; clip: rect(1px, 1px, 1px, 1px);\" title=\"\u00abCircunvalaci\u00f3n corta al Bestrac\u00e0\u00bb \u2014 FOTOSENDERISMO.COM\" src=\"https:\/\/fotosenderismo.com\/wordpress\/index.php\/2015\/12\/18\/circunvalacion-corta-al-bestraca\/embed\/#?secret=U8SzluydeM#?secret=u23ZyJpqp8\" data-secret=\"u23ZyJpqp8\" width=\"600\" height=\"338\" frameborder=\"0\" marginwidth=\"0\" marginheight=\"0\" scrolling=\"no\"><\/iframe>\n<\/div><\/figure>\n\n\n\n<figure class=\"wp-block-embed aligncenter is-type-wp-embed is-provider-fotosenderismo-com wp-block-embed-fotosenderismo-com\"><div class=\"wp-block-embed__wrapper\">\n<blockquote class=\"wp-embedded-content\" data-secret=\"6e4llddNzJ\"><a href=\"https:\/\/fotosenderismo.com\/wordpress\/index.php\/2018\/04\/27\/oix-sant-miquel-de-pera-coll-de-bestraca\/\">Oix, Sant Miquel de Pera, Coll de Bestrac\u00e0<\/a><\/blockquote><iframe loading=\"lazy\" class=\"wp-embedded-content\" sandbox=\"allow-scripts\" security=\"restricted\" style=\"position: absolute; clip: rect(1px, 1px, 1px, 1px);\" title=\"\u00abOix, Sant Miquel de Pera, Coll de Bestrac\u00e0\u00bb \u2014 FOTOSENDERISMO.COM\" src=\"https:\/\/fotosenderismo.com\/wordpress\/index.php\/2018\/04\/27\/oix-sant-miquel-de-pera-coll-de-bestraca\/embed\/#?secret=3je4sUMll0#?secret=6e4llddNzJ\" data-secret=\"6e4llddNzJ\" width=\"600\" height=\"338\" frameborder=\"0\" marginwidth=\"0\" marginheight=\"0\" scrolling=\"no\"><\/iframe>\n<\/div><\/figure>\n","protected":false},"excerpt":{"rendered":"<p>Salida del 18 de diciembre de 2015. Una de las maneras de planificar excursiones es el de buscar una monta\u00f1a destacada y tratar de dibujar una circunvalaci\u00f3n alrededor de ella. De esta manera se pueden conseguir muy buenas excursiones circulares y este es un caso de estos. En todo caso, \u00e9sta se trata de una muy buena salida porque visita una de los entornos m\u00e1s excepcionales de la Alta Garrotxa, que es el valle del Hortmoier, ademas de pasar por el Coll de Bestrac\u00e0, otro de los lugares que no puede dejar de visitarse si se viene a esta zona. Tenemos versiones mucho m\u00e1s largas que rodean el Bestrac\u00e0, pero esta nada tiene que envidiarles. Adem\u00e1s, se puede hacer en una ma\u00f1ana. <\/p>\n","protected":false},"author":1,"featured_media":2207,"comment_status":"open","ping_status":"closed","sticky":false,"template":"","format":"standard","meta":{"footnotes":""},"categories":[45,46,49,280,34,42,47,48],"tags":[187,98,177,223],"class_list":["post-241","post","type-post","status-publish","format-standard","has-post-thumbnail","hentry","category-garrotxa","category-girona","category-alta-garrotxa","category-202-entre-10-y-15-km","category-entre-500-y-1000-metros","category-senderismo","category-circular-tipo-de-recorrido","category-media-montana-o-terrenos-altos","tag-fotos-by-eduard","tag-98","tag-eduard","tag-track-en-wikiloc"],"_links":{"self":[{"href":"https:\/\/fotosenderismo.com\/wordpress\/index.php\/wp-json\/wp\/v2\/posts\/241","targetHints":{"allow":["GET"]}}],"collection":[{"href":"https:\/\/fotosenderismo.com\/wordpress\/index.php\/wp-json\/wp\/v2\/posts"}],"about":[{"href":"https:\/\/fotosenderismo.com\/wordpress\/index.php\/wp-json\/wp\/v2\/types\/post"}],"author":[{"embeddable":true,"href":"https:\/\/fotosenderismo.com\/wordpress\/index.php\/wp-json\/wp\/v2\/users\/1"}],"replies":[{"embeddable":true,"href":"https:\/\/fotosenderismo.com\/wordpress\/index.php\/wp-json\/wp\/v2\/comments?post=241"}],"version-history":[{"count":26,"href":"https:\/\/fotosenderismo.com\/wordpress\/index.php\/wp-json\/wp\/v2\/posts\/241\/revisions"}],"predecessor-version":[{"id":22349,"href":"https:\/\/fotosenderismo.com\/wordpress\/index.php\/wp-json\/wp\/v2\/posts\/241\/revisions\/22349"}],"wp:featuredmedia":[{"embeddable":true,"href":"https:\/\/fotosenderismo.com\/wordpress\/index.php\/wp-json\/wp\/v2\/media\/2207"}],"wp:attachment":[{"href":"https:\/\/fotosenderismo.com\/wordpress\/index.php\/wp-json\/wp\/v2\/media?parent=241"}],"wp:term":[{"taxonomy":"category","embeddable":true,"href":"https:\/\/fotosenderismo.com\/wordpress\/index.php\/wp-json\/wp\/v2\/categories?post=241"},{"taxonomy":"post_tag","embeddable":true,"href":"https:\/\/fotosenderismo.com\/wordpress\/index.php\/wp-json\/wp\/v2\/tags?post=241"}],"curies":[{"name":"wp","href":"https:\/\/api.w.org\/{rel}","templated":true}]}}