{"id":23684,"date":"2024-06-06T13:30:00","date_gmt":"2024-06-06T13:30:00","guid":{"rendered":"https:\/\/fotosenderismo.com\/wordpress\/?p=23684"},"modified":"2024-07-15T13:50:02","modified_gmt":"2024-07-15T13:50:02","slug":"riudaura-senders-dels-llors-i-dels-comtes-puig-de-lofrena-pla-de-falgars-collada-verda-coll-de-canes-cami-ral","status":"publish","type":"post","link":"https:\/\/fotosenderismo.com\/wordpress\/index.php\/2024\/06\/06\/riudaura-senders-dels-llors-i-dels-comtes-puig-de-lofrena-pla-de-falgars-collada-verda-coll-de-canes-cami-ral\/","title":{"rendered":"Riudaura, Senders dels Llors i dels Comtes, Puig de l&#8217;Ofrena, Pla de Falgars, Collada Verda, Coll de Canes, Cam\u00ed Ral"},"content":{"rendered":"\n<figure class=\"wp-block-image size-full\"><a href=\"https:\/\/fotosenderismo.com\/wordpress\/wp-content\/uploads\/2024\/07\/avi-datos.jpg\" target=\"_blank\" rel=\"noreferrer noopener\"><img loading=\"lazy\" decoding=\"async\" width=\"1334\" height=\"952\" src=\"https:\/\/fotosenderismo.com\/wordpress\/wp-content\/uploads\/2024\/07\/avi-datos.jpg\" alt=\"\" class=\"wp-image-23685\" srcset=\"https:\/\/fotosenderismo.com\/wordpress\/wp-content\/uploads\/2024\/07\/avi-datos.jpg 1334w, https:\/\/fotosenderismo.com\/wordpress\/wp-content\/uploads\/2024\/07\/avi-datos-300x214.jpg 300w, https:\/\/fotosenderismo.com\/wordpress\/wp-content\/uploads\/2024\/07\/avi-datos-1024x731.jpg 1024w, https:\/\/fotosenderismo.com\/wordpress\/wp-content\/uploads\/2024\/07\/avi-datos-768x548.jpg 768w, https:\/\/fotosenderismo.com\/wordpress\/wp-content\/uploads\/2024\/07\/avi-datos-1320x942.jpg 1320w\" sizes=\"auto, (max-width: 1334px) 100vw, 1334px\" \/><\/a><\/figure>\n\n\n\n<p><\/p>\n\n\n\n<figure class=\"wp-block-image aligncenter size-full\"><a href=\"https:\/\/fotosenderismo.com\/wordpress\/wp-content\/uploads\/2024-06-06-riudaura-senders-dels-llors-y-dels-comtes-puig-de-lofrena.gpx\"><img loading=\"lazy\" decoding=\"async\" width=\"400\" height=\"50\" src=\"https:\/\/fotosenderismo.com\/wordpress\/wp-content\/uploads\/2024\/02\/descargar-track-9.jpg\" alt=\"\" class=\"wp-image-23007\" srcset=\"https:\/\/fotosenderismo.com\/wordpress\/wp-content\/uploads\/2024\/02\/descargar-track-9.jpg 400w, https:\/\/fotosenderismo.com\/wordpress\/wp-content\/uploads\/2024\/02\/descargar-track-9-300x38.jpg 300w\" sizes=\"auto, (max-width: 400px) 100vw, 400px\" \/><\/a><\/figure>\n\n\n\n<p style=\"text-align: justify;\"><span style=\"text-decoration: underline;\"><strong>Salida del 6 de junio de 2024 al Puig de l\u2019Ofrena desde Riudaura, cerca de Olot<\/strong><\/span><br \/><strong>Ruta circular desde Riudaura pasando por:<\/strong><br \/><strong>&#8211; Puig de l&#8217;Ofrena (5.9 km)<\/strong><br \/><strong>&#8211; Pla de Falgars (7.3 km)<\/strong><br \/><strong>&#8211; Collada Verda (9.4 km)<\/strong><br \/><strong>&#8211; Coll de Canes (10.9 km)<\/strong><br \/><br \/><span style=\"text-decoration: underline;\"><strong>Objetivos<\/strong><\/span><br \/><br \/><strong>El objetivo de esta salida es el de alcanzar el Puig de l\u2019Ofrena por el Sender dels Llors. No es la primera vez que hab\u00edamos ejecutado una salida similar. De hecho, ya hab\u00eda coronado con \u00e9xito otra salida parecida que en lugar de subir por els Llors ascend\u00eda hasta el Sender dels Comtes por el camino del Torrent de la Plana. Despu\u00e9s de ascender al Puig de l\u2019Ofrena, nos hemos dirigido al Pla de Falgars y al Coll de Canes para descender, a posteriori, por el camino hist\u00f3rico (Cam\u00ed Ral) que iba desde Riudaura hasta Vallfogona y Sant Joan de les Abadesses.<\/strong><br \/><br \/><span style=\"text-decoration: underline;\"><strong>Caracter\u00edsticas generales de la salida<\/strong><\/span><br \/><br \/><strong>Va principalmente por senderos boscosos, aunque tambi\u00e9n transita algo de pista asilvestrada y alg\u00fan tramo de pista asfaltada, tanto al principio como al final de la salida. Atravesaremos un gran prado en el Pla de Falgars, lugar desde el que se disfruta de una extraordinaria vista, tanto a la Garrotxa como al Pirineo. Pasaremos, tambi\u00e9n, junto a la Riera de Riudaura, que nos regalar\u00e1 hermosos rincones. El entorno est\u00e1 dominado por el hayedo y el robledal.<\/strong><br \/><br \/><span style=\"text-decoration: underline;\"><strong>Desarrollo de la salida<\/strong><\/span><br \/><br \/><strong>Empieza en Riudaura, en la calle del Cam\u00ed Ral. Desde all\u00ed sigue la pista asfaltada. Se ha de andar unos 600 metros para alcanzar el inicio del Sender dels Llors (punto de ruta). Muy pronto atravesaremos la Riera de Riudaura (Km. 0,74) y empezaremos a remontar la monta\u00f1a por el Bac de la Badenca. Anteriormente, hab\u00edamos accedido al Sender dels Llors por el Soler, pero de esta manera evitamos pasar por una finca privada. Aunque \u00e9sta reserva un paso con una portezuela para facilitar el acceso al sendero dels Llors, creo que es mejor utilizar esta alternativa.<\/strong><br \/><br \/><strong>Por els Llors, atravesaremos bosques y algo de camino despejado, ello hasta alcanzar los parajes de la Creu dels Llors y el Coll dels Cortils. Sobre el Km. 3,86 alcanzaremos el Sender dels Comtes (punto de ruta). Seguiremos remontando la pendiente por un hayedo pasando por el Pla de Paler y el Pla dels Comtes. Sobre el Km. 5,39, llegaremos a la pista asilvestrada que m\u00e1s adelante nos deja en el Coll de l\u2019Avi (Km. 5,67:punto de ruta). Desde el Coll de l\u2019Avi tomaremos una trocha que empieza emboscada y que luego flanquea por un prado la cumbre de l\u2019Ofrena hasta el Km. 6,14 de la salida. Desde all\u00ed tomaremos la pendiente empinada hacia arriba para alcanzar la cumbre. Desde ella hay excelentes vistas a la Garrotxa y el Puigsacalm. Ahora tambi\u00e9n hay un cartel de madera que se\u00f1aliza la cota.<\/strong><br \/><br \/><strong>Despu\u00e9s daremos marcha atr\u00e1s para alcanzar otra vez el Coll de l\u2019Avi. Desde all\u00ed tomaremos una pista asilvestrada para ascender al Pla de Falgars y a la cota m\u00e1xima de la excursi\u00f3n. En el Pla de Falgars, andaremos por un prado con notables vistas. Luego, iremos cresteando a trav\u00e9s de un magn\u00edfico hayedo por la Serra de Santa Magdalena. Al final, por ella, alcanzaremos la Collada Verda (Km. 9,51:punto de ruta) y el Coll de Canes (Km. 10,9:punto de ruta).<\/strong><br \/><br \/><strong>A partir del Coll de Canes empezamos el descenso por el Cam\u00ed Ral. Tiene tramos despejados y otros boscosos. Veremos, en algunas partes, restos de la antigua calzada descompuesta. Al final, sobre el Km. 15 del recorrido andaremos junto a la Riera de Riudaura, que tiene algunas pozas destacables. Acabaremos desembocando en el camino asfaltado que viene de Riudaura (Km. 16). Ahora solo nos quedar\u00e1 andar este \u00faltimo tramo hasta el punto de inicio.<\/strong><br \/><br \/><span style=\"text-decoration: underline;\"><strong>Dificultades<\/strong><\/span><br \/><br \/><strong>Nada destacable. Solo se puede decir que hay alg\u00fan tramo en que el sendero parece desdibujarse en el terreno, principalmente en el Sender dels Comtes.<\/strong><br \/><br \/><span style=\"text-decoration: underline;\"><strong>Observaciones<\/strong><\/span><br \/><br \/><strong>Todas las distancias de las que se habla en este documento son aproximadas, ya que cada dispositivo GPS puede marcar un kilometraje diferenciado.<\/strong><br \/><br \/><span style=\"text-decoration: underline;\"><strong>Consideraciones t\u00e9cnicas<\/strong><\/span><br \/><br \/><strong>El track ha sido grabado con la aplicaci\u00f3n de Wikiloc. Luego se ha descargado y se ha editado con QmapShack para eliminar los errores en el recorrido.<\/strong><\/p>\n\n\n\n<figure class=\"wp-block-image size-full\"><a href=\"https:\/\/fotosenderismo.com\/wordpress\/wp-content\/uploads\/2024\/07\/avi-mapa-1.jpg\" target=\"_blank\" rel=\"noreferrer noopener\"><img loading=\"lazy\" decoding=\"async\" width=\"1920\" height=\"1080\" src=\"https:\/\/fotosenderismo.com\/wordpress\/wp-content\/uploads\/2024\/07\/avi-mapa-1.jpg\" alt=\"\" class=\"wp-image-23688\" srcset=\"https:\/\/fotosenderismo.com\/wordpress\/wp-content\/uploads\/2024\/07\/avi-mapa-1.jpg 1920w, https:\/\/fotosenderismo.com\/wordpress\/wp-content\/uploads\/2024\/07\/avi-mapa-1-300x169.jpg 300w, https:\/\/fotosenderismo.com\/wordpress\/wp-content\/uploads\/2024\/07\/avi-mapa-1-1024x576.jpg 1024w, https:\/\/fotosenderismo.com\/wordpress\/wp-content\/uploads\/2024\/07\/avi-mapa-1-768x432.jpg 768w, https:\/\/fotosenderismo.com\/wordpress\/wp-content\/uploads\/2024\/07\/avi-mapa-1-1536x864.jpg 1536w, https:\/\/fotosenderismo.com\/wordpress\/wp-content\/uploads\/2024\/07\/avi-mapa-1-1320x743.jpg 1320w\" sizes=\"auto, (max-width: 1920px) 100vw, 1920px\" \/><\/a><\/figure>\n\n\n\n<p><\/p>\n\n\n\n<iframe loading=\"lazy\" frameBorder=\"0\" scrolling=\"no\" src=\"https:\/\/es.wikiloc.com\/wikiloc\/embedv2.do?id=175536272&#038;elevation=on&#038;images=on&#038;maptype=H\" width=\"1000\" height=\"1000\"><\/iframe><div style=\"color:#777;font-size:11px;line-height:16px;\">Powered by&nbsp;<a style=\"color:#4C8C2B;font-size:11px;line-height:16px;\" target=\"_blank\" href=\"https:\/\/es.wikiloc.com\" rel=\"noopener\">Wikiloc<\/a><\/div>\n\n\n\n<p><\/p>\n\n\n\n<figure class=\"wp-block-image size-full\"><a href=\"https:\/\/fotosenderismo.com\/wordpress\/wp-content\/uploads\/2024\/07\/avi-eart-1.jpg\" target=\"_blank\" rel=\"noreferrer noopener\"><img loading=\"lazy\" decoding=\"async\" width=\"1916\" height=\"946\" src=\"https:\/\/fotosenderismo.com\/wordpress\/wp-content\/uploads\/2024\/07\/avi-eart-1.jpg\" alt=\"\" class=\"wp-image-23686\" srcset=\"https:\/\/fotosenderismo.com\/wordpress\/wp-content\/uploads\/2024\/07\/avi-eart-1.jpg 1916w, https:\/\/fotosenderismo.com\/wordpress\/wp-content\/uploads\/2024\/07\/avi-eart-1-300x148.jpg 300w, https:\/\/fotosenderismo.com\/wordpress\/wp-content\/uploads\/2024\/07\/avi-eart-1-1024x506.jpg 1024w, https:\/\/fotosenderismo.com\/wordpress\/wp-content\/uploads\/2024\/07\/avi-eart-1-768x379.jpg 768w, https:\/\/fotosenderismo.com\/wordpress\/wp-content\/uploads\/2024\/07\/avi-eart-1-1536x758.jpg 1536w, https:\/\/fotosenderismo.com\/wordpress\/wp-content\/uploads\/2024\/07\/avi-eart-1-1320x652.jpg 1320w\" sizes=\"auto, (max-width: 1916px) 100vw, 1916px\" \/><\/a><\/figure>\n\n\n\n<p><\/p>\n\n\n\n<figure data-wp-context=\"{&quot;imageId&quot;:&quot;69f511e2d627d&quot;}\" data-wp-interactive=\"core\/image\" data-wp-key=\"69f511e2d627d\" class=\"wp-block-image size-full wp-lightbox-container\"><img loading=\"lazy\" decoding=\"async\" width=\"1916\" height=\"946\" data-wp-class--hide=\"state.isContentHidden\" data-wp-class--show=\"state.isContentVisible\" data-wp-init=\"callbacks.setButtonStyles\" data-wp-on--click=\"actions.showLightbox\" data-wp-on--load=\"callbacks.setButtonStyles\" data-wp-on-window--resize=\"callbacks.setButtonStyles\" src=\"https:\/\/fotosenderismo.com\/wordpress\/wp-content\/uploads\/2024\/07\/avi-earth-2.jpg\" alt=\"\" class=\"wp-image-23690\" srcset=\"https:\/\/fotosenderismo.com\/wordpress\/wp-content\/uploads\/2024\/07\/avi-earth-2.jpg 1916w, https:\/\/fotosenderismo.com\/wordpress\/wp-content\/uploads\/2024\/07\/avi-earth-2-300x148.jpg 300w, https:\/\/fotosenderismo.com\/wordpress\/wp-content\/uploads\/2024\/07\/avi-earth-2-1024x506.jpg 1024w, https:\/\/fotosenderismo.com\/wordpress\/wp-content\/uploads\/2024\/07\/avi-earth-2-768x379.jpg 768w, https:\/\/fotosenderismo.com\/wordpress\/wp-content\/uploads\/2024\/07\/avi-earth-2-1536x758.jpg 1536w, https:\/\/fotosenderismo.com\/wordpress\/wp-content\/uploads\/2024\/07\/avi-earth-2-1320x652.jpg 1320w\" sizes=\"auto, (max-width: 1916px) 100vw, 1916px\" \/><button\n\t\t\tclass=\"lightbox-trigger\"\n\t\t\ttype=\"button\"\n\t\t\taria-haspopup=\"dialog\"\n\t\t\taria-label=\"Agrandar\"\n\t\t\tdata-wp-init=\"callbacks.initTriggerButton\"\n\t\t\tdata-wp-on--click=\"actions.showLightbox\"\n\t\t\tdata-wp-style--right=\"state.imageButtonRight\"\n\t\t\tdata-wp-style--top=\"state.imageButtonTop\"\n\t\t>\n\t\t\t<svg xmlns=\"http:\/\/www.w3.org\/2000\/svg\" width=\"12\" height=\"12\" fill=\"none\" viewBox=\"0 0 12 12\">\n\t\t\t\t<path fill=\"#fff\" d=\"M2 0a2 2 0 0 0-2 2v2h1.5V2a.5.5 0 0 1 .5-.5h2V0H2Zm2 10.5H2a.5.5 0 0 1-.5-.5V8H0v2a2 2 0 0 0 2 2h2v-1.5ZM8 12v-1.5h2a.5.5 0 0 0 .5-.5V8H12v2a2 2 0 0 1-2 2H8Zm2-12a2 2 0 0 1 2 2v2h-1.5V2a.5.5 0 0 0-.5-.5H8V0h2Z\" \/>\n\t\t\t<\/svg>\n\t\t<\/button><\/figure>\n\n\n\n<p><\/p>\n\n\n\n<figure data-wp-context=\"{&quot;imageId&quot;:&quot;69f511e2d6948&quot;}\" data-wp-interactive=\"core\/image\" data-wp-key=\"69f511e2d6948\" class=\"wp-block-image size-large wp-lightbox-container\"><img loading=\"lazy\" decoding=\"async\" width=\"1024\" height=\"366\" data-wp-class--hide=\"state.isContentHidden\" data-wp-class--show=\"state.isContentVisible\" data-wp-init=\"callbacks.setButtonStyles\" data-wp-on--click=\"actions.showLightbox\" data-wp-on--load=\"callbacks.setButtonStyles\" data-wp-on-window--resize=\"callbacks.setButtonStyles\" src=\"https:\/\/fotosenderismo.com\/wordpress\/wp-content\/uploads\/2024\/07\/avi-perfil-2-1024x366.jpg\" alt=\"\" class=\"wp-image-23687\" srcset=\"https:\/\/fotosenderismo.com\/wordpress\/wp-content\/uploads\/2024\/07\/avi-perfil-2-1024x366.jpg 1024w, https:\/\/fotosenderismo.com\/wordpress\/wp-content\/uploads\/2024\/07\/avi-perfil-2-300x107.jpg 300w, https:\/\/fotosenderismo.com\/wordpress\/wp-content\/uploads\/2024\/07\/avi-perfil-2-768x274.jpg 768w, https:\/\/fotosenderismo.com\/wordpress\/wp-content\/uploads\/2024\/07\/avi-perfil-2-1536x549.jpg 1536w, https:\/\/fotosenderismo.com\/wordpress\/wp-content\/uploads\/2024\/07\/avi-perfil-2-1320x472.jpg 1320w, https:\/\/fotosenderismo.com\/wordpress\/wp-content\/uploads\/2024\/07\/avi-perfil-2.jpg 1875w\" sizes=\"auto, (max-width: 1024px) 100vw, 1024px\" \/><button\n\t\t\tclass=\"lightbox-trigger\"\n\t\t\ttype=\"button\"\n\t\t\taria-haspopup=\"dialog\"\n\t\t\taria-label=\"Agrandar\"\n\t\t\tdata-wp-init=\"callbacks.initTriggerButton\"\n\t\t\tdata-wp-on--click=\"actions.showLightbox\"\n\t\t\tdata-wp-style--right=\"state.imageButtonRight\"\n\t\t\tdata-wp-style--top=\"state.imageButtonTop\"\n\t\t>\n\t\t\t<svg xmlns=\"http:\/\/www.w3.org\/2000\/svg\" width=\"12\" height=\"12\" fill=\"none\" viewBox=\"0 0 12 12\">\n\t\t\t\t<path fill=\"#fff\" d=\"M2 0a2 2 0 0 0-2 2v2h1.5V2a.5.5 0 0 1 .5-.5h2V0H2Zm2 10.5H2a.5.5 0 0 1-.5-.5V8H0v2a2 2 0 0 0 2 2h2v-1.5ZM8 12v-1.5h2a.5.5 0 0 0 .5-.5V8H12v2a2 2 0 0 1-2 2H8Zm2-12a2 2 0 0 1 2 2v2h-1.5V2a.5.5 0 0 0-.5-.5H8V0h2Z\" \/>\n\t\t\t<\/svg>\n\t\t<\/button><\/figure>\n\n\n\n<figure class=\"wp-block-image aligncenter size-full\"><img loading=\"lazy\" decoding=\"async\" width=\"419\" height=\"55\" src=\"https:\/\/fotosenderismo.com\/wordpress\/wp-content\/uploads\/2022\/02\/relacionadas-2-1.jpg\" alt=\"\" class=\"wp-image-21095\" srcset=\"https:\/\/fotosenderismo.com\/wordpress\/wp-content\/uploads\/2022\/02\/relacionadas-2-1.jpg 419w, https:\/\/fotosenderismo.com\/wordpress\/wp-content\/uploads\/2022\/02\/relacionadas-2-1-300x39.jpg 300w\" sizes=\"auto, (max-width: 419px) 100vw, 419px\" \/><\/figure>\n\n\n\n<p><\/p>\n\n\n\n<figure class=\"wp-block-embed is-type-wp-embed is-provider-fotosenderismo-com wp-block-embed-fotosenderismo-com\"><div class=\"wp-block-embed__wrapper\">\n<blockquote class=\"wp-embedded-content\" data-secret=\"BBWPN4tN1u\"><a href=\"https:\/\/fotosenderismo.com\/wordpress\/index.php\/2019\/08\/28\/coll-de-canes-puig-de-lofrena-1350-m-santa-magdalena-de-cambrils-1547-m\/\">Coll de Canes, Puig de l\u2019Ofrena (1350 m.), Santa Magdalena de Cambrils (1547 m.)<\/a><\/blockquote><iframe loading=\"lazy\" class=\"wp-embedded-content\" sandbox=\"allow-scripts\" security=\"restricted\" style=\"position: absolute; clip: rect(1px, 1px, 1px, 1px);\" title=\"\u00abColl de Canes, Puig de l\u2019Ofrena (1350 m.), Santa Magdalena de Cambrils (1547 m.)\u00bb \u2014 FOTOSENDERISMO.COM\" src=\"https:\/\/fotosenderismo.com\/wordpress\/index.php\/2019\/08\/28\/coll-de-canes-puig-de-lofrena-1350-m-santa-magdalena-de-cambrils-1547-m\/embed\/#?secret=Ncixj56Fmy#?secret=BBWPN4tN1u\" data-secret=\"BBWPN4tN1u\" width=\"600\" height=\"338\" frameborder=\"0\" marginwidth=\"0\" marginheight=\"0\" scrolling=\"no\"><\/iframe>\n<\/div><\/figure>\n\n\n\n<p><\/p>\n\n\n\n<figure class=\"wp-block-embed is-type-wp-embed is-provider-fotosenderismo-com wp-block-embed-fotosenderismo-com\"><div class=\"wp-block-embed__wrapper\">\n<blockquote class=\"wp-embedded-content\" data-secret=\"mBQk254Fa7\"><a href=\"https:\/\/fotosenderismo.com\/wordpress\/index.php\/2017\/06\/23\/ridaura-coll-de-canes-puig-de-lofrena\/\">Riudaura, Coll de Canes, Puig de l&#8217;Ofrena<\/a><\/blockquote><iframe loading=\"lazy\" class=\"wp-embedded-content\" sandbox=\"allow-scripts\" security=\"restricted\" style=\"position: absolute; clip: rect(1px, 1px, 1px, 1px);\" title=\"\u00abRiudaura, Coll de Canes, Puig de l&#8217;Ofrena\u00bb \u2014 FOTOSENDERISMO.COM\" src=\"https:\/\/fotosenderismo.com\/wordpress\/index.php\/2017\/06\/23\/ridaura-coll-de-canes-puig-de-lofrena\/embed\/#?secret=jDYyWnHOet#?secret=mBQk254Fa7\" data-secret=\"mBQk254Fa7\" width=\"600\" height=\"338\" frameborder=\"0\" marginwidth=\"0\" marginheight=\"0\" scrolling=\"no\"><\/iframe>\n<\/div><\/figure>\n\n\n\n<p><\/p>\n\n\n\n<figure class=\"wp-block-embed is-type-wp-embed is-provider-fotosenderismo-com wp-block-embed-fotosenderismo-com\"><div class=\"wp-block-embed__wrapper\">\n<blockquote class=\"wp-embedded-content\" data-secret=\"YGDmvzZzQJ\"><a href=\"https:\/\/fotosenderismo.com\/wordpress\/index.php\/2020\/12\/30\/riudaura-sender-de-llors-i-del-bover-cami-del-cortils\/\">Riudaura, Sender de Llors i del Bover, Cam\u00ed del Cortils<\/a><\/blockquote><iframe loading=\"lazy\" class=\"wp-embedded-content\" sandbox=\"allow-scripts\" security=\"restricted\" style=\"position: absolute; clip: rect(1px, 1px, 1px, 1px);\" title=\"\u00abRiudaura, Sender de Llors i del Bover, Cam\u00ed del Cortils\u00bb \u2014 FOTOSENDERISMO.COM\" src=\"https:\/\/fotosenderismo.com\/wordpress\/index.php\/2020\/12\/30\/riudaura-sender-de-llors-i-del-bover-cami-del-cortils\/embed\/#?secret=tQJQYcXinM#?secret=YGDmvzZzQJ\" data-secret=\"YGDmvzZzQJ\" width=\"600\" height=\"338\" frameborder=\"0\" marginwidth=\"0\" marginheight=\"0\" scrolling=\"no\"><\/iframe>\n<\/div><\/figure>\n","protected":false},"excerpt":{"rendered":"<p>El objetivo de esta salida es el de alcanzar el Puig de l\u2019Ofrena por el Sender dels Llors. No es la primera vez que hab\u00edamos ejecutado una salida similar. De hecho, ya hab\u00eda coronado con \u00e9xito otra salida parecida que en lugar de subir por els Llors ascend\u00eda hasta el Sender dels Comtes por el camino del Torrent de la Plana. Despu\u00e9s de ascender al Puig de l\u2019Ofrena, nos hemos dirigido al Pla de Falgars y al Coll de Canes para descender, a  posteriori, por el camino hist\u00f3rico (Cam\u00ed Ral) que iba desde Riudaura hasta Vallfogona y Sant Joan de les Abadesses. Va principalmente por senderos boscosos, aunque tambi\u00e9n transita algo de pista asilvestrada y alg\u00fan tramo de pista asfaltada, tanto al principio como al final de la salida. Atravesaremos un gran prado en el Pla de Falgars, lugar desde el que se disfruta de una extraordinaria vista, tanto a la Garrotxa como al Pirineo. Pasaremos, tambi\u00e9n, junto a la Riera de Riudaura, que nos regalar\u00e1 hermosos rincones. El entorno est\u00e1 dominado por el hayedo y el robledal.<\/p>\n","protected":false},"author":1,"featured_media":23689,"comment_status":"open","ping_status":"open","sticky":false,"template":"","format":"standard","meta":{"footnotes":""},"categories":[45,46,53,131,142,281,34,42,47,48],"tags":[254,177,346,347,223],"class_list":["post-23684","post","type-post","status-publish","format-standard","has-post-thumbnail","hentry","category-garrotxa","category-girona","category-ripolles","category-cumbres-garrotxa-mas-de-1000-metros","category-bellmunt-milany","category-202-entre-15-y-20-km","category-entre-500-y-1000-metros","category-senderismo","category-circular-tipo-de-recorrido","category-media-montana-o-terrenos-altos","tag-fotos-by-pat","tag-eduard","tag-track-by-joan-olot","tag-track-by-pat","tag-track-en-wikiloc"],"_links":{"self":[{"href":"https:\/\/fotosenderismo.com\/wordpress\/index.php\/wp-json\/wp\/v2\/posts\/23684","targetHints":{"allow":["GET"]}}],"collection":[{"href":"https:\/\/fotosenderismo.com\/wordpress\/index.php\/wp-json\/wp\/v2\/posts"}],"about":[{"href":"https:\/\/fotosenderismo.com\/wordpress\/index.php\/wp-json\/wp\/v2\/types\/post"}],"author":[{"embeddable":true,"href":"https:\/\/fotosenderismo.com\/wordpress\/index.php\/wp-json\/wp\/v2\/users\/1"}],"replies":[{"embeddable":true,"href":"https:\/\/fotosenderismo.com\/wordpress\/index.php\/wp-json\/wp\/v2\/comments?post=23684"}],"version-history":[{"count":4,"href":"https:\/\/fotosenderismo.com\/wordpress\/index.php\/wp-json\/wp\/v2\/posts\/23684\/revisions"}],"predecessor-version":[{"id":23696,"href":"https:\/\/fotosenderismo.com\/wordpress\/index.php\/wp-json\/wp\/v2\/posts\/23684\/revisions\/23696"}],"wp:featuredmedia":[{"embeddable":true,"href":"https:\/\/fotosenderismo.com\/wordpress\/index.php\/wp-json\/wp\/v2\/media\/23689"}],"wp:attachment":[{"href":"https:\/\/fotosenderismo.com\/wordpress\/index.php\/wp-json\/wp\/v2\/media?parent=23684"}],"wp:term":[{"taxonomy":"category","embeddable":true,"href":"https:\/\/fotosenderismo.com\/wordpress\/index.php\/wp-json\/wp\/v2\/categories?post=23684"},{"taxonomy":"post_tag","embeddable":true,"href":"https:\/\/fotosenderismo.com\/wordpress\/index.php\/wp-json\/wp\/v2\/tags?post=23684"}],"curies":[{"name":"wp","href":"https:\/\/api.w.org\/{rel}","templated":true}]}}