{"id":23657,"date":"2024-03-28T14:53:00","date_gmt":"2024-03-28T14:53:00","guid":{"rendered":"https:\/\/fotosenderismo.com\/wordpress\/?p=23657"},"modified":"2024-07-15T13:54:11","modified_gmt":"2024-07-15T13:54:11","slug":"coll-despinau-mavei-coll-de-pollastric-els-castellets-coma-del-roure","status":"publish","type":"post","link":"https:\/\/fotosenderismo.com\/wordpress\/index.php\/2024\/03\/28\/coll-despinau-mavei-coll-de-pollastric-els-castellets-coma-del-roure\/","title":{"rendered":"Coll d&#8217;Espinau, Malve\u00ed, Coll de Pollastric, els Castellets, Coma del Roure"},"content":{"rendered":"\n<p><\/p>\n\n\n\n<figure class=\"wp-block-image size-full\"><a href=\"https:\/\/fotosenderismo.com\/wordpress\/wp-content\/uploads\/2024\/07\/malvei-earth-datos1.jpg\" target=\"_blank\" rel=\"noreferrer noopener\"><img loading=\"lazy\" decoding=\"async\" width=\"1332\" height=\"947\" src=\"https:\/\/fotosenderismo.com\/wordpress\/wp-content\/uploads\/2024\/07\/malvei-earth-datos1.jpg\" alt=\"\" class=\"wp-image-23668\" srcset=\"https:\/\/fotosenderismo.com\/wordpress\/wp-content\/uploads\/2024\/07\/malvei-earth-datos1.jpg 1332w, https:\/\/fotosenderismo.com\/wordpress\/wp-content\/uploads\/2024\/07\/malvei-earth-datos1-300x213.jpg 300w, https:\/\/fotosenderismo.com\/wordpress\/wp-content\/uploads\/2024\/07\/malvei-earth-datos1-1024x728.jpg 1024w, https:\/\/fotosenderismo.com\/wordpress\/wp-content\/uploads\/2024\/07\/malvei-earth-datos1-768x546.jpg 768w, https:\/\/fotosenderismo.com\/wordpress\/wp-content\/uploads\/2024\/07\/malvei-earth-datos1-1320x938.jpg 1320w\" sizes=\"auto, (max-width: 1332px) 100vw, 1332px\" \/><\/a><\/figure>\n\n\n\n<p><\/p>\n\n\n\n<figure class=\"wp-block-image aligncenter size-full\"><a href=\"https:\/\/fotosenderismo.com\/wordpress\/wp-content\/uploads\/2024-03--28-coll-despinau-mavei-coll-de-pollastric-els-castellets-coma-d.gpx\"><img loading=\"lazy\" decoding=\"async\" width=\"400\" height=\"50\" src=\"https:\/\/fotosenderismo.com\/wordpress\/wp-content\/uploads\/2024\/02\/descargar-track-9.jpg\" alt=\"\" class=\"wp-image-23007\" srcset=\"https:\/\/fotosenderismo.com\/wordpress\/wp-content\/uploads\/2024\/02\/descargar-track-9.jpg 400w, https:\/\/fotosenderismo.com\/wordpress\/wp-content\/uploads\/2024\/02\/descargar-track-9-300x38.jpg 300w\" sizes=\"auto, (max-width: 400px) 100vw, 400px\" \/><\/a><\/figure>\n\n\n\n<p><\/p>\n\n\n\n<div class=\"description dont-break-out \" style=\"text-align: justify;\"><span style=\"text-decoration: underline;\"><strong>Salida del 28 de marzo del 2024 a Beuda y al Malve\u00ed (pendiente de fotograf\u00edas)<\/strong><\/span><br \/><br \/><span style=\"text-decoration: underline;\"><strong>Objetivos<\/strong><\/span><br \/><br \/><strong>El objetivo principal de esta salida es el de ascender al Malve\u00ed por el sendero de la Creu del Pinell. Visitaremos, adem\u00e1s, el Mirador dels Escalers, els Castellets, y la ermita de Sant Miquel de la Coma del Roure.<\/strong><br \/><br \/><span style=\"text-decoration: underline;\"><strong>Descripci\u00f3n del terreno<\/strong><\/span><br \/><br \/><strong>El recorrido pasa, en su mayor parte, por senderos amarillos, que a su vez transitan por senderos estrechos, caminos de tierra anchos y pista asfaltada. Tambi\u00e9n andaremos por trochas muy dif\u00edciles de rastrear, tanto en el descenso del Malve\u00ed, hacia el Coll del Pollastric, como en el descenso dels Castellets hacia el Pla del Pedr\u00f3. Tendremos muy buenas vistas en el Mirador dels Escalers, en el ascenso al Malve\u00ed y en el ascenso als Castellets. Tambi\u00e9n en la ermita de la Coma del Roure. El bosque predominante es el de encinares, aunque tambi\u00e9n encontraremos pinos, robles y otras frondosas. Se puede decir que el primer tramo de descenso desde el Malve\u00ed es bosque a trav\u00e9s, y tampoco es que sea muy f\u00e1cil rastrear el sendero en el \u00faltimo tramo de subida a esta cumbre.<\/strong><br \/><br \/><span style=\"text-decoration: underline;\"><strong>Desarrollo de la salida<\/strong><\/span><br \/><br \/><strong>La salida se inicia en la carretera asfaltada que empieza en Beuda y va hacia Can Vila. Concretamente en el Coll de Jou, donde hay una explanada bastante amplia donde se puede dejar el coche. Desde all\u00ed seguiremos en direcci\u00f3n oeste la carretera hasta el Km. 1,98 del recorrido, en un cruce de caminos donde hay un poste indicador de Itinerannia (punto de ruta). Desde all\u00ed seguiremos la pista de tierra que va hacia el norte hasta el Km. 3,34 del recorrido.<\/strong><br \/><br \/><strong>All\u00ed nos introduciremos en un sendero ascendente que nos va a llevar a otro poste indicador (punto de ruta), muy cerca de Can Ripoll. Veremos la direcci\u00f3n al Coll d\u2019Espinau. Tenemos que seguir en esa direcci\u00f3n. El sendero es muy f\u00e1cil de seguir y adem\u00e1s est\u00e1 muy bien marcado en amarillo. Sobre el Km. 4,85 (punto de ruta) encontraremos otro poste que se\u00f1ala tambi\u00e9n al santuario de la Coma del Roure, aunque nosotros debemos seguir hacia el Coll d\u2019Espinau.<\/strong><br \/><br \/><strong>Sobre el Km. 6,09, debemos salirnos un poco del sendero para ir al mirador. Desde \u00e9l se ve todo el valle del Espinau, as\u00ed como la Tossa d\u2019Espinau, el Mont, por su abrupta cara oeste, y un buen tramo de l\u2019Empord\u00e0. Sobre el Km. 7,9 habremos alcanzado el Coll d\u2019Espinau. Ahora deberemos subir hacia el Malve\u00ed. Un primer tramo de este ascenso va por pista asilvestrada, m\u00e1s o menos hasta el Km. 7,50, en el Coll de Sacalma. A partir de Sacalma nos introduciremos en una trocha que llega, por la cara norte del Malve\u00ed, hasta un canchal de piedra fina, a un hayedo, y a la loma final de la monta\u00f1a. Durante esta parte disfrutaremos de unas vistas excelentes hacia el Bassegoda y el Pirineo.<\/strong><br \/><br \/><strong>La \u00faltima parte del ascenso hay que hacerla m\u00e1s despacio porque el sendero empieza a ser dif\u00edcil de rastrear. En todo caso, alcanzaremos una cumbre emboscada de 1008 metros (punto de ruta:Malve\u00ed 1). Hay que seguir m\u00e1s hacia el este para alcanzar la cumbre final, de 1038 metros (punto de ruta:Malve\u00ed 2). Antes treparemos por unas asperezas rocosas y despu\u00e9s de tocar la cumbre daremos marcha atr\u00e1s para volver a descenderlas. En una especie de colladuelo, empezaremos a bajar por la monta\u00f1a, casi bosque a trav\u00e9s. Aunque hay hitos de piedra, no son f\u00e1ciles de ver. En cualquier caso, gui\u00e1ndonos por el track, acabaremos encontrando un sendero m\u00e1s f\u00e1cil de seguir que nos va a llevar al Coll de Pollastric (punto de ruta, Km. 9,19).<\/strong><br \/><br \/><strong>Desde el Coll de Pollastric, empezaremos a ascender por la loma dels Castellets. Hay una zona con espectaculares vistas a la Alta Garrotxa y al Pirineo. La cumbre (punto de ruta) no destaca demasiado, pero a partir de ella empieza otro descenso por un sendero dif\u00edcil de rastrear. Tambi\u00e9n hay hitos, pero tampoco resultan f\u00e1ciles de ver, y menos a causa de los contraluces que se filtran desde las copas de los \u00e1rboles. Sobre el Km. 9,93 del recorrido, daremos un giro hacia el oeste, casi en \u00e1ngulo recto, y sobre el Km. 10,2 quebraremos casi en una relaci\u00f3n de 340 grados en un pronunciado descenso hasta encontrar, sobre el Km. 10,6, el santuario de Coma del Roure.<\/strong><br \/><br \/><strong>A partir de la ermita, ya seguiremos otra vez por sendero marcado en amarillo. Cruzaremos la carretera de tierra que va a la casa de la Coma del Roure. Veremos un poste indicador (punto de ruta), y descenderemos por el sendero que va hasta el Coll Goi\u00e0 (poste indicador, Km.11,1). All\u00ed hay una bifurcaci\u00f3n muy clara, pero debemos tomar el camino marcado en amarillo para descender hasta el poste indicador de Can Ripoll que hab\u00edamos encontrado por la ma\u00f1ana.<\/strong><br \/><br \/><strong>Ahora solo queda desandar las pistas de tierra y de asfalto por las que hab\u00edamos andado anteriormente para volver al inicio del recorrido. En cualquier caso, si se quiere andar menos, tambi\u00e9n se puede dejar el coche a los pies del sendero que empieza cerca de can Ripoll y del poste indicador al que nos hemos referido antes.<\/strong><br \/><br \/><span style=\"text-decoration: underline;\"><strong>Dificultades<\/strong><\/span><br \/><br \/><strong>Senderos muy dif\u00edciles de rastrear, tal y como se ha descrito en el apartado de desarrollo de la salida.<\/strong><br \/><br \/><span style=\"text-decoration: underline;\"><strong>Observaciones<\/strong><\/span><br \/><br \/><strong>Las distancias a las que se refiere este texto son aproximativas, ya que cada dispositivo GPS puede marcar cifras distintas.<\/strong><br \/><br \/><strong>Consideraciones t\u00e9cnicas<\/strong><br \/><br \/><strong>El track se planific\u00f3 con QmapShack sobre el plano OSM Topo. Se ha grabado con , en un Redmi Note 11, y se ha editado, para efectuar peque\u00f1as rectificaciones, con QmapShack.<\/strong><br \/><br \/><strong>Datos seg\u00fan del track sin editar<\/strong><br \/><br \/><strong>Tipo: Senderismo<\/strong><br \/><strong>Hora Inicio: 8:32 28 mar 2024<\/strong><br \/><strong>Hora Fin: 14:04 28 mar 2024<\/strong><br \/><strong>Distancia: 15,5 km (05:31)<\/strong><br \/><strong>Tiempo en movimiento: 04:43<\/strong><br \/><strong>Velocidad media: 2,81 km\/h<\/strong><br \/><strong>Vel. en Mov.: 3,29 km\/h<\/strong><br \/><strong>Velocidad M\u00e1xima: 8,60 km\/h<\/strong><br \/><strong>Altura M\u00ednima: 311 m<\/strong><br \/><strong>Altura M\u00e1xima: 1024 m<\/strong><br \/><strong>Velocidad Ascenso: 317,8 m\/h<\/strong><br \/><strong>Velocidad descenso: 408,2 m\/h<\/strong><br \/><strong>Ganancia elevaci\u00f3n: 830 m<\/strong><br \/><strong>P\u00e9rdida elevaci\u00f3n: 833 m<\/strong><br \/><strong>Tiempo Ascenso: 02:36<\/strong><br \/><strong>Tiempo bajando: 02:02<\/strong><\/div>\n\n\n\n<figure class=\"wp-block-image aligncenter size-full\"><a href=\"https:\/\/fotosenderismo.com\/wordpress\/wp-content\/uploads\/2024\/07\/malvei-espinau-mapa-scaled.jpg\" target=\"_blank\" rel=\"noreferrer noopener\"><img loading=\"lazy\" decoding=\"async\" width=\"1584\" height=\"2560\" src=\"https:\/\/fotosenderismo.com\/wordpress\/wp-content\/uploads\/2024\/07\/malvei-espinau-mapa-scaled.jpg\" alt=\"\" class=\"wp-image-23663\" srcset=\"https:\/\/fotosenderismo.com\/wordpress\/wp-content\/uploads\/2024\/07\/malvei-espinau-mapa-scaled.jpg 1584w, https:\/\/fotosenderismo.com\/wordpress\/wp-content\/uploads\/2024\/07\/malvei-espinau-mapa-186x300.jpg 186w, https:\/\/fotosenderismo.com\/wordpress\/wp-content\/uploads\/2024\/07\/malvei-espinau-mapa-633x1024.jpg 633w, https:\/\/fotosenderismo.com\/wordpress\/wp-content\/uploads\/2024\/07\/malvei-espinau-mapa-768x1242.jpg 768w, https:\/\/fotosenderismo.com\/wordpress\/wp-content\/uploads\/2024\/07\/malvei-espinau-mapa-950x1536.jpg 950w, https:\/\/fotosenderismo.com\/wordpress\/wp-content\/uploads\/2024\/07\/malvei-espinau-mapa-1267x2048.jpg 1267w, https:\/\/fotosenderismo.com\/wordpress\/wp-content\/uploads\/2024\/07\/malvei-espinau-mapa-1024x1655.jpg 1024w, https:\/\/fotosenderismo.com\/wordpress\/wp-content\/uploads\/2024\/07\/malvei-espinau-mapa-1320x2134.jpg 1320w\" sizes=\"auto, (max-width: 1584px) 100vw, 1584px\" \/><\/a><\/figure>\n\n\n\n<p><\/p>\n\n\n\n<iframe loading=\"lazy\" frameBorder=\"0\" scrolling=\"no\" src=\"https:\/\/es.wikiloc.com\/wikiloc\/embedv2.do?id=165485006&#038;elevation=on&#038;images=on&#038;maptype=H\" width=\"1000\" height=\"1000\"><\/iframe><div style=\"color:#777;font-size:11px;line-height:16px;\">Powered by&nbsp;<a style=\"color:#4C8C2B;font-size:11px;line-height:16px;\" target=\"_blank\" href=\"https:\/\/es.wikiloc.com\" rel=\"noopener\">Wikiloc<\/a><\/div>\n\n\n\n<p><\/p>\n\n\n\n<figure class=\"wp-block-image size-full\"><a href=\"https:\/\/fotosenderismo.com\/wordpress\/wp-content\/uploads\/2024\/07\/malvei-earth-1.jpg\" target=\"_blank\" rel=\"noreferrer noopener\"><img loading=\"lazy\" decoding=\"async\" width=\"1916\" height=\"946\" src=\"https:\/\/fotosenderismo.com\/wordpress\/wp-content\/uploads\/2024\/07\/malvei-earth-1.jpg\" alt=\"\" class=\"wp-image-23658\" srcset=\"https:\/\/fotosenderismo.com\/wordpress\/wp-content\/uploads\/2024\/07\/malvei-earth-1.jpg 1916w, https:\/\/fotosenderismo.com\/wordpress\/wp-content\/uploads\/2024\/07\/malvei-earth-1-300x148.jpg 300w, https:\/\/fotosenderismo.com\/wordpress\/wp-content\/uploads\/2024\/07\/malvei-earth-1-1024x506.jpg 1024w, https:\/\/fotosenderismo.com\/wordpress\/wp-content\/uploads\/2024\/07\/malvei-earth-1-768x379.jpg 768w, https:\/\/fotosenderismo.com\/wordpress\/wp-content\/uploads\/2024\/07\/malvei-earth-1-1536x758.jpg 1536w, https:\/\/fotosenderismo.com\/wordpress\/wp-content\/uploads\/2024\/07\/malvei-earth-1-1320x652.jpg 1320w\" sizes=\"auto, (max-width: 1916px) 100vw, 1916px\" \/><\/a><\/figure>\n\n\n\n<p><\/p>\n\n\n\n<figure class=\"wp-block-image size-large\"><a href=\"https:\/\/fotosenderismo.com\/wordpress\/wp-content\/uploads\/2024\/07\/malvei-earth-2.jpg\" target=\"_blank\" rel=\"noreferrer noopener\"><img loading=\"lazy\" decoding=\"async\" width=\"1024\" height=\"506\" src=\"https:\/\/fotosenderismo.com\/wordpress\/wp-content\/uploads\/2024\/07\/malvei-earth-2-1024x506.jpg\" alt=\"\" class=\"wp-image-23659\" srcset=\"https:\/\/fotosenderismo.com\/wordpress\/wp-content\/uploads\/2024\/07\/malvei-earth-2-1024x506.jpg 1024w, https:\/\/fotosenderismo.com\/wordpress\/wp-content\/uploads\/2024\/07\/malvei-earth-2-300x148.jpg 300w, https:\/\/fotosenderismo.com\/wordpress\/wp-content\/uploads\/2024\/07\/malvei-earth-2-768x379.jpg 768w, https:\/\/fotosenderismo.com\/wordpress\/wp-content\/uploads\/2024\/07\/malvei-earth-2-1536x758.jpg 1536w, https:\/\/fotosenderismo.com\/wordpress\/wp-content\/uploads\/2024\/07\/malvei-earth-2-1320x652.jpg 1320w, https:\/\/fotosenderismo.com\/wordpress\/wp-content\/uploads\/2024\/07\/malvei-earth-2.jpg 1916w\" sizes=\"auto, (max-width: 1024px) 100vw, 1024px\" \/><\/a><\/figure>\n\n\n\n<p><\/p>\n\n\n\n<figure class=\"wp-block-image size-full\"><a href=\"https:\/\/fotosenderismo.com\/wordpress\/wp-content\/uploads\/2024\/07\/malvei-perfil.jpg\" target=\"_blank\" rel=\"noreferrer noopener\"><img loading=\"lazy\" decoding=\"async\" width=\"1919\" height=\"648\" src=\"https:\/\/fotosenderismo.com\/wordpress\/wp-content\/uploads\/2024\/07\/malvei-perfil.jpg\" alt=\"\" class=\"wp-image-23660\" srcset=\"https:\/\/fotosenderismo.com\/wordpress\/wp-content\/uploads\/2024\/07\/malvei-perfil.jpg 1919w, https:\/\/fotosenderismo.com\/wordpress\/wp-content\/uploads\/2024\/07\/malvei-perfil-300x101.jpg 300w, https:\/\/fotosenderismo.com\/wordpress\/wp-content\/uploads\/2024\/07\/malvei-perfil-1024x346.jpg 1024w, https:\/\/fotosenderismo.com\/wordpress\/wp-content\/uploads\/2024\/07\/malvei-perfil-768x259.jpg 768w, https:\/\/fotosenderismo.com\/wordpress\/wp-content\/uploads\/2024\/07\/malvei-perfil-1536x519.jpg 1536w, https:\/\/fotosenderismo.com\/wordpress\/wp-content\/uploads\/2024\/07\/malvei-perfil-1320x446.jpg 1320w\" sizes=\"auto, (max-width: 1919px) 100vw, 1919px\" \/><\/a><\/figure>\n\n\n\n<p><\/p>\n\n\n\n<figure class=\"wp-block-image aligncenter size-full\"><img loading=\"lazy\" decoding=\"async\" width=\"419\" height=\"55\" src=\"https:\/\/fotosenderismo.com\/wordpress\/wp-content\/uploads\/2022\/02\/relacionadas-2-1.jpg\" alt=\"\" class=\"wp-image-21095\" srcset=\"https:\/\/fotosenderismo.com\/wordpress\/wp-content\/uploads\/2022\/02\/relacionadas-2-1.jpg 419w, https:\/\/fotosenderismo.com\/wordpress\/wp-content\/uploads\/2022\/02\/relacionadas-2-1-300x39.jpg 300w\" sizes=\"auto, (max-width: 419px) 100vw, 419px\" \/><\/figure>\n\n\n\n<p><\/p>\n\n\n\n<figure class=\"wp-block-embed is-type-wp-embed is-provider-fotosenderismo-com wp-block-embed-fotosenderismo-com\"><div class=\"wp-block-embed__wrapper\">\n<blockquote class=\"wp-embedded-content\" data-secret=\"6E1s5VfM4v\"><a href=\"https:\/\/fotosenderismo.com\/wordpress\/index.php\/2023\/11\/01\/beuda-escalers-den-tries-pla-del-guiola-pas-del-llop-coll-de-joncanat-tossa-despinau-coll-despinau\/\">Beuda, Escalers de&#8217;n Tries, Pla del Guiola, Pas del Llop, Coll de Joncanat, Tossa d&#8217;Espinau, Coll d&#8217;Espinau<\/a><\/blockquote><iframe loading=\"lazy\" class=\"wp-embedded-content\" sandbox=\"allow-scripts\" security=\"restricted\" style=\"position: absolute; clip: rect(1px, 1px, 1px, 1px);\" title=\"\u00abBeuda, Escalers de&#8217;n Tries, Pla del Guiola, Pas del Llop, Coll de Joncanat, Tossa d&#8217;Espinau, Coll d&#8217;Espinau\u00bb \u2014 FOTOSENDERISMO.COM\" src=\"https:\/\/fotosenderismo.com\/wordpress\/index.php\/2023\/11\/01\/beuda-escalers-den-tries-pla-del-guiola-pas-del-llop-coll-de-joncanat-tossa-despinau-coll-despinau\/embed\/#?secret=zULpBfiQyc#?secret=6E1s5VfM4v\" data-secret=\"6E1s5VfM4v\" width=\"600\" height=\"338\" frameborder=\"0\" marginwidth=\"0\" marginheight=\"0\" scrolling=\"no\"><\/iframe>\n<\/div><\/figure>\n\n\n\n<p><\/p>\n\n\n\n<figure class=\"wp-block-embed is-type-wp-embed is-provider-fotosenderismo-com wp-block-embed-fotosenderismo-com\"><div class=\"wp-block-embed__wrapper\">\n<blockquote class=\"wp-embedded-content\" data-secret=\"IJAsSuMYeO\"><a href=\"https:\/\/fotosenderismo.com\/wordpress\/index.php\/2016\/01\/17\/ascension-la-tossa-despinau-1089-m-y-el-mont-1124-m\/\">Ascensi\u00f3n la Tossa d&#8217;Espinau (1089 m.) y el Mont (1124 m.)<\/a><\/blockquote><iframe loading=\"lazy\" class=\"wp-embedded-content\" sandbox=\"allow-scripts\" security=\"restricted\" style=\"position: absolute; clip: rect(1px, 1px, 1px, 1px);\" title=\"\u00abAscensi\u00f3n la Tossa d&#8217;Espinau (1089 m.) y el Mont (1124 m.)\u00bb \u2014 FOTOSENDERISMO.COM\" src=\"https:\/\/fotosenderismo.com\/wordpress\/index.php\/2016\/01\/17\/ascension-la-tossa-despinau-1089-m-y-el-mont-1124-m\/embed\/#?secret=cEL8C9UAy2#?secret=IJAsSuMYeO\" data-secret=\"IJAsSuMYeO\" width=\"600\" height=\"338\" frameborder=\"0\" marginwidth=\"0\" marginheight=\"0\" scrolling=\"no\"><\/iframe>\n<\/div><\/figure>\n\n\n\n<p><\/p>\n\n\n\n<figure class=\"wp-block-embed is-type-wp-embed is-provider-fotosenderismo-com wp-block-embed-fotosenderismo-com\"><div class=\"wp-block-embed__wrapper\">\n<blockquote class=\"wp-embedded-content\" data-secret=\"FK5F5YLiko\"><a href=\"https:\/\/fotosenderismo.com\/wordpress\/index.php\/2014\/03\/28\/ascenso-al-malvei-desde-sales-de-llierca\/\">Ascenso al Malve\u00ed desde Sales de Llierca<\/a><\/blockquote><iframe loading=\"lazy\" class=\"wp-embedded-content\" sandbox=\"allow-scripts\" security=\"restricted\" style=\"position: absolute; clip: rect(1px, 1px, 1px, 1px);\" title=\"\u00abAscenso al Malve\u00ed desde Sales de Llierca\u00bb \u2014 FOTOSENDERISMO.COM\" src=\"https:\/\/fotosenderismo.com\/wordpress\/index.php\/2014\/03\/28\/ascenso-al-malvei-desde-sales-de-llierca\/embed\/#?secret=NbwQPhGeF4#?secret=FK5F5YLiko\" data-secret=\"FK5F5YLiko\" width=\"600\" height=\"338\" frameborder=\"0\" marginwidth=\"0\" marginheight=\"0\" scrolling=\"no\"><\/iframe>\n<\/div><\/figure>\n","protected":false},"excerpt":{"rendered":"<p>El objetivo principal de esta salida es el de ascender al Malve\u00ed por el sendero de la Creu del Pinell. Visitaremos, adem\u00e1s, el Mirador dels Escalers, els Castellets, y la ermita de Sant Miquel de la Coma del Roure.<br \/>\nEl recorrido pasa, en su mayor parte, por senderos amarillos, que a su vez transitan por senderos estrechos, caminos de tierra anchos y pista asfaltada. Tambi\u00e9n andaremos por trochas muy dif\u00edciles de rastrear, tanto en el descenso del Malve\u00ed, hacia el Coll del Pollastric, como en el descenso dels Castellets hacia el Pla del Pedr\u00f3. Tendremos muy buenas vistas en el Mirador dels Escalers, en el ascenso al Malve\u00ed y en el ascenso als Castellets. Tambi\u00e9n en la ermita de la Coma del Roure. El bosque predominante es el de encinares, aunque tambi\u00e9n encontraremos pinos, robles y otras frondosas. Se puede decir que el primer tramo de descenso desde el Malve\u00ed es bosque a trav\u00e9s, y tampoco es que sea muy f\u00e1cil rastrear el sendero en el \u00faltimo tramo de subida a esta cumbre.<\/p>\n","protected":false},"author":1,"featured_media":23662,"comment_status":"open","ping_status":"open","sticky":false,"template":"","format":"standard","meta":{"footnotes":""},"categories":[45,46,49,131,281,34,42,47,48],"tags":[177,346,223],"class_list":["post-23657","post","type-post","status-publish","format-standard","has-post-thumbnail","hentry","category-garrotxa","category-girona","category-alta-garrotxa","category-cumbres-garrotxa-mas-de-1000-metros","category-202-entre-15-y-20-km","category-entre-500-y-1000-metros","category-senderismo","category-circular-tipo-de-recorrido","category-media-montana-o-terrenos-altos","tag-eduard","tag-track-by-joan-olot","tag-track-en-wikiloc"],"_links":{"self":[{"href":"https:\/\/fotosenderismo.com\/wordpress\/index.php\/wp-json\/wp\/v2\/posts\/23657","targetHints":{"allow":["GET"]}}],"collection":[{"href":"https:\/\/fotosenderismo.com\/wordpress\/index.php\/wp-json\/wp\/v2\/posts"}],"about":[{"href":"https:\/\/fotosenderismo.com\/wordpress\/index.php\/wp-json\/wp\/v2\/types\/post"}],"author":[{"embeddable":true,"href":"https:\/\/fotosenderismo.com\/wordpress\/index.php\/wp-json\/wp\/v2\/users\/1"}],"replies":[{"embeddable":true,"href":"https:\/\/fotosenderismo.com\/wordpress\/index.php\/wp-json\/wp\/v2\/comments?post=23657"}],"version-history":[{"count":4,"href":"https:\/\/fotosenderismo.com\/wordpress\/index.php\/wp-json\/wp\/v2\/posts\/23657\/revisions"}],"predecessor-version":[{"id":23669,"href":"https:\/\/fotosenderismo.com\/wordpress\/index.php\/wp-json\/wp\/v2\/posts\/23657\/revisions\/23669"}],"wp:featuredmedia":[{"embeddable":true,"href":"https:\/\/fotosenderismo.com\/wordpress\/index.php\/wp-json\/wp\/v2\/media\/23662"}],"wp:attachment":[{"href":"https:\/\/fotosenderismo.com\/wordpress\/index.php\/wp-json\/wp\/v2\/media?parent=23657"}],"wp:term":[{"taxonomy":"category","embeddable":true,"href":"https:\/\/fotosenderismo.com\/wordpress\/index.php\/wp-json\/wp\/v2\/categories?post=23657"},{"taxonomy":"post_tag","embeddable":true,"href":"https:\/\/fotosenderismo.com\/wordpress\/index.php\/wp-json\/wp\/v2\/tags?post=23657"}],"curies":[{"name":"wp","href":"https:\/\/api.w.org\/{rel}","templated":true}]}}