{"id":23615,"date":"2024-02-29T19:52:04","date_gmt":"2024-02-29T19:52:04","guid":{"rendered":"https:\/\/fotosenderismo.com\/wordpress\/?p=23615"},"modified":"2024-03-01T20:11:29","modified_gmt":"2024-03-01T20:11:29","slug":"sant-esteve-den-bas-cova-carrera-puig-blanc-coll-den-bas-rocalladre-puig-bronzer-serra-murria","status":"publish","type":"post","link":"https:\/\/fotosenderismo.com\/wordpress\/index.php\/2024\/02\/29\/sant-esteve-den-bas-cova-carrera-puig-blanc-coll-den-bas-rocalladre-puig-bronzer-serra-murria\/","title":{"rendered":"Sant Esteve d&#8217;en Bas, Cova Carrera, Puig Blanc, Coll d&#8217;en Bas, Rocalladre, Puig Bronzer, Serra Murri\u00e0"},"content":{"rendered":"\n<figure class=\"wp-block-image aligncenter size-full\"><a href=\"https:\/\/photos.app.goo.gl\/8Y95Ax8HXagmG2sQ8\" target=\"_blank\" rel=\"noreferrer noopener\"><img loading=\"lazy\" decoding=\"async\" width=\"400\" height=\"53\" src=\"https:\/\/fotosenderismo.com\/wordpress\/wp-content\/uploads\/2020\/07\/visualizar-galeria-fotos.jpg\" alt=\"\" class=\"wp-image-19221\" srcset=\"https:\/\/fotosenderismo.com\/wordpress\/wp-content\/uploads\/2020\/07\/visualizar-galeria-fotos.jpg 400w, https:\/\/fotosenderismo.com\/wordpress\/wp-content\/uploads\/2020\/07\/visualizar-galeria-fotos-300x40.jpg 300w\" sizes=\"auto, (max-width: 400px) 100vw, 400px\" \/><\/a><\/figure>\n\n\n\n<p><\/p>\n\n\n\n<figure class=\"wp-block-image size-full\"><a href=\"https:\/\/fotosenderismo.com\/wordpress\/wp-content\/uploads\/2024\/03\/SENDER-MARBOLENYA-COVA-CARRERA-DATOS.jpg\" target=\"_blank\" rel=\"noreferrer noopener\"><img loading=\"lazy\" decoding=\"async\" width=\"1338\" height=\"964\" src=\"https:\/\/fotosenderismo.com\/wordpress\/wp-content\/uploads\/2024\/03\/SENDER-MARBOLENYA-COVA-CARRERA-DATOS.jpg\" alt=\"\" class=\"wp-image-23622\" srcset=\"https:\/\/fotosenderismo.com\/wordpress\/wp-content\/uploads\/2024\/03\/SENDER-MARBOLENYA-COVA-CARRERA-DATOS.jpg 1338w, https:\/\/fotosenderismo.com\/wordpress\/wp-content\/uploads\/2024\/03\/SENDER-MARBOLENYA-COVA-CARRERA-DATOS-300x216.jpg 300w, https:\/\/fotosenderismo.com\/wordpress\/wp-content\/uploads\/2024\/03\/SENDER-MARBOLENYA-COVA-CARRERA-DATOS-1024x738.jpg 1024w, https:\/\/fotosenderismo.com\/wordpress\/wp-content\/uploads\/2024\/03\/SENDER-MARBOLENYA-COVA-CARRERA-DATOS-768x553.jpg 768w, https:\/\/fotosenderismo.com\/wordpress\/wp-content\/uploads\/2024\/03\/SENDER-MARBOLENYA-COVA-CARRERA-DATOS-1320x951.jpg 1320w\" sizes=\"auto, (max-width: 1338px) 100vw, 1338px\" \/><\/a><\/figure>\n\n\n\n<p><\/p>\n\n\n\n<figure class=\"wp-block-image aligncenter size-full\"><a href=\"https:\/\/fotosenderismo.com\/wordpress\/wp-content\/uploads\/2024-02-29-SANT-ESTEVE-BAS-COVA-CARRERA-COLL-BAS-ROCALLADRE-MURRIA.gpx\"><img loading=\"lazy\" decoding=\"async\" width=\"400\" height=\"50\" src=\"https:\/\/fotosenderismo.com\/wordpress\/wp-content\/uploads\/2024\/02\/descargar-track-9.jpg\" alt=\"\" class=\"wp-image-23007\" srcset=\"https:\/\/fotosenderismo.com\/wordpress\/wp-content\/uploads\/2024\/02\/descargar-track-9.jpg 400w, https:\/\/fotosenderismo.com\/wordpress\/wp-content\/uploads\/2024\/02\/descargar-track-9-300x38.jpg 300w\" sizes=\"auto, (max-width: 400px) 100vw, 400px\" \/><\/a><\/figure>\n\n\n\n<p><\/p>\n\n\n\n<p style=\"text-align: justify;\"><span style=\"text-decoration: underline;\"><strong>Salida del 29 de febrero a Sant Esteve d\u2019en Bas, la Serra de la Calcina y la Serra del Corb<\/strong><\/span><br \/><br \/><span style=\"text-decoration: underline;\"><strong>Objetivos<\/strong><\/span><br \/><br \/><strong>Los objetivos fundamentales de esta excursi\u00f3n son los de explorar algunos de los senderos de la Serra de la Calcina, como el Sender de la Cau, y de la Serra del Corb, como el Sender de la Marbolenya. Adem\u00e1s, visitaremos la Cova de la Carrera. Tambi\u00e9n transitaremos algunos de los tramos m\u00e1s elevados de la Serra del Corb, ya andando por caminos marcados, mucho m\u00e1s conocidos y bastante utilizados por los excursionistas.<\/strong><br \/><br \/><span style=\"text-decoration: underline;\"><strong>Descripci\u00f3n del terreno<\/strong><\/span><br \/><br \/><strong>El recorrido, principalmente, discurre por pistas forestales asilvestradas, senderos claros y n\u00edtidos, y senderos dif\u00edciles de rastrear. Pasa, igualmente, por senderos marcados en amarillo y en verde y blanco. Acerca del paisaje, cabe destacar que andaremos por bosque mediterr\u00e1neo y por hayedos, estos \u00faltimos en la parte alta de la salida. Desde el Roca Lladre y la cresta del Corb, tendremos muy buenas vistas a la Garrotxa y al Pirineo. Bajando por el Murri\u00e0 tendremos excelentes panor\u00e1micas de la zona meridional de la Vall d\u2019en Bas y de los altos de la Cabrera, as\u00ed como al Puigsacalm y la Serra de Llancers.<\/strong><br \/><br \/><span style=\"text-decoration: underline;\"><strong>Desarrollo de la Salida<\/strong><\/span><br \/><br \/><strong>Va en direcci\u00f3n antihoraria y empieza en las calles de Sant Esteve d\u2019en Bas. Nosotros, concretamente, dejamos el coche en la esquina del Carrer Ample y el Carrer de Joan Maragall.<\/strong><br \/><br \/><em><strong>Primera parte del recorrido<\/strong><\/em><br \/><br \/><strong>Desde all\u00ed hemos de ir a buscar la v\u00eda verde que va a Hostalets d\u2019en Bas. Por este camino alcanzaremos una pista de cemento que empieza a ascender por el Serrat de la Calcina, al lado de la Caseta de la Cau (Km. 1,59 del recorrido). Destaca mucho en el terreno, pero, casi al empezar a ascender por ella, la abandonaremos para introducirnos en una pista asilvestrada que va remontando la pendiente por el Bosc de la Cau.<\/strong><br \/><br \/><br \/><strong>Sobre el Km. 2,8, dejaremos tambi\u00e9n este otro camino para desviarnos a mano izquierda por otro sendero algo m\u00e1s estrecho. Pens\u00e1bamos que por este nuevo camino podr\u00edamos llegar a la Cova de la Carrera, pero no era as\u00ed y tuvimos que abandonarlo para ir en busca de una trocha, no muy f\u00e1cil de rastrear, que al final nos dej\u00f3 en la pista que asciende por la Calcina desde la casa de la Carrera. Sobre el Km. 3,14 tendremos que dejar la pista para bajar por otra trocha muy corta que est\u00e1 a mano izquierda si queremos visitar la Cova de la Carrera (Punto de ruta).<\/strong><br \/><br \/><br \/><strong>De regreso a la pista de la Carrera, volveremos a emprender el ascenso. As\u00ed, iremos enlazando senderos y pistas asilvestradas hasta alcanzar la parte m\u00e1s alta de la Serra de la Calcina. Esto lo haremos sobre el Km. 4,87, donde encontraremos el camino marcado mediante el cual, pasando por unos cuantos postes indicadores (he puesto puntos de ruta en ellos), la cumbre del Puig Blanc y el Collsesvineyes (tambi\u00e9n tienen sus respectivos puntos de ruta), alcanzaremos el Coll d\u2019en Bas (Km. 6,20, punto de ruta).<\/strong><br \/><br \/><em><strong>Segunda parte del recorrido<\/strong><\/em><br \/><br \/><strong>No la empezaremos por el camino cl\u00e1sico que asciende al Corb, sino que ascenderemos por otro sendero que nace en lo alto de unas formaciones rocosas. Las veremos al lado de la vieja carretera, mirando hacia el oeste o hacia Sant Esteve d\u2019en Bas. Por este senderuelo alcanzaremos, m\u00e1s adelante, esta vez s\u00ed, el camino cl\u00e1sico amarillo y, por \u00e9l, llegaremos a un mirador (Km. 6,57, punto de ruta). Despu\u00e9s del mirador, seguiremos la marcha sobre el camino amarillo. Lo haremos, sin embargo, por un corto espacio, ya que pronto lo abandonaremos para introducirnos en un sendero que nos acerca al Torrent de la Marbolenya.<\/strong><br \/><br \/><strong>Pasaremos de largo el Rec de la Font Fresca (uno de los ramales del Torrent de la Marbolenya), y empezaremos, rastreando el sendero en el terreno, el ascenso hasta el Coll de Rocalladre. Esta parte es la m\u00e1s dif\u00edcil del recorrido porque no se trata de una trocha f\u00e1cil de seguir, y en algunos puntos hemos necesitado dar alguna vuelta que otra sobre el terreno para encontrar los sucesivos ramales de camino que nos interesaba aprovechar. En cualquier caso, hay otra opci\u00f3n de ascenso que est\u00e1 sobre el Km. 7,63 del recorrido. Es un poco m\u00e1s larga, aunque, posiblemente, algo m\u00e1s f\u00e1cil de rastrear una vez encontrada.<\/strong><br \/><br \/><em><strong>Tercera parte del recorrido<\/strong><\/em><br \/><br \/><strong>Al final, alcanzaremos el Pas d\u2019en Vidal y el Coll de Rocalladre (punto de ruta). Aqu\u00ed enlazaremos con el camino marcado en amarillo que discurre por lo alto de la Serra del Corb y que va desde la Font Pobra a Xenacs. De hecho, todo el resto del trayecto es mucho m\u00e1s f\u00e1cil. Solo hay que dejarse llevar por las marcas amarillas. Pasaremos la Roca Lladre (punto de ruta), lugar desde el cual tendremos excelentes vistas hacia el norte, la Alta Garrotxa y el Pirineo, y seguiremos por la cresta atravesando tramos de bosque mediterr\u00e1neo y tramos de hayedos.<\/strong><br \/><br \/><strong>Hay que tener en cuenta que hay alg\u00fan punto en esta parte de la salida en el cual el camino se estrecha sobre una pendiente extremadamente pronunciada.\u2006As\u00ed, si el sendero est\u00e1 h\u00famedo (normalmente lo suele estar) hay peligro de resbalones con malas consecuencias. Para finalizar este tramo, alcanzaremos, tras pasar otros postes indicadores (en los que tambi\u00e9n he marcado punto de ruta) una se\u00f1al que nos indica el sendero de la Torre de Murri\u00e0 (Km. 10,6).<\/strong><br \/><br \/><em><strong>Cuarta parte del reciorrido<\/strong><\/em><br \/><br \/><strong>Nos introduciremos en este nuevo camino para volver a Sant Esteve d\u2019en Bas. Esta parte tambi\u00e9n es muy f\u00e1cil, y no va a suponernos ninguna dificultad. Iremos siguiendo el sendero marcado, aunque abandon\u00e1ndolo en algunos puntos, hasta alcanzar el Coll de les Tres Creus, tras haber pasado, el Baladre, el Collet dels Llosassos\u2006y las ruinas y el pozo de Masroig (punto de ruta).<\/strong><br \/><br \/><strong>En el Coll de les Tres Creus (Km. 13,3, punto de ruta), dejaremos de lado el sendero marcado y seguiremos andando por el sendero de la Llosa d\u2019en Rafalot. Este \u00faltimo camino est\u00e1 marcado por montones de piedras y tampoco es dif\u00edcil de seguir. Cuando demos un \u00faltimo quiebro, sobre el Km. 13,8 del recorrido, nos dirigiremos, directamente, a Sant Esteve d\u2019en Bas. Muy pronto, por sus calles, alcanzaremos el punto de inicio.<\/strong><br \/><br \/><span style=\"text-decoration: underline;\"><strong>Dificultades<\/strong><\/span><br \/><br \/><strong>Senderos bastante dif\u00edciles de rastrear, tanto como para tener que clasificar esta salida de \u201cdif\u00edcil\u201d. Encontraremos algo de mara\u00f1a en el sendero de la Marbolenya, aunque no tanta como para que pueda suponer alg\u00fan problema serio para la marcha. Tambi\u00e9n debemos recordar los peque\u00f1os tramos de sendero estrecho y peligroso en condiciones de humedad que se hallan en la parte alta de la Serra del Corb.<\/strong><br \/><br \/><span style=\"text-decoration: underline;\"><strong>Observaciones<\/strong><\/span><br \/><br \/><strong>Las distancias a las que se refiere este texto son orientativas, ya que cada GPS puede marcar algo distinto.<\/strong><br \/><br \/><span style=\"text-decoration: underline;\"><strong>Consideraciones t\u00e9cnicas<\/strong><\/span><br \/><br \/><strong>El track se ha grabado con en un Redmi Note 11. Se ha editado con QmapShack para borrar las partes en las que nos equivocamos. La ruta tambi\u00e9n se planific\u00f3 con\u2006QmapShack, con los mapas de OSM topo.<\/strong><br \/><br \/><span style=\"text-decoration: underline;\"><strong>Datos seg\u00fan OruxMaps del track sin editar<\/strong><\/span><br \/><br \/><strong>Tipo: Senderismo<\/strong><br \/><strong>Hora Inicio: 8:22 29 feb 2024<\/strong><br \/><strong>Hora Fin: 14:28 29 feb 2024<\/strong><br \/><strong>Distancia: 14,8 km (06:06)<\/strong><br \/><strong>Tiempo en movimiento: 04:54<\/strong><br \/><strong>Velocidad media: 2,42 km\/h<\/strong><br \/><strong>Vel. en Mov.: 3,01 km\/h<\/strong><br \/><strong>Velocidad M\u00e1xima: 18,21 km\/h<\/strong><br \/><strong>Altura M\u00ednima: 487 m<\/strong><br \/><strong>Altura M\u00e1xima: 893 m<\/strong><br \/><strong>Velocidad Ascenso: 293,6 m\/h<\/strong><br \/><strong>Velocidad descenso: 320,1 m\/h<\/strong><br \/><strong>Ganancia elevaci\u00f3n: 712 m<\/strong><br \/><strong>P\u00e9rdida elevaci\u00f3n: 728 m<\/strong><br \/><strong>Tiempo Ascenso: 02:25<\/strong><br \/><strong>Tiempo bajando: 02:16<\/strong><br \/><br \/><strong>Galer\u00eda de fotos:<\/strong><br \/><strong>https:\/\/photos.app.goo.gl\/8Y95Ax8HXagmG2sQ8<\/strong><\/p>\n\n\n\n<p><\/p>\n\n\n\n<figure class=\"wp-block-image size-full\"><a href=\"https:\/\/fotosenderismo.com\/wordpress\/wp-content\/uploads\/2024\/03\/SENDER-MARBOLENYA-COVA-CARRERA-MAPA.jpg\" target=\"_blank\" rel=\"noreferrer noopener\"><img loading=\"lazy\" decoding=\"async\" width=\"1920\" height=\"1080\" src=\"https:\/\/fotosenderismo.com\/wordpress\/wp-content\/uploads\/2024\/03\/SENDER-MARBOLENYA-COVA-CARRERA-MAPA.jpg\" alt=\"\" class=\"wp-image-23618\" srcset=\"https:\/\/fotosenderismo.com\/wordpress\/wp-content\/uploads\/2024\/03\/SENDER-MARBOLENYA-COVA-CARRERA-MAPA.jpg 1920w, https:\/\/fotosenderismo.com\/wordpress\/wp-content\/uploads\/2024\/03\/SENDER-MARBOLENYA-COVA-CARRERA-MAPA-300x169.jpg 300w, https:\/\/fotosenderismo.com\/wordpress\/wp-content\/uploads\/2024\/03\/SENDER-MARBOLENYA-COVA-CARRERA-MAPA-1024x576.jpg 1024w, https:\/\/fotosenderismo.com\/wordpress\/wp-content\/uploads\/2024\/03\/SENDER-MARBOLENYA-COVA-CARRERA-MAPA-768x432.jpg 768w, https:\/\/fotosenderismo.com\/wordpress\/wp-content\/uploads\/2024\/03\/SENDER-MARBOLENYA-COVA-CARRERA-MAPA-1536x864.jpg 1536w, https:\/\/fotosenderismo.com\/wordpress\/wp-content\/uploads\/2024\/03\/SENDER-MARBOLENYA-COVA-CARRERA-MAPA-1280x720.jpg 1280w, https:\/\/fotosenderismo.com\/wordpress\/wp-content\/uploads\/2024\/03\/SENDER-MARBOLENYA-COVA-CARRERA-MAPA-1320x743.jpg 1320w\" sizes=\"auto, (max-width: 1920px) 100vw, 1920px\" \/><\/a><\/figure>\n\n\n\n<p><\/p>\n\n\n\n<iframe loading=\"lazy\" frameBorder=\"0\" scrolling=\"no\" src=\"https:\/\/es.wikiloc.com\/wikiloc\/embedv2.do?id=162584440&#038;elevation=on&#038;images=on&#038;maptype=H\" width=\"1000\" height=\"1000\"><\/iframe><div style=\"color:#777;font-size:11px;line-height:16px;\">Powered by&nbsp;<a style=\"color:#4C8C2B;font-size:11px;line-height:16px;\" target=\"_blank\" href=\"https:\/\/es.wikiloc.com\" rel=\"noopener\">Wikiloc<\/a><\/div>\n\n\n\n<p><\/p>\n\n\n\n<figure class=\"wp-block-image size-full\"><a href=\"https:\/\/fotosenderismo.com\/wordpress\/wp-content\/uploads\/2024\/03\/SENDER-MARBOLENYA-COVA-CARRERA-EARTH-1.jpg\" target=\"_blank\" rel=\"noreferrer noopener\"><img loading=\"lazy\" decoding=\"async\" width=\"1920\" height=\"962\" src=\"https:\/\/fotosenderismo.com\/wordpress\/wp-content\/uploads\/2024\/03\/SENDER-MARBOLENYA-COVA-CARRERA-EARTH-1.jpg\" alt=\"\" class=\"wp-image-23616\" srcset=\"https:\/\/fotosenderismo.com\/wordpress\/wp-content\/uploads\/2024\/03\/SENDER-MARBOLENYA-COVA-CARRERA-EARTH-1.jpg 1920w, https:\/\/fotosenderismo.com\/wordpress\/wp-content\/uploads\/2024\/03\/SENDER-MARBOLENYA-COVA-CARRERA-EARTH-1-300x150.jpg 300w, https:\/\/fotosenderismo.com\/wordpress\/wp-content\/uploads\/2024\/03\/SENDER-MARBOLENYA-COVA-CARRERA-EARTH-1-1024x513.jpg 1024w, https:\/\/fotosenderismo.com\/wordpress\/wp-content\/uploads\/2024\/03\/SENDER-MARBOLENYA-COVA-CARRERA-EARTH-1-768x385.jpg 768w, https:\/\/fotosenderismo.com\/wordpress\/wp-content\/uploads\/2024\/03\/SENDER-MARBOLENYA-COVA-CARRERA-EARTH-1-1536x770.jpg 1536w, https:\/\/fotosenderismo.com\/wordpress\/wp-content\/uploads\/2024\/03\/SENDER-MARBOLENYA-COVA-CARRERA-EARTH-1-1320x661.jpg 1320w\" sizes=\"auto, (max-width: 1920px) 100vw, 1920px\" \/><\/a><\/figure>\n\n\n\n<p><\/p>\n\n\n\n<figure class=\"wp-block-image size-full\"><a href=\"https:\/\/fotosenderismo.com\/wordpress\/wp-content\/uploads\/2024\/03\/SENDER-MARBOLENYA-COVA-CARRERA-EARTH-2.jpg\" target=\"_blank\" rel=\"noreferrer noopener\"><img loading=\"lazy\" decoding=\"async\" width=\"1920\" height=\"962\" src=\"https:\/\/fotosenderismo.com\/wordpress\/wp-content\/uploads\/2024\/03\/SENDER-MARBOLENYA-COVA-CARRERA-EARTH-2.jpg\" alt=\"\" class=\"wp-image-23620\" srcset=\"https:\/\/fotosenderismo.com\/wordpress\/wp-content\/uploads\/2024\/03\/SENDER-MARBOLENYA-COVA-CARRERA-EARTH-2.jpg 1920w, https:\/\/fotosenderismo.com\/wordpress\/wp-content\/uploads\/2024\/03\/SENDER-MARBOLENYA-COVA-CARRERA-EARTH-2-300x150.jpg 300w, https:\/\/fotosenderismo.com\/wordpress\/wp-content\/uploads\/2024\/03\/SENDER-MARBOLENYA-COVA-CARRERA-EARTH-2-1024x513.jpg 1024w, https:\/\/fotosenderismo.com\/wordpress\/wp-content\/uploads\/2024\/03\/SENDER-MARBOLENYA-COVA-CARRERA-EARTH-2-768x385.jpg 768w, https:\/\/fotosenderismo.com\/wordpress\/wp-content\/uploads\/2024\/03\/SENDER-MARBOLENYA-COVA-CARRERA-EARTH-2-1536x770.jpg 1536w, https:\/\/fotosenderismo.com\/wordpress\/wp-content\/uploads\/2024\/03\/SENDER-MARBOLENYA-COVA-CARRERA-EARTH-2-1320x661.jpg 1320w\" sizes=\"auto, (max-width: 1920px) 100vw, 1920px\" \/><\/a><\/figure>\n\n\n\n<p><\/p>\n\n\n\n<figure class=\"wp-block-image size-full\"><a href=\"https:\/\/fotosenderismo.com\/wordpress\/wp-content\/uploads\/2024\/03\/SENDER.MARBOLENYA-COVA-CARRERA-PERFIL.jpg\" target=\"_blank\" rel=\"noreferrer noopener\"><img loading=\"lazy\" decoding=\"async\" width=\"1907\" height=\"595\" src=\"https:\/\/fotosenderismo.com\/wordpress\/wp-content\/uploads\/2024\/03\/SENDER.MARBOLENYA-COVA-CARRERA-PERFIL.jpg\" alt=\"\" class=\"wp-image-23621\" srcset=\"https:\/\/fotosenderismo.com\/wordpress\/wp-content\/uploads\/2024\/03\/SENDER.MARBOLENYA-COVA-CARRERA-PERFIL.jpg 1907w, https:\/\/fotosenderismo.com\/wordpress\/wp-content\/uploads\/2024\/03\/SENDER.MARBOLENYA-COVA-CARRERA-PERFIL-300x94.jpg 300w, https:\/\/fotosenderismo.com\/wordpress\/wp-content\/uploads\/2024\/03\/SENDER.MARBOLENYA-COVA-CARRERA-PERFIL-1024x319.jpg 1024w, https:\/\/fotosenderismo.com\/wordpress\/wp-content\/uploads\/2024\/03\/SENDER.MARBOLENYA-COVA-CARRERA-PERFIL-768x240.jpg 768w, https:\/\/fotosenderismo.com\/wordpress\/wp-content\/uploads\/2024\/03\/SENDER.MARBOLENYA-COVA-CARRERA-PERFIL-1536x479.jpg 1536w, https:\/\/fotosenderismo.com\/wordpress\/wp-content\/uploads\/2024\/03\/SENDER.MARBOLENYA-COVA-CARRERA-PERFIL-1320x412.jpg 1320w\" sizes=\"auto, (max-width: 1907px) 100vw, 1907px\" \/><\/a><\/figure>\n\n\n\n<p><\/p>\n\n\n\n<figure class=\"wp-block-image aligncenter size-full\"><img loading=\"lazy\" decoding=\"async\" width=\"419\" height=\"55\" src=\"https:\/\/fotosenderismo.com\/wordpress\/wp-content\/uploads\/2022\/02\/relacionadas-2-1.jpg\" alt=\"\" class=\"wp-image-21095\" srcset=\"https:\/\/fotosenderismo.com\/wordpress\/wp-content\/uploads\/2022\/02\/relacionadas-2-1.jpg 419w, https:\/\/fotosenderismo.com\/wordpress\/wp-content\/uploads\/2022\/02\/relacionadas-2-1-300x39.jpg 300w\" sizes=\"auto, (max-width: 419px) 100vw, 419px\" \/><\/figure>\n\n\n\n<p><\/p>\n\n\n\n<figure class=\"wp-block-embed aligncenter is-type-wp-embed is-provider-fotosenderismo-com wp-block-embed-fotosenderismo-com\"><div class=\"wp-block-embed__wrapper\">\n<blockquote class=\"wp-embedded-content\" data-secret=\"KKBgCqtmyp\"><a href=\"https:\/\/fotosenderismo.com\/wordpress\/index.php\/2021\/02\/25\/serra-del-corb-coll-den-bas-serrat-llarg-coves-den-vila-pas-dels-marbolenys-serrat-de-marbolenya\/\">Serra del Corb. Coll d&#8217;en Bas, Serrat Llarg, Coves d&#8217;en Vila, Pas dels Marbolenys, Serrat de Marbolenya<\/a><\/blockquote><iframe loading=\"lazy\" class=\"wp-embedded-content\" sandbox=\"allow-scripts\" security=\"restricted\" style=\"position: absolute; clip: rect(1px, 1px, 1px, 1px);\" title=\"\u00abSerra del Corb. Coll d&#8217;en Bas, Serrat Llarg, Coves d&#8217;en Vila, Pas dels Marbolenys, Serrat de Marbolenya\u00bb \u2014 FOTOSENDERISMO.COM\" src=\"https:\/\/fotosenderismo.com\/wordpress\/index.php\/2021\/02\/25\/serra-del-corb-coll-den-bas-serrat-llarg-coves-den-vila-pas-dels-marbolenys-serrat-de-marbolenya\/embed\/#?secret=nGwSDPfPqG#?secret=KKBgCqtmyp\" data-secret=\"KKBgCqtmyp\" width=\"600\" height=\"338\" frameborder=\"0\" marginwidth=\"0\" marginheight=\"0\" scrolling=\"no\"><\/iframe>\n<\/div><\/figure>\n\n\n\n<figure class=\"wp-block-embed aligncenter is-type-wp-embed is-provider-fotosenderismo-com wp-block-embed-fotosenderismo-com\"><div class=\"wp-block-embed__wrapper\">\n<blockquote class=\"wp-embedded-content\" data-secret=\"3entuh1pcF\"><a href=\"https:\/\/fotosenderismo.com\/wordpress\/index.php\/2020\/03\/05\/la-cot-sant-marti-cel-corb-serra-del-corb-bac-den-vidal-fageda-den-jorda\/\">La Cot, Sant Mart\u00ed cel Corb, Serra del Corb, Bac d&#8217;en Vidal, Fageda d&#8217;en Jord\u00e0<\/a><\/blockquote><iframe loading=\"lazy\" class=\"wp-embedded-content\" sandbox=\"allow-scripts\" security=\"restricted\" style=\"position: absolute; clip: rect(1px, 1px, 1px, 1px);\" title=\"\u00abLa Cot, Sant Mart\u00ed cel Corb, Serra del Corb, Bac d&#8217;en Vidal, Fageda d&#8217;en Jord\u00e0\u00bb \u2014 FOTOSENDERISMO.COM\" src=\"https:\/\/fotosenderismo.com\/wordpress\/index.php\/2020\/03\/05\/la-cot-sant-marti-cel-corb-serra-del-corb-bac-den-vidal-fageda-den-jorda\/embed\/#?secret=NXeag2e6M4#?secret=3entuh1pcF\" data-secret=\"3entuh1pcF\" width=\"600\" height=\"338\" frameborder=\"0\" marginwidth=\"0\" marginheight=\"0\" scrolling=\"no\"><\/iframe>\n<\/div><\/figure>\n\n\n\n<figure class=\"wp-block-embed aligncenter is-type-wp-embed is-provider-fotosenderismo-com wp-block-embed-fotosenderismo-com\"><div class=\"wp-block-embed__wrapper\">\n<blockquote class=\"wp-embedded-content\" data-secret=\"YO844tC2EQ\"><a href=\"https:\/\/fotosenderismo.com\/wordpress\/index.php\/2019\/09\/05\/serra-del-corb-sender-de-les-barrincoles-cami-botanic-marboleny-sender-del-bou\/\">Serra del Corb. Sender de les Barrincoles, Cam\u00ed Bot\u00e0nic, Marboleny, Sender del Bou<\/a><\/blockquote><iframe loading=\"lazy\" class=\"wp-embedded-content\" sandbox=\"allow-scripts\" security=\"restricted\" style=\"position: absolute; clip: rect(1px, 1px, 1px, 1px);\" title=\"\u00abSerra del Corb. Sender de les Barrincoles, Cam\u00ed Bot\u00e0nic, Marboleny, Sender del Bou\u00bb \u2014 FOTOSENDERISMO.COM\" src=\"https:\/\/fotosenderismo.com\/wordpress\/index.php\/2019\/09\/05\/serra-del-corb-sender-de-les-barrincoles-cami-botanic-marboleny-sender-del-bou\/embed\/#?secret=mbs4KMfBwS#?secret=YO844tC2EQ\" data-secret=\"YO844tC2EQ\" width=\"600\" height=\"338\" frameborder=\"0\" marginwidth=\"0\" marginheight=\"0\" scrolling=\"no\"><\/iframe>\n<\/div><\/figure>\n","protected":false},"excerpt":{"rendered":"<p>Los objetivos fundamentales de esta excursi\u00f3n son los de explorar algunos de los senderos de la Serra de la Calcina, como el Sender de la Cau, y de la Serra del Corb, como el Sender de la Marbolenya. Adem\u00e1s, visitaremos la Cova de la Carrera. Tambi\u00e9n transitaremos algunos de los tramos m\u00e1s elevados de la Serra del Corb, ya andando por caminos marcados, mucho m\u00e1s conocidos y bastante utilizados por los excursionistas. El recorrido, principalmente, discurre por pistas forestales asilvestradas, senderos claros y n\u00edtidos, y senderos dif\u00edciles de rastrear. Pasa, igualmente, por senderos marcados en amarillo y en verde y blanco. Acerca del paisaje, cabe destacar que andaremos por bosque mediterr\u00e1neo y por hayedos, estos \u00faltimos en la parte alta de la salida. Desde el Roca Lladre y la cresta del Corb, tendremos muy buenas vistas a la Garrotxa y al Pirineo. Bajando por el Murri\u00e0 tendremos excelentes panor\u00e1micas de la zona meridional de la Vall d\u2019en Bas y de los altos de la Cabrera, as\u00ed como al Puigsacalm y la Serra de Llancers.<\/p>\n","protected":false},"author":1,"featured_media":23619,"comment_status":"open","ping_status":"open","sticky":false,"template":"","format":"standard","meta":{"footnotes":""},"categories":[45,46,143,280,34,42,47,60],"tags":[187,254,98,177,191,347,223],"class_list":["post-23615","post","type-post","status-publish","format-standard","has-post-thumbnail","hentry","category-garrotxa","category-girona","category-1-5-volcanes","category-202-entre-10-y-15-km","category-entre-500-y-1000-metros","category-senderismo","category-circular-tipo-de-recorrido","category-baja-montana-o-tierras-a-media-altitud","tag-fotos-by-eduard","tag-fotos-by-pat","tag-98","tag-eduard","tag-track-by-joan","tag-track-by-pat","tag-track-en-wikiloc"],"_links":{"self":[{"href":"https:\/\/fotosenderismo.com\/wordpress\/index.php\/wp-json\/wp\/v2\/posts\/23615","targetHints":{"allow":["GET"]}}],"collection":[{"href":"https:\/\/fotosenderismo.com\/wordpress\/index.php\/wp-json\/wp\/v2\/posts"}],"about":[{"href":"https:\/\/fotosenderismo.com\/wordpress\/index.php\/wp-json\/wp\/v2\/types\/post"}],"author":[{"embeddable":true,"href":"https:\/\/fotosenderismo.com\/wordpress\/index.php\/wp-json\/wp\/v2\/users\/1"}],"replies":[{"embeddable":true,"href":"https:\/\/fotosenderismo.com\/wordpress\/index.php\/wp-json\/wp\/v2\/comments?post=23615"}],"version-history":[{"count":2,"href":"https:\/\/fotosenderismo.com\/wordpress\/index.php\/wp-json\/wp\/v2\/posts\/23615\/revisions"}],"predecessor-version":[{"id":23624,"href":"https:\/\/fotosenderismo.com\/wordpress\/index.php\/wp-json\/wp\/v2\/posts\/23615\/revisions\/23624"}],"wp:featuredmedia":[{"embeddable":true,"href":"https:\/\/fotosenderismo.com\/wordpress\/index.php\/wp-json\/wp\/v2\/media\/23619"}],"wp:attachment":[{"href":"https:\/\/fotosenderismo.com\/wordpress\/index.php\/wp-json\/wp\/v2\/media?parent=23615"}],"wp:term":[{"taxonomy":"category","embeddable":true,"href":"https:\/\/fotosenderismo.com\/wordpress\/index.php\/wp-json\/wp\/v2\/categories?post=23615"},{"taxonomy":"post_tag","embeddable":true,"href":"https:\/\/fotosenderismo.com\/wordpress\/index.php\/wp-json\/wp\/v2\/tags?post=23615"}],"curies":[{"name":"wp","href":"https:\/\/api.w.org\/{rel}","templated":true}]}}