{"id":23458,"date":"2024-02-22T16:39:30","date_gmt":"2024-02-22T16:39:30","guid":{"rendered":"https:\/\/fotosenderismo.com\/wordpress\/?p=23458"},"modified":"2024-02-27T16:51:06","modified_gmt":"2024-02-27T16:51:06","slug":"les-planes-dhostoles-mirador-del-migdia-la-finestrica-sant-aniol-de-finestres","status":"publish","type":"post","link":"https:\/\/fotosenderismo.com\/wordpress\/index.php\/2024\/02\/22\/les-planes-dhostoles-mirador-del-migdia-la-finestrica-sant-aniol-de-finestres\/","title":{"rendered":"Les Planes d&#8217;Hostoles, Mirador del Migdia, La Finestrica, Sant Aniol de Finestres"},"content":{"rendered":"\n<figure class=\"wp-block-image aligncenter size-full\"><a href=\"https:\/\/photos.app.goo.gl\/VUPdAfdxz5bfJahv6\" target=\"_blank\" rel=\"noreferrer noopener\"><img loading=\"lazy\" decoding=\"async\" width=\"400\" height=\"53\" src=\"https:\/\/fotosenderismo.com\/wordpress\/wp-content\/uploads\/2020\/07\/visualizar-galeria-fotos.jpg\" alt=\"\" class=\"wp-image-19221\" srcset=\"https:\/\/fotosenderismo.com\/wordpress\/wp-content\/uploads\/2020\/07\/visualizar-galeria-fotos.jpg 400w, https:\/\/fotosenderismo.com\/wordpress\/wp-content\/uploads\/2020\/07\/visualizar-galeria-fotos-300x40.jpg 300w\" sizes=\"auto, (max-width: 400px) 100vw, 400px\" \/><\/a><\/figure>\n\n\n\n<p><\/p>\n\n\n\n<figure class=\"wp-block-image size-full\"><a href=\"https:\/\/fotosenderismo.com\/wordpress\/wp-content\/uploads\/2024\/02\/PLANES-HOSTOLES-CINGLERA-MIGDIA-SANT-ANIOL-DATOS.jpg\" target=\"_blank\" rel=\"noreferrer noopener\"><img loading=\"lazy\" decoding=\"async\" width=\"1338\" height=\"948\" src=\"https:\/\/fotosenderismo.com\/wordpress\/wp-content\/uploads\/2024\/02\/PLANES-HOSTOLES-CINGLERA-MIGDIA-SANT-ANIOL-DATOS.jpg\" alt=\"\" class=\"wp-image-23459\" srcset=\"https:\/\/fotosenderismo.com\/wordpress\/wp-content\/uploads\/2024\/02\/PLANES-HOSTOLES-CINGLERA-MIGDIA-SANT-ANIOL-DATOS.jpg 1338w, https:\/\/fotosenderismo.com\/wordpress\/wp-content\/uploads\/2024\/02\/PLANES-HOSTOLES-CINGLERA-MIGDIA-SANT-ANIOL-DATOS-300x213.jpg 300w, https:\/\/fotosenderismo.com\/wordpress\/wp-content\/uploads\/2024\/02\/PLANES-HOSTOLES-CINGLERA-MIGDIA-SANT-ANIOL-DATOS-1024x726.jpg 1024w, https:\/\/fotosenderismo.com\/wordpress\/wp-content\/uploads\/2024\/02\/PLANES-HOSTOLES-CINGLERA-MIGDIA-SANT-ANIOL-DATOS-768x544.jpg 768w, https:\/\/fotosenderismo.com\/wordpress\/wp-content\/uploads\/2024\/02\/PLANES-HOSTOLES-CINGLERA-MIGDIA-SANT-ANIOL-DATOS-1320x935.jpg 1320w\" sizes=\"auto, (max-width: 1338px) 100vw, 1338px\" \/><\/a><\/figure>\n\n\n\n<p><\/p>\n\n\n\n<figure class=\"wp-block-image aligncenter size-full\"><a href=\"https:\/\/fotosenderismo.com\/wordpress\/wp-content\/uploads\/2024-02-22-PLANES-HOSTOLES-MIRADOR-MIGDIA-FINESTRICA-SANT-ANIL-FINESTRES.gpx\"><img loading=\"lazy\" decoding=\"async\" width=\"400\" height=\"50\" src=\"https:\/\/fotosenderismo.com\/wordpress\/wp-content\/uploads\/2024\/02\/image-2.png\" alt=\"\" class=\"wp-image-23096\" srcset=\"https:\/\/fotosenderismo.com\/wordpress\/wp-content\/uploads\/2024\/02\/image-2.png 400w, https:\/\/fotosenderismo.com\/wordpress\/wp-content\/uploads\/2024\/02\/image-2-300x38.png 300w\" sizes=\"auto, (max-width: 400px) 100vw, 400px\" \/><\/a><\/figure>\n\n\n\n<p><\/p>\n\n\n\n<div class=\"description dont-break-out \" style=\"text-align: justify;\"><strong>Salida del 22 de febrero de 2024 a les Planes d\u2019Hostoles y Sant Aniol de Finestres<\/strong><br \/><br \/><strong>Objetivos<\/strong><br \/><br \/><strong>El objetivo principal de esta salida es el de visitar los senderos que discurren entre les Planes d\u2019Hostoles y Sant Aniol de Finestres pasando por el Puig Sariol, la Roca Blanca y la Roca de Migdia, que ser\u00e1 el punto m\u00e1s elevado de la excursi\u00f3n. Despu\u00e9s se volver\u00e1 por el sendero marcado en amarillo que pasa por la Coma y el Serrat de Canova.<\/strong><br \/><br \/><strong>Descripci\u00f3n del terreno<\/strong><br \/><br \/><strong>Casi toda la excursi\u00f3n discurre por senderos de bosque, aunque tambi\u00e9n utiliza pistas asilvestradas y un peque\u00f1o tramo de la v\u00eda verde que va de Girona a Olot. Asimismo, utilizaremos algo de asfalto. Predomina el bosque mediterr\u00e1neo de encinares, aunque tambi\u00e9n hallaremos pinares. En lo m\u00e1s alto de la salida, cerca de la Roca del Migdia, tendremos muy buenas vistas mirando hacia el valle del Ll\u00e9mena, hacia la Serra de Finestres y hacia el Far. De hecho, durante unos cuantos centenares de metros, andaremos arrimados a los precipicios de una escarpa o unos acantilados, como queramos llamarlos.<\/strong><br \/><br \/><strong>Desarrollo de la salida.<\/strong><br \/><br \/><strong>Va en direcci\u00f3n horaria y empieza en les Planes d\u2019Hostoles. Dejaremos el veh\u00edculo en el aparcamiento p\u00fablico que hay junto a los pabellones deportivos municipales. Desde all\u00ed, inmediatamente, tomaremos la v\u00eda verde. La seguiremos hasta el kil\u00f3metro 1,11 de recorrido, despu\u00e9s de haber pasado el puente sobre el r\u00edo Brugent. De hecho, veremos un poste indicador (punto de ruta) que se\u00f1ala la direcci\u00f3n de Sant Aniol de Finestres. Desde aqu\u00ed nos dejaremos acompa\u00f1ar por las marcas amarillas. Lo haremos, solamente, hasta el Km. 1,90 de recorrido, ya que en ese punto deberemos virar a mano derecha para empezar a encaramarnos por la loma de la monta\u00f1a, por un sendero algo enmara\u00f1ado.<\/strong><br \/><br \/><strong>Cruzaremos el Bosc de Vilamala y sobre el Km. 3,77 alcanzaremos el Coll de Savalls (punto de ruta). Seguiremos andando en ascenso por sendero de bosque, aunque cruzando alg\u00fan tramo despejado y alguna parte de pista asilvestrada, hasta alcanzar la Roca Blanca, primero, y la Roca del Migdia, despu\u00e9s. En realidad, para llegar a ella, tendremos que desviarnos un poco del itinerario principal. Tendremos que rebasar la cumbre si queremos llegar hasta el primer mirador (punto de ruta:Mirador). Despu\u00e9s volveremos marcha atr\u00e1s para retomar el itinerario principal.<\/strong><br \/><br \/><strong>Recuperado \u00e9ste, veremos un cartelito (punto de ruta) que nos se\u00f1ala la direcci\u00f3n de Sant Aniol de Finestres. Luego andaremos un rato junto a los acantilados y despu\u00e9s iremos en busca de la Finestrica (Km. 7,09, punto de ruta). Se trata de dos formaciones rocosas que perfilan como una especie de ventana. Aunque no est\u00e1 cerrada por arriba, es ancha por abajo y estrecha en la parte alta, de manera que dependiendo de donde nos coloquemos para verla parece una verdadera ventana.<\/strong><br \/><br \/><strong>Despu\u00e9s de la Finestrica iremos bajando por un sendero abrupto y empinado hasta alcanzar una pista asfaltada. All\u00ed, en el fondo del valle, veremos un cartelito de madera que tambi\u00e9n nos indica la Finestrica. Seguiremos la pista y sobre el Km. 9,34 habremos llegado a Sant Aniol de Finestres. Nosotros subimos hasta la entrada de la iglesia (punto de ruta). Luego fuimos en busca del camino de regreso siguiendo un tramo de carretera. Ya en la carretera, sobre el Km. 9,60 del recorrido, viraremos abruptamente para introducirnos en una pista asfaltada que sube hasta unas casas.<\/strong><br \/><br \/><strong>Desde ellas empieza el sendero que regresa hasta les Planes d\u2019Hostoles. A partir de aqu\u00ed, s\u00f3lo hay que dejarse llevar, a trav\u00e9s de bosque y mediante un ascenso suave, por las marcas amarillas y el track. El ascenso sigue hasta el Coll de Portell (Km. 12,7). Desde \u00e9l, iremos descendiendo por senderos hasta encontrarnos (Km. 15,3) con el camino por el que hab\u00edamos pasado al inicio de la excursi\u00f3n. Habremos cerrado el track y desandaremos lo andado por la ma\u00f1ana hasta dar con la v\u00eda verde, el puente de r\u00edo Brugent, y el aparcamiento.<\/strong><br \/><br \/><strong>Dificultades<\/strong><br \/><br \/><strong>Escasas, solo encontraremos algo de mara\u00f1a en el ascenso hasta el Coll Savalls. Todos los senderos son bastante f\u00e1ciles de rastrear.<\/strong><br \/><br \/><strong>Observaciones<\/strong><br \/><br \/><strong>Todas las distancias a las que se refiere este texto son orientativas, pueden variar dependiendo de cada dispositivo GPS<\/strong><br \/><br \/><strong>Consideraciones t\u00e9cnicas<\/strong><br \/><br \/><strong>El track real se ha grabado con en un Redmi Note 11. El recorrido se ha panificado con QMapShack. El track grabado sobre el terreno se ha editado con tambi\u00e9n con QMapShack para borrar un tramo muy corto en el que decidimos cambiar el itinerario programado con anterioridad.<\/strong><br \/><br \/><br \/><br \/><strong>Tipo: Senderismo<\/strong><br \/><strong>Hora Inicio: 8:44 22 feb 2024<\/strong><br \/><strong>Hora Fin: 14:42 22 feb 2024<\/strong><br \/><strong>Distancia: 17,9 km (05:57)<\/strong><br \/><strong>Tiempo en movimiento: 04:55<\/strong><br \/><strong>Velocidad media: 3,01 km\/h<\/strong><br \/><strong>Vel. en Mov.: 3,64 km\/h<\/strong><br \/><strong>Velocidad M\u00e1xima: 6,94 km\/h<\/strong><br \/><strong>Altura M\u00ednima: 343 m<\/strong><br \/><strong>Altura M\u00e1xima: 789 m<\/strong><br \/><strong>Velocidad Ascenso: 242,8 m\/h<\/strong><br \/><strong>Velocidad descenso: 319,6 m\/h<\/strong><br \/><strong>Ganancia elevaci\u00f3n: 674 m<\/strong><br \/><strong>P\u00e9rdida elevaci\u00f3n: 683 m<\/strong><br \/><strong>Tiempo Ascenso: 02:46<\/strong><br \/><strong>Tiempo bajando: 02:08<\/strong><br \/><br \/><br \/><\/div>\n\n\n\n<p><\/p>\n\n\n\n<figure class=\"wp-block-image size-full\"><a href=\"https:\/\/fotosenderismo.com\/wordpress\/wp-content\/uploads\/2024\/02\/PLANES-HOSTOLES-CINGLERA-MIGDIA-SANT-ANIOL-MAPA.jpg\" target=\"_blank\" rel=\"noreferrer noopener\"><img loading=\"lazy\" decoding=\"async\" width=\"2384\" height=\"2368\" src=\"https:\/\/fotosenderismo.com\/wordpress\/wp-content\/uploads\/2024\/02\/PLANES-HOSTOLES-CINGLERA-MIGDIA-SANT-ANIOL-MAPA.jpg\" alt=\"\" class=\"wp-image-23463\" srcset=\"https:\/\/fotosenderismo.com\/wordpress\/wp-content\/uploads\/2024\/02\/PLANES-HOSTOLES-CINGLERA-MIGDIA-SANT-ANIOL-MAPA.jpg 2384w, https:\/\/fotosenderismo.com\/wordpress\/wp-content\/uploads\/2024\/02\/PLANES-HOSTOLES-CINGLERA-MIGDIA-SANT-ANIOL-MAPA-300x298.jpg 300w, https:\/\/fotosenderismo.com\/wordpress\/wp-content\/uploads\/2024\/02\/PLANES-HOSTOLES-CINGLERA-MIGDIA-SANT-ANIOL-MAPA-1024x1017.jpg 1024w, https:\/\/fotosenderismo.com\/wordpress\/wp-content\/uploads\/2024\/02\/PLANES-HOSTOLES-CINGLERA-MIGDIA-SANT-ANIOL-MAPA-150x150.jpg 150w, https:\/\/fotosenderismo.com\/wordpress\/wp-content\/uploads\/2024\/02\/PLANES-HOSTOLES-CINGLERA-MIGDIA-SANT-ANIOL-MAPA-768x763.jpg 768w, https:\/\/fotosenderismo.com\/wordpress\/wp-content\/uploads\/2024\/02\/PLANES-HOSTOLES-CINGLERA-MIGDIA-SANT-ANIOL-MAPA-1536x1526.jpg 1536w\" sizes=\"auto, (max-width: 2384px) 100vw, 2384px\" \/><\/a><\/figure>\n\n\n\n<p><\/p>\n\n\n\n<iframe loading=\"lazy\" frameBorder=\"0\" scrolling=\"no\" src=\"https:\/\/es.wikiloc.com\/wikiloc\/embedv2.do?id=161981099&#038;elevation=on&#038;images=on&#038;maptype=H\" width=\"1000\" height=\"1000\"><\/iframe><div style=\"color:#777;font-size:11px;line-height:16px;\">Powered by&nbsp;<a style=\"color:#4C8C2B;font-size:11px;line-height:16px;\" target=\"_blank\" href=\"https:\/\/es.wikiloc.com\" rel=\"noopener\">Wikiloc<\/a><\/div>\n\n\n\n<p><\/p>\n\n\n\n<figure class=\"wp-block-image size-full\"><a href=\"https:\/\/fotosenderismo.com\/wordpress\/wp-content\/uploads\/2024\/02\/PLANES-HOSTOLES-CINGLERA-MIGDIA-SANT-ANIOL-EARTH-1.jpg\" target=\"_blank\" rel=\"noreferrer noopener\"><img loading=\"lazy\" decoding=\"async\" width=\"1920\" height=\"962\" src=\"https:\/\/fotosenderismo.com\/wordpress\/wp-content\/uploads\/2024\/02\/PLANES-HOSTOLES-CINGLERA-MIGDIA-SANT-ANIOL-EARTH-1.jpg\" alt=\"\" class=\"wp-image-23460\" srcset=\"https:\/\/fotosenderismo.com\/wordpress\/wp-content\/uploads\/2024\/02\/PLANES-HOSTOLES-CINGLERA-MIGDIA-SANT-ANIOL-EARTH-1.jpg 1920w, https:\/\/fotosenderismo.com\/wordpress\/wp-content\/uploads\/2024\/02\/PLANES-HOSTOLES-CINGLERA-MIGDIA-SANT-ANIOL-EARTH-1-300x150.jpg 300w, https:\/\/fotosenderismo.com\/wordpress\/wp-content\/uploads\/2024\/02\/PLANES-HOSTOLES-CINGLERA-MIGDIA-SANT-ANIOL-EARTH-1-1024x513.jpg 1024w, https:\/\/fotosenderismo.com\/wordpress\/wp-content\/uploads\/2024\/02\/PLANES-HOSTOLES-CINGLERA-MIGDIA-SANT-ANIOL-EARTH-1-768x385.jpg 768w, https:\/\/fotosenderismo.com\/wordpress\/wp-content\/uploads\/2024\/02\/PLANES-HOSTOLES-CINGLERA-MIGDIA-SANT-ANIOL-EARTH-1-1536x770.jpg 1536w, https:\/\/fotosenderismo.com\/wordpress\/wp-content\/uploads\/2024\/02\/PLANES-HOSTOLES-CINGLERA-MIGDIA-SANT-ANIOL-EARTH-1-1320x661.jpg 1320w\" sizes=\"auto, (max-width: 1920px) 100vw, 1920px\" \/><\/a><\/figure>\n\n\n\n<p><\/p>\n\n\n\n<figure class=\"wp-block-image size-full\"><a href=\"https:\/\/fotosenderismo.com\/wordpress\/wp-content\/uploads\/2024\/02\/PLANES-HOSTOLES-CINGLERA-MIGDIA-SANT-ANIOL-EARTH-2.jpg\" target=\"_blank\" rel=\"noreferrer noopener\"><img loading=\"lazy\" decoding=\"async\" width=\"1920\" height=\"962\" src=\"https:\/\/fotosenderismo.com\/wordpress\/wp-content\/uploads\/2024\/02\/PLANES-HOSTOLES-CINGLERA-MIGDIA-SANT-ANIOL-EARTH-2.jpg\" alt=\"\" class=\"wp-image-23461\" srcset=\"https:\/\/fotosenderismo.com\/wordpress\/wp-content\/uploads\/2024\/02\/PLANES-HOSTOLES-CINGLERA-MIGDIA-SANT-ANIOL-EARTH-2.jpg 1920w, https:\/\/fotosenderismo.com\/wordpress\/wp-content\/uploads\/2024\/02\/PLANES-HOSTOLES-CINGLERA-MIGDIA-SANT-ANIOL-EARTH-2-300x150.jpg 300w, https:\/\/fotosenderismo.com\/wordpress\/wp-content\/uploads\/2024\/02\/PLANES-HOSTOLES-CINGLERA-MIGDIA-SANT-ANIOL-EARTH-2-1024x513.jpg 1024w, https:\/\/fotosenderismo.com\/wordpress\/wp-content\/uploads\/2024\/02\/PLANES-HOSTOLES-CINGLERA-MIGDIA-SANT-ANIOL-EARTH-2-768x385.jpg 768w, https:\/\/fotosenderismo.com\/wordpress\/wp-content\/uploads\/2024\/02\/PLANES-HOSTOLES-CINGLERA-MIGDIA-SANT-ANIOL-EARTH-2-1536x770.jpg 1536w, https:\/\/fotosenderismo.com\/wordpress\/wp-content\/uploads\/2024\/02\/PLANES-HOSTOLES-CINGLERA-MIGDIA-SANT-ANIOL-EARTH-2-1320x661.jpg 1320w\" sizes=\"auto, (max-width: 1920px) 100vw, 1920px\" \/><\/a><\/figure>\n\n\n\n<p><\/p>\n\n\n\n<figure class=\"wp-block-image size-full\"><a href=\"https:\/\/fotosenderismo.com\/wordpress\/wp-content\/uploads\/2024\/02\/PLANES-HOSTOLES-CINGLERA-MIGDIA-SANT-ANIOL-PERFIL.jpg\" target=\"_blank\" rel=\"noreferrer noopener\"><img loading=\"lazy\" decoding=\"async\" width=\"1881\" height=\"578\" src=\"https:\/\/fotosenderismo.com\/wordpress\/wp-content\/uploads\/2024\/02\/PLANES-HOSTOLES-CINGLERA-MIGDIA-SANT-ANIOL-PERFIL.jpg\" alt=\"\" class=\"wp-image-23464\" srcset=\"https:\/\/fotosenderismo.com\/wordpress\/wp-content\/uploads\/2024\/02\/PLANES-HOSTOLES-CINGLERA-MIGDIA-SANT-ANIOL-PERFIL.jpg 1881w, https:\/\/fotosenderismo.com\/wordpress\/wp-content\/uploads\/2024\/02\/PLANES-HOSTOLES-CINGLERA-MIGDIA-SANT-ANIOL-PERFIL-300x92.jpg 300w, https:\/\/fotosenderismo.com\/wordpress\/wp-content\/uploads\/2024\/02\/PLANES-HOSTOLES-CINGLERA-MIGDIA-SANT-ANIOL-PERFIL-1024x315.jpg 1024w, https:\/\/fotosenderismo.com\/wordpress\/wp-content\/uploads\/2024\/02\/PLANES-HOSTOLES-CINGLERA-MIGDIA-SANT-ANIOL-PERFIL-768x236.jpg 768w, https:\/\/fotosenderismo.com\/wordpress\/wp-content\/uploads\/2024\/02\/PLANES-HOSTOLES-CINGLERA-MIGDIA-SANT-ANIOL-PERFIL-1536x472.jpg 1536w, https:\/\/fotosenderismo.com\/wordpress\/wp-content\/uploads\/2024\/02\/PLANES-HOSTOLES-CINGLERA-MIGDIA-SANT-ANIOL-PERFIL-1320x406.jpg 1320w\" sizes=\"auto, (max-width: 1881px) 100vw, 1881px\" \/><\/a><\/figure>\n\n\n\n<p><\/p>\n\n\n\n<figure class=\"wp-block-image aligncenter size-full\"><img loading=\"lazy\" decoding=\"async\" width=\"419\" height=\"55\" src=\"https:\/\/fotosenderismo.com\/wordpress\/wp-content\/uploads\/2022\/02\/relacionadas-2-1.jpg\" alt=\"\" class=\"wp-image-21095\" srcset=\"https:\/\/fotosenderismo.com\/wordpress\/wp-content\/uploads\/2022\/02\/relacionadas-2-1.jpg 419w, https:\/\/fotosenderismo.com\/wordpress\/wp-content\/uploads\/2022\/02\/relacionadas-2-1-300x39.jpg 300w\" sizes=\"auto, (max-width: 419px) 100vw, 419px\" \/><\/figure>\n\n\n\n<p><\/p>\n\n\n\n<figure class=\"wp-block-embed aligncenter is-type-wp-embed is-provider-fotosenderismo-com wp-block-embed-fotosenderismo-com\"><div class=\"wp-block-embed__wrapper\">\n<blockquote class=\"wp-embedded-content\" data-secret=\"PtKgPLqCPE\"><a href=\"https:\/\/fotosenderismo.com\/wordpress\/index.php\/2019\/05\/02\/les-planes-dhostoles-sant-aniol-de-finestres\/\">Les Planes d&#8217;Hostoles, Sant Aniol de Finestres<\/a><\/blockquote><iframe loading=\"lazy\" class=\"wp-embedded-content\" sandbox=\"allow-scripts\" security=\"restricted\" style=\"position: absolute; clip: rect(1px, 1px, 1px, 1px);\" title=\"\u00abLes Planes d&#8217;Hostoles, Sant Aniol de Finestres\u00bb \u2014 FOTOSENDERISMO.COM\" src=\"https:\/\/fotosenderismo.com\/wordpress\/index.php\/2019\/05\/02\/les-planes-dhostoles-sant-aniol-de-finestres\/embed\/#?secret=hkyx3Upa3e#?secret=PtKgPLqCPE\" data-secret=\"PtKgPLqCPE\" width=\"600\" height=\"338\" frameborder=\"0\" marginwidth=\"0\" marginheight=\"0\" scrolling=\"no\"><\/iframe>\n<\/div><\/figure>\n\n\n\n<figure class=\"wp-block-embed aligncenter is-type-wp-embed is-provider-fotosenderismo-com wp-block-embed-fotosenderismo-com\"><div class=\"wp-block-embed__wrapper\">\n<blockquote class=\"wp-embedded-content\" data-secret=\"MCuyN62Ahr\"><a href=\"https:\/\/fotosenderismo.com\/wordpress\/index.php\/2010\/04\/05\/les-planes-dhostoles-el-far-1123-m\/\">Les Planes d&#8217;Hostoles, el Far (1123 m)<\/a><\/blockquote><iframe loading=\"lazy\" class=\"wp-embedded-content\" sandbox=\"allow-scripts\" security=\"restricted\" style=\"position: absolute; clip: rect(1px, 1px, 1px, 1px);\" title=\"\u00abLes Planes d&#8217;Hostoles, el Far (1123 m)\u00bb \u2014 FOTOSENDERISMO.COM\" src=\"https:\/\/fotosenderismo.com\/wordpress\/index.php\/2010\/04\/05\/les-planes-dhostoles-el-far-1123-m\/embed\/#?secret=964GnoyISY#?secret=MCuyN62Ahr\" data-secret=\"MCuyN62Ahr\" width=\"600\" height=\"338\" frameborder=\"0\" marginwidth=\"0\" marginheight=\"0\" scrolling=\"no\"><\/iframe>\n<\/div><\/figure>\n\n\n\n<figure class=\"wp-block-embed aligncenter is-type-wp-embed is-provider-fotosenderismo-com wp-block-embed-fotosenderismo-com\"><div class=\"wp-block-embed__wrapper\">\n<blockquote class=\"wp-embedded-content\" data-secret=\"tt9JjnRLDY\"><a href=\"https:\/\/fotosenderismo.com\/wordpress\/index.php\/2019\/03\/07\/sant-feliu-de-pallerols-castell-dhostoles-sant-salvador-serra-del-conteller\/\">Sant Feliu de Pallerols, Castell d&#8217;Hostoles, Sant Salvador, Serra del Conteller<\/a><\/blockquote><iframe loading=\"lazy\" class=\"wp-embedded-content\" sandbox=\"allow-scripts\" security=\"restricted\" style=\"position: absolute; clip: rect(1px, 1px, 1px, 1px);\" title=\"\u00abSant Feliu de Pallerols, Castell d&#8217;Hostoles, Sant Salvador, Serra del Conteller\u00bb \u2014 FOTOSENDERISMO.COM\" src=\"https:\/\/fotosenderismo.com\/wordpress\/index.php\/2019\/03\/07\/sant-feliu-de-pallerols-castell-dhostoles-sant-salvador-serra-del-conteller\/embed\/#?secret=acDhj3nhsR#?secret=tt9JjnRLDY\" data-secret=\"tt9JjnRLDY\" width=\"600\" height=\"338\" frameborder=\"0\" marginwidth=\"0\" marginheight=\"0\" scrolling=\"no\"><\/iframe>\n<\/div><\/figure>\n\n\n\n<p><\/p>\n","protected":false},"excerpt":{"rendered":"<p>El objetivo principal de esta salida es el de visitar los senderos que discurren entre les Planes d\u2019Hostoles y Sant Aniol de Finestres pasando por el Puig Sariol, la Roca Blanca y la Roca de Migdia, que ser\u00e1 el punto m\u00e1s elevado de la excursi\u00f3n. Despu\u00e9s se volver\u00e1 por el sendero marcado en amarillo que pasa por la Coma y el Serrat de Canova. Casi toda la excursi\u00f3n discurre por senderos de bosque, aunque tambi\u00e9n utiliza pistas asilvestradas y un peque\u00f1o tramo de la v\u00eda verde que va de Girona a Olot. Asimismo, utilizaremos algo de asfalto. Predomina el bosque mediterr\u00e1neo de encinares, aunque tambi\u00e9n hallaremos pinares. En lo m\u00e1s alto de la salida, cerca de la Roca del Migdia, tendremos muy buenas vistas mirando hacia el valle del Ll\u00e9mena, hacia la Serra de Finestres y hacia el Far. De hecho, durante unos cuantos centenares de metros, andaremos arrimados a los precipicios de una escarpa o unos acantilados, como queramos llamarlos.<\/p>\n","protected":false},"author":1,"featured_media":23462,"comment_status":"open","ping_status":"open","sticky":false,"template":"","format":"standard","meta":{"footnotes":""},"categories":[45,46,281,34,42,47,60],"tags":[187,98,177,223],"class_list":["post-23458","post","type-post","status-publish","format-standard","has-post-thumbnail","hentry","category-garrotxa","category-girona","category-202-entre-15-y-20-km","category-entre-500-y-1000-metros","category-senderismo","category-circular-tipo-de-recorrido","category-baja-montana-o-tierras-a-media-altitud","tag-fotos-by-eduard","tag-98","tag-eduard","tag-track-en-wikiloc"],"_links":{"self":[{"href":"https:\/\/fotosenderismo.com\/wordpress\/index.php\/wp-json\/wp\/v2\/posts\/23458","targetHints":{"allow":["GET"]}}],"collection":[{"href":"https:\/\/fotosenderismo.com\/wordpress\/index.php\/wp-json\/wp\/v2\/posts"}],"about":[{"href":"https:\/\/fotosenderismo.com\/wordpress\/index.php\/wp-json\/wp\/v2\/types\/post"}],"author":[{"embeddable":true,"href":"https:\/\/fotosenderismo.com\/wordpress\/index.php\/wp-json\/wp\/v2\/users\/1"}],"replies":[{"embeddable":true,"href":"https:\/\/fotosenderismo.com\/wordpress\/index.php\/wp-json\/wp\/v2\/comments?post=23458"}],"version-history":[{"count":1,"href":"https:\/\/fotosenderismo.com\/wordpress\/index.php\/wp-json\/wp\/v2\/posts\/23458\/revisions"}],"predecessor-version":[{"id":23465,"href":"https:\/\/fotosenderismo.com\/wordpress\/index.php\/wp-json\/wp\/v2\/posts\/23458\/revisions\/23465"}],"wp:featuredmedia":[{"embeddable":true,"href":"https:\/\/fotosenderismo.com\/wordpress\/index.php\/wp-json\/wp\/v2\/media\/23462"}],"wp:attachment":[{"href":"https:\/\/fotosenderismo.com\/wordpress\/index.php\/wp-json\/wp\/v2\/media?parent=23458"}],"wp:term":[{"taxonomy":"category","embeddable":true,"href":"https:\/\/fotosenderismo.com\/wordpress\/index.php\/wp-json\/wp\/v2\/categories?post=23458"},{"taxonomy":"post_tag","embeddable":true,"href":"https:\/\/fotosenderismo.com\/wordpress\/index.php\/wp-json\/wp\/v2\/tags?post=23458"}],"curies":[{"name":"wp","href":"https:\/\/api.w.org\/{rel}","templated":true}]}}