{"id":23168,"date":"2024-02-15T21:57:54","date_gmt":"2024-02-15T21:57:54","guid":{"rendered":"https:\/\/fotosenderismo.com\/wordpress\/?p=23168"},"modified":"2024-02-21T18:13:17","modified_gmt":"2024-02-21T18:13:17","slug":"tortella-bac-de-monteia-solei-de-monteia-monteia-coll-de-jou-la-calma-grau-de-la-guilla-montoriol","status":"publish","type":"post","link":"https:\/\/fotosenderismo.com\/wordpress\/index.php\/2024\/02\/15\/tortella-bac-de-monteia-solei-de-monteia-monteia-coll-de-jou-la-calma-grau-de-la-guilla-montoriol\/","title":{"rendered":"Tortell\u00e0, Bac de Monteia, Solei de Monteia, Monteia, Coll de Jou, la Calma, Grau de la Guilla, Montoriol"},"content":{"rendered":"\n<p><\/p>\n\n\n\n<figure class=\"wp-block-image aligncenter size-full\"><a href=\"https:\/\/photos.app.goo.gl\/RXgbWkgbNTuGgLc9A\" target=\"_blank\" rel=\"noreferrer noopener\"><img loading=\"lazy\" decoding=\"async\" width=\"400\" height=\"53\" src=\"https:\/\/fotosenderismo.com\/wordpress\/wp-content\/uploads\/2020\/07\/visualizar-galeria-fotos.jpg\" alt=\"\" class=\"wp-image-19221\" srcset=\"https:\/\/fotosenderismo.com\/wordpress\/wp-content\/uploads\/2020\/07\/visualizar-galeria-fotos.jpg 400w, https:\/\/fotosenderismo.com\/wordpress\/wp-content\/uploads\/2020\/07\/visualizar-galeria-fotos-300x40.jpg 300w\" sizes=\"auto, (max-width: 400px) 100vw, 400px\" \/><\/a><\/figure>\n\n\n\n<p><\/p>\n\n\n\n<figure class=\"wp-block-image size-full\"><a href=\"https:\/\/fotosenderismo.com\/wordpress\/wp-content\/uploads\/2024\/02\/tortella-monteia-jou-calma-datos.jpg\" target=\"_blank\" rel=\"noreferrer noopener\"><img loading=\"lazy\" decoding=\"async\" width=\"1334\" height=\"951\" src=\"https:\/\/fotosenderismo.com\/wordpress\/wp-content\/uploads\/2024\/02\/tortella-monteia-jou-calma-datos.jpg\" alt=\"\" class=\"wp-image-23169\" srcset=\"https:\/\/fotosenderismo.com\/wordpress\/wp-content\/uploads\/2024\/02\/tortella-monteia-jou-calma-datos.jpg 1334w, https:\/\/fotosenderismo.com\/wordpress\/wp-content\/uploads\/2024\/02\/tortella-monteia-jou-calma-datos-300x214.jpg 300w, https:\/\/fotosenderismo.com\/wordpress\/wp-content\/uploads\/2024\/02\/tortella-monteia-jou-calma-datos-1024x730.jpg 1024w, https:\/\/fotosenderismo.com\/wordpress\/wp-content\/uploads\/2024\/02\/tortella-monteia-jou-calma-datos-768x548.jpg 768w, https:\/\/fotosenderismo.com\/wordpress\/wp-content\/uploads\/2024\/02\/tortella-monteia-jou-calma-datos-1320x941.jpg 1320w\" sizes=\"auto, (max-width: 1334px) 100vw, 1334px\" \/><\/a><\/figure>\n\n\n\n<p><\/p>\n\n\n\n<p><\/p>\n\n\n\n<figure class=\"wp-block-image aligncenter size-full\"><a href=\"https:\/\/fotosenderismo.com\/wordpress\/wp-content\/uploads\/2024-02-15- TORTELLA-BAC-MONTEIA--MOTEIA.COLL-JOU-LA CALMA-MONTORIOL.gpx\"><img loading=\"lazy\" decoding=\"async\" width=\"400\" height=\"50\" src=\"https:\/\/fotosenderismo.com\/wordpress\/wp-content\/uploads\/2024\/02\/descargar-track-9.jpg\" alt=\"\" class=\"wp-image-23007\" srcset=\"https:\/\/fotosenderismo.com\/wordpress\/wp-content\/uploads\/2024\/02\/descargar-track-9.jpg 400w, https:\/\/fotosenderismo.com\/wordpress\/wp-content\/uploads\/2024\/02\/descargar-track-9-300x38.jpg 300w\" sizes=\"auto, (max-width: 400px) 100vw, 400px\" \/><\/a><\/figure>\n\n\n\n<p><\/p>\n\n\n\n<p><\/p>\n\n\n\n<p style=\"text-align: justify;\"><span style=\"text-decoration: underline;\"><strong>Salida del 15 de febrero del 2024 a Tortell\u00e0, Monteia, la Calma i Montoriol<\/strong><\/span><br \/><br \/><span style=\"text-decoration: underline;\"><strong>Objetivos<\/strong><\/span><br \/><br \/><strong>El objetivo primordial de esta salida es el de visitar los senderos del Bac y el Solei de Monteia, en el flanco este de la monta\u00f1a de la Calma. Como no pod\u00eda ser de otra manera, tambi\u00e9n ascenderemos a esta cumbre, de 1053 metros de altitud.<\/strong><br \/><br \/><span style=\"text-decoration: underline;\"><strong>Descripci\u00f3n b\u00e1sica del terreno<\/strong><\/span><br \/><br \/><strong>El recorrido discurre, en su mayor parte, por senderos, aunque tambi\u00e9n utiliza tramos de pista asfaltada y pistas de tierra, algunas anchas y cuidadas, otras asilvestradas. Atraviesa bosques de encinares, pero tambi\u00e9n bastantes pinares. Encontraremos, igualmente, robles y otros tipos de frondosas. Andaremos por tramos abruptos y empinados, con numerosos afloramientos de roca calc\u00e1rea. Tendremos magn\u00edficas vistas desde la cumbre de la Calma, aunque tambi\u00e9n mientras bajemos de regreso, antes de alcanzar el Grau (Pujant) de la Guilla y despu\u00e9s desde el Oratori de Sant Jordi.<\/strong><br \/><br \/><span style=\"text-decoration: underline;\"><strong>Desarrollo de la salida<\/strong><\/span><br \/><br \/><strong>Va en direcci\u00f3n antihoraria y empieza en el aparcamiento norte de Tortell\u00e0, enfrente de la casa de la S\u00ednia Nova. Desde all\u00ed tomaremos la carretera en direcci\u00f3n este. Hemos de ir a buscar una pista forestal que encontraremos a 160 metros del aparcamiento. A partir de ese punto, podemos decir que empieza la primera parte de la salida, que va enlazando pistas asilvestradas y senderos. Sobre el kil\u00f3metro 2,19 del recorrido, volveremos a encontrar un tramo asfaltado, que abandonaremos muy pronto para introducirnos en el camino de Can Sobir\u00f3s. Cuando alcancemos la mas\u00eda de Can Sobir\u00f3s empieza la segunda parte de la excursi\u00f3n, ya que nos adentraremos en el sendero del Bac de Monteia. Es muy f\u00e1cil de seguir ya que est\u00e1 bien definido sobre el terreno.<\/strong><br \/><br \/><strong>Sobre el Km. 3,20 daremos con el puente del torrente del Balegar (punto de ruta:Pont), y seguiremos ascendiendo de forma paulatina por el sendero. Esto hasta alcanzar el Km. 5,18. All\u00ed veremos el sendero principal a mano izquierda y una especie de trocha a mano derecha (punto de ruta:desv\u00edo). Debemos tomar esta \u00faltima. Aqu\u00ed entrar\u00edamos en la tercera parte del recorrido. Andaremos por un sendero emboscado y bastante enmara\u00f1ado. El caso es que, aunque se mantiene transitable, acabamos con bastantes ara\u00f1azos en la piel. De todas formas, vale la pena seguirlo porque se trata de una muy buena opci\u00f3n para ascender hasta Monteia sin tener que pasar por la pista. En este sentido, estar\u00eda bien que a medida que fu\u00e9ramos transitando por \u00e9l tambi\u00e9n lo fu\u00e9ramos limpiando para mejorar su accesibilidad. Este tramo enmara\u00f1ado dura algo m\u00e1s de un kil\u00f3metro y medio.<\/strong><br \/><br \/><strong>Sobre el Km. 6,5 cruzaremos el r\u00edo Borr\u00f3, que aqu\u00ed s\u00f3lo es un torrente. Justo enfrente de donde hayamos aparecido, en el lecho del Borr\u00f3, hemos de buscar la continuaci\u00f3n del sendero, que sigue enmara\u00f1ado. Al final, sobre el Km. 6,94, el camino vuelve a quedar expedito, y empieza una ascensi\u00f3n entre bosque mediterr\u00e1neo y por un terreno plagado de afloramientos rocosos calc\u00e1reos. El fin de este tramo est\u00e1 en el camino de Tortell\u00e0 al Bassegoda (Km. 7,65). All\u00ed hemos de marchar en direcci\u00f3n este hasta dar con el camino que asciende hasta el Coll de Jou (Km. 7,90, punto de ruta:Monteia).<\/strong><br \/><br \/><strong>Con esto podemos decir que termina la tercera parte del recorrido y empieza la cuarta, que consiste en la ascensi\u00f3n a la Calma. Primero andaremos por una pista asilvestrada, y luego por un sendero bien dibujado sobre el terreno. Deberemos tener cuidado porque sobre el Km. 8,8 del recorrido hay un desv\u00edo a mano izquierda. Asciende al Coll Sabasa, pero a nosotros nos interesa ir al Coll de Jou, as\u00ed que debemos seguir por el sendero de la izquierda. Sobre el Km. 9,04 del recorrido alcanzaremos el Coll de Jou (punto de ruta:Coll de Jou). Veremos un sendero ascendente y un cartel que indica la ascensi\u00f3n a la Calma. El camino tiene tramos muy empinados, pero es bastante corto, as\u00ed que pronto estaremos en la cumbre (Km. 9,40, punto de ruta:La Calma)<\/strong><br \/><br \/><strong>Alcanzada la cumbre, desde la que hay excelentes vistas a todos los alrededores, empieza la quinta parte del recorrido, que consiste en el descenso hasta Montoriol y el oratorio de Sant Jordi. Primero andaremos por una trocha abrupta, sobre afloramientos rocosos; luego, sobre un sendero suave. Sobre el Km. 9,80, en el Pla de la Calma, deberemos tener cuidado porque el sendero m\u00e1s claro que veremos, a la izquierda, baja a Monteia. Debemos tomar una trocha a mano derecha que es la que desciende a Montoriol.<\/strong><br \/><br \/><strong>Desde aqu\u00ed, empezaremos a deslizarnos monta\u00f1a abajo disfrutando de buenas vistas hacia la zona sur de la Garrotxa. Desmontaremos la pendiente por pedregales hasta que en el Km. 10,8 demos con un sendero amarillo. Lo debemos tomar en direcci\u00f3n este para dar con el Grau de la Guilla, el paso que nos permite acceder a trav\u00e9s de los acantilados de la monta\u00f1a (punto de ruta:Pujant de la Guilla). Pasado el Grau, casi estaremos en Montoriol y el Oratori de Sant Jordi (Km. 11,1, punto de ruta:Montoriol Sant Jordi). En Sant Jordi tambi\u00e9n hay muy buenas vistas porque se tal\u00f3 una parte del bosque enfrente de \u00e9l. Supongo que se hizo precisamente para dotarla de ellas.<\/strong><br \/><br \/><strong>Desde Sant Jordi daremos un poco de marcha atr\u00e1s para ir en busca del sendero que baja a la cantera de Tortell\u00e0. As\u00ed, empezaremos la sexta parte del recorrido, que discurre por un sendero descendente marcado en amarillo y f\u00e1cil de seguir. Al final, alcanzaremos la cantera (Km. 13,1, punto de ruta:Pedrera). Desde all\u00ed se inicia la \u00faltima parte del recorrido. Andaremos por pistas de tierra y pistas asfaltadas en direcci\u00f3n sur hasta alcanzar el aparcamiento desde el cual hab\u00edamos iniciado la salida.<\/strong><br \/><br \/><span style=\"text-decoration: underline;\"><strong>Dificultades<\/strong><\/span><br \/><br \/><strong>El sendero del Bac y el Solei de Monteia, aunque transitables, tienen un tramo de m\u00e1s de un kil\u00f3metro enmara\u00f1ado con maleza. Adem\u00e1s, encontraremos alg\u00fan punto dif\u00edcil de rastrear, as\u00ed que debemos estar atentos al track y al terreno. El Grau de la Guilla apenas tiene dificultad. He catalogado la salida de dif\u00edcil por causa del largo tramo con maleza.<\/strong><br \/><br \/><span style=\"text-decoration: underline;\"><strong>Observaciones<\/strong><\/span><br \/><br \/><strong>Las distancias a las que se refiere este texto son orientativas, ya que pueden cambiar en cada dispositivo GPS.<\/strong><br \/><br \/><span style=\"text-decoration: underline;\"><strong>Consideraciones t\u00e9cnicas<\/strong><\/span><br \/><br \/><strong>El track se ha grabado con en un Redmi Note 11. Solo se ha editado con QMapShack para borrar alg\u00fan peque\u00f1o tramo en el que nos hab\u00edamos equivocado.<\/strong><br \/><br \/><br \/><br \/><span style=\"text-decoration: underline;\"><strong>Datos seg\u00fan Oruxmaps de track sin depurar<\/strong><\/span><br \/><strong>Tipo: Senderismo<\/strong><br \/><strong>Hora Inicio: 8:31 15 feb 2024<\/strong><br \/><strong>Hora Fin: 14:38 15 feb 2024<\/strong><br \/><strong>Distancia: 15,3 km (06:06)<\/strong><br \/><strong>Tiempo en movimiento: 05:00<\/strong><br \/><strong>Velocidad media: 2,50 km\/h<\/strong><br \/><strong>Vel. en Mov.: 3,06 km\/h<\/strong><br \/><strong>Velocidad M\u00e1xima: 7,27 km\/h<\/strong><br \/><strong>Altura M\u00ednima: 271 m<\/strong><br \/><strong>Altura M\u00e1xima: 1047 m<\/strong><br \/><strong>Velocidad Ascenso: 333,0 m\/h<\/strong><br \/><strong>Velocidad descenso: 388,8 m\/h<\/strong><br \/><strong>Ganancia elevaci\u00f3n: 845 m<\/strong><br \/><strong>P\u00e9rdida elevaci\u00f3n: 879 m<\/strong><br \/><strong>Tiempo Ascenso: 02:32<\/strong><br \/><strong>Tiempo bajando: 02:15<\/strong><\/p>\n\n\n\n<p><\/p>\n\n\n\n<figure class=\"wp-block-image size-full\"><a href=\"https:\/\/fotosenderismo.com\/wordpress\/wp-content\/uploads\/2024\/02\/tortella-monteia-jou-calma-mapa.jpg\" target=\"_blank\" rel=\"noreferrer noopener\"><img loading=\"lazy\" decoding=\"async\" width=\"1925\" height=\"2409\" src=\"https:\/\/fotosenderismo.com\/wordpress\/wp-content\/uploads\/2024\/02\/tortella-monteia-jou-calma-mapa.jpg\" alt=\"\" class=\"wp-image-23173\" srcset=\"https:\/\/fotosenderismo.com\/wordpress\/wp-content\/uploads\/2024\/02\/tortella-monteia-jou-calma-mapa.jpg 1925w, https:\/\/fotosenderismo.com\/wordpress\/wp-content\/uploads\/2024\/02\/tortella-monteia-jou-calma-mapa-240x300.jpg 240w, https:\/\/fotosenderismo.com\/wordpress\/wp-content\/uploads\/2024\/02\/tortella-monteia-jou-calma-mapa-818x1024.jpg 818w, https:\/\/fotosenderismo.com\/wordpress\/wp-content\/uploads\/2024\/02\/tortella-monteia-jou-calma-mapa-768x961.jpg 768w, https:\/\/fotosenderismo.com\/wordpress\/wp-content\/uploads\/2024\/02\/tortella-monteia-jou-calma-mapa-1227x1536.jpg 1227w, https:\/\/fotosenderismo.com\/wordpress\/wp-content\/uploads\/2024\/02\/tortella-monteia-jou-calma-mapa-1637x2048.jpg 1637w, https:\/\/fotosenderismo.com\/wordpress\/wp-content\/uploads\/2024\/02\/tortella-monteia-jou-calma-mapa-1024x1281.jpg 1024w, https:\/\/fotosenderismo.com\/wordpress\/wp-content\/uploads\/2024\/02\/tortella-monteia-jou-calma-mapa-1320x1652.jpg 1320w\" sizes=\"auto, (max-width: 1925px) 100vw, 1925px\" \/><\/a><\/figure>\n\n\n\n<p><\/p>\n\n\n\n<figure class=\"wp-block-image size-full\"><a href=\"https:\/\/fotosenderismo.com\/wordpress\/wp-content\/uploads\/2024\/02\/tortella-monteia-jou-calma-mapa-general.jpg\" target=\"_blank\" rel=\"noreferrer noopener\"><img loading=\"lazy\" decoding=\"async\" width=\"1920\" height=\"1080\" src=\"https:\/\/fotosenderismo.com\/wordpress\/wp-content\/uploads\/2024\/02\/tortella-monteia-jou-calma-mapa-general.jpg\" alt=\"\" class=\"wp-image-23172\" srcset=\"https:\/\/fotosenderismo.com\/wordpress\/wp-content\/uploads\/2024\/02\/tortella-monteia-jou-calma-mapa-general.jpg 1920w, https:\/\/fotosenderismo.com\/wordpress\/wp-content\/uploads\/2024\/02\/tortella-monteia-jou-calma-mapa-general-300x169.jpg 300w, https:\/\/fotosenderismo.com\/wordpress\/wp-content\/uploads\/2024\/02\/tortella-monteia-jou-calma-mapa-general-1024x576.jpg 1024w, https:\/\/fotosenderismo.com\/wordpress\/wp-content\/uploads\/2024\/02\/tortella-monteia-jou-calma-mapa-general-768x432.jpg 768w, https:\/\/fotosenderismo.com\/wordpress\/wp-content\/uploads\/2024\/02\/tortella-monteia-jou-calma-mapa-general-1536x864.jpg 1536w, https:\/\/fotosenderismo.com\/wordpress\/wp-content\/uploads\/2024\/02\/tortella-monteia-jou-calma-mapa-general-1280x720.jpg 1280w, https:\/\/fotosenderismo.com\/wordpress\/wp-content\/uploads\/2024\/02\/tortella-monteia-jou-calma-mapa-general-1320x743.jpg 1320w\" sizes=\"auto, (max-width: 1920px) 100vw, 1920px\" \/><\/a><\/figure>\n\n\n\n<p><\/p>\n\n\n\n<iframe loading=\"lazy\" frameBorder=\"0\" scrolling=\"no\" src=\"https:\/\/es.wikiloc.com\/wikiloc\/embedv2.do?id=161214386&#038;elevation=on&#038;images=on&#038;maptype=H\" width=\"1000\" height=\"1000\"><\/iframe><div style=\"color:#777;font-size:11px;line-height:16px;\">Powered by&nbsp;<a style=\"color:#4C8C2B;font-size:11px;line-height:16px;\" target=\"_blank\" href=\"https:\/\/es.wikiloc.com\" rel=\"noopener\">Wikiloc<\/a><\/div>\n\n\n\n<p><\/p>\n\n\n\n<figure class=\"wp-block-image size-full\"><a href=\"https:\/\/fotosenderismo.com\/wordpress\/wp-content\/uploads\/2024\/02\/tortella-monteia-jou-calma-earth-1.jpg\" target=\"_blank\" rel=\"noreferrer noopener\"><img loading=\"lazy\" decoding=\"async\" width=\"1920\" height=\"962\" src=\"https:\/\/fotosenderismo.com\/wordpress\/wp-content\/uploads\/2024\/02\/tortella-monteia-jou-calma-earth-1.jpg\" alt=\"\" class=\"wp-image-23170\" srcset=\"https:\/\/fotosenderismo.com\/wordpress\/wp-content\/uploads\/2024\/02\/tortella-monteia-jou-calma-earth-1.jpg 1920w, https:\/\/fotosenderismo.com\/wordpress\/wp-content\/uploads\/2024\/02\/tortella-monteia-jou-calma-earth-1-300x150.jpg 300w, https:\/\/fotosenderismo.com\/wordpress\/wp-content\/uploads\/2024\/02\/tortella-monteia-jou-calma-earth-1-1024x513.jpg 1024w, https:\/\/fotosenderismo.com\/wordpress\/wp-content\/uploads\/2024\/02\/tortella-monteia-jou-calma-earth-1-768x385.jpg 768w, https:\/\/fotosenderismo.com\/wordpress\/wp-content\/uploads\/2024\/02\/tortella-monteia-jou-calma-earth-1-1536x770.jpg 1536w, https:\/\/fotosenderismo.com\/wordpress\/wp-content\/uploads\/2024\/02\/tortella-monteia-jou-calma-earth-1-1320x661.jpg 1320w\" sizes=\"auto, (max-width: 1920px) 100vw, 1920px\" \/><\/a><\/figure>\n\n\n\n<p><\/p>\n\n\n\n<figure class=\"wp-block-image size-full\"><a href=\"https:\/\/fotosenderismo.com\/wordpress\/wp-content\/uploads\/2024\/02\/tortella-monteia-jou-calma-earth-2.jpg\" target=\"_blank\" rel=\"noreferrer noopener\"><img loading=\"lazy\" decoding=\"async\" width=\"1920\" height=\"962\" src=\"https:\/\/fotosenderismo.com\/wordpress\/wp-content\/uploads\/2024\/02\/tortella-monteia-jou-calma-earth-2.jpg\" alt=\"\" class=\"wp-image-23171\" srcset=\"https:\/\/fotosenderismo.com\/wordpress\/wp-content\/uploads\/2024\/02\/tortella-monteia-jou-calma-earth-2.jpg 1920w, https:\/\/fotosenderismo.com\/wordpress\/wp-content\/uploads\/2024\/02\/tortella-monteia-jou-calma-earth-2-300x150.jpg 300w, https:\/\/fotosenderismo.com\/wordpress\/wp-content\/uploads\/2024\/02\/tortella-monteia-jou-calma-earth-2-1024x513.jpg 1024w, https:\/\/fotosenderismo.com\/wordpress\/wp-content\/uploads\/2024\/02\/tortella-monteia-jou-calma-earth-2-768x385.jpg 768w, https:\/\/fotosenderismo.com\/wordpress\/wp-content\/uploads\/2024\/02\/tortella-monteia-jou-calma-earth-2-1536x770.jpg 1536w, https:\/\/fotosenderismo.com\/wordpress\/wp-content\/uploads\/2024\/02\/tortella-monteia-jou-calma-earth-2-1320x661.jpg 1320w\" sizes=\"auto, (max-width: 1920px) 100vw, 1920px\" \/><\/a><\/figure>\n\n\n\n<p><\/p>\n\n\n\n<figure class=\"wp-block-image size-full\"><a href=\"https:\/\/fotosenderismo.com\/wordpress\/wp-content\/uploads\/2024\/02\/tortella-monteia-jou-calma-perfil.jpg\" target=\"_blank\" rel=\"noreferrer noopener\"><img loading=\"lazy\" decoding=\"async\" width=\"1913\" height=\"593\" src=\"https:\/\/fotosenderismo.com\/wordpress\/wp-content\/uploads\/2024\/02\/tortella-monteia-jou-calma-perfil.jpg\" alt=\"\" class=\"wp-image-23174\" srcset=\"https:\/\/fotosenderismo.com\/wordpress\/wp-content\/uploads\/2024\/02\/tortella-monteia-jou-calma-perfil.jpg 1913w, https:\/\/fotosenderismo.com\/wordpress\/wp-content\/uploads\/2024\/02\/tortella-monteia-jou-calma-perfil-300x93.jpg 300w, https:\/\/fotosenderismo.com\/wordpress\/wp-content\/uploads\/2024\/02\/tortella-monteia-jou-calma-perfil-1024x317.jpg 1024w, https:\/\/fotosenderismo.com\/wordpress\/wp-content\/uploads\/2024\/02\/tortella-monteia-jou-calma-perfil-768x238.jpg 768w, https:\/\/fotosenderismo.com\/wordpress\/wp-content\/uploads\/2024\/02\/tortella-monteia-jou-calma-perfil-1536x476.jpg 1536w, https:\/\/fotosenderismo.com\/wordpress\/wp-content\/uploads\/2024\/02\/tortella-monteia-jou-calma-perfil-1320x409.jpg 1320w\" sizes=\"auto, (max-width: 1913px) 100vw, 1913px\" \/><\/a><\/figure>\n\n\n\n<p><\/p>\n\n\n\n<figure class=\"wp-block-image aligncenter size-full\"><img loading=\"lazy\" decoding=\"async\" width=\"419\" height=\"55\" src=\"https:\/\/fotosenderismo.com\/wordpress\/wp-content\/uploads\/2022\/02\/relacionadas-2.jpg\" alt=\"\" class=\"wp-image-21094\" srcset=\"https:\/\/fotosenderismo.com\/wordpress\/wp-content\/uploads\/2022\/02\/relacionadas-2.jpg 419w, https:\/\/fotosenderismo.com\/wordpress\/wp-content\/uploads\/2022\/02\/relacionadas-2-300x39.jpg 300w\" sizes=\"auto, (max-width: 419px) 100vw, 419px\" \/><\/figure>\n\n\n\n<p><\/p>\n\n\n\n<figure class=\"wp-block-embed aligncenter is-type-wp-embed is-provider-fotosenderismo-com wp-block-embed-fotosenderismo-com\"><div class=\"wp-block-embed__wrapper\">\n<blockquote class=\"wp-embedded-content\" data-secret=\"iaOeSzy7D3\"><a href=\"https:\/\/fotosenderismo.com\/wordpress\/index.php\/2021\/05\/07\/tortella-montoriol-monteia-sant-miquel-la-calma-1050-m-sender-del-valencia\/\">Tortell\u00e0, Montoriol, Monteia, Sant Miquel, la Calma (1050 m), sender del Valenci\u00e0<\/a><\/blockquote><iframe loading=\"lazy\" class=\"wp-embedded-content\" sandbox=\"allow-scripts\" security=\"restricted\" style=\"position: absolute; clip: rect(1px, 1px, 1px, 1px);\" title=\"\u00abTortell\u00e0, Montoriol, Monteia, Sant Miquel, la Calma (1050 m), sender del Valenci\u00e0\u00bb \u2014 FOTOSENDERISMO.COM\" src=\"https:\/\/fotosenderismo.com\/wordpress\/index.php\/2021\/05\/07\/tortella-montoriol-monteia-sant-miquel-la-calma-1050-m-sender-del-valencia\/embed\/#?secret=YYRwXJ7wZS#?secret=iaOeSzy7D3\" data-secret=\"iaOeSzy7D3\" width=\"600\" height=\"338\" frameborder=\"0\" marginwidth=\"0\" marginheight=\"0\" scrolling=\"no\"><\/iframe>\n<\/div><\/figure>\n\n\n\n<figure class=\"wp-block-embed aligncenter is-type-wp-embed is-provider-fotosenderismo-com wp-block-embed-fotosenderismo-com\"><div class=\"wp-block-embed__wrapper\">\n<blockquote class=\"wp-embedded-content\" data-secret=\"H8d4ylx12w\"><a href=\"https:\/\/fotosenderismo.com\/wordpress\/index.php\/2021\/02\/26\/pont-del-llierca-sant-grau-dentreperes-la-calma-1057-m-montsiposit\/\">Pont del LLierca, Sant Grau d&#8217;Entreperes, La Calma (1057 m.) Montsip\u00f2sit<\/a><\/blockquote><iframe loading=\"lazy\" class=\"wp-embedded-content\" sandbox=\"allow-scripts\" security=\"restricted\" style=\"position: absolute; clip: rect(1px, 1px, 1px, 1px);\" title=\"\u00abPont del LLierca, Sant Grau d&#8217;Entreperes, La Calma (1057 m.) Montsip\u00f2sit\u00bb \u2014 FOTOSENDERISMO.COM\" src=\"https:\/\/fotosenderismo.com\/wordpress\/index.php\/2021\/02\/26\/pont-del-llierca-sant-grau-dentreperes-la-calma-1057-m-montsiposit\/embed\/#?secret=4ZHcVS4JTD#?secret=H8d4ylx12w\" data-secret=\"H8d4ylx12w\" width=\"600\" height=\"338\" frameborder=\"0\" marginwidth=\"0\" marginheight=\"0\" scrolling=\"no\"><\/iframe>\n<\/div><\/figure>\n\n\n\n<figure class=\"wp-block-embed aligncenter is-type-wp-embed is-provider-fotosenderismo-com wp-block-embed-fotosenderismo-com\"><div class=\"wp-block-embed__wrapper\">\n<blockquote class=\"wp-embedded-content\" data-secret=\"Kmrul9xjJb\"><a href=\"https:\/\/fotosenderismo.com\/wordpress\/index.php\/2012\/04\/25\/ascenso-y-circular-al-pic-de-la-calma-1048-m\/\">Ascenso y circular al pic de la Calma (1048 m.)<\/a><\/blockquote><iframe loading=\"lazy\" class=\"wp-embedded-content\" sandbox=\"allow-scripts\" security=\"restricted\" style=\"position: absolute; clip: rect(1px, 1px, 1px, 1px);\" title=\"\u00abAscenso y circular al pic de la Calma (1048 m.)\u00bb \u2014 FOTOSENDERISMO.COM\" src=\"https:\/\/fotosenderismo.com\/wordpress\/index.php\/2012\/04\/25\/ascenso-y-circular-al-pic-de-la-calma-1048-m\/embed\/#?secret=oJvQIk5g3l#?secret=Kmrul9xjJb\" data-secret=\"Kmrul9xjJb\" width=\"600\" height=\"338\" frameborder=\"0\" marginwidth=\"0\" marginheight=\"0\" scrolling=\"no\"><\/iframe>\n<\/div><\/figure>\n","protected":false},"excerpt":{"rendered":"<p>El objetivo primordial de esta salida es el de visitar los senderos del Bac y el Solei de Monteia, en el flanco este de la monta\u00f1a de la Calma. Como no pod\u00eda ser de otra manera, tambi\u00e9n ascenderemos a esta cumbre, de 1053 metros de altitud. El recorrido discurre, en su mayor parte, por senderos, aunque tambi\u00e9n utiliza tramos de pista asfaltada y pistas de tierra, algunas anchas y cuidadas, otras asilvestradas. Atraviesa bosques de encinares, pero tambi\u00e9n bastantes pinares. Encontraremos, igualmente, robles y otros tipos de frondosas. Andaremos por tramos abruptos y empinados, con numerosos afloramientos de roca calc\u00e1rea. Tendremos magn\u00edficas vistas desde la cumbre de la Calma, aunque tambi\u00e9n mientras bajemos de regreso, antes de alcanzar el Grau (Pujant) de la Guilla y despu\u00e9s desde el Oratori de Sant Jordi.<\/p>\n","protected":false},"author":1,"featured_media":23175,"comment_status":"open","ping_status":"open","sticky":false,"template":"","format":"standard","meta":{"footnotes":""},"categories":[45,46,49,280,34,42,47,48],"tags":[187,98,177,223],"class_list":["post-23168","post","type-post","status-publish","format-standard","has-post-thumbnail","hentry","category-garrotxa","category-girona","category-alta-garrotxa","category-202-entre-10-y-15-km","category-entre-500-y-1000-metros","category-senderismo","category-circular-tipo-de-recorrido","category-media-montana-o-terrenos-altos","tag-fotos-by-eduard","tag-98","tag-eduard","tag-track-en-wikiloc"],"_links":{"self":[{"href":"https:\/\/fotosenderismo.com\/wordpress\/index.php\/wp-json\/wp\/v2\/posts\/23168","targetHints":{"allow":["GET"]}}],"collection":[{"href":"https:\/\/fotosenderismo.com\/wordpress\/index.php\/wp-json\/wp\/v2\/posts"}],"about":[{"href":"https:\/\/fotosenderismo.com\/wordpress\/index.php\/wp-json\/wp\/v2\/types\/post"}],"author":[{"embeddable":true,"href":"https:\/\/fotosenderismo.com\/wordpress\/index.php\/wp-json\/wp\/v2\/users\/1"}],"replies":[{"embeddable":true,"href":"https:\/\/fotosenderismo.com\/wordpress\/index.php\/wp-json\/wp\/v2\/comments?post=23168"}],"version-history":[{"count":3,"href":"https:\/\/fotosenderismo.com\/wordpress\/index.php\/wp-json\/wp\/v2\/posts\/23168\/revisions"}],"predecessor-version":[{"id":23179,"href":"https:\/\/fotosenderismo.com\/wordpress\/index.php\/wp-json\/wp\/v2\/posts\/23168\/revisions\/23179"}],"wp:featuredmedia":[{"embeddable":true,"href":"https:\/\/fotosenderismo.com\/wordpress\/index.php\/wp-json\/wp\/v2\/media\/23175"}],"wp:attachment":[{"href":"https:\/\/fotosenderismo.com\/wordpress\/index.php\/wp-json\/wp\/v2\/media?parent=23168"}],"wp:term":[{"taxonomy":"category","embeddable":true,"href":"https:\/\/fotosenderismo.com\/wordpress\/index.php\/wp-json\/wp\/v2\/categories?post=23168"},{"taxonomy":"post_tag","embeddable":true,"href":"https:\/\/fotosenderismo.com\/wordpress\/index.php\/wp-json\/wp\/v2\/tags?post=23168"}],"curies":[{"name":"wp","href":"https:\/\/api.w.org\/{rel}","templated":true}]}}