{"id":21811,"date":"2024-01-25T16:14:22","date_gmt":"2024-01-25T16:14:22","guid":{"rendered":"https:\/\/fotosenderismo.com\/wordpress\/?p=21811"},"modified":"2024-02-13T23:08:57","modified_gmt":"2024-02-13T23:08:57","slug":"oix-sender-bac-del-forn-toralles-sender-del-quer-serra-del-toix","status":"publish","type":"post","link":"https:\/\/fotosenderismo.com\/wordpress\/index.php\/2024\/01\/25\/oix-sender-bac-del-forn-toralles-sender-del-quer-serra-del-toix\/","title":{"rendered":"Oix, Sender Bac del Forn, Toralles, Sender del Quer, Serra del Toix"},"content":{"rendered":"\n<p><\/p>\n\n\n\n<figure class=\"wp-block-image aligncenter size-full\"><a href=\"https:\/\/photos.app.goo.gl\/W1JfejmzwhJ5Cxhx7\" target=\"_blank\" rel=\"noreferrer noopener\"><img loading=\"lazy\" decoding=\"async\" width=\"400\" height=\"53\" src=\"https:\/\/fotosenderismo.com\/wordpress\/wp-content\/uploads\/2020\/07\/visualizar-galeria-fotos.jpg\" alt=\"\" class=\"wp-image-19221\" srcset=\"https:\/\/fotosenderismo.com\/wordpress\/wp-content\/uploads\/2020\/07\/visualizar-galeria-fotos.jpg 400w, https:\/\/fotosenderismo.com\/wordpress\/wp-content\/uploads\/2020\/07\/visualizar-galeria-fotos-300x40.jpg 300w\" sizes=\"auto, (max-width: 400px) 100vw, 400px\" \/><\/a><\/figure>\n\n\n\n<p><\/p>\n\n\n\n<figure data-wp-context=\"{&quot;imageId&quot;:&quot;69ee760c1d650&quot;}\" data-wp-interactive=\"core\/image\" data-wp-key=\"69ee760c1d650\" class=\"wp-block-image size-full wp-lightbox-container\"><img loading=\"lazy\" decoding=\"async\" width=\"1339\" height=\"951\" data-wp-class--hide=\"state.isContentHidden\" data-wp-class--show=\"state.isContentVisible\" data-wp-init=\"callbacks.setButtonStyles\" data-wp-on--click=\"actions.showLightbox\" data-wp-on--load=\"callbacks.setButtonStyles\" data-wp-on-window--resize=\"callbacks.setButtonStyles\" src=\"https:\/\/fotosenderismo.com\/wordpress\/wp-content\/uploads\/2024\/01\/OIX-BAC-MONTMAJOR-VALL-BAC-TORALLES-SERRA-TOIX-DATOS.jpg\" alt=\"\" class=\"wp-image-21812\" srcset=\"https:\/\/fotosenderismo.com\/wordpress\/wp-content\/uploads\/2024\/01\/OIX-BAC-MONTMAJOR-VALL-BAC-TORALLES-SERRA-TOIX-DATOS.jpg 1339w, https:\/\/fotosenderismo.com\/wordpress\/wp-content\/uploads\/2024\/01\/OIX-BAC-MONTMAJOR-VALL-BAC-TORALLES-SERRA-TOIX-DATOS-300x213.jpg 300w, https:\/\/fotosenderismo.com\/wordpress\/wp-content\/uploads\/2024\/01\/OIX-BAC-MONTMAJOR-VALL-BAC-TORALLES-SERRA-TOIX-DATOS-1024x727.jpg 1024w, https:\/\/fotosenderismo.com\/wordpress\/wp-content\/uploads\/2024\/01\/OIX-BAC-MONTMAJOR-VALL-BAC-TORALLES-SERRA-TOIX-DATOS-768x545.jpg 768w, https:\/\/fotosenderismo.com\/wordpress\/wp-content\/uploads\/2024\/01\/OIX-BAC-MONTMAJOR-VALL-BAC-TORALLES-SERRA-TOIX-DATOS-1320x938.jpg 1320w\" sizes=\"auto, (max-width: 1339px) 100vw, 1339px\" \/><button\n\t\t\tclass=\"lightbox-trigger\"\n\t\t\ttype=\"button\"\n\t\t\taria-haspopup=\"dialog\"\n\t\t\taria-label=\"Agrandar\"\n\t\t\tdata-wp-init=\"callbacks.initTriggerButton\"\n\t\t\tdata-wp-on--click=\"actions.showLightbox\"\n\t\t\tdata-wp-style--right=\"state.imageButtonRight\"\n\t\t\tdata-wp-style--top=\"state.imageButtonTop\"\n\t\t>\n\t\t\t<svg xmlns=\"http:\/\/www.w3.org\/2000\/svg\" width=\"12\" height=\"12\" fill=\"none\" viewBox=\"0 0 12 12\">\n\t\t\t\t<path fill=\"#fff\" d=\"M2 0a2 2 0 0 0-2 2v2h1.5V2a.5.5 0 0 1 .5-.5h2V0H2Zm2 10.5H2a.5.5 0 0 1-.5-.5V8H0v2a2 2 0 0 0 2 2h2v-1.5ZM8 12v-1.5h2a.5.5 0 0 0 .5-.5V8H12v2a2 2 0 0 1-2 2H8Zm2-12a2 2 0 0 1 2 2v2h-1.5V2a.5.5 0 0 0-.5-.5H8V0h2Z\" \/>\n\t\t\t<\/svg>\n\t\t<\/button><\/figure>\n\n\n\n<p><\/p>\n\n\n\n<figure class=\"wp-block-image aligncenter size-full\"><a href=\"https:\/\/fotosenderismo.com\/wordpress\/wp-content\/uploads\/2024-01-25-OIX-SENDER-DEL-QUER-TORALLES-SERRA-DEL-TOIX.gpx\"><img loading=\"lazy\" decoding=\"async\" width=\"400\" height=\"50\" src=\"https:\/\/fotosenderismo.com\/wordpress\/wp-content\/uploads\/2020\/07\/descargar-track.jpg\" alt=\"\" class=\"wp-image-19227\" srcset=\"https:\/\/fotosenderismo.com\/wordpress\/wp-content\/uploads\/2020\/07\/descargar-track.jpg 400w, https:\/\/fotosenderismo.com\/wordpress\/wp-content\/uploads\/2020\/07\/descargar-track-300x38.jpg 300w\" sizes=\"auto, (max-width: 400px) 100vw, 400px\" \/><\/a><\/figure>\n\n\n\n<p><\/p>\n\n\n\n<div class=\"description dont-break-out \" style=\"text-align: justify;\"><strong>Salida del 25 de enero del 2024 a Oix, Cerca de Castellfollit de la Roca<\/strong><br \/><br \/><strong>Objetivos<\/strong><br \/><br \/><strong>El objetivo principal de esta salida es el de visitar el sendero del Quer, que se desliza por las caras norte y oeste del Montmajor, entre el Coll de la Bassa y la mas\u00eda de la Coromina, en la Vall d\u2019en Bac. Tambi\u00e9n visitaremos el sendero del Bac del Forn, en la cara norte del Montpetit, y la Serra del Toix.<\/strong><br \/><br \/><strong>Descripci\u00f3n del terreno<\/strong><br \/><br \/><strong>El recorrido discurre por pistas de tierra, algo de pista asfaltada, senderos abruptos y pedregosos, y senderos marcados en amarillo (de peque\u00f1o recorrido) y en blanco y rojo (de gran recorrido GR) Atravesaremos encinares, robledales, pinares y hayedos. Tendremos muy buenas vistas a la Alta Garrotxa, singularmente al Ferran, al Bassegoda, los Cingles de Freixenet, etc. Mirando al sur, veremos muchas de las cadenas monta\u00f1osas que circundan la Garrotxa, como la Cabrera, el Puigsacalm, el Far, Finestres, el Malforat, etc. En general, ante nosotros se presentar\u00e1 un bosque inmenso en el que apenas podremos ver n\u00facleo urbano alguno, s\u00f3lo alguna casa muy dispersa. Cabe destacar que la Serra del Toix no s\u00f3lo se caracteriza por hacernos disfrutar de un sendero suave y emboscado, sino que se trata de un paraje singular en tanto que all\u00ed se produjo una brutal y sangrienta batalla entre carlistas y liberales, en el a\u00f1o 1874. Los liberales fueron emboscados y masacrados.<\/strong><br \/><br \/><strong>Desarrollo de la Salida<\/strong><br \/><br \/><strong>Va en direcci\u00f3n antihoraria y empieza en Oix, una localidad encajonada entre El Bestrac\u00e0, Santa B\u00e0rbara de Puneres, la Serra del Toix y el Montpetit. Desde all\u00ed empezaremos a caminar por la pista asfaltada que va al cementerio. A partir del cementerio, y despu\u00e9s de cruzar la riera d\u2019Oix, el asfalto se convierte en tierra y empezaremos a remontar la pendiente cruzando un camping y m\u00e1s tarde una puerta met\u00e1lica que debemos dejar cerrada. All\u00ed se nos advierte que hay que llevar los perros atados si es que vienen con nosotros.<\/strong><br \/><br \/><strong>Estaremos subiendo por sendero amarillo, pero sobre el Km. 2,4 lo deberemos abandonar para ir en busca del inicio del sendero del Bac del Forn (Km. 2,51, con punto de ruta). Veremos otra puerta met\u00e1lica que tambi\u00e9n debemos cerrar. La primera vez que pas\u00e9 por este sendero, el camino estaba emboscado y lleno de mara\u00f1a, pero hay que decir que cada vez que vengo lo encuentro m\u00e1s transitable. As\u00ed, avanzando a trav\u00e9s de un bosque mediterr\u00e1neo de cierta densidad, iremos ascendiendo paulatinamente hasta Toralles (Km.4,45, punto de ruta).<\/strong><br \/><br \/><strong>Nada m\u00e1s llegar a Toralles veremos una valla de madera. La debemos rodear por el oeste para ir en busca del inicio del sendero que asciende al Montmajor (Km. 4,53, punto de ruta). Desde este \u00faltimo punto, comenzaremos a remontar la pendiente pasando por las ruinas de la Costa (Km. 5,08). Algo m\u00e1s adelante, sobre el Km. 5,35, daremos un quiebro en direcci\u00f3n este para luego ir derivando en direcci\u00f3n norte, siempre por un terreno empedrado y correoso. Al final, daremos con el Coll de la Bassa, a 979 metros de altitud (Km. 6,27, punto de ruta). All\u00ed hay excelentes vistas.<\/strong><br \/><br \/><strong>I tambi\u00e9n empieza el sendero del Quer. No es f\u00e1cil de encontrar, pero si confiamos en el track daremos con \u00e9l. No est\u00e1 muy bien definido sobre el terreno, pero se puede seguir si prestamos atenci\u00f3n al mismo. Va descendiendo lentamente por los flancos norte y oeste del Montmajor. Atraviesa hayedos en su parte m\u00e1s alta, y bosque mediterr\u00e1neo m\u00e1s abajo. En todo caso, se puede decir que se trata de otra trocha pedregosa que atraviesa alg\u00fan canchal y que, sin embargo, disfrutaremos si nos gustan los caminos emboscados y secretos de la naturaleza. Al final, alcanzaremos los pies de la Coromina y la Vall d\u2019en Bac, en una pista, tras remontar una peque\u00f1a trocha (Km. 8,94, punto de ruta).<\/strong><br \/><br \/><strong>El paso siguiente es el de acercase por la pista hasta el GR 1 (Km. 9,38, punto de ruta). Ahora empezaremos, nuevamente, a ascender por un camino tortuoso y pedregoso, aunque muy claro y f\u00e1cil de seguir. Sobre el Km. 10,4 alcanzaremos el Coll de Toralloles, y s\u00f3lo nos queda remontar una pendiente suave a trav\u00e9s de bosque mediterr\u00e1neo de solana hasta el oratorio de Sant Isidre (Km. 11,3, punto de ruta).<\/strong><br \/><br \/><strong>Despu\u00e9s bajaremos hasta Toralles (en Toralles est\u00e1 la ermita de Sant Mart\u00ed) e inmediatamente iremos en busca de la pista que va de Toralles a Camporiol. Por la pista daremos con un mirador, con banco para sentarse incluido (Km. 12,9, punto de ruta). Podemos entretenernos all\u00ed un rato, pero luego se ha de seguir hasta el Coll Sapell (Km. 13,7). Desde este punto ya podr\u00edamos bajar directamente a Oix, pero nosotros seguimos por la pista hasta el Km 14, d\u00f3nde veremos el sendero, bastante amplio, de la Serra del Toix.<\/strong><br \/><br \/><strong>No pens\u00e9 en poner punto de ruta en el inicio del camino del Toix, pero se ve f\u00e1cilmente a la izquierda de la pista. Remonta la sierra sin imponernos grandes pendientes hasta el Km. 15,1 del recorrido. All\u00ed, he puesto un punto de ruta para marcar la parte m\u00e1s alta de esta sierra. Despu\u00e9s, descenderemos disfrutando de buenas vistas, hasta el Km. 15,9 del recorrido, donde quebraremos en direcci\u00f3n noroeste para ir de nuevo en busca del camino de Toralles a Camporiol. Lo alcanzaremos en el Km. 16,8, pero s\u00f3lo lo seguiremos durante 200 metros, porque lo abandonaremos para introducirnos en el camino de la Pineda (hay una puerta que debemos dejar cerrada).<\/strong><br \/><br \/><strong>Siguiendo por esta nueva pista, alcanzaremos otra puerta que tambi\u00e9n debemos cerrar, y sobre el Km. 18,3 daremos con el sendero amarillo que viene de Oix. Nos servir\u00e1 de gu\u00eda, as\u00ed que lo debemos seguir para volver al punto de inicio, siguiendo, en direcci\u00f3n contraria, las pistas por las que antes, al comenzar la salida, hab\u00edamos subido. De esta manera, volveremos al camping, al cementerio y a Oix, despu\u00e9s de haber andado 20,5 km y haber acumulado 968 metros positivos<\/strong><br \/><br \/><strong>Observaciones<\/strong><br \/><br \/><strong>Las distancias de las que se habla en este texto son aproximativas, ya que cada aparato GPS puede diferir en las mediciones.<\/strong><br \/><br \/><strong>Dificultades<\/strong><br \/><br \/><strong>Caminos abruptos y tramos de camino con ciertas dificultades de rastreo<\/strong><br \/><br \/><strong>Consideraciones t\u00e9cnicas<\/strong><br \/><br \/><strong>El track se ha grabado con en un Redmi Note 11. No se ha editado porque no nos equivocamos en ninguna parte del trayecto, as\u00ed que no se ha tenido que borrar ning\u00fan segmento. S\u00f3lo lo hemos procesado con QmapShack para poner nombre a los puntos de ruta.<\/strong><br \/><br \/><strong>Fotos:<\/strong><br \/><strong>https:\/\/photos.app.goo.gl\/W1JfejmzwhJ5Cxhx7<\/strong><br \/><br \/><br \/><strong>Datos de OruxMaps<\/strong><br \/><br \/>\n<p style=\"text-align: justify;\"><strong>Tipo: Senderismo<\/strong><br \/><strong>Hora Inicio: 8:32 25 ene 2024<\/strong><br \/><strong>Hora Fin: 15:48 25 ene 2024<\/strong><br \/><strong>Distancia: 20,5 km (07:15)<\/strong><br \/><strong>Tiempo en movimiento: 05:58<\/strong><br \/><strong>Velocidad media: 2,82 km\/h<\/strong><br \/><strong>Vel. en Mov.: 3,43 km\/h<\/strong><br \/><strong>Velocidad M\u00e1xima: 7,25 km\/h<\/strong><br \/><strong>Altura M\u00ednima: 401 m<\/strong><br \/><strong>Altura M\u00e1xima: 972 m<\/strong><br \/><strong>Velocidad Ascenso: 316,5 m\/h<\/strong><br \/><strong>Velocidad descenso: 357,0 m\/h<\/strong><br \/><strong>Ganancia elevaci\u00f3n: 968 m<\/strong><br \/><strong>P\u00e9rdida elevaci\u00f3n: 1030 m<\/strong><br \/><strong>Tiempo Ascenso: 03:03<\/strong><br \/><strong>Tiempo bajando: 02:53<\/strong><\/p>\n<\/div>\n\n\n\n<p><\/p>\n\n\n\n<figure data-wp-context=\"{&quot;imageId&quot;:&quot;69ee760c1e037&quot;}\" data-wp-interactive=\"core\/image\" data-wp-key=\"69ee760c1e037\" class=\"wp-block-image size-full wp-lightbox-container\"><img loading=\"lazy\" decoding=\"async\" width=\"2560\" height=\"1331\" data-wp-class--hide=\"state.isContentHidden\" data-wp-class--show=\"state.isContentVisible\" data-wp-init=\"callbacks.setButtonStyles\" data-wp-on--click=\"actions.showLightbox\" data-wp-on--load=\"callbacks.setButtonStyles\" data-wp-on-window--resize=\"callbacks.setButtonStyles\" src=\"https:\/\/fotosenderismo.com\/wordpress\/wp-content\/uploads\/2024\/01\/OIX-BAC-MONTMAJOR-VALL-BAC-TORALLES-SERRA-TOIX-PLANOL-scaled.jpg\" alt=\"\" class=\"wp-image-21814\" srcset=\"https:\/\/fotosenderismo.com\/wordpress\/wp-content\/uploads\/2024\/01\/OIX-BAC-MONTMAJOR-VALL-BAC-TORALLES-SERRA-TOIX-PLANOL-scaled.jpg 2560w, https:\/\/fotosenderismo.com\/wordpress\/wp-content\/uploads\/2024\/01\/OIX-BAC-MONTMAJOR-VALL-BAC-TORALLES-SERRA-TOIX-PLANOL-300x156.jpg 300w, https:\/\/fotosenderismo.com\/wordpress\/wp-content\/uploads\/2024\/01\/OIX-BAC-MONTMAJOR-VALL-BAC-TORALLES-SERRA-TOIX-PLANOL-1024x532.jpg 1024w, https:\/\/fotosenderismo.com\/wordpress\/wp-content\/uploads\/2024\/01\/OIX-BAC-MONTMAJOR-VALL-BAC-TORALLES-SERRA-TOIX-PLANOL-768x399.jpg 768w, https:\/\/fotosenderismo.com\/wordpress\/wp-content\/uploads\/2024\/01\/OIX-BAC-MONTMAJOR-VALL-BAC-TORALLES-SERRA-TOIX-PLANOL-1536x798.jpg 1536w, https:\/\/fotosenderismo.com\/wordpress\/wp-content\/uploads\/2024\/01\/OIX-BAC-MONTMAJOR-VALL-BAC-TORALLES-SERRA-TOIX-PLANOL-2048x1064.jpg 2048w, https:\/\/fotosenderismo.com\/wordpress\/wp-content\/uploads\/2024\/01\/OIX-BAC-MONTMAJOR-VALL-BAC-TORALLES-SERRA-TOIX-PLANOL-1320x686.jpg 1320w\" sizes=\"auto, (max-width: 2560px) 100vw, 2560px\" \/><button\n\t\t\tclass=\"lightbox-trigger\"\n\t\t\ttype=\"button\"\n\t\t\taria-haspopup=\"dialog\"\n\t\t\taria-label=\"Agrandar\"\n\t\t\tdata-wp-init=\"callbacks.initTriggerButton\"\n\t\t\tdata-wp-on--click=\"actions.showLightbox\"\n\t\t\tdata-wp-style--right=\"state.imageButtonRight\"\n\t\t\tdata-wp-style--top=\"state.imageButtonTop\"\n\t\t>\n\t\t\t<svg xmlns=\"http:\/\/www.w3.org\/2000\/svg\" width=\"12\" height=\"12\" fill=\"none\" viewBox=\"0 0 12 12\">\n\t\t\t\t<path fill=\"#fff\" d=\"M2 0a2 2 0 0 0-2 2v2h1.5V2a.5.5 0 0 1 .5-.5h2V0H2Zm2 10.5H2a.5.5 0 0 1-.5-.5V8H0v2a2 2 0 0 0 2 2h2v-1.5ZM8 12v-1.5h2a.5.5 0 0 0 .5-.5V8H12v2a2 2 0 0 1-2 2H8Zm2-12a2 2 0 0 1 2 2v2h-1.5V2a.5.5 0 0 0-.5-.5H8V0h2Z\" \/>\n\t\t\t<\/svg>\n\t\t<\/button><\/figure>\n\n\n\n<p><\/p>\n\n\n\n<figure data-wp-context=\"{&quot;imageId&quot;:&quot;69ee760c1e660&quot;}\" data-wp-interactive=\"core\/image\" data-wp-key=\"69ee760c1e660\" class=\"wp-block-image size-full wp-lightbox-container\"><img loading=\"lazy\" decoding=\"async\" width=\"1920\" height=\"1080\" data-wp-class--hide=\"state.isContentHidden\" data-wp-class--show=\"state.isContentVisible\" data-wp-init=\"callbacks.setButtonStyles\" data-wp-on--click=\"actions.showLightbox\" data-wp-on--load=\"callbacks.setButtonStyles\" data-wp-on-window--resize=\"callbacks.setButtonStyles\" src=\"https:\/\/fotosenderismo.com\/wordpress\/wp-content\/uploads\/2024\/01\/OIX-BAC-MONTMAJOR-VALL-BAC-TORALLES-SERRA-TOIX-mapa.jpg\" alt=\"\" class=\"wp-image-21816\" srcset=\"https:\/\/fotosenderismo.com\/wordpress\/wp-content\/uploads\/2024\/01\/OIX-BAC-MONTMAJOR-VALL-BAC-TORALLES-SERRA-TOIX-mapa.jpg 1920w, https:\/\/fotosenderismo.com\/wordpress\/wp-content\/uploads\/2024\/01\/OIX-BAC-MONTMAJOR-VALL-BAC-TORALLES-SERRA-TOIX-mapa-300x169.jpg 300w, https:\/\/fotosenderismo.com\/wordpress\/wp-content\/uploads\/2024\/01\/OIX-BAC-MONTMAJOR-VALL-BAC-TORALLES-SERRA-TOIX-mapa-1024x576.jpg 1024w, https:\/\/fotosenderismo.com\/wordpress\/wp-content\/uploads\/2024\/01\/OIX-BAC-MONTMAJOR-VALL-BAC-TORALLES-SERRA-TOIX-mapa-768x432.jpg 768w, https:\/\/fotosenderismo.com\/wordpress\/wp-content\/uploads\/2024\/01\/OIX-BAC-MONTMAJOR-VALL-BAC-TORALLES-SERRA-TOIX-mapa-1536x864.jpg 1536w, https:\/\/fotosenderismo.com\/wordpress\/wp-content\/uploads\/2024\/01\/OIX-BAC-MONTMAJOR-VALL-BAC-TORALLES-SERRA-TOIX-mapa-1320x743.jpg 1320w\" sizes=\"auto, (max-width: 1920px) 100vw, 1920px\" \/><button\n\t\t\tclass=\"lightbox-trigger\"\n\t\t\ttype=\"button\"\n\t\t\taria-haspopup=\"dialog\"\n\t\t\taria-label=\"Agrandar\"\n\t\t\tdata-wp-init=\"callbacks.initTriggerButton\"\n\t\t\tdata-wp-on--click=\"actions.showLightbox\"\n\t\t\tdata-wp-style--right=\"state.imageButtonRight\"\n\t\t\tdata-wp-style--top=\"state.imageButtonTop\"\n\t\t>\n\t\t\t<svg xmlns=\"http:\/\/www.w3.org\/2000\/svg\" width=\"12\" height=\"12\" fill=\"none\" viewBox=\"0 0 12 12\">\n\t\t\t\t<path fill=\"#fff\" d=\"M2 0a2 2 0 0 0-2 2v2h1.5V2a.5.5 0 0 1 .5-.5h2V0H2Zm2 10.5H2a.5.5 0 0 1-.5-.5V8H0v2a2 2 0 0 0 2 2h2v-1.5ZM8 12v-1.5h2a.5.5 0 0 0 .5-.5V8H12v2a2 2 0 0 1-2 2H8Zm2-12a2 2 0 0 1 2 2v2h-1.5V2a.5.5 0 0 0-.5-.5H8V0h2Z\" \/>\n\t\t\t<\/svg>\n\t\t<\/button><\/figure>\n\n\n\n<p><\/p>\n\n\n\n<iframe loading=\"lazy\" frameBorder=\"0\" scrolling=\"no\" src=\"https:\/\/es.wikiloc.com\/wikiloc\/embedv2.do?id=159137884&#038;elevation=on&#038;images=on&#038;maptype=H\" width=\"1000\" height=\"1000\"><\/iframe><div style=\"color:#777;font-size:11px;line-height:16px;\">Powered by&nbsp;<a style=\"color:#4C8C2B;font-size:11px;line-height:16px;\" target=\"_blank\" href=\"https:\/\/es.wikiloc.com\" rel=\"noopener\">Wikiloc<\/a><\/div>\n\n\n\n<p><\/p>\n\n\n\n<figure data-wp-context=\"{&quot;imageId&quot;:&quot;69ee760c1ed0c&quot;}\" data-wp-interactive=\"core\/image\" data-wp-key=\"69ee760c1ed0c\" class=\"wp-block-image size-full wp-lightbox-container\"><img loading=\"lazy\" decoding=\"async\" width=\"1920\" height=\"962\" data-wp-class--hide=\"state.isContentHidden\" data-wp-class--show=\"state.isContentVisible\" data-wp-init=\"callbacks.setButtonStyles\" data-wp-on--click=\"actions.showLightbox\" data-wp-on--load=\"callbacks.setButtonStyles\" data-wp-on-window--resize=\"callbacks.setButtonStyles\" src=\"https:\/\/fotosenderismo.com\/wordpress\/wp-content\/uploads\/2024\/01\/OIX-BAC-MONTMAJOR-VALL-BAC-TORALLES-SERRA-TOIX-EARTH-2.jpg\" alt=\"\" class=\"wp-image-21819\" srcset=\"https:\/\/fotosenderismo.com\/wordpress\/wp-content\/uploads\/2024\/01\/OIX-BAC-MONTMAJOR-VALL-BAC-TORALLES-SERRA-TOIX-EARTH-2.jpg 1920w, https:\/\/fotosenderismo.com\/wordpress\/wp-content\/uploads\/2024\/01\/OIX-BAC-MONTMAJOR-VALL-BAC-TORALLES-SERRA-TOIX-EARTH-2-300x150.jpg 300w, https:\/\/fotosenderismo.com\/wordpress\/wp-content\/uploads\/2024\/01\/OIX-BAC-MONTMAJOR-VALL-BAC-TORALLES-SERRA-TOIX-EARTH-2-1024x513.jpg 1024w, https:\/\/fotosenderismo.com\/wordpress\/wp-content\/uploads\/2024\/01\/OIX-BAC-MONTMAJOR-VALL-BAC-TORALLES-SERRA-TOIX-EARTH-2-768x385.jpg 768w, https:\/\/fotosenderismo.com\/wordpress\/wp-content\/uploads\/2024\/01\/OIX-BAC-MONTMAJOR-VALL-BAC-TORALLES-SERRA-TOIX-EARTH-2-1536x770.jpg 1536w, https:\/\/fotosenderismo.com\/wordpress\/wp-content\/uploads\/2024\/01\/OIX-BAC-MONTMAJOR-VALL-BAC-TORALLES-SERRA-TOIX-EARTH-2-1320x661.jpg 1320w\" sizes=\"auto, (max-width: 1920px) 100vw, 1920px\" \/><button\n\t\t\tclass=\"lightbox-trigger\"\n\t\t\ttype=\"button\"\n\t\t\taria-haspopup=\"dialog\"\n\t\t\taria-label=\"Agrandar\"\n\t\t\tdata-wp-init=\"callbacks.initTriggerButton\"\n\t\t\tdata-wp-on--click=\"actions.showLightbox\"\n\t\t\tdata-wp-style--right=\"state.imageButtonRight\"\n\t\t\tdata-wp-style--top=\"state.imageButtonTop\"\n\t\t>\n\t\t\t<svg xmlns=\"http:\/\/www.w3.org\/2000\/svg\" width=\"12\" height=\"12\" fill=\"none\" viewBox=\"0 0 12 12\">\n\t\t\t\t<path fill=\"#fff\" d=\"M2 0a2 2 0 0 0-2 2v2h1.5V2a.5.5 0 0 1 .5-.5h2V0H2Zm2 10.5H2a.5.5 0 0 1-.5-.5V8H0v2a2 2 0 0 0 2 2h2v-1.5ZM8 12v-1.5h2a.5.5 0 0 0 .5-.5V8H12v2a2 2 0 0 1-2 2H8Zm2-12a2 2 0 0 1 2 2v2h-1.5V2a.5.5 0 0 0-.5-.5H8V0h2Z\" \/>\n\t\t\t<\/svg>\n\t\t<\/button><\/figure>\n\n\n\n<p><\/p>\n\n\n\n<figure data-wp-context=\"{&quot;imageId&quot;:&quot;69ee760c1f30a&quot;}\" data-wp-interactive=\"core\/image\" data-wp-key=\"69ee760c1f30a\" class=\"wp-block-image size-full wp-lightbox-container\"><img loading=\"lazy\" decoding=\"async\" width=\"1920\" height=\"962\" data-wp-class--hide=\"state.isContentHidden\" data-wp-class--show=\"state.isContentVisible\" data-wp-init=\"callbacks.setButtonStyles\" data-wp-on--click=\"actions.showLightbox\" data-wp-on--load=\"callbacks.setButtonStyles\" data-wp-on-window--resize=\"callbacks.setButtonStyles\" src=\"https:\/\/fotosenderismo.com\/wordpress\/wp-content\/uploads\/2024\/01\/OIX-BAC-MONTMAJOR-VALL-BAC-TORALLES-SERRA-TOIX-EARTH-1.jpg\" alt=\"\" class=\"wp-image-21818\" srcset=\"https:\/\/fotosenderismo.com\/wordpress\/wp-content\/uploads\/2024\/01\/OIX-BAC-MONTMAJOR-VALL-BAC-TORALLES-SERRA-TOIX-EARTH-1.jpg 1920w, https:\/\/fotosenderismo.com\/wordpress\/wp-content\/uploads\/2024\/01\/OIX-BAC-MONTMAJOR-VALL-BAC-TORALLES-SERRA-TOIX-EARTH-1-300x150.jpg 300w, https:\/\/fotosenderismo.com\/wordpress\/wp-content\/uploads\/2024\/01\/OIX-BAC-MONTMAJOR-VALL-BAC-TORALLES-SERRA-TOIX-EARTH-1-1024x513.jpg 1024w, https:\/\/fotosenderismo.com\/wordpress\/wp-content\/uploads\/2024\/01\/OIX-BAC-MONTMAJOR-VALL-BAC-TORALLES-SERRA-TOIX-EARTH-1-768x385.jpg 768w, https:\/\/fotosenderismo.com\/wordpress\/wp-content\/uploads\/2024\/01\/OIX-BAC-MONTMAJOR-VALL-BAC-TORALLES-SERRA-TOIX-EARTH-1-1536x770.jpg 1536w, https:\/\/fotosenderismo.com\/wordpress\/wp-content\/uploads\/2024\/01\/OIX-BAC-MONTMAJOR-VALL-BAC-TORALLES-SERRA-TOIX-EARTH-1-1320x661.jpg 1320w\" sizes=\"auto, (max-width: 1920px) 100vw, 1920px\" \/><button\n\t\t\tclass=\"lightbox-trigger\"\n\t\t\ttype=\"button\"\n\t\t\taria-haspopup=\"dialog\"\n\t\t\taria-label=\"Agrandar\"\n\t\t\tdata-wp-init=\"callbacks.initTriggerButton\"\n\t\t\tdata-wp-on--click=\"actions.showLightbox\"\n\t\t\tdata-wp-style--right=\"state.imageButtonRight\"\n\t\t\tdata-wp-style--top=\"state.imageButtonTop\"\n\t\t>\n\t\t\t<svg xmlns=\"http:\/\/www.w3.org\/2000\/svg\" width=\"12\" height=\"12\" fill=\"none\" viewBox=\"0 0 12 12\">\n\t\t\t\t<path fill=\"#fff\" d=\"M2 0a2 2 0 0 0-2 2v2h1.5V2a.5.5 0 0 1 .5-.5h2V0H2Zm2 10.5H2a.5.5 0 0 1-.5-.5V8H0v2a2 2 0 0 0 2 2h2v-1.5ZM8 12v-1.5h2a.5.5 0 0 0 .5-.5V8H12v2a2 2 0 0 1-2 2H8Zm2-12a2 2 0 0 1 2 2v2h-1.5V2a.5.5 0 0 0-.5-.5H8V0h2Z\" \/>\n\t\t\t<\/svg>\n\t\t<\/button><\/figure>\n\n\n\n<p><\/p>\n\n\n\n<figure data-wp-context=\"{&quot;imageId&quot;:&quot;69ee760c1f8be&quot;}\" data-wp-interactive=\"core\/image\" data-wp-key=\"69ee760c1f8be\" class=\"wp-block-image size-full wp-lightbox-container\"><img loading=\"lazy\" decoding=\"async\" width=\"1920\" height=\"962\" data-wp-class--hide=\"state.isContentHidden\" data-wp-class--show=\"state.isContentVisible\" data-wp-init=\"callbacks.setButtonStyles\" data-wp-on--click=\"actions.showLightbox\" data-wp-on--load=\"callbacks.setButtonStyles\" data-wp-on-window--resize=\"callbacks.setButtonStyles\" src=\"https:\/\/fotosenderismo.com\/wordpress\/wp-content\/uploads\/2024\/01\/OIX-BAC-MONTMAJOR-VALL-BAC-TORALLES-SERRA-TOIX-EARTH-3.jpg\" alt=\"\" class=\"wp-image-21817\" srcset=\"https:\/\/fotosenderismo.com\/wordpress\/wp-content\/uploads\/2024\/01\/OIX-BAC-MONTMAJOR-VALL-BAC-TORALLES-SERRA-TOIX-EARTH-3.jpg 1920w, https:\/\/fotosenderismo.com\/wordpress\/wp-content\/uploads\/2024\/01\/OIX-BAC-MONTMAJOR-VALL-BAC-TORALLES-SERRA-TOIX-EARTH-3-300x150.jpg 300w, https:\/\/fotosenderismo.com\/wordpress\/wp-content\/uploads\/2024\/01\/OIX-BAC-MONTMAJOR-VALL-BAC-TORALLES-SERRA-TOIX-EARTH-3-1024x513.jpg 1024w, https:\/\/fotosenderismo.com\/wordpress\/wp-content\/uploads\/2024\/01\/OIX-BAC-MONTMAJOR-VALL-BAC-TORALLES-SERRA-TOIX-EARTH-3-768x385.jpg 768w, https:\/\/fotosenderismo.com\/wordpress\/wp-content\/uploads\/2024\/01\/OIX-BAC-MONTMAJOR-VALL-BAC-TORALLES-SERRA-TOIX-EARTH-3-1536x770.jpg 1536w, https:\/\/fotosenderismo.com\/wordpress\/wp-content\/uploads\/2024\/01\/OIX-BAC-MONTMAJOR-VALL-BAC-TORALLES-SERRA-TOIX-EARTH-3-1320x661.jpg 1320w\" sizes=\"auto, (max-width: 1920px) 100vw, 1920px\" \/><button\n\t\t\tclass=\"lightbox-trigger\"\n\t\t\ttype=\"button\"\n\t\t\taria-haspopup=\"dialog\"\n\t\t\taria-label=\"Agrandar\"\n\t\t\tdata-wp-init=\"callbacks.initTriggerButton\"\n\t\t\tdata-wp-on--click=\"actions.showLightbox\"\n\t\t\tdata-wp-style--right=\"state.imageButtonRight\"\n\t\t\tdata-wp-style--top=\"state.imageButtonTop\"\n\t\t>\n\t\t\t<svg xmlns=\"http:\/\/www.w3.org\/2000\/svg\" width=\"12\" height=\"12\" fill=\"none\" viewBox=\"0 0 12 12\">\n\t\t\t\t<path fill=\"#fff\" d=\"M2 0a2 2 0 0 0-2 2v2h1.5V2a.5.5 0 0 1 .5-.5h2V0H2Zm2 10.5H2a.5.5 0 0 1-.5-.5V8H0v2a2 2 0 0 0 2 2h2v-1.5ZM8 12v-1.5h2a.5.5 0 0 0 .5-.5V8H12v2a2 2 0 0 1-2 2H8Zm2-12a2 2 0 0 1 2 2v2h-1.5V2a.5.5 0 0 0-.5-.5H8V0h2Z\" \/>\n\t\t\t<\/svg>\n\t\t<\/button><\/figure>\n\n\n\n<p><\/p>\n\n\n\n<figure data-wp-context=\"{&quot;imageId&quot;:&quot;69ee760c1fece&quot;}\" data-wp-interactive=\"core\/image\" data-wp-key=\"69ee760c1fece\" class=\"wp-block-image size-full wp-lightbox-container\"><img loading=\"lazy\" decoding=\"async\" width=\"1598\" height=\"576\" data-wp-class--hide=\"state.isContentHidden\" data-wp-class--show=\"state.isContentVisible\" data-wp-init=\"callbacks.setButtonStyles\" data-wp-on--click=\"actions.showLightbox\" data-wp-on--load=\"callbacks.setButtonStyles\" data-wp-on-window--resize=\"callbacks.setButtonStyles\" src=\"https:\/\/fotosenderismo.com\/wordpress\/wp-content\/uploads\/2024\/01\/OIX-BAC-MONTMAJOR-VALL-BAC-TORALLES-SERRA-TOIX-perfil.jpg\" alt=\"\" class=\"wp-image-21815\" srcset=\"https:\/\/fotosenderismo.com\/wordpress\/wp-content\/uploads\/2024\/01\/OIX-BAC-MONTMAJOR-VALL-BAC-TORALLES-SERRA-TOIX-perfil.jpg 1598w, https:\/\/fotosenderismo.com\/wordpress\/wp-content\/uploads\/2024\/01\/OIX-BAC-MONTMAJOR-VALL-BAC-TORALLES-SERRA-TOIX-perfil-300x108.jpg 300w, https:\/\/fotosenderismo.com\/wordpress\/wp-content\/uploads\/2024\/01\/OIX-BAC-MONTMAJOR-VALL-BAC-TORALLES-SERRA-TOIX-perfil-1024x369.jpg 1024w, https:\/\/fotosenderismo.com\/wordpress\/wp-content\/uploads\/2024\/01\/OIX-BAC-MONTMAJOR-VALL-BAC-TORALLES-SERRA-TOIX-perfil-768x277.jpg 768w, https:\/\/fotosenderismo.com\/wordpress\/wp-content\/uploads\/2024\/01\/OIX-BAC-MONTMAJOR-VALL-BAC-TORALLES-SERRA-TOIX-perfil-1536x554.jpg 1536w, https:\/\/fotosenderismo.com\/wordpress\/wp-content\/uploads\/2024\/01\/OIX-BAC-MONTMAJOR-VALL-BAC-TORALLES-SERRA-TOIX-perfil-1320x476.jpg 1320w\" sizes=\"auto, (max-width: 1598px) 100vw, 1598px\" \/><button\n\t\t\tclass=\"lightbox-trigger\"\n\t\t\ttype=\"button\"\n\t\t\taria-haspopup=\"dialog\"\n\t\t\taria-label=\"Agrandar\"\n\t\t\tdata-wp-init=\"callbacks.initTriggerButton\"\n\t\t\tdata-wp-on--click=\"actions.showLightbox\"\n\t\t\tdata-wp-style--right=\"state.imageButtonRight\"\n\t\t\tdata-wp-style--top=\"state.imageButtonTop\"\n\t\t>\n\t\t\t<svg xmlns=\"http:\/\/www.w3.org\/2000\/svg\" width=\"12\" height=\"12\" fill=\"none\" viewBox=\"0 0 12 12\">\n\t\t\t\t<path fill=\"#fff\" d=\"M2 0a2 2 0 0 0-2 2v2h1.5V2a.5.5 0 0 1 .5-.5h2V0H2Zm2 10.5H2a.5.5 0 0 1-.5-.5V8H0v2a2 2 0 0 0 2 2h2v-1.5ZM8 12v-1.5h2a.5.5 0 0 0 .5-.5V8H12v2a2 2 0 0 1-2 2H8Zm2-12a2 2 0 0 1 2 2v2h-1.5V2a.5.5 0 0 0-.5-.5H8V0h2Z\" \/>\n\t\t\t<\/svg>\n\t\t<\/button><\/figure>\n\n\n\n<p><\/p>\n\n\n\n<p><\/p>\n\n\n\n<figure class=\"wp-block-image aligncenter size-full\"><img loading=\"lazy\" decoding=\"async\" width=\"419\" height=\"55\" src=\"https:\/\/fotosenderismo.com\/wordpress\/wp-content\/uploads\/2022\/02\/relacionadas-2-1.jpg\" alt=\"\" class=\"wp-image-21095\" srcset=\"https:\/\/fotosenderismo.com\/wordpress\/wp-content\/uploads\/2022\/02\/relacionadas-2-1.jpg 419w, https:\/\/fotosenderismo.com\/wordpress\/wp-content\/uploads\/2022\/02\/relacionadas-2-1-300x39.jpg 300w\" sizes=\"auto, (max-width: 419px) 100vw, 419px\" \/><\/figure>\n\n\n\n<p><\/p>\n\n\n\n<figure class=\"wp-block-embed aligncenter is-type-wp-embed is-provider-fotosenderismo-com wp-block-embed-fotosenderismo-com\"><div class=\"wp-block-embed__wrapper\">\n<blockquote class=\"wp-embedded-content\" data-secret=\"KGncUoKqqM\"><a href=\"https:\/\/fotosenderismo.com\/wordpress\/index.php\/2019\/10\/17\/oix-pas-dels-liberals-palanca-del-samso-vall-de-lhortmoier\/\">Oix, Pas dels Liberals, Palanca del Sams\u00f3, Vall de l\u2019Hortmoier<\/a><\/blockquote><iframe loading=\"lazy\" class=\"wp-embedded-content\" sandbox=\"allow-scripts\" security=\"restricted\" style=\"position: absolute; clip: rect(1px, 1px, 1px, 1px);\" title=\"\u00abOix, Pas dels Liberals, Palanca del Sams\u00f3, Vall de l\u2019Hortmoier\u00bb \u2014 FOTOSENDERISMO.COM\" src=\"https:\/\/fotosenderismo.com\/wordpress\/index.php\/2019\/10\/17\/oix-pas-dels-liberals-palanca-del-samso-vall-de-lhortmoier\/embed\/#?secret=0W4auVeK5o#?secret=KGncUoKqqM\" data-secret=\"KGncUoKqqM\" width=\"600\" height=\"338\" frameborder=\"0\" marginwidth=\"0\" marginheight=\"0\" scrolling=\"no\"><\/iframe>\n<\/div><\/figure>\n\n\n\n<figure class=\"wp-block-embed aligncenter is-type-wp-embed is-provider-fotosenderismo-com wp-block-embed-fotosenderismo-com\"><div class=\"wp-block-embed__wrapper\">\n<blockquote class=\"wp-embedded-content\" data-secret=\"GosgqgrPZa\"><a href=\"https:\/\/fotosenderismo.com\/wordpress\/index.php\/2019\/09\/11\/oix-bac-del-forn-montmajor-coll-del-reverter-sant-marti-de-toralles-montpetit-coll-sapell\/\">Oix, Bac del Forn, Montmajor, coll del Reverter, Sant Mart\u00ed de Toralles, Montpetit, coll Sapell<\/a><\/blockquote><iframe loading=\"lazy\" class=\"wp-embedded-content\" sandbox=\"allow-scripts\" security=\"restricted\" style=\"position: absolute; clip: rect(1px, 1px, 1px, 1px);\" title=\"\u00abOix, Bac del Forn, Montmajor, coll del Reverter, Sant Mart\u00ed de Toralles, Montpetit, coll Sapell\u00bb \u2014 FOTOSENDERISMO.COM\" src=\"https:\/\/fotosenderismo.com\/wordpress\/index.php\/2019\/09\/11\/oix-bac-del-forn-montmajor-coll-del-reverter-sant-marti-de-toralles-montpetit-coll-sapell\/embed\/#?secret=goRYIddH6W#?secret=GosgqgrPZa\" data-secret=\"GosgqgrPZa\" width=\"600\" height=\"338\" frameborder=\"0\" marginwidth=\"0\" marginheight=\"0\" scrolling=\"no\"><\/iframe>\n<\/div><\/figure>\n\n\n\n<figure class=\"wp-block-embed aligncenter is-type-wp-embed is-provider-fotosenderismo-com wp-block-embed-fotosenderismo-com\"><div class=\"wp-block-embed__wrapper\">\n<blockquote class=\"wp-embedded-content\" data-secret=\"ADLWLnHIJs\"><a href=\"https:\/\/fotosenderismo.com\/wordpress\/index.php\/2019\/03\/21\/oix-bestraca-1057-m-cami-de-les-romegueres-castell-doix\/\">Oix, Bestrac\u00e0 (1057 m.), Cam\u00ed de les Romegueres, Castell d&#8217;Oix<\/a><\/blockquote><iframe loading=\"lazy\" class=\"wp-embedded-content\" sandbox=\"allow-scripts\" security=\"restricted\" style=\"position: absolute; clip: rect(1px, 1px, 1px, 1px);\" title=\"\u00abOix, Bestrac\u00e0 (1057 m.), Cam\u00ed de les Romegueres, Castell d&#8217;Oix\u00bb \u2014 FOTOSENDERISMO.COM\" src=\"https:\/\/fotosenderismo.com\/wordpress\/index.php\/2019\/03\/21\/oix-bestraca-1057-m-cami-de-les-romegueres-castell-doix\/embed\/#?secret=4DUAACehTm#?secret=ADLWLnHIJs\" data-secret=\"ADLWLnHIJs\" width=\"600\" height=\"338\" frameborder=\"0\" marginwidth=\"0\" marginheight=\"0\" scrolling=\"no\"><\/iframe>\n<\/div><\/figure>\n","protected":false},"excerpt":{"rendered":"<p>El objetivo principal de esta salida es el de visitar el sendero del Quer, que se desliza por las caras norte y oeste del Montmajor, entre el Coll de la Bassa y la mas\u00eda de la Coromina, en la Vall d\u2019en Bac. Tambi\u00e9n visitaremos el sendero del Bac del Forn, en la cara norte del Montpetit, y la Serra del Toix. El recorrido discurre por pistas de tierra, algo de pista asfaltada, senderos abruptos y pedregosos, y senderos marcados en amarillo (de peque\u00f1o recorrido) y en blanco y rojo (de gran recorrido GR) Atravesaremos encinares, robledales, pinares y hayedos. Tendremos muy buenas vistas a la Alta Garrotxa, singularmente al Ferran, al Bassegoda, los Cingles de Freixenet, etc. Mirando al sur, veremos muchas de las cadenas monta\u00f1osas que circundan la Garrotxa, como la Cabrera, el Puigsacalm, el Far, Finestres, el Malforat, etc. En general, ante nosotros se presentar\u00e1 un bosque inmenso en el que apenas podremos ver n\u00facleo urbano alguno, s\u00f3lo alguna casa muy dispersa. Cabe destacar que la Serra del Toix no s\u00f3lo se caracteriza por hacernos disfrutar de un sendero suave y emboscado, sino que se trata de un paraje singular en tanto que all\u00ed se produjo una brutal y sangrienta batalla entre carlistas y liberales, en el a\u00f1o 1874. Los liberales fueron emboscados y masacrados.<\/p>\n","protected":false},"author":1,"featured_media":21813,"comment_status":"open","ping_status":"open","sticky":false,"template":"","format":"standard","meta":{"footnotes":""},"categories":[45,46,49,282,34,42,47,48],"tags":[187,98,177,223],"class_list":["post-21811","post","type-post","status-publish","format-standard","has-post-thumbnail","hentry","category-garrotxa","category-girona","category-alta-garrotxa","category-203-entre-20-y-25-km","category-entre-500-y-1000-metros","category-senderismo","category-circular-tipo-de-recorrido","category-media-montana-o-terrenos-altos","tag-fotos-by-eduard","tag-98","tag-eduard","tag-track-en-wikiloc"],"_links":{"self":[{"href":"https:\/\/fotosenderismo.com\/wordpress\/index.php\/wp-json\/wp\/v2\/posts\/21811","targetHints":{"allow":["GET"]}}],"collection":[{"href":"https:\/\/fotosenderismo.com\/wordpress\/index.php\/wp-json\/wp\/v2\/posts"}],"about":[{"href":"https:\/\/fotosenderismo.com\/wordpress\/index.php\/wp-json\/wp\/v2\/types\/post"}],"author":[{"embeddable":true,"href":"https:\/\/fotosenderismo.com\/wordpress\/index.php\/wp-json\/wp\/v2\/users\/1"}],"replies":[{"embeddable":true,"href":"https:\/\/fotosenderismo.com\/wordpress\/index.php\/wp-json\/wp\/v2\/comments?post=21811"}],"version-history":[{"count":7,"href":"https:\/\/fotosenderismo.com\/wordpress\/index.php\/wp-json\/wp\/v2\/posts\/21811\/revisions"}],"predecessor-version":[{"id":22783,"href":"https:\/\/fotosenderismo.com\/wordpress\/index.php\/wp-json\/wp\/v2\/posts\/21811\/revisions\/22783"}],"wp:featuredmedia":[{"embeddable":true,"href":"https:\/\/fotosenderismo.com\/wordpress\/index.php\/wp-json\/wp\/v2\/media\/21813"}],"wp:attachment":[{"href":"https:\/\/fotosenderismo.com\/wordpress\/index.php\/wp-json\/wp\/v2\/media?parent=21811"}],"wp:term":[{"taxonomy":"category","embeddable":true,"href":"https:\/\/fotosenderismo.com\/wordpress\/index.php\/wp-json\/wp\/v2\/categories?post=21811"},{"taxonomy":"post_tag","embeddable":true,"href":"https:\/\/fotosenderismo.com\/wordpress\/index.php\/wp-json\/wp\/v2\/tags?post=21811"}],"curies":[{"name":"wp","href":"https:\/\/api.w.org\/{rel}","templated":true}]}}