{"id":21580,"date":"2024-01-18T16:39:08","date_gmt":"2024-01-18T16:39:08","guid":{"rendered":"https:\/\/fotosenderismo.com\/wordpress\/?p=21580"},"modified":"2024-02-13T21:16:00","modified_gmt":"2024-02-13T21:16:00","slug":"collet-de-comajoan-grau-de-lescaleta-pla-daiats-coll-daiats-coll-del-bram-agullola-de-la-tuta-sender-sau-cabrera","status":"publish","type":"post","link":"https:\/\/fotosenderismo.com\/wordpress\/index.php\/2024\/01\/18\/collet-de-comajoan-grau-de-lescaleta-pla-daiats-coll-daiats-coll-del-bram-agullola-de-la-tuta-sender-sau-cabrera\/","title":{"rendered":"Collet de Comajoan, Grau de l&#8217;Escaleta, Pla d&#8217;Aiats, Coll d&#8217;Aiats, Coll del Bram, Agullola de la Tuta, Sender Sau-Cabrera"},"content":{"rendered":"\n<p><\/p>\n\n\n\n<figure class=\"wp-block-image aligncenter size-full\"><a href=\"https:\/\/photos.app.goo.gl\/wHL2mxYNAx12iZPT7\" target=\"_blank\" rel=\"noreferrer noopener\"><img loading=\"lazy\" decoding=\"async\" width=\"400\" height=\"53\" src=\"https:\/\/fotosenderismo.com\/wordpress\/wp-content\/uploads\/2020\/07\/visualizar-galeria-fotos.jpg\" alt=\"\" class=\"wp-image-19221\" srcset=\"https:\/\/fotosenderismo.com\/wordpress\/wp-content\/uploads\/2020\/07\/visualizar-galeria-fotos.jpg 400w, https:\/\/fotosenderismo.com\/wordpress\/wp-content\/uploads\/2020\/07\/visualizar-galeria-fotos-300x40.jpg 300w\" sizes=\"auto, (max-width: 400px) 100vw, 400px\" \/><\/a><\/figure>\n\n\n\n<p><\/p>\n\n\n\n<figure data-wp-context=\"{&quot;imageId&quot;:&quot;69eea7ae3bebc&quot;}\" data-wp-interactive=\"core\/image\" data-wp-key=\"69eea7ae3bebc\" class=\"wp-block-image size-mailpoet_newsletter_max wp-lightbox-container\"><img loading=\"lazy\" decoding=\"async\" width=\"1320\" height=\"938\" data-wp-class--hide=\"state.isContentHidden\" data-wp-class--show=\"state.isContentVisible\" data-wp-init=\"callbacks.setButtonStyles\" data-wp-on--click=\"actions.showLightbox\" data-wp-on--load=\"callbacks.setButtonStyles\" data-wp-on-window--resize=\"callbacks.setButtonStyles\" src=\"https:\/\/fotosenderismo.com\/wordpress\/wp-content\/uploads\/2024\/01\/AIATS-AGULLOLA-DATOS-1320x938.jpg\" alt=\"\" class=\"wp-image-21583\" srcset=\"https:\/\/fotosenderismo.com\/wordpress\/wp-content\/uploads\/2024\/01\/AIATS-AGULLOLA-DATOS-1320x938.jpg 1320w, https:\/\/fotosenderismo.com\/wordpress\/wp-content\/uploads\/2024\/01\/AIATS-AGULLOLA-DATOS-300x213.jpg 300w, https:\/\/fotosenderismo.com\/wordpress\/wp-content\/uploads\/2024\/01\/AIATS-AGULLOLA-DATOS-1024x728.jpg 1024w, https:\/\/fotosenderismo.com\/wordpress\/wp-content\/uploads\/2024\/01\/AIATS-AGULLOLA-DATOS-768x546.jpg 768w, https:\/\/fotosenderismo.com\/wordpress\/wp-content\/uploads\/2024\/01\/AIATS-AGULLOLA-DATOS.jpg 1338w\" sizes=\"auto, (max-width: 1320px) 100vw, 1320px\" \/><button\n\t\t\tclass=\"lightbox-trigger\"\n\t\t\ttype=\"button\"\n\t\t\taria-haspopup=\"dialog\"\n\t\t\taria-label=\"Agrandar\"\n\t\t\tdata-wp-init=\"callbacks.initTriggerButton\"\n\t\t\tdata-wp-on--click=\"actions.showLightbox\"\n\t\t\tdata-wp-style--right=\"state.imageButtonRight\"\n\t\t\tdata-wp-style--top=\"state.imageButtonTop\"\n\t\t>\n\t\t\t<svg xmlns=\"http:\/\/www.w3.org\/2000\/svg\" width=\"12\" height=\"12\" fill=\"none\" viewBox=\"0 0 12 12\">\n\t\t\t\t<path fill=\"#fff\" d=\"M2 0a2 2 0 0 0-2 2v2h1.5V2a.5.5 0 0 1 .5-.5h2V0H2Zm2 10.5H2a.5.5 0 0 1-.5-.5V8H0v2a2 2 0 0 0 2 2h2v-1.5ZM8 12v-1.5h2a.5.5 0 0 0 .5-.5V8H12v2a2 2 0 0 1-2 2H8Zm2-12a2 2 0 0 1 2 2v2h-1.5V2a.5.5 0 0 0-.5-.5H8V0h2Z\" \/>\n\t\t\t<\/svg>\n\t\t<\/button><\/figure>\n\n\n\n<p><\/p>\n\n\n\n<figure class=\"wp-block-image aligncenter size-full\"><a href=\"https:\/\/fotosenderismo.com\/wordpress\/wp-content\/uploads\/2024-01-18-00-COMAJOAN-AIATS-BRAMS-AGULLOLA-TUTA.gpx\"><img loading=\"lazy\" decoding=\"async\" width=\"400\" height=\"50\" src=\"https:\/\/fotosenderismo.com\/wordpress\/wp-content\/uploads\/2020\/07\/descargar-track.jpg\" alt=\"\" class=\"wp-image-19227\" srcset=\"https:\/\/fotosenderismo.com\/wordpress\/wp-content\/uploads\/2020\/07\/descargar-track.jpg 400w, https:\/\/fotosenderismo.com\/wordpress\/wp-content\/uploads\/2020\/07\/descargar-track-300x38.jpg 300w\" sizes=\"auto, (max-width: 400px) 100vw, 400px\" \/><\/a><\/figure>\n\n\n\n<p><\/p>\n\n\n\n<p style=\"background-color: transparent; text-align: justify;\"><span style=\"text-decoration: underline;\"><strong>Salida del 18 de enero del 2024 al Pla d\u2019Aiats, al Coll del Bram y a l\u2019Agullola de la Tuta<\/strong><\/span><br \/><br \/><span style=\"text-decoration: underline;\"><strong>Objetivos<\/strong><\/span><br \/><br \/><strong>Como se referencia en el t\u00edtulo, los objetivos fundamentales de esta salida son los de alcanzar el Pla d\u2019Aiats, el Coll del Bram y l\u2019Agullola de la Tuta.<\/strong><br \/><br \/><span style=\"text-decoration: underline;\"><strong>Descripci\u00f3n del terreno<\/strong><\/span><br \/><br \/><strong>La salida discurre por caminos anchos de tierra, pistas asilvestradas, senderos, senderos abruptos, formaciones rocosas singulares, algo de bosque y algo de campo a trav\u00e9s. Pasa tambi\u00e9n por crestas rocosas bastante a\u00e9reas. El paisaje est\u00e1 dominado por prados, robledales y hayedos. El terreno en muchos tramos es abrupto y escarpado y disfrutaremos de excelentes vistas.<\/strong><br \/><br \/><span style=\"text-decoration: underline;\"><strong>Desarrollo de la salida<\/strong><\/span><br \/><br \/><strong>Va en direcci\u00f3n antihoraria y parte del Collet de Comajoan, cerca de Cantonigr\u00f2s. Empezaremos a andar por pista asfaltada hasta alcanzar la granja de Comajoan (Km. 0,5 del recorrido), que bordearemos campo a trav\u00e9s por el sur. Desde all\u00ed seguiremos trochas y pistas asilvestradas rodeando la Serrica hasta el Km. 1,78 (muy cerca de la mas\u00eda de Aiats). En este punto empezaremos a remontar un sendero que asciende hasta el Grau de l\u2019Escaleta (Km. 2,36), pasando por un pasadizo colgado sobre el abismo que sin embargo es bastante ancho y seguro.<\/strong><br \/><br \/><strong>Despu\u00e9s accederemos al Pla d\u2019Aiats, junto a las caba\u00f1as del Pla d\u2019Aiats. Antes de seguir con el itinerario principal, sin embargo, nos dirigiremos en direcci\u00f3n sureste hasta al Mirador d\u2019Aiats (Km. 2,86). All\u00ed he puesto un punto de ruta. Acto seguido, daremos marcha atr\u00e1s hasta las caba\u00f1as para luego seguir en direcci\u00f3n noroeste. Bajaremos por un sendero abrupto, de manera que en un punto concreto deberemos descender aferrados a una cuerda anudada y fijada en el terreno. Deberemos \u201crapelar\u201d a pulso, aunque se trata de un descenso muy corto y sencillo. A pesar de todo, se ha de tener cuidado.<\/strong><br \/><br \/><strong>Siguiendo por ese mismo sendero, a trav\u00e9s de un hayedo, y desechando otras trochas que hallaremos a mano izquierda y que descienden a la Coma d\u2019Aiats, alcanzaremos el Coll d\u2019Aiats (Km 4,49, he marcado un punto de ruta). Antes habremos pasado, sin embargo, por otro paso equipado con escalones met\u00e1licos y una cuerda, algo muy sencillo. Despu\u00e9s del Coll d\u2019Aiats, y sobre el Km. 4,92, alcanzaremos el Coll del Bram, donde veremos las escaleras que ascienden por una pared rocosa hasta el santuario de Cabrera. Nosotros no ascendimos.<\/strong><br \/><br \/><strong>Despu\u00e9s del Coll del Bram, tomaremos el sendero que se dirige a la cresta de Masallera. Sobre el Km. 5,40 empezaremos a andar por lo alto de la misma. Se trata de un tramo que en bastantes puntos no alcanza ni el metro de ancho y que es bastante a\u00e9reo. En alg\u00fan sector deberemos superar alg\u00fan tramo de cierta dificultad y, aunque no se trate de nada muy dif\u00edcil, hemos de tener mucho cuidado para no precipitarnos al vac\u00edo.<\/strong><br \/><br \/><strong>Pasado el Km. 5,60 del recorrido deber\u00edamos haber seguido por el ramal occidental de la cresta, pero no encontramos el punto de acceso al mismo y descendimos por un peque\u00f1o tramo de bosque hasta el hayedo de la Tuta (punto de ruta). Andamos por \u00e9l hasta el Km. 5,91 del recorrido para empezar a remontar la pendiente hasta la Agullola de la Tuta (Km. 6,10, he marcado punto de ruta). Se trata de un picacho abrupto y a\u00e9reo que no tiene ninguna dificultad t\u00e9cnica. En este sentido, su ascenso no puede calificarse bajo ning\u00fan concepto de escalada. Eso no significa que no debamos andar con cuidado.<\/strong><br \/><br \/><strong>Despu\u00e9s de bajar de l\u2019Agullola, andaremos por lo alto del Serrat del Sitjar hasta el Pla del Sitjar (Km. 6,60). Desde all\u00ed iniciaremos el descenso hasta el Pla de Caselles, primero por un sendero abrupto y, luego, por una pista silvestre menos empinada. Pasaremos por Caselles y la Granja de Caselles describiendo un semic\u00edrculo hasta la Creu (Km. 8,70). All\u00ed tomaremos el sendero de Sau hasta Cabrera. Por \u00e9l, alcanzaremos el Collet de Comajoan y el punto de inicio.<\/strong><br \/><br \/><span style=\"text-decoration: underline;\"><strong>Dificultades<\/strong><\/span><br \/><br \/><strong>Tramos abruptos equipados con escalones de hierro y cuerdas. Tramos de cresta muy a\u00e9rea: en algunos puntos no alcanza el metro de ancho. Algo de bosque a trav\u00e9s. Ascenso muy a\u00e9reo a l\u2019Agullola de la Tuta, aunque sin dificultades t\u00e9cnicas apreciables.<\/strong><br \/><strong>Observaciones<\/strong><br \/><br \/><strong>Las distancias de las que se habla son aproximativas, ya que todo depende tanto desde el punto exacto desde el que se ha partido como de lo que marque cada dispositivo GPS.<\/strong><br \/><br \/><span style=\"text-decoration: underline;\"><strong>Consideraciones t\u00e9cnicas<\/strong><\/span><br \/><br \/><strong>El track se ha grabado con OruxsMaps en un Redmi Note 11 sin planificaci\u00f3n previa, ampar\u00e1ndonos \u00fanicamente sobre el conocimiento del terreno que tiene nuestro compa\u00f1ero Joan. Posteriormente se ha editado con QmapShack para borrar los tramos de camino en los que nos equivocamos.<\/strong><\/p>\n\n\n\n<p><\/p>\n\n\n\n<figure data-wp-context=\"{&quot;imageId&quot;:&quot;69eea7ae3c867&quot;}\" data-wp-interactive=\"core\/image\" data-wp-key=\"69eea7ae3c867\" class=\"wp-block-image size-full wp-lightbox-container\"><img loading=\"lazy\" decoding=\"async\" width=\"1407\" height=\"2560\" data-wp-class--hide=\"state.isContentHidden\" data-wp-class--show=\"state.isContentVisible\" data-wp-init=\"callbacks.setButtonStyles\" data-wp-on--click=\"actions.showLightbox\" data-wp-on--load=\"callbacks.setButtonStyles\" data-wp-on-window--resize=\"callbacks.setButtonStyles\" src=\"https:\/\/fotosenderismo.com\/wordpress\/wp-content\/uploads\/2024\/01\/AIATS-AGULLOLA-PLANOL-scaled.jpg\" alt=\"\" class=\"wp-image-21588\" srcset=\"https:\/\/fotosenderismo.com\/wordpress\/wp-content\/uploads\/2024\/01\/AIATS-AGULLOLA-PLANOL-scaled.jpg 1407w, https:\/\/fotosenderismo.com\/wordpress\/wp-content\/uploads\/2024\/01\/AIATS-AGULLOLA-PLANOL-165x300.jpg 165w, https:\/\/fotosenderismo.com\/wordpress\/wp-content\/uploads\/2024\/01\/AIATS-AGULLOLA-PLANOL-563x1024.jpg 563w, https:\/\/fotosenderismo.com\/wordpress\/wp-content\/uploads\/2024\/01\/AIATS-AGULLOLA-PLANOL-768x1397.jpg 768w, https:\/\/fotosenderismo.com\/wordpress\/wp-content\/uploads\/2024\/01\/AIATS-AGULLOLA-PLANOL-844x1536.jpg 844w, https:\/\/fotosenderismo.com\/wordpress\/wp-content\/uploads\/2024\/01\/AIATS-AGULLOLA-PLANOL-1126x2048.jpg 1126w, https:\/\/fotosenderismo.com\/wordpress\/wp-content\/uploads\/2024\/01\/AIATS-AGULLOLA-PLANOL-1320x2401.jpg 1320w\" sizes=\"auto, (max-width: 1407px) 100vw, 1407px\" \/><button\n\t\t\tclass=\"lightbox-trigger\"\n\t\t\ttype=\"button\"\n\t\t\taria-haspopup=\"dialog\"\n\t\t\taria-label=\"Agrandar\"\n\t\t\tdata-wp-init=\"callbacks.initTriggerButton\"\n\t\t\tdata-wp-on--click=\"actions.showLightbox\"\n\t\t\tdata-wp-style--right=\"state.imageButtonRight\"\n\t\t\tdata-wp-style--top=\"state.imageButtonTop\"\n\t\t>\n\t\t\t<svg xmlns=\"http:\/\/www.w3.org\/2000\/svg\" width=\"12\" height=\"12\" fill=\"none\" viewBox=\"0 0 12 12\">\n\t\t\t\t<path fill=\"#fff\" d=\"M2 0a2 2 0 0 0-2 2v2h1.5V2a.5.5 0 0 1 .5-.5h2V0H2Zm2 10.5H2a.5.5 0 0 1-.5-.5V8H0v2a2 2 0 0 0 2 2h2v-1.5ZM8 12v-1.5h2a.5.5 0 0 0 .5-.5V8H12v2a2 2 0 0 1-2 2H8Zm2-12a2 2 0 0 1 2 2v2h-1.5V2a.5.5 0 0 0-.5-.5H8V0h2Z\" \/>\n\t\t\t<\/svg>\n\t\t<\/button><\/figure>\n\n\n\n<p><\/p>\n\n\n\n<figure data-wp-context=\"{&quot;imageId&quot;:&quot;69eea7ae3ce33&quot;}\" data-wp-interactive=\"core\/image\" data-wp-key=\"69eea7ae3ce33\" class=\"wp-block-image size-full wp-lightbox-container\"><img loading=\"lazy\" decoding=\"async\" width=\"1920\" height=\"1080\" data-wp-class--hide=\"state.isContentHidden\" data-wp-class--show=\"state.isContentVisible\" data-wp-init=\"callbacks.setButtonStyles\" data-wp-on--click=\"actions.showLightbox\" data-wp-on--load=\"callbacks.setButtonStyles\" data-wp-on-window--resize=\"callbacks.setButtonStyles\" src=\"https:\/\/fotosenderismo.com\/wordpress\/wp-content\/uploads\/2024\/01\/AIATS-AGULLOLA-MAPA.jpg\" alt=\"\" class=\"wp-image-21586\" srcset=\"https:\/\/fotosenderismo.com\/wordpress\/wp-content\/uploads\/2024\/01\/AIATS-AGULLOLA-MAPA.jpg 1920w, https:\/\/fotosenderismo.com\/wordpress\/wp-content\/uploads\/2024\/01\/AIATS-AGULLOLA-MAPA-300x169.jpg 300w, https:\/\/fotosenderismo.com\/wordpress\/wp-content\/uploads\/2024\/01\/AIATS-AGULLOLA-MAPA-1024x576.jpg 1024w, https:\/\/fotosenderismo.com\/wordpress\/wp-content\/uploads\/2024\/01\/AIATS-AGULLOLA-MAPA-768x432.jpg 768w, https:\/\/fotosenderismo.com\/wordpress\/wp-content\/uploads\/2024\/01\/AIATS-AGULLOLA-MAPA-1536x864.jpg 1536w, https:\/\/fotosenderismo.com\/wordpress\/wp-content\/uploads\/2024\/01\/AIATS-AGULLOLA-MAPA-1320x743.jpg 1320w\" sizes=\"auto, (max-width: 1920px) 100vw, 1920px\" \/><button\n\t\t\tclass=\"lightbox-trigger\"\n\t\t\ttype=\"button\"\n\t\t\taria-haspopup=\"dialog\"\n\t\t\taria-label=\"Agrandar\"\n\t\t\tdata-wp-init=\"callbacks.initTriggerButton\"\n\t\t\tdata-wp-on--click=\"actions.showLightbox\"\n\t\t\tdata-wp-style--right=\"state.imageButtonRight\"\n\t\t\tdata-wp-style--top=\"state.imageButtonTop\"\n\t\t>\n\t\t\t<svg xmlns=\"http:\/\/www.w3.org\/2000\/svg\" width=\"12\" height=\"12\" fill=\"none\" viewBox=\"0 0 12 12\">\n\t\t\t\t<path fill=\"#fff\" d=\"M2 0a2 2 0 0 0-2 2v2h1.5V2a.5.5 0 0 1 .5-.5h2V0H2Zm2 10.5H2a.5.5 0 0 1-.5-.5V8H0v2a2 2 0 0 0 2 2h2v-1.5ZM8 12v-1.5h2a.5.5 0 0 0 .5-.5V8H12v2a2 2 0 0 1-2 2H8Zm2-12a2 2 0 0 1 2 2v2h-1.5V2a.5.5 0 0 0-.5-.5H8V0h2Z\" \/>\n\t\t\t<\/svg>\n\t\t<\/button><\/figure>\n\n\n\n<p><\/p>\n\n\n\n<iframe loading=\"lazy\" frameBorder=\"0\" scrolling=\"no\" src=\"https:\/\/es.wikiloc.com\/wikiloc\/embedv2.do?id=158504897&#038;elevation=on&#038;images=on&#038;maptype=H\" width=\"1000\" height=\"1000\"><\/iframe><div style=\"color:#777;font-size:11px;line-height:16px;\">Powered by&nbsp;<a style=\"color:#4C8C2B;font-size:11px;line-height:16px;\" target=\"_blank\" href=\"https:\/\/es.wikiloc.com\" rel=\"noopener\">Wikiloc<\/a><\/div>\n\n\n\n<p><\/p>\n\n\n\n<figure data-wp-context=\"{&quot;imageId&quot;:&quot;69eea7ae3d49f&quot;}\" data-wp-interactive=\"core\/image\" data-wp-key=\"69eea7ae3d49f\" class=\"wp-block-image size-full wp-lightbox-container\"><img loading=\"lazy\" decoding=\"async\" width=\"1920\" height=\"962\" data-wp-class--hide=\"state.isContentHidden\" data-wp-class--show=\"state.isContentVisible\" data-wp-init=\"callbacks.setButtonStyles\" data-wp-on--click=\"actions.showLightbox\" data-wp-on--load=\"callbacks.setButtonStyles\" data-wp-on-window--resize=\"callbacks.setButtonStyles\" src=\"https:\/\/fotosenderismo.com\/wordpress\/wp-content\/uploads\/2024\/01\/AIATS-AGULLOLA-EARTH-1.jpg\" alt=\"\" class=\"wp-image-21584\" srcset=\"https:\/\/fotosenderismo.com\/wordpress\/wp-content\/uploads\/2024\/01\/AIATS-AGULLOLA-EARTH-1.jpg 1920w, https:\/\/fotosenderismo.com\/wordpress\/wp-content\/uploads\/2024\/01\/AIATS-AGULLOLA-EARTH-1-300x150.jpg 300w, https:\/\/fotosenderismo.com\/wordpress\/wp-content\/uploads\/2024\/01\/AIATS-AGULLOLA-EARTH-1-1024x513.jpg 1024w, https:\/\/fotosenderismo.com\/wordpress\/wp-content\/uploads\/2024\/01\/AIATS-AGULLOLA-EARTH-1-768x385.jpg 768w, https:\/\/fotosenderismo.com\/wordpress\/wp-content\/uploads\/2024\/01\/AIATS-AGULLOLA-EARTH-1-1536x770.jpg 1536w, https:\/\/fotosenderismo.com\/wordpress\/wp-content\/uploads\/2024\/01\/AIATS-AGULLOLA-EARTH-1-1320x661.jpg 1320w\" sizes=\"auto, (max-width: 1920px) 100vw, 1920px\" \/><button\n\t\t\tclass=\"lightbox-trigger\"\n\t\t\ttype=\"button\"\n\t\t\taria-haspopup=\"dialog\"\n\t\t\taria-label=\"Agrandar\"\n\t\t\tdata-wp-init=\"callbacks.initTriggerButton\"\n\t\t\tdata-wp-on--click=\"actions.showLightbox\"\n\t\t\tdata-wp-style--right=\"state.imageButtonRight\"\n\t\t\tdata-wp-style--top=\"state.imageButtonTop\"\n\t\t>\n\t\t\t<svg xmlns=\"http:\/\/www.w3.org\/2000\/svg\" width=\"12\" height=\"12\" fill=\"none\" viewBox=\"0 0 12 12\">\n\t\t\t\t<path fill=\"#fff\" d=\"M2 0a2 2 0 0 0-2 2v2h1.5V2a.5.5 0 0 1 .5-.5h2V0H2Zm2 10.5H2a.5.5 0 0 1-.5-.5V8H0v2a2 2 0 0 0 2 2h2v-1.5ZM8 12v-1.5h2a.5.5 0 0 0 .5-.5V8H12v2a2 2 0 0 1-2 2H8Zm2-12a2 2 0 0 1 2 2v2h-1.5V2a.5.5 0 0 0-.5-.5H8V0h2Z\" \/>\n\t\t\t<\/svg>\n\t\t<\/button><\/figure>\n\n\n\n<p><\/p>\n\n\n\n<figure data-wp-context=\"{&quot;imageId&quot;:&quot;69eea7ae3da4f&quot;}\" data-wp-interactive=\"core\/image\" data-wp-key=\"69eea7ae3da4f\" class=\"wp-block-image size-full wp-lightbox-container\"><img loading=\"lazy\" decoding=\"async\" width=\"1920\" height=\"962\" data-wp-class--hide=\"state.isContentHidden\" data-wp-class--show=\"state.isContentVisible\" data-wp-init=\"callbacks.setButtonStyles\" data-wp-on--click=\"actions.showLightbox\" data-wp-on--load=\"callbacks.setButtonStyles\" data-wp-on-window--resize=\"callbacks.setButtonStyles\" src=\"https:\/\/fotosenderismo.com\/wordpress\/wp-content\/uploads\/2024\/01\/AIATS-AGULLOLA-EARTH-2.jpg\" alt=\"\" class=\"wp-image-21585\" srcset=\"https:\/\/fotosenderismo.com\/wordpress\/wp-content\/uploads\/2024\/01\/AIATS-AGULLOLA-EARTH-2.jpg 1920w, https:\/\/fotosenderismo.com\/wordpress\/wp-content\/uploads\/2024\/01\/AIATS-AGULLOLA-EARTH-2-300x150.jpg 300w, https:\/\/fotosenderismo.com\/wordpress\/wp-content\/uploads\/2024\/01\/AIATS-AGULLOLA-EARTH-2-1024x513.jpg 1024w, https:\/\/fotosenderismo.com\/wordpress\/wp-content\/uploads\/2024\/01\/AIATS-AGULLOLA-EARTH-2-768x385.jpg 768w, https:\/\/fotosenderismo.com\/wordpress\/wp-content\/uploads\/2024\/01\/AIATS-AGULLOLA-EARTH-2-1536x770.jpg 1536w, https:\/\/fotosenderismo.com\/wordpress\/wp-content\/uploads\/2024\/01\/AIATS-AGULLOLA-EARTH-2-1320x661.jpg 1320w\" sizes=\"auto, (max-width: 1920px) 100vw, 1920px\" \/><button\n\t\t\tclass=\"lightbox-trigger\"\n\t\t\ttype=\"button\"\n\t\t\taria-haspopup=\"dialog\"\n\t\t\taria-label=\"Agrandar\"\n\t\t\tdata-wp-init=\"callbacks.initTriggerButton\"\n\t\t\tdata-wp-on--click=\"actions.showLightbox\"\n\t\t\tdata-wp-style--right=\"state.imageButtonRight\"\n\t\t\tdata-wp-style--top=\"state.imageButtonTop\"\n\t\t>\n\t\t\t<svg xmlns=\"http:\/\/www.w3.org\/2000\/svg\" width=\"12\" height=\"12\" fill=\"none\" viewBox=\"0 0 12 12\">\n\t\t\t\t<path fill=\"#fff\" d=\"M2 0a2 2 0 0 0-2 2v2h1.5V2a.5.5 0 0 1 .5-.5h2V0H2Zm2 10.5H2a.5.5 0 0 1-.5-.5V8H0v2a2 2 0 0 0 2 2h2v-1.5ZM8 12v-1.5h2a.5.5 0 0 0 .5-.5V8H12v2a2 2 0 0 1-2 2H8Zm2-12a2 2 0 0 1 2 2v2h-1.5V2a.5.5 0 0 0-.5-.5H8V0h2Z\" \/>\n\t\t\t<\/svg>\n\t\t<\/button><\/figure>\n\n\n\n<p><\/p>\n\n\n\n<figure data-wp-context=\"{&quot;imageId&quot;:&quot;69eea7ae3e02c&quot;}\" data-wp-interactive=\"core\/image\" data-wp-key=\"69eea7ae3e02c\" class=\"wp-block-image size-full wp-lightbox-container\"><img loading=\"lazy\" decoding=\"async\" width=\"1893\" height=\"498\" data-wp-class--hide=\"state.isContentHidden\" data-wp-class--show=\"state.isContentVisible\" data-wp-init=\"callbacks.setButtonStyles\" data-wp-on--click=\"actions.showLightbox\" data-wp-on--load=\"callbacks.setButtonStyles\" data-wp-on-window--resize=\"callbacks.setButtonStyles\" src=\"https:\/\/fotosenderismo.com\/wordpress\/wp-content\/uploads\/2024\/01\/AIATS-AGULLOLA-PERFIL.jpg\" alt=\"\" class=\"wp-image-21587\" srcset=\"https:\/\/fotosenderismo.com\/wordpress\/wp-content\/uploads\/2024\/01\/AIATS-AGULLOLA-PERFIL.jpg 1893w, https:\/\/fotosenderismo.com\/wordpress\/wp-content\/uploads\/2024\/01\/AIATS-AGULLOLA-PERFIL-300x79.jpg 300w, https:\/\/fotosenderismo.com\/wordpress\/wp-content\/uploads\/2024\/01\/AIATS-AGULLOLA-PERFIL-1024x269.jpg 1024w, https:\/\/fotosenderismo.com\/wordpress\/wp-content\/uploads\/2024\/01\/AIATS-AGULLOLA-PERFIL-768x202.jpg 768w, https:\/\/fotosenderismo.com\/wordpress\/wp-content\/uploads\/2024\/01\/AIATS-AGULLOLA-PERFIL-1536x404.jpg 1536w, https:\/\/fotosenderismo.com\/wordpress\/wp-content\/uploads\/2024\/01\/AIATS-AGULLOLA-PERFIL-1320x347.jpg 1320w\" sizes=\"auto, (max-width: 1893px) 100vw, 1893px\" \/><button\n\t\t\tclass=\"lightbox-trigger\"\n\t\t\ttype=\"button\"\n\t\t\taria-haspopup=\"dialog\"\n\t\t\taria-label=\"Agrandar\"\n\t\t\tdata-wp-init=\"callbacks.initTriggerButton\"\n\t\t\tdata-wp-on--click=\"actions.showLightbox\"\n\t\t\tdata-wp-style--right=\"state.imageButtonRight\"\n\t\t\tdata-wp-style--top=\"state.imageButtonTop\"\n\t\t>\n\t\t\t<svg xmlns=\"http:\/\/www.w3.org\/2000\/svg\" width=\"12\" height=\"12\" fill=\"none\" viewBox=\"0 0 12 12\">\n\t\t\t\t<path fill=\"#fff\" d=\"M2 0a2 2 0 0 0-2 2v2h1.5V2a.5.5 0 0 1 .5-.5h2V0H2Zm2 10.5H2a.5.5 0 0 1-.5-.5V8H0v2a2 2 0 0 0 2 2h2v-1.5ZM8 12v-1.5h2a.5.5 0 0 0 .5-.5V8H12v2a2 2 0 0 1-2 2H8Zm2-12a2 2 0 0 1 2 2v2h-1.5V2a.5.5 0 0 0-.5-.5H8V0h2Z\" \/>\n\t\t\t<\/svg>\n\t\t<\/button><\/figure>\n\n\n\n<p><\/p>\n\n\n\n<figure class=\"wp-block-image aligncenter size-full\"><img loading=\"lazy\" decoding=\"async\" width=\"419\" height=\"55\" src=\"https:\/\/fotosenderismo.com\/wordpress\/wp-content\/uploads\/2022\/02\/relacionadas-2-1.jpg\" alt=\"\" class=\"wp-image-21095\" srcset=\"https:\/\/fotosenderismo.com\/wordpress\/wp-content\/uploads\/2022\/02\/relacionadas-2-1.jpg 419w, https:\/\/fotosenderismo.com\/wordpress\/wp-content\/uploads\/2022\/02\/relacionadas-2-1-300x39.jpg 300w\" sizes=\"auto, (max-width: 419px) 100vw, 419px\" \/><\/figure>\n\n\n\n<figure class=\"wp-block-embed is-type-wp-embed is-provider-fotosenderismo-com wp-block-embed-fotosenderismo-com\"><div class=\"wp-block-embed__wrapper\">\n<blockquote class=\"wp-embedded-content\" data-secret=\"zari76Xje2\"><a href=\"https:\/\/fotosenderismo.com\/wordpress\/index.php\/2013\/09\/11\/hostalets-den-bas-pla-de-cabrera-1307-m\/\">Hostalets d&#8217;en Bas, Pla de Cabrera (1307 m)<\/a><\/blockquote><iframe loading=\"lazy\" class=\"wp-embedded-content\" sandbox=\"allow-scripts\" security=\"restricted\" style=\"position: absolute; clip: rect(1px, 1px, 1px, 1px);\" title=\"\u00abHostalets d&#8217;en Bas, Pla de Cabrera (1307 m)\u00bb \u2014 FOTOSENDERISMO.COM\" src=\"https:\/\/fotosenderismo.com\/wordpress\/index.php\/2013\/09\/11\/hostalets-den-bas-pla-de-cabrera-1307-m\/embed\/#?secret=g1Zi6pDszA#?secret=zari76Xje2\" data-secret=\"zari76Xje2\" width=\"600\" height=\"338\" frameborder=\"0\" marginwidth=\"0\" marginheight=\"0\" scrolling=\"no\"><\/iframe>\n<\/div><\/figure>\n\n\n\n<figure class=\"wp-block-embed is-type-wp-embed is-provider-fotosenderismo-com wp-block-embed-fotosenderismo-com\"><div class=\"wp-block-embed__wrapper\">\n<blockquote class=\"wp-embedded-content\" data-secret=\"z14shHOwEw\"><a href=\"https:\/\/fotosenderismo.com\/wordpress\/index.php\/2011\/02\/16\/hostalets-den-esteve-bas-cami-ral-pla-de-cabrera-1307-falgars-bas\/\">Hostalets d&#8217;en Esteve Bas, Cam\u00ed Ral, Pla de Cabrera (1307 m.), Falgars Bas<\/a><\/blockquote><iframe loading=\"lazy\" class=\"wp-embedded-content\" sandbox=\"allow-scripts\" security=\"restricted\" style=\"position: absolute; clip: rect(1px, 1px, 1px, 1px);\" title=\"\u00abHostalets d&#8217;en Esteve Bas, Cam\u00ed Ral, Pla de Cabrera (1307 m.), Falgars Bas\u00bb \u2014 FOTOSENDERISMO.COM\" src=\"https:\/\/fotosenderismo.com\/wordpress\/index.php\/2011\/02\/16\/hostalets-den-esteve-bas-cami-ral-pla-de-cabrera-1307-falgars-bas\/embed\/#?secret=49q25DW6di#?secret=z14shHOwEw\" data-secret=\"z14shHOwEw\" width=\"600\" height=\"338\" frameborder=\"0\" marginwidth=\"0\" marginheight=\"0\" scrolling=\"no\"><\/iframe>\n<\/div><\/figure>\n\n\n\n<figure class=\"wp-block-embed is-type-wp-embed is-provider-fotosenderismo-com wp-block-embed-fotosenderismo-com\"><div class=\"wp-block-embed__wrapper\">\n<blockquote class=\"wp-embedded-content\" data-secret=\"CQybzuL2a1\"><a href=\"https:\/\/fotosenderismo.com\/wordpress\/index.php\/2024\/01\/04\/coll-duria-sender-del-grau-cami-ral-sender-de-santcrtist-coll-de-la-bastida-cingles-daiats-sender-del-mateus\/\">Coll d&#8217;Uria, Sender del Grau, Cam\u00ed Ral, Sender de Santcrtist, Coll de la Bastida, Cingles d&#8217;Aiats, Sender del Mateus<\/a><\/blockquote><iframe loading=\"lazy\" class=\"wp-embedded-content\" sandbox=\"allow-scripts\" security=\"restricted\" style=\"position: absolute; clip: rect(1px, 1px, 1px, 1px);\" title=\"\u00abColl d&#8217;Uria, Sender del Grau, Cam\u00ed Ral, Sender de Santcrtist, Coll de la Bastida, Cingles d&#8217;Aiats, Sender del Mateus\u00bb \u2014 FOTOSENDERISMO.COM\" src=\"https:\/\/fotosenderismo.com\/wordpress\/index.php\/2024\/01\/04\/coll-duria-sender-del-grau-cami-ral-sender-de-santcrtist-coll-de-la-bastida-cingles-daiats-sender-del-mateus\/embed\/#?secret=cqTawb4HCe#?secret=CQybzuL2a1\" data-secret=\"CQybzuL2a1\" width=\"600\" height=\"338\" frameborder=\"0\" marginwidth=\"0\" marginheight=\"0\" scrolling=\"no\"><\/iframe>\n<\/div><\/figure>\n","protected":false},"excerpt":{"rendered":"<p>Como se referencia en el t\u00edtulo, los objetivos fundamentales de esta salida son los de alcanzar el Pla d\u2019Aiats, el Coll del Bram y l\u2019Agullola de la Tuta. La salida discurre por caminos anchos de tierra, pistas asilvestradas, senderos, senderos abruptos, formaciones rocosas singulares, algo de bosque y algo de campo a trav\u00e9s. Pasa tambi\u00e9n por crestas rocosas bastante a\u00e9reas. El paisaje est\u00e1 dominado por prados, robledales y hayedos. El terreno en muchos tramos es abrupto y escarpado y disfrutaremos de excelentes vistas. Va en direcci\u00f3n antihoraria y parte del Collet de Comajoan, cerca de Cantonigr\u00f2s. Empezaremos a andar por pista asfaltada hasta alcanzar la granja de Comajoan (Km. 0,5 del recorrido), que bordearemos campo a trav\u00e9s por el sur. Desde all\u00ed seguiremos trochas y pistas asilvestradas rodeando la Serrica hasta el Km. 1,78 (muy cerca de la mas\u00eda de Aiats). En este punto empezaremos a remontar un sendero que asciende hasta el Grau de l\u2019Escaleta (Km. 2,36), pasando por un pasadizo colgado sobre el abismo que sin embargo es bastante ancho y seguro.<\/p>\n","protected":false},"author":1,"featured_media":21594,"comment_status":"open","ping_status":"open","sticky":false,"template":"","format":"standard","meta":{"footnotes":""},"categories":[45,46,43,57,133,288,33,42,47,48,1],"tags":[187,98,191,223],"class_list":["post-21580","post","type-post","status-publish","format-standard","has-post-thumbnail","hentry","category-garrotxa","category-girona","category-barcelona","category-osona","category-la-cabrera","category-201-entre-5-y-10-km","category-menos-de-500","category-senderismo","category-circular-tipo-de-recorrido","category-media-montana-o-terrenos-altos","category-1","tag-fotos-by-eduard","tag-98","tag-track-by-joan","tag-track-en-wikiloc"],"_links":{"self":[{"href":"https:\/\/fotosenderismo.com\/wordpress\/index.php\/wp-json\/wp\/v2\/posts\/21580","targetHints":{"allow":["GET"]}}],"collection":[{"href":"https:\/\/fotosenderismo.com\/wordpress\/index.php\/wp-json\/wp\/v2\/posts"}],"about":[{"href":"https:\/\/fotosenderismo.com\/wordpress\/index.php\/wp-json\/wp\/v2\/types\/post"}],"author":[{"embeddable":true,"href":"https:\/\/fotosenderismo.com\/wordpress\/index.php\/wp-json\/wp\/v2\/users\/1"}],"replies":[{"embeddable":true,"href":"https:\/\/fotosenderismo.com\/wordpress\/index.php\/wp-json\/wp\/v2\/comments?post=21580"}],"version-history":[{"count":6,"href":"https:\/\/fotosenderismo.com\/wordpress\/index.php\/wp-json\/wp\/v2\/posts\/21580\/revisions"}],"predecessor-version":[{"id":22741,"href":"https:\/\/fotosenderismo.com\/wordpress\/index.php\/wp-json\/wp\/v2\/posts\/21580\/revisions\/22741"}],"wp:featuredmedia":[{"embeddable":true,"href":"https:\/\/fotosenderismo.com\/wordpress\/index.php\/wp-json\/wp\/v2\/media\/21594"}],"wp:attachment":[{"href":"https:\/\/fotosenderismo.com\/wordpress\/index.php\/wp-json\/wp\/v2\/media?parent=21580"}],"wp:term":[{"taxonomy":"category","embeddable":true,"href":"https:\/\/fotosenderismo.com\/wordpress\/index.php\/wp-json\/wp\/v2\/categories?post=21580"},{"taxonomy":"post_tag","embeddable":true,"href":"https:\/\/fotosenderismo.com\/wordpress\/index.php\/wp-json\/wp\/v2\/tags?post=21580"}],"curies":[{"name":"wp","href":"https:\/\/api.w.org\/{rel}","templated":true}]}}