{"id":21250,"date":"2023-05-04T14:24:49","date_gmt":"2023-05-04T14:24:49","guid":{"rendered":"https:\/\/fotosenderismo.com\/wordpress\/?p=21250"},"modified":"2024-02-13T21:29:23","modified_gmt":"2024-02-13T21:29:23","slug":"sant-feliu-destiula-sant-marc-destiula-sant-quinti-puigrodon","status":"publish","type":"post","link":"https:\/\/fotosenderismo.com\/wordpress\/index.php\/2023\/05\/04\/sant-feliu-destiula-sant-marc-destiula-sant-quinti-puigrodon\/","title":{"rendered":"Sant Feliu d&#8217;Estiula, Sant Marc d&#8217;Estiula, Sant Quint\u00ed Puigrodon"},"content":{"rendered":"\n<p><\/p>\n\n\n\n<figure class=\"wp-block-image aligncenter size-full\"><a href=\"https:\/\/photos.app.goo.gl\/4xTvGtjNHubLqjDz7\" target=\"_blank\" rel=\"noreferrer noopener\"><img loading=\"lazy\" decoding=\"async\" width=\"400\" height=\"53\" src=\"https:\/\/fotosenderismo.com\/wordpress\/wp-content\/uploads\/2020\/07\/visualizar-galeria-fotos.jpg\" alt=\"\" class=\"wp-image-19221\" srcset=\"https:\/\/fotosenderismo.com\/wordpress\/wp-content\/uploads\/2020\/07\/visualizar-galeria-fotos.jpg 400w, https:\/\/fotosenderismo.com\/wordpress\/wp-content\/uploads\/2020\/07\/visualizar-galeria-fotos-300x40.jpg 300w\" sizes=\"auto, (max-width: 400px) 100vw, 400px\" \/><\/a><\/figure>\n\n\n\n<p><\/p>\n\n\n\n<figure class=\"wp-block-image size-full\"><a href=\"https:\/\/fotosenderismo.com\/wordpress\/wp-content\/uploads\/2023\/05\/CAMPDEVANOL-ESTIULA-DATOS.jpg\" target=\"_blank\" rel=\"noreferrer noopener\"><img loading=\"lazy\" decoding=\"async\" width=\"1414\" height=\"970\" src=\"https:\/\/fotosenderismo.com\/wordpress\/wp-content\/uploads\/2023\/05\/CAMPDEVANOL-ESTIULA-DATOS.jpg\" alt=\"\" class=\"wp-image-21251\" srcset=\"https:\/\/fotosenderismo.com\/wordpress\/wp-content\/uploads\/2023\/05\/CAMPDEVANOL-ESTIULA-DATOS.jpg 1414w, https:\/\/fotosenderismo.com\/wordpress\/wp-content\/uploads\/2023\/05\/CAMPDEVANOL-ESTIULA-DATOS-300x206.jpg 300w, https:\/\/fotosenderismo.com\/wordpress\/wp-content\/uploads\/2023\/05\/CAMPDEVANOL-ESTIULA-DATOS-1024x702.jpg 1024w, https:\/\/fotosenderismo.com\/wordpress\/wp-content\/uploads\/2023\/05\/CAMPDEVANOL-ESTIULA-DATOS-768x527.jpg 768w, https:\/\/fotosenderismo.com\/wordpress\/wp-content\/uploads\/2023\/05\/CAMPDEVANOL-ESTIULA-DATOS-1320x906.jpg 1320w\" sizes=\"auto, (max-width: 1414px) 100vw, 1414px\" \/><\/a><\/figure>\n\n\n\n<p><\/p>\n\n\n\n<figure class=\"wp-block-image aligncenter size-full\"><a href=\"https:\/\/fotosenderismo.com\/wordpress\/wp-content\/uploads\/2023-05-04-SANT-FELIU-ESTIULA-SANT-MARC-ESTIULA-SANT-QUINTI-PUIRODO.gpx\"><img loading=\"lazy\" decoding=\"async\" width=\"400\" height=\"50\" src=\"https:\/\/fotosenderismo.com\/wordpress\/wp-content\/uploads\/2020\/07\/descargar-track.jpg\" alt=\"\" class=\"wp-image-19227\" srcset=\"https:\/\/fotosenderismo.com\/wordpress\/wp-content\/uploads\/2020\/07\/descargar-track.jpg 400w, https:\/\/fotosenderismo.com\/wordpress\/wp-content\/uploads\/2020\/07\/descargar-track-300x38.jpg 300w\" sizes=\"auto, (max-width: 400px) 100vw, 400px\" \/><\/a><\/figure>\n\n\n\n<p><\/p>\n\n\n\n<p style=\"text-align: justify;\"><span style=\"text-decoration: underline;\"><strong>Salida de 4 de mayo de 2023 a Campdev\u00e0nol y a l\u2019Estiula<\/strong><\/span><br \/><br \/><span style=\"text-decoration: underline;\"><strong>Objetivos<\/strong><\/span><br \/><br \/><strong>El objetivo de esta excursi\u00f3n \u00e9s el de visitar los santuarios de Sant Feliu d\u2019Estiula, Sant Marc d\u2019Estiula (que a su vez \u00e9s una cumbre de 1377 metros) y Sant Quint\u00ed de Puigrodon. Por supuesto, todos estos objetivos son, finalmente, una excusa para explorar el magn\u00edfico entorno en el que se hallan ubicados.<\/strong><br \/><br \/><span style=\"text-decoration: underline;\"><strong>Descripci\u00f3n del terreno<\/strong><\/span><br \/><br \/><strong>El recorrido discurre por senderos, trochas, pistas de tierra, una v\u00eda verde, algo de pista asfaltada, y un trecho de bosque a trav\u00e9s, unos 200 metros. Tambi\u00e9n transita por muchos tramos marcados en amarillo, aunque el track no respeta sus trazados de forma exhaustiva. Adem\u00e1s, para enlazar los dos senderos amarillos de los cuales nos vamos a aprovechar, el de Sant Jaume de Frontany\u00e0 y el del Pedr\u00f3 del Tubau, hay que andar un buen rato por senderos sin marcar. El entorno natural es monta\u00f1oso, con dominancia del pino silvestre y el robledal. Si exceptuamos Sant Marc de l\u2019Estiula y Sant Quint\u00ed de Puigrodon, no hay grandes vistas, aunque el entorno es extraordinario.<\/strong><br \/><br \/><span style=\"text-decoration: underline;\"><strong>Desarrollo de la salida<\/strong><\/span><br \/><br \/><strong>Va en sentido horario y empieza en el aparcamiento de la estaci\u00f3n de trenes de Campdev\u00e0nol. De inmediato, va a por la v\u00eda verde de Gombr\u00e8n, aunque pronto la abandona para cambiarla por el itinerario de Sant Jaume de Frontany\u00e0 i les Lloses, que se halla a mano derecha, a unos 370 metros del punto de inicio. Por este nuevo camino, andaremos junto a la riera del Merd\u00e0s, visitaremos un puente colgante, y nos desplazaremos hasta Els Quintans d\u2019Estiuleia (Km. 1,88), remontando ya la monta\u00f1a.<\/strong><br \/><br \/><strong>Despu\u00e9s, seguiremos por pistas y senderos para alcanzar Els Emprius (sobre el Km. 5). En alg\u00fan punto, cambiaremos el trazado amarillo por sendas sin marcar m\u00e1s interesantes, particularmente en la Serra de l\u2019Aur\u00f2. En el Km. 8,60, se abandona, definitivamente, el sendero de Sant Jaume de Frontany\u00e0 para descender hasta Sant Feliu de l\u2019Estiula, una ermita que se conserva en buen estado.<\/strong><br \/><br \/><strong>Posteriormente, ten\u00edamos la idea de seguir por una pista de tierra hasta la C\u00e1nova de l\u2019Estiula, para, desde all\u00ed, ascender por el sendero sin marcar que remonta la Serra de Sant Marc pasando por el Coll de les Esperades. Sin embargo, en la Canova encontramos el camino cortado por obras en la casa. Preguntando a los trabajadores si pod\u00edamos seguir el sendero, afirmaron que all\u00ed no hab\u00eda nada, aunque sab\u00edamos que s\u00ed. En todo caso, buscamos una alternativa que nos conectara, desde otro punto, con el sendero de Les Esperades. Se consigui\u00f3, aunque en el Km. 12,2 el camino se cortaba abruptamente. As\u00ed, para tomar definitivamente el sendero de Les Esperades, nos vimos obligados a andar, durante unos 200 metros, por bosque a trav\u00e9s. Eso no represent\u00f3 ning\u00fan problema, ya que el terreno estaba bastante despejado.<\/strong><br \/><br \/><strong>Alcanzado el Coll de les Esperades (Km. 13,3), el track conecta con una pista asilvestrada. Se ha de seguir en direcci\u00f3n oeste, pero para abandonarla en el Km. 14,1 del recorrido. All\u00ed, para seguir remontando la sierra, hay que tomar otra trocha. Al final (Km. 14,6), se alcanza Sant Marc de l\u2019Estiula, unas ruinas ubicadas a 1377 metros de altitud.<\/strong><br \/><br \/><strong>Desde Sant Marc de l\u2019Estiula tomamos el sendero amarillo del Tubau, aunque en direcci\u00f3n Campdev\u00e0nol. A pesar de estar marcado, no \u00e9s sencillo seguirlo. As\u00ed, en alg\u00fan punto, lo intercambiamos (porque no pod\u00edamos ver las marcas) para descender por trochas. En todo caso, por all\u00ed se alcanzan las ruinas de Sant Quint\u00ed de Puigrodon, ya en el kil\u00f3metro 16,3. Despu\u00e9s de Sant Quint\u00ed, el camino es m\u00e1s f\u00e1cil. Se desciende por bosques y prados hasta dar con la pista asfaltada del Cam\u00ed de l\u2019Aur\u00f2 (Km. 20). Por esta carreteruela, finalmente, se llega a la v\u00eda verde de Gombr\u00e8n. Despu\u00e9s se pasa por el aparcamiento de las 7 Gorgues (Km. 22), para acabar en Campdev\u00e0nol y en el punto de inicio.<\/strong><br \/><br \/><span style=\"text-decoration: underline;\"><strong>Dificultades<\/strong><\/span><br \/><br \/><strong>Tramos dif\u00edciles de rastrear, aunque nada demasiado complejo. 200 metros de bosque a trav\u00e9s, tal y como se describe en el apartado Desarrollo de la salida.<\/strong><br \/><br \/><span style=\"text-decoration: underline;\"><strong>Consideraciones t\u00e9cnicas<\/strong><\/span><br \/><br \/><strong>Se ha utilizado la aplicaci\u00f3n Land de Twonav para seguir el trayecto, pero en el dispositivo Samsung J6 en la que est\u00e1 instalada, y que s\u00f3lo utilizo como GPS (sin tarjeta SIM), se ha bloqueado dos veces. Esto, al final, no ha supuesto ning\u00fan problema, porque, aunque el track se qued\u00f3 cortado por estos \u201capagones\u201d, no quedo ning\u00fan espacio en blanco. En todo caso, todos estos tramos se pudieron unir mediante la aplicaci\u00f3n Land 9 en el ordenador de sobremesa. Tambi\u00e9n hay que indicar que el track se ha limpiado de todos aquellos trechos que se grabaron por error.<\/strong><\/p>\n\n\n\n<p><\/p>\n\n\n\n<figure class=\"wp-block-image size-full\"><a href=\"https:\/\/fotosenderismo.com\/wordpress\/wp-content\/uploads\/2023\/05\/CAMPDEVANOL-ESTIULA-MAPA-scaled.jpg\" target=\"_blank\" rel=\"noreferrer noopener\"><img loading=\"lazy\" decoding=\"async\" width=\"2560\" height=\"1338\" src=\"https:\/\/fotosenderismo.com\/wordpress\/wp-content\/uploads\/2023\/05\/CAMPDEVANOL-ESTIULA-MAPA-scaled.jpg\" alt=\"\" class=\"wp-image-21255\" srcset=\"https:\/\/fotosenderismo.com\/wordpress\/wp-content\/uploads\/2023\/05\/CAMPDEVANOL-ESTIULA-MAPA-scaled.jpg 2560w, https:\/\/fotosenderismo.com\/wordpress\/wp-content\/uploads\/2023\/05\/CAMPDEVANOL-ESTIULA-MAPA-300x157.jpg 300w, https:\/\/fotosenderismo.com\/wordpress\/wp-content\/uploads\/2023\/05\/CAMPDEVANOL-ESTIULA-MAPA-1024x535.jpg 1024w, https:\/\/fotosenderismo.com\/wordpress\/wp-content\/uploads\/2023\/05\/CAMPDEVANOL-ESTIULA-MAPA-768x401.jpg 768w, https:\/\/fotosenderismo.com\/wordpress\/wp-content\/uploads\/2023\/05\/CAMPDEVANOL-ESTIULA-MAPA-1536x803.jpg 1536w, https:\/\/fotosenderismo.com\/wordpress\/wp-content\/uploads\/2023\/05\/CAMPDEVANOL-ESTIULA-MAPA-2048x1070.jpg 2048w, https:\/\/fotosenderismo.com\/wordpress\/wp-content\/uploads\/2023\/05\/CAMPDEVANOL-ESTIULA-MAPA-1320x690.jpg 1320w\" sizes=\"auto, (max-width: 2560px) 100vw, 2560px\" \/><\/a><\/figure>\n\n\n\n<p><\/p>\n\n\n\n<iframe loading=\"lazy\" frameBorder=\"0\" scrolling=\"no\" src=\"https:\/\/es.wikiloc.com\/wikiloc\/spatialArtifacts.do?event=view&#038;id=133788490&#038;measures=on&#038;title=on&#038;near=on&#038;images=on&#038;maptype=H\" width=\"1100\" height=\"1100\"><\/iframe><div style=\"color:#777;font-size:11px;line-height:16px;\">Powered by <a style=\"color:#06d;font-size:11px;line-height:16px;\" target=\"_blank\" href=\"https:\/\/es.wikiloc.com\" rel=\"noopener\">Wikiloc<\/a><\/div>\n\n\n\n<p><\/p>\n\n\n\n<figure class=\"wp-block-image size-full\"><a href=\"https:\/\/fotosenderismo.com\/wordpress\/wp-content\/uploads\/2023\/05\/CAMPDEVANOL-ESTIULA-EARTH-1.jpg\" target=\"_blank\" rel=\"noreferrer noopener\"><img loading=\"lazy\" decoding=\"async\" width=\"1920\" height=\"963\" src=\"https:\/\/fotosenderismo.com\/wordpress\/wp-content\/uploads\/2023\/05\/CAMPDEVANOL-ESTIULA-EARTH-1.jpg\" alt=\"\" class=\"wp-image-21252\" srcset=\"https:\/\/fotosenderismo.com\/wordpress\/wp-content\/uploads\/2023\/05\/CAMPDEVANOL-ESTIULA-EARTH-1.jpg 1920w, https:\/\/fotosenderismo.com\/wordpress\/wp-content\/uploads\/2023\/05\/CAMPDEVANOL-ESTIULA-EARTH-1-300x150.jpg 300w, https:\/\/fotosenderismo.com\/wordpress\/wp-content\/uploads\/2023\/05\/CAMPDEVANOL-ESTIULA-EARTH-1-1024x514.jpg 1024w, https:\/\/fotosenderismo.com\/wordpress\/wp-content\/uploads\/2023\/05\/CAMPDEVANOL-ESTIULA-EARTH-1-768x385.jpg 768w, https:\/\/fotosenderismo.com\/wordpress\/wp-content\/uploads\/2023\/05\/CAMPDEVANOL-ESTIULA-EARTH-1-1536x770.jpg 1536w, https:\/\/fotosenderismo.com\/wordpress\/wp-content\/uploads\/2023\/05\/CAMPDEVANOL-ESTIULA-EARTH-1-1320x662.jpg 1320w\" sizes=\"auto, (max-width: 1920px) 100vw, 1920px\" \/><\/a><\/figure>\n\n\n\n<p><\/p>\n\n\n\n<figure class=\"wp-block-image size-full\"><a href=\"https:\/\/fotosenderismo.com\/wordpress\/wp-content\/uploads\/2023\/05\/CAMPDEVANOL-ESTIULA-EARTH-2.jpg\" target=\"_blank\" rel=\"noreferrer noopener\"><img loading=\"lazy\" decoding=\"async\" width=\"1920\" height=\"963\" src=\"https:\/\/fotosenderismo.com\/wordpress\/wp-content\/uploads\/2023\/05\/CAMPDEVANOL-ESTIULA-EARTH-2.jpg\" alt=\"\" class=\"wp-image-21253\" srcset=\"https:\/\/fotosenderismo.com\/wordpress\/wp-content\/uploads\/2023\/05\/CAMPDEVANOL-ESTIULA-EARTH-2.jpg 1920w, https:\/\/fotosenderismo.com\/wordpress\/wp-content\/uploads\/2023\/05\/CAMPDEVANOL-ESTIULA-EARTH-2-300x150.jpg 300w, https:\/\/fotosenderismo.com\/wordpress\/wp-content\/uploads\/2023\/05\/CAMPDEVANOL-ESTIULA-EARTH-2-1024x514.jpg 1024w, https:\/\/fotosenderismo.com\/wordpress\/wp-content\/uploads\/2023\/05\/CAMPDEVANOL-ESTIULA-EARTH-2-768x385.jpg 768w, https:\/\/fotosenderismo.com\/wordpress\/wp-content\/uploads\/2023\/05\/CAMPDEVANOL-ESTIULA-EARTH-2-1536x770.jpg 1536w, https:\/\/fotosenderismo.com\/wordpress\/wp-content\/uploads\/2023\/05\/CAMPDEVANOL-ESTIULA-EARTH-2-1320x662.jpg 1320w\" sizes=\"auto, (max-width: 1920px) 100vw, 1920px\" \/><\/a><\/figure>\n\n\n\n<p><\/p>\n\n\n\n<p><\/p>\n\n\n\n<figure class=\"wp-block-image size-full\"><a href=\"https:\/\/fotosenderismo.com\/wordpress\/wp-content\/uploads\/2023\/05\/CAMPDEVANOL-ESTIULA-PERFIL.jpg\" target=\"_blank\" rel=\"noreferrer noopener\"><img loading=\"lazy\" decoding=\"async\" width=\"1865\" height=\"679\" src=\"https:\/\/fotosenderismo.com\/wordpress\/wp-content\/uploads\/2023\/05\/CAMPDEVANOL-ESTIULA-PERFIL.jpg\" alt=\"\" class=\"wp-image-21256\" srcset=\"https:\/\/fotosenderismo.com\/wordpress\/wp-content\/uploads\/2023\/05\/CAMPDEVANOL-ESTIULA-PERFIL.jpg 1865w, https:\/\/fotosenderismo.com\/wordpress\/wp-content\/uploads\/2023\/05\/CAMPDEVANOL-ESTIULA-PERFIL-300x109.jpg 300w, https:\/\/fotosenderismo.com\/wordpress\/wp-content\/uploads\/2023\/05\/CAMPDEVANOL-ESTIULA-PERFIL-1024x373.jpg 1024w, https:\/\/fotosenderismo.com\/wordpress\/wp-content\/uploads\/2023\/05\/CAMPDEVANOL-ESTIULA-PERFIL-768x280.jpg 768w, https:\/\/fotosenderismo.com\/wordpress\/wp-content\/uploads\/2023\/05\/CAMPDEVANOL-ESTIULA-PERFIL-1536x559.jpg 1536w, https:\/\/fotosenderismo.com\/wordpress\/wp-content\/uploads\/2023\/05\/CAMPDEVANOL-ESTIULA-PERFIL-1320x481.jpg 1320w\" sizes=\"auto, (max-width: 1865px) 100vw, 1865px\" \/><\/a><\/figure>\n\n\n\n<p><\/p>\n\n\n\n<figure class=\"wp-block-image aligncenter size-full\"><img loading=\"lazy\" decoding=\"async\" width=\"419\" height=\"55\" src=\"https:\/\/fotosenderismo.com\/wordpress\/wp-content\/uploads\/2022\/02\/relacionadas-2-1.jpg\" alt=\"\" class=\"wp-image-21095\" srcset=\"https:\/\/fotosenderismo.com\/wordpress\/wp-content\/uploads\/2022\/02\/relacionadas-2-1.jpg 419w, https:\/\/fotosenderismo.com\/wordpress\/wp-content\/uploads\/2022\/02\/relacionadas-2-1-300x39.jpg 300w\" sizes=\"auto, (max-width: 419px) 100vw, 419px\" \/><\/figure>\n\n\n\n<figure class=\"wp-block-embed aligncenter is-type-wp-embed is-provider-fotosenderismo-com wp-block-embed-fotosenderismo-com\"><div class=\"wp-block-embed__wrapper\">\n<blockquote class=\"wp-embedded-content\" data-secret=\"8We8zW2eQb\"><a href=\"https:\/\/fotosenderismo.com\/wordpress\/index.php\/2020\/07\/21\/vallfogona-de-ripolles-pla-de-tolosic-coll-doli-la-cau-milany\/\">Vallfogona de Ripoll\u00e8s, Pla de Tolosic, Coll d&#8217;Oli, la Cau, Milany<\/a><\/blockquote><iframe loading=\"lazy\" class=\"wp-embedded-content\" sandbox=\"allow-scripts\" security=\"restricted\" style=\"position: absolute; clip: rect(1px, 1px, 1px, 1px);\" title=\"\u00abVallfogona de Ripoll\u00e8s, Pla de Tolosic, Coll d&#8217;Oli, la Cau, Milany\u00bb \u2014 FOTOSENDERISMO.COM\" src=\"https:\/\/fotosenderismo.com\/wordpress\/index.php\/2020\/07\/21\/vallfogona-de-ripolles-pla-de-tolosic-coll-doli-la-cau-milany\/embed\/#?secret=fmq1lF1YN1#?secret=8We8zW2eQb\" data-secret=\"8We8zW2eQb\" width=\"600\" height=\"338\" frameborder=\"0\" marginwidth=\"0\" marginheight=\"0\" scrolling=\"no\"><\/iframe>\n<\/div><\/figure>\n\n\n\n<figure class=\"wp-block-embed aligncenter is-type-wp-embed is-provider-fotosenderismo-com wp-block-embed-fotosenderismo-com\"><div class=\"wp-block-embed__wrapper\">\n<blockquote class=\"wp-embedded-content\" data-secret=\"hWuA601jqu\"><a href=\"https:\/\/fotosenderismo.com\/wordpress\/index.php\/2019\/05\/14\/serra-de-puigsestela-vallgona-de-ripolles-serrat-del-pollastre\/\">Serra de Puigsestela -Vallfogona de Ripoll\u00e9s. Serrat del Pollastre<\/a><\/blockquote><iframe loading=\"lazy\" class=\"wp-embedded-content\" sandbox=\"allow-scripts\" security=\"restricted\" style=\"position: absolute; clip: rect(1px, 1px, 1px, 1px);\" title=\"\u00abSerra de Puigsestela -Vallfogona de Ripoll\u00e9s. Serrat del Pollastre\u00bb \u2014 FOTOSENDERISMO.COM\" src=\"https:\/\/fotosenderismo.com\/wordpress\/index.php\/2019\/05\/14\/serra-de-puigsestela-vallgona-de-ripolles-serrat-del-pollastre\/embed\/#?secret=MSihqDHEfX#?secret=hWuA601jqu\" data-secret=\"hWuA601jqu\" width=\"600\" height=\"338\" frameborder=\"0\" marginwidth=\"0\" marginheight=\"0\" scrolling=\"no\"><\/iframe>\n<\/div><\/figure>\n\n\n\n<figure class=\"wp-block-embed aligncenter is-type-wp-embed is-provider-fotosenderismo-com wp-block-embed-fotosenderismo-com\"><div class=\"wp-block-embed__wrapper\">\n<blockquote class=\"wp-embedded-content\" data-secret=\"6vY1axgXf8\"><a href=\"https:\/\/fotosenderismo.com\/wordpress\/index.php\/2021\/11\/27\/campdevanol-sender-de-sant-roc-sant-roc-ripoll\/\">Campdev\u00e0nol, Sender de Sant Roc, Sant Roc, Ripoll<\/a><\/blockquote><iframe loading=\"lazy\" class=\"wp-embedded-content\" sandbox=\"allow-scripts\" security=\"restricted\" style=\"position: absolute; clip: rect(1px, 1px, 1px, 1px);\" title=\"\u00abCampdev\u00e0nol, Sender de Sant Roc, Sant Roc, Ripoll\u00bb \u2014 FOTOSENDERISMO.COM\" src=\"https:\/\/fotosenderismo.com\/wordpress\/index.php\/2021\/11\/27\/campdevanol-sender-de-sant-roc-sant-roc-ripoll\/embed\/#?secret=nyq9NVdxAY#?secret=6vY1axgXf8\" data-secret=\"6vY1axgXf8\" width=\"600\" height=\"338\" frameborder=\"0\" marginwidth=\"0\" marginheight=\"0\" scrolling=\"no\"><\/iframe>\n<\/div><\/figure>\n","protected":false},"excerpt":{"rendered":"<p>El objetivo de esta excursi\u00f3n \u00e9s el de visitar los santuarios de Sant Feliu d\u2019Estiula, Sant Marc d\u2019Estiula (que a su vez \u00e9s una cumbre de 1377 metros) y Sant Quint\u00ed de Puigrodon. Por supuesto, todos estos objetivos son, finalmente, una excusa para explorar el magn\u00edfico entorno en el que se hallan ubicados. El recorrido discurre por senderos, trochas, pistas de tierra, una v\u00eda verde, algo de pista asfaltada, y un trecho de bosque a trav\u00e9s, unos 200 metros. Tambi\u00e9n transita por muchos tramos marcados en amarillo, aunque el track no respeta sus trazados de forma exhaustiva. Adem\u00e1s, para enlazar los dos senderos amarillos de los cuales nos vamos a aprovechar, el de Sant Jaume de Frontany\u00e0 y el del Pedr\u00f3 del Tubau, hay que andar un buen rato por senderos sin marcar. El entorno natural es monta\u00f1oso, con dominancia del pino silvestre y el robledal. Si exceptuamos Sant Marc de l\u2019Estiula y Sant Quint\u00ed de Puigrodon, no hay grandes vistas, aunque el entorno es extraordinario.<\/p>\n","protected":false},"author":1,"featured_media":21254,"comment_status":"open","ping_status":"open","sticky":false,"template":"","format":"standard","meta":{"footnotes":""},"categories":[46,53,54,282,34,42,47,48],"tags":[187,98,177,223],"class_list":["post-21250","post","type-post","status-publish","format-standard","has-post-thumbnail","hentry","category-girona","category-ripolles","category-pirineo-de-gerona","category-203-entre-20-y-25-km","category-entre-500-y-1000-metros","category-senderismo","category-circular-tipo-de-recorrido","category-media-montana-o-terrenos-altos","tag-fotos-by-eduard","tag-98","tag-eduard","tag-track-en-wikiloc"],"_links":{"self":[{"href":"https:\/\/fotosenderismo.com\/wordpress\/index.php\/wp-json\/wp\/v2\/posts\/21250","targetHints":{"allow":["GET"]}}],"collection":[{"href":"https:\/\/fotosenderismo.com\/wordpress\/index.php\/wp-json\/wp\/v2\/posts"}],"about":[{"href":"https:\/\/fotosenderismo.com\/wordpress\/index.php\/wp-json\/wp\/v2\/types\/post"}],"author":[{"embeddable":true,"href":"https:\/\/fotosenderismo.com\/wordpress\/index.php\/wp-json\/wp\/v2\/users\/1"}],"replies":[{"embeddable":true,"href":"https:\/\/fotosenderismo.com\/wordpress\/index.php\/wp-json\/wp\/v2\/comments?post=21250"}],"version-history":[{"count":4,"href":"https:\/\/fotosenderismo.com\/wordpress\/index.php\/wp-json\/wp\/v2\/posts\/21250\/revisions"}],"predecessor-version":[{"id":22758,"href":"https:\/\/fotosenderismo.com\/wordpress\/index.php\/wp-json\/wp\/v2\/posts\/21250\/revisions\/22758"}],"wp:featuredmedia":[{"embeddable":true,"href":"https:\/\/fotosenderismo.com\/wordpress\/index.php\/wp-json\/wp\/v2\/media\/21254"}],"wp:attachment":[{"href":"https:\/\/fotosenderismo.com\/wordpress\/index.php\/wp-json\/wp\/v2\/media?parent=21250"}],"wp:term":[{"taxonomy":"category","embeddable":true,"href":"https:\/\/fotosenderismo.com\/wordpress\/index.php\/wp-json\/wp\/v2\/categories?post=21250"},{"taxonomy":"post_tag","embeddable":true,"href":"https:\/\/fotosenderismo.com\/wordpress\/index.php\/wp-json\/wp\/v2\/tags?post=21250"}],"curies":[{"name":"wp","href":"https:\/\/api.w.org\/{rel}","templated":true}]}}