{"id":20961,"date":"2021-11-27T17:39:00","date_gmt":"2021-11-27T17:39:00","guid":{"rendered":"https:\/\/fotosenderismo.com\/wordpress\/?p=20961"},"modified":"2024-02-14T15:19:10","modified_gmt":"2024-02-14T15:19:10","slug":"campdevanol-sender-de-sant-roc-sant-roc-ripoll","status":"publish","type":"post","link":"https:\/\/fotosenderismo.com\/wordpress\/index.php\/2021\/11\/27\/campdevanol-sender-de-sant-roc-sant-roc-ripoll\/","title":{"rendered":"Campdev\u00e0nol, Sender de Sant Roc, Sant Roc, Ripoll"},"content":{"rendered":"\n<p><\/p>\n\n\n\n<figure class=\"wp-block-image aligncenter size-full\"><a href=\"https:\/\/photos.app.goo.gl\/DCtdZknxrGykN2fk8\" target=\"_blank\" rel=\"noopener\"><img loading=\"lazy\" decoding=\"async\" width=\"400\" height=\"53\" src=\"https:\/\/fotosenderismo.com\/wordpress\/wp-content\/uploads\/2020\/07\/visualizar-galeria-fotos.jpg\" alt=\"\" class=\"wp-image-19221\" srcset=\"https:\/\/fotosenderismo.com\/wordpress\/wp-content\/uploads\/2020\/07\/visualizar-galeria-fotos.jpg 400w, https:\/\/fotosenderismo.com\/wordpress\/wp-content\/uploads\/2020\/07\/visualizar-galeria-fotos-300x40.jpg 300w\" sizes=\"auto, (max-width: 400px) 100vw, 400px\" \/><\/a><\/figure>\n\n\n\n<p><\/p>\n\n\n\n<figure class=\"wp-block-image size-full\"><a href=\"https:\/\/fotosenderismo.com\/wordpress\/wp-content\/uploads\/2021\/11\/CAMPDEVANOL-ROC-RIPOLL-DATOS.jpg\" target=\"_blank\" rel=\"noopener\"><img loading=\"lazy\" decoding=\"async\" width=\"1406\" height=\"955\" src=\"https:\/\/fotosenderismo.com\/wordpress\/wp-content\/uploads\/2021\/11\/CAMPDEVANOL-ROC-RIPOLL-DATOS.jpg\" alt=\"\" class=\"wp-image-20962\" srcset=\"https:\/\/fotosenderismo.com\/wordpress\/wp-content\/uploads\/2021\/11\/CAMPDEVANOL-ROC-RIPOLL-DATOS.jpg 1406w, https:\/\/fotosenderismo.com\/wordpress\/wp-content\/uploads\/2021\/11\/CAMPDEVANOL-ROC-RIPOLL-DATOS-300x204.jpg 300w, https:\/\/fotosenderismo.com\/wordpress\/wp-content\/uploads\/2021\/11\/CAMPDEVANOL-ROC-RIPOLL-DATOS-1024x696.jpg 1024w, https:\/\/fotosenderismo.com\/wordpress\/wp-content\/uploads\/2021\/11\/CAMPDEVANOL-ROC-RIPOLL-DATOS-768x522.jpg 768w, https:\/\/fotosenderismo.com\/wordpress\/wp-content\/uploads\/2021\/11\/CAMPDEVANOL-ROC-RIPOLL-DATOS-1320x897.jpg 1320w\" sizes=\"auto, (max-width: 1406px) 100vw, 1406px\" \/><\/a><\/figure>\n\n\n\n<p><\/p>\n\n\n\n<figure class=\"wp-block-image aligncenter size-full\"><a href=\"https:\/\/fotosenderismo.com\/wordpress\/wp-content\/uploads\/2021-11-27-CAMPDEVANOL-SANT-ROC-RIPOLL.gpx\"><img loading=\"lazy\" decoding=\"async\" width=\"400\" height=\"50\" src=\"https:\/\/fotosenderismo.com\/wordpress\/wp-content\/uploads\/2020\/07\/descargar-track.jpg\" alt=\"\" class=\"wp-image-19227\" srcset=\"https:\/\/fotosenderismo.com\/wordpress\/wp-content\/uploads\/2020\/07\/descargar-track.jpg 400w, https:\/\/fotosenderismo.com\/wordpress\/wp-content\/uploads\/2020\/07\/descargar-track-300x38.jpg 300w\" sizes=\"auto, (max-width: 400px) 100vw, 400px\" \/><\/a><\/figure>\n\n\n\n<p><\/p>\n\n\n\n<p style=\"text-align: justify;\"><span style=\"font-size: 14pt;\"><strong>Salida del 27 de noviembre de 2021<\/strong><\/span><br \/><br \/><span style=\"text-decoration: underline;\"><span style=\"font-size: 14pt;\"><strong>Objetivos<\/strong><\/span><\/span><br \/><br \/><span style=\"font-size: 14pt;\"><strong>El d\u00eda 20 de noviembre efectuamos una circular desde Campdev\u00e0nol para ascender hasta Sant Roc y Sant Grau. Para ello, utilizamos parte de un itinerario marcado procedente de Ripoll. El problema era que el tramo que utilizamos discurr\u00eda por una pista que hab\u00eda sido encementada, cosa que hac\u00eda, a pesar de que no se trate de un tramo feo o desagradable, que fuera algo tediosa de recorrer. Por ello, el d\u00eda 27 fui a buscar un ascenso alternativo hasta Sant Roc. As\u00ed, primero a trav\u00e9s de una trocha y, luego, mediante un sendero que asciende por el Collet de las Ferreres, acced\u00ed a la peque\u00f1a ermita. Despu\u00e9s, habiendo conseguido este objetivo, pens\u00e9 que pod\u00eda aprovechar el momento para dise\u00f1ar una circular bastante sencilla y accesible, que es precisamente la que os presento en esta entrada.<\/strong><\/span><br \/><br \/><span style=\"text-decoration: underline;\"><span style=\"font-size: 14pt;\"><strong>Caracter\u00edsticas generales<\/strong><\/span><\/span><br \/><br \/><span style=\"font-size: 14pt;\"><strong>Estamos en pleno Pirineo, pero no en la zona axial. El recorrido discurre por una de las monta\u00f1as que resguardan tanto Ripoll (al sur) como Campdevan\u00f2l (al oeste). Pasaremos por trochas, senderos, alguna pista asilvestrada y por una de las v\u00edas verdes que unen Ripoll y Campdev\u00e0nol. Encontraremos, principalmente, pinares y robledales. Disfrutaremos, igualmente, de unas excelentes vistas de las monta\u00f1as que rodean Ripoll.<\/strong><\/span><br \/><br \/><span style=\"text-decoration: underline;\"><span style=\"font-size: 14pt;\"><strong>Desarrollo de la salida<\/strong><\/span><\/span><br \/><br \/><span style=\"font-size: 14pt;\"><strong>Dej\u00e9 el coche en una bocacalle a la entrada de Campdev\u00e0nol, muy cerca de las carreteras de Gombr\u00e8n y de Ribes de Freser. Desde all\u00ed fui a buscar el sendero amarillo que va hasta Ripoll por la v\u00eda verde. Atravesando la carretera de Ribes, se anda un peque\u00f1o tramo por la misma en direcci\u00f3n sur hasta alcanzar la v\u00eda verde, a mano izquierda. Desde la v\u00eda verde seguiremos en direcci\u00f3n sur hasta el Km. 1,62 del recorrido.<\/strong><\/span><br \/><br \/><span style=\"font-size: 14pt;\"><strong>En ese punto (aproximado), a mano izquierda, veremos una pista. La tomaremos atravesando una puerta en un pastor el\u00e9ctrico y, al alcanzar la primera curva, a muy pocos metros, veremos una casa. A mano derecha de la misma veremos otra puerta en otro pastor el\u00e9ctrico. Pasado \u00e9sta, estamos ya en la trocha que une la v\u00eda verde con el sendero de Sant Roc. Al principio no es muy f\u00e1cil de rastrear, pero tampoco es muy dif\u00edcil y, si paramos un poco de atenci\u00f3n al suelo y al GPS, podremos seguirla sin grandes problemas.<\/strong><\/span><br \/><br \/><span style=\"font-size: 14pt;\"><strong>Sobre el Km. 2,20 del recorrido (siempre aproximadamente), enlazaremos con el sendero de Sant Roc. Est\u00e1, de vez en cuando, marcado con unas piedras pintadas en rojo. Tambi\u00e9n, m\u00e1s adelante, con cruces de tres aspas del mismo color. As\u00ed, atravesando algunas pistas, bosques y prados alcanzaremos el sendero marcado en amarillo que, proveniente de Ripoll, va hacia el Sant Amand y Saltor. Lo seguiremos hacia el sur hasta alcanzar la min\u00fascula ermita de Sant Roc.<\/strong><\/span><br \/><br \/><span style=\"font-size: 14pt;\"><strong>Desde Sant Roc, iremos descendiendo por el sendero, tambi\u00e9n por prados y bosques, hasta Ripoll. En la calle del Raval de Sant Pere enlazaremos con las marcas amarillas que indican que estamos en la v\u00eda verde que nos devolver\u00e1 a Campdev\u00e0nol.<\/strong><\/span><br \/><br \/><span style=\"text-decoration: underline;\"><span style=\"font-size: 14pt;\"><strong>Dificultades<\/strong><\/span><\/span><br \/><br \/><span style=\"font-size: 14pt;\"><strong>S\u00f3lo tendremos alg\u00fan problema para seguir la trocha que desde la v\u00eda verde asciende hasta el sendero rojo de Sant Roc. Quiz\u00e1, tambi\u00e9n, en ese mismo sendero y en alg\u00fan punto concreto. Sin embargo, no se trata de excesivas dificultades, ya que con un poco de atenci\u00f3n al GPS son f\u00e1ciles de solventar.<\/strong><\/span><\/p>\n\n\n\n<p><\/p>\n\n\n\n<figure class=\"wp-block-image size-full\"><a href=\"https:\/\/fotosenderismo.com\/wordpress\/wp-content\/uploads\/2021\/11\/CAMPDEVANOL-ROC-RIPOLL-MAPA.jpg\" target=\"_blank\" rel=\"noopener\"><img loading=\"lazy\" decoding=\"async\" width=\"1895\" height=\"1791\" src=\"https:\/\/fotosenderismo.com\/wordpress\/wp-content\/uploads\/2021\/11\/CAMPDEVANOL-ROC-RIPOLL-MAPA.jpg\" alt=\"\" class=\"wp-image-20966\" srcset=\"https:\/\/fotosenderismo.com\/wordpress\/wp-content\/uploads\/2021\/11\/CAMPDEVANOL-ROC-RIPOLL-MAPA.jpg 1895w, https:\/\/fotosenderismo.com\/wordpress\/wp-content\/uploads\/2021\/11\/CAMPDEVANOL-ROC-RIPOLL-MAPA-300x284.jpg 300w, https:\/\/fotosenderismo.com\/wordpress\/wp-content\/uploads\/2021\/11\/CAMPDEVANOL-ROC-RIPOLL-MAPA-1024x968.jpg 1024w, https:\/\/fotosenderismo.com\/wordpress\/wp-content\/uploads\/2021\/11\/CAMPDEVANOL-ROC-RIPOLL-MAPA-768x726.jpg 768w, https:\/\/fotosenderismo.com\/wordpress\/wp-content\/uploads\/2021\/11\/CAMPDEVANOL-ROC-RIPOLL-MAPA-1536x1452.jpg 1536w, https:\/\/fotosenderismo.com\/wordpress\/wp-content\/uploads\/2021\/11\/CAMPDEVANOL-ROC-RIPOLL-MAPA-1320x1248.jpg 1320w\" sizes=\"auto, (max-width: 1895px) 100vw, 1895px\" \/><\/a><\/figure>\n\n\n\n<p><\/p>\n\n\n\n<iframe loading=\"lazy\" frameBorder=\"0\" scrolling=\"no\" src=\"https:\/\/es.wikiloc.com\/wikiloc\/spatialArtifacts.do?event=view&#038;id=89725878&#038;measures=on&#038;title=on&#038;near=on&#038;images=on&#038;maptype=H\" width=\"1100\" height=\"1000\"><\/iframe><div style=\"color:#777;font-size:11px;line-height:16px;\">Powered by <a style=\"color:#06d;font-size:11px;line-height:16px;\" target=\"_blank\" href=\"https:\/\/es.wikiloc.com\" rel=\"noopener\">Wikiloc<\/a><\/div>\n\n\n\n<p><\/p>\n\n\n\n<figure class=\"wp-block-image size-full\"><a href=\"https:\/\/fotosenderismo.com\/wordpress\/wp-content\/uploads\/2021\/11\/CAMPDEVANOL-ROC-RIPOLL-EARTH-1.jpg\" target=\"_blank\" rel=\"noopener\"><img loading=\"lazy\" decoding=\"async\" width=\"1920\" height=\"965\" src=\"https:\/\/fotosenderismo.com\/wordpress\/wp-content\/uploads\/2021\/11\/CAMPDEVANOL-ROC-RIPOLL-EARTH-1.jpg\" alt=\"\" class=\"wp-image-20963\" srcset=\"https:\/\/fotosenderismo.com\/wordpress\/wp-content\/uploads\/2021\/11\/CAMPDEVANOL-ROC-RIPOLL-EARTH-1.jpg 1920w, https:\/\/fotosenderismo.com\/wordpress\/wp-content\/uploads\/2021\/11\/CAMPDEVANOL-ROC-RIPOLL-EARTH-1-300x151.jpg 300w, https:\/\/fotosenderismo.com\/wordpress\/wp-content\/uploads\/2021\/11\/CAMPDEVANOL-ROC-RIPOLL-EARTH-1-1024x515.jpg 1024w, https:\/\/fotosenderismo.com\/wordpress\/wp-content\/uploads\/2021\/11\/CAMPDEVANOL-ROC-RIPOLL-EARTH-1-768x386.jpg 768w, https:\/\/fotosenderismo.com\/wordpress\/wp-content\/uploads\/2021\/11\/CAMPDEVANOL-ROC-RIPOLL-EARTH-1-1536x772.jpg 1536w, https:\/\/fotosenderismo.com\/wordpress\/wp-content\/uploads\/2021\/11\/CAMPDEVANOL-ROC-RIPOLL-EARTH-1-1320x663.jpg 1320w\" sizes=\"auto, (max-width: 1920px) 100vw, 1920px\" \/><\/a><\/figure>\n\n\n\n<p><\/p>\n\n\n\n<figure class=\"wp-block-image size-full\"><a href=\"https:\/\/fotosenderismo.com\/wordpress\/wp-content\/uploads\/2021\/11\/CAMPDEVANOL-ROC-RIPOLL-EARTH-2.jpg\" target=\"_blank\" rel=\"noopener\"><img loading=\"lazy\" decoding=\"async\" width=\"1920\" height=\"965\" src=\"https:\/\/fotosenderismo.com\/wordpress\/wp-content\/uploads\/2021\/11\/CAMPDEVANOL-ROC-RIPOLL-EARTH-2.jpg\" alt=\"\" class=\"wp-image-20964\" srcset=\"https:\/\/fotosenderismo.com\/wordpress\/wp-content\/uploads\/2021\/11\/CAMPDEVANOL-ROC-RIPOLL-EARTH-2.jpg 1920w, https:\/\/fotosenderismo.com\/wordpress\/wp-content\/uploads\/2021\/11\/CAMPDEVANOL-ROC-RIPOLL-EARTH-2-300x151.jpg 300w, https:\/\/fotosenderismo.com\/wordpress\/wp-content\/uploads\/2021\/11\/CAMPDEVANOL-ROC-RIPOLL-EARTH-2-1024x515.jpg 1024w, https:\/\/fotosenderismo.com\/wordpress\/wp-content\/uploads\/2021\/11\/CAMPDEVANOL-ROC-RIPOLL-EARTH-2-768x386.jpg 768w, https:\/\/fotosenderismo.com\/wordpress\/wp-content\/uploads\/2021\/11\/CAMPDEVANOL-ROC-RIPOLL-EARTH-2-1536x772.jpg 1536w, https:\/\/fotosenderismo.com\/wordpress\/wp-content\/uploads\/2021\/11\/CAMPDEVANOL-ROC-RIPOLL-EARTH-2-1320x663.jpg 1320w\" sizes=\"auto, (max-width: 1920px) 100vw, 1920px\" \/><\/a><\/figure>\n\n\n\n<p><\/p>\n\n\n\n<figure class=\"wp-block-image size-full\"><a href=\"https:\/\/fotosenderismo.com\/wordpress\/wp-content\/uploads\/2021\/11\/CAMPDEVANOL-ROC-RIPOLL-PERFIL.jpg\" target=\"_blank\" rel=\"noopener\"><img loading=\"lazy\" decoding=\"async\" width=\"1888\" height=\"544\" src=\"https:\/\/fotosenderismo.com\/wordpress\/wp-content\/uploads\/2021\/11\/CAMPDEVANOL-ROC-RIPOLL-PERFIL.jpg\" alt=\"\" class=\"wp-image-20967\" srcset=\"https:\/\/fotosenderismo.com\/wordpress\/wp-content\/uploads\/2021\/11\/CAMPDEVANOL-ROC-RIPOLL-PERFIL.jpg 1888w, https:\/\/fotosenderismo.com\/wordpress\/wp-content\/uploads\/2021\/11\/CAMPDEVANOL-ROC-RIPOLL-PERFIL-300x86.jpg 300w, https:\/\/fotosenderismo.com\/wordpress\/wp-content\/uploads\/2021\/11\/CAMPDEVANOL-ROC-RIPOLL-PERFIL-1024x295.jpg 1024w, https:\/\/fotosenderismo.com\/wordpress\/wp-content\/uploads\/2021\/11\/CAMPDEVANOL-ROC-RIPOLL-PERFIL-768x221.jpg 768w, https:\/\/fotosenderismo.com\/wordpress\/wp-content\/uploads\/2021\/11\/CAMPDEVANOL-ROC-RIPOLL-PERFIL-1536x443.jpg 1536w, https:\/\/fotosenderismo.com\/wordpress\/wp-content\/uploads\/2021\/11\/CAMPDEVANOL-ROC-RIPOLL-PERFIL-1320x380.jpg 1320w\" sizes=\"auto, (max-width: 1888px) 100vw, 1888px\" \/><\/a><\/figure>\n\n\n\n<p><\/p>\n\n\n\n<figure class=\"wp-block-image aligncenter size-full\"><img loading=\"lazy\" decoding=\"async\" width=\"261\" height=\"37\" src=\"https:\/\/fotosenderismo.com\/wordpress\/wp-content\/uploads\/2020\/07\/RELACIONADAS-1.jpg\" alt=\"\" class=\"wp-image-19229\"\/><\/figure>\n\n\n\n<p><\/p>\n\n\n\n<figure class=\"wp-block-embed aligncenter is-type-wp-embed is-provider-fotosenderismo-com wp-block-embed-fotosenderismo-com\"><div class=\"wp-block-embed__wrapper\">\n<blockquote class=\"wp-embedded-content\" data-secret=\"p2EVRYU8Kj\"><a href=\"https:\/\/fotosenderismo.com\/wordpress\/index.php\/2021\/06\/13\/campdevanol-colonia-molinou-sant-grau-saltor\/\">Campdev\u00e0nol, Col\u00f2nia Molinou, Sant Grau, Saltor<\/a><\/blockquote><iframe loading=\"lazy\" class=\"wp-embedded-content\" sandbox=\"allow-scripts\" security=\"restricted\" style=\"position: absolute; clip: rect(1px, 1px, 1px, 1px);\" title=\"\u00abCampdev\u00e0nol, Col\u00f2nia Molinou, Sant Grau, Saltor\u00bb \u2014 FOTOSENDERISMO.COM\" src=\"https:\/\/fotosenderismo.com\/wordpress\/index.php\/2021\/06\/13\/campdevanol-colonia-molinou-sant-grau-saltor\/embed\/#?secret=cUpeJwfFD6#?secret=p2EVRYU8Kj\" data-secret=\"p2EVRYU8Kj\" width=\"600\" height=\"338\" frameborder=\"0\" marginwidth=\"0\" marginheight=\"0\" scrolling=\"no\"><\/iframe>\n<\/div><\/figure>\n\n\n\n<figure class=\"wp-block-embed aligncenter is-type-wp-embed is-provider-fotosenderismo-com wp-block-embed-fotosenderismo-com\"><div class=\"wp-block-embed__wrapper\">\n<blockquote class=\"wp-embedded-content\" data-secret=\"CPMp5VBS9o\"><a href=\"https:\/\/fotosenderismo.com\/wordpress\/index.php\/2020\/11\/25\/campdevanol-ruta-natura-sant-pere-dauira-2-pla-de-la-tomba-coll-de-la-batalla\/\">Campdevanol. Ruta Natura Sant Pere d&#8217;A\u00fcira (2). Pla de la Tomba, Coll de la Batalla<\/a><\/blockquote><iframe loading=\"lazy\" class=\"wp-embedded-content\" sandbox=\"allow-scripts\" security=\"restricted\" style=\"position: absolute; clip: rect(1px, 1px, 1px, 1px);\" title=\"\u00abCampdevanol. Ruta Natura Sant Pere d&#8217;A\u00fcira (2). Pla de la Tomba, Coll de la Batalla\u00bb \u2014 FOTOSENDERISMO.COM\" src=\"https:\/\/fotosenderismo.com\/wordpress\/index.php\/2020\/11\/25\/campdevanol-ruta-natura-sant-pere-dauira-2-pla-de-la-tomba-coll-de-la-batalla\/embed\/#?secret=m0DZnOXRYm#?secret=CPMp5VBS9o\" data-secret=\"CPMp5VBS9o\" width=\"600\" height=\"338\" frameborder=\"0\" marginwidth=\"0\" marginheight=\"0\" scrolling=\"no\"><\/iframe>\n<\/div><\/figure>\n\n\n\n<figure class=\"wp-block-embed aligncenter is-type-wp-embed is-provider-fotosenderismo-com wp-block-embed-fotosenderismo-com\"><div class=\"wp-block-embed__wrapper\">\n<blockquote class=\"wp-embedded-content\" data-secret=\"zkrHvnhYVU\"><a href=\"https:\/\/fotosenderismo.com\/wordpress\/index.php\/2020\/10\/16\/bruguera-puig-de-sant-amad-saltor\/\">Bruguera, Puig de Sant Amand, Saltor<\/a><\/blockquote><iframe loading=\"lazy\" class=\"wp-embedded-content\" sandbox=\"allow-scripts\" security=\"restricted\" style=\"position: absolute; clip: rect(1px, 1px, 1px, 1px);\" title=\"\u00abBruguera, Puig de Sant Amand, Saltor\u00bb \u2014 FOTOSENDERISMO.COM\" src=\"https:\/\/fotosenderismo.com\/wordpress\/index.php\/2020\/10\/16\/bruguera-puig-de-sant-amad-saltor\/embed\/#?secret=d2SUvULzU5#?secret=zkrHvnhYVU\" data-secret=\"zkrHvnhYVU\" width=\"600\" height=\"338\" frameborder=\"0\" marginwidth=\"0\" marginheight=\"0\" scrolling=\"no\"><\/iframe>\n<\/div><\/figure>\n","protected":false},"excerpt":{"rendered":"<p>El d\u00eda 20 de noviembre efectuamos una circular desde Campdev\u00e0nol para ascender hasta Sant Roc y Sant Grau. Para ello, utilizamos parte de un itinerario marcado procedente de Ripoll. El problema era que el tramo que utilizamos discurr\u00eda por una pista que hab\u00eda sido encementada, cosa que hac\u00eda, a pesar de que no se trate de un tramo feo o desagradable, que fuera algo tediosa de recorrer. Por ello, el d\u00eda 27 fui a buscar un ascenso alternativo hasta Sant Roc. As\u00ed, primero a trav\u00e9s de una trocha y, luego, mediante un sendero que asciende por el Collet de las Ferreres, acced\u00ed a la peque\u00f1a ermita. Despu\u00e9s, habiendo conseguido este objetivo, pens\u00e9 que pod\u00eda aprovechar el momento para dise\u00f1ar una circular bastante sencilla y accesible, que es precisamente la que os presento en esta entrada.<\/p>\n","protected":false},"author":1,"featured_media":20965,"comment_status":"open","ping_status":"open","sticky":false,"template":"","format":"standard","meta":{"footnotes":""},"categories":[46,53,54,288,33,42,47,60],"tags":[187,98,177,223],"class_list":["post-20961","post","type-post","status-publish","format-standard","has-post-thumbnail","hentry","category-girona","category-ripolles","category-pirineo-de-gerona","category-201-entre-5-y-10-km","category-menos-de-500","category-senderismo","category-circular-tipo-de-recorrido","category-baja-montana-o-tierras-a-media-altitud","tag-fotos-by-eduard","tag-98","tag-eduard","tag-track-en-wikiloc"],"_links":{"self":[{"href":"https:\/\/fotosenderismo.com\/wordpress\/index.php\/wp-json\/wp\/v2\/posts\/20961","targetHints":{"allow":["GET"]}}],"collection":[{"href":"https:\/\/fotosenderismo.com\/wordpress\/index.php\/wp-json\/wp\/v2\/posts"}],"about":[{"href":"https:\/\/fotosenderismo.com\/wordpress\/index.php\/wp-json\/wp\/v2\/types\/post"}],"author":[{"embeddable":true,"href":"https:\/\/fotosenderismo.com\/wordpress\/index.php\/wp-json\/wp\/v2\/users\/1"}],"replies":[{"embeddable":true,"href":"https:\/\/fotosenderismo.com\/wordpress\/index.php\/wp-json\/wp\/v2\/comments?post=20961"}],"version-history":[{"count":3,"href":"https:\/\/fotosenderismo.com\/wordpress\/index.php\/wp-json\/wp\/v2\/posts\/20961\/revisions"}],"predecessor-version":[{"id":22789,"href":"https:\/\/fotosenderismo.com\/wordpress\/index.php\/wp-json\/wp\/v2\/posts\/20961\/revisions\/22789"}],"wp:featuredmedia":[{"embeddable":true,"href":"https:\/\/fotosenderismo.com\/wordpress\/index.php\/wp-json\/wp\/v2\/media\/20965"}],"wp:attachment":[{"href":"https:\/\/fotosenderismo.com\/wordpress\/index.php\/wp-json\/wp\/v2\/media?parent=20961"}],"wp:term":[{"taxonomy":"category","embeddable":true,"href":"https:\/\/fotosenderismo.com\/wordpress\/index.php\/wp-json\/wp\/v2\/categories?post=20961"},{"taxonomy":"post_tag","embeddable":true,"href":"https:\/\/fotosenderismo.com\/wordpress\/index.php\/wp-json\/wp\/v2\/tags?post=20961"}],"curies":[{"name":"wp","href":"https:\/\/api.w.org\/{rel}","templated":true}]}}