{"id":20898,"date":"2021-10-26T17:43:35","date_gmt":"2021-10-26T17:43:35","guid":{"rendered":"https:\/\/fotosenderismo.com\/wordpress\/?p=20898"},"modified":"2024-02-14T15:28:03","modified_gmt":"2024-02-14T15:28:03","slug":"camprodon-sender-de-les-boleteres-sant-antoni-tres-cims-sender-del-bac-de-la-vila","status":"publish","type":"post","link":"https:\/\/fotosenderismo.com\/wordpress\/index.php\/2021\/10\/26\/camprodon-sender-de-les-boleteres-sant-antoni-tres-cims-sender-del-bac-de-la-vila\/","title":{"rendered":"Camprodon, Sender de les Boleteres, Sant Antoni (tres cims), Sender del Bac de la Vila"},"content":{"rendered":"\n<p><\/p>\n\n\n\n<figure class=\"wp-block-image aligncenter size-full\"><a href=\"https:\/\/photos.app.goo.gl\/AQUtH9VWdCUTDqSk9\" target=\"_blank\" rel=\"noopener\"><img loading=\"lazy\" decoding=\"async\" width=\"400\" height=\"53\" src=\"https:\/\/fotosenderismo.com\/wordpress\/wp-content\/uploads\/2020\/07\/visualizar-galeria-fotos.jpg\" alt=\"\" class=\"wp-image-19221\" srcset=\"https:\/\/fotosenderismo.com\/wordpress\/wp-content\/uploads\/2020\/07\/visualizar-galeria-fotos.jpg 400w, https:\/\/fotosenderismo.com\/wordpress\/wp-content\/uploads\/2020\/07\/visualizar-galeria-fotos-300x40.jpg 300w\" sizes=\"auto, (max-width: 400px) 100vw, 400px\" \/><\/a><\/figure>\n\n\n\n<p><\/p>\n\n\n\n<figure class=\"wp-block-image size-full\"><a href=\"https:\/\/fotosenderismo.com\/wordpress\/wp-content\/uploads\/2021\/10\/TRES-SANT-ANTONIS-DATOSjpg.jpg\" target=\"_blank\" rel=\"noopener\"><img loading=\"lazy\" decoding=\"async\" width=\"1334\" height=\"984\" src=\"https:\/\/fotosenderismo.com\/wordpress\/wp-content\/uploads\/2021\/10\/TRES-SANT-ANTONIS-DATOSjpg.jpg\" alt=\"\" class=\"wp-image-20899\" srcset=\"https:\/\/fotosenderismo.com\/wordpress\/wp-content\/uploads\/2021\/10\/TRES-SANT-ANTONIS-DATOSjpg.jpg 1334w, https:\/\/fotosenderismo.com\/wordpress\/wp-content\/uploads\/2021\/10\/TRES-SANT-ANTONIS-DATOSjpg-300x221.jpg 300w, https:\/\/fotosenderismo.com\/wordpress\/wp-content\/uploads\/2021\/10\/TRES-SANT-ANTONIS-DATOSjpg-1024x755.jpg 1024w, https:\/\/fotosenderismo.com\/wordpress\/wp-content\/uploads\/2021\/10\/TRES-SANT-ANTONIS-DATOSjpg-768x567.jpg 768w, https:\/\/fotosenderismo.com\/wordpress\/wp-content\/uploads\/2021\/10\/TRES-SANT-ANTONIS-DATOSjpg-1320x974.jpg 1320w\" sizes=\"auto, (max-width: 1334px) 100vw, 1334px\" \/><\/a><\/figure>\n\n\n\n<p><\/p>\n\n\n\n<figure class=\"wp-block-image aligncenter size-full\"><a href=\"https:\/\/fotosenderismo.com\/wordpress\/wp-content\/uploads\/2021-07-02-CAMPRODON-TRES-SANT-ANTONIS-2.gpx\"><img loading=\"lazy\" decoding=\"async\" width=\"400\" height=\"50\" src=\"https:\/\/fotosenderismo.com\/wordpress\/wp-content\/uploads\/2020\/07\/descargar-track.jpg\" alt=\"\" class=\"wp-image-19227\" srcset=\"https:\/\/fotosenderismo.com\/wordpress\/wp-content\/uploads\/2020\/07\/descargar-track.jpg 400w, https:\/\/fotosenderismo.com\/wordpress\/wp-content\/uploads\/2020\/07\/descargar-track-300x38.jpg 300w\" sizes=\"auto, (max-width: 400px) 100vw, 400px\" \/><\/a><\/figure>\n\n\n\n<p><\/p>\n\n\n\n<div class=\"description dont-break-out \" style=\"text-align: justify;\"><strong><span style=\"font-size: 14pt;\">Salida del 2 de julio del 2021 en la zona de Camprodon, en el Ripoll\u00e9s <\/span><\/strong><br \/><strong><span style=\"font-size: 14pt;\">Track rectificado el 26 de octubre del 2021 <\/span><\/strong><br \/><br \/><span style=\"text-decoration: underline;\"><strong><span style=\"font-size: 14pt;\">Objetivos <\/span><\/strong><\/span><br \/><br \/><strong><span style=\"font-size: 14pt;\">El objetivo es el de explorar el Sender de les Boleteres y el Sender del Bac de la Vila. Adem\u00e1s, se pretende ascender a las tres cumbres con el mismo nombre de la monta\u00f1a de Sant Antoni, aunque una de ellas es Sant Antoni Vell. La m\u00e1s destacada y popular es, sin embargo, la que est\u00e1 culminada con la ermita dedicada a este santo. <\/span><\/strong><br \/><br \/><strong><span style=\"font-size: 14pt;\"><span style=\"text-decoration: underline;\">Caracter\u00edsticas generales<\/span> <\/span><\/strong><br \/><br \/><strong><span style=\"font-size: 14pt;\">Se trata de una salida de media monta\u00f1a que discurre, principalmente, por senderos. Dos est\u00e1n sin marcar y, en algunos puntos, son bastante dif\u00edciles de rastrear. Dominan, principalmente, los robles, aunque tambi\u00e9n encontraremos otras frondosas como hayas. Tiene un sendero muy empinado y resbaladizo. <\/span><\/strong><br \/><br \/><span style=\"text-decoration: underline;\"><strong><span style=\"font-size: 14pt;\">Desarrollo de la salida <\/span><\/strong><\/span><br \/><br \/><strong><span style=\"font-size: 14pt;\">Dej\u00e9 el coche en el aparcamiento ajardinado del Parc Mare de la Font. Desde all\u00ed se ha de buscar la senda de la Boletera. Est\u00e1 oculta por la maleza a mano izquierda (siguiendo la direcci\u00f3n contraria al reloj), a unos 40 metros pasado el lago y detr\u00e1s de la nave industrial de Casanovas Germans, SA. Debemos encontrar un peque\u00f1o hito de color verde. Me cost\u00f3 de ver porque estaba oculto por la hierba. <\/span><\/strong><br \/><br \/><strong><span style=\"font-size: 14pt;\">A partir de all\u00ed comenzaremos a caminar por un sendero sin marcar, que atraviesa tanto bosques profundos como prados soleados y terrenos \u00e1speros y rocosos. Sobre el kil\u00f3metro 2,57 de recorrido (aproximadamente) viraremos abruptamente para introducirnos en la vaguada del Creixenturi. Antes habremos pasado por tramos de dif\u00edcil rastreo. Hay que andar con cuidado para no perderse. Al final daremos con el sendero amarillo que viene del Santuari del Remei. Ascenderemos por \u00e9l hasta el Collet d\u2019en Sivilla. All\u00ed hay un cruce de senderos. Tomaremos el que asciende a Sant Antoni. <\/span><\/strong><br \/><br \/><strong><span style=\"font-size: 14pt;\">Al llegar al Pla de Bonaire tomaremos una trocha en suave ascenso hasta la primera cota con el nombre de Sant Antoni. Hay un v\u00e9rtice geod\u00e9sico y muy buena vista. Despu\u00e9s volveremos al Pla de Bonaire y nos dirigiremos, por pista y en direcci\u00f3n a las antenas, a la Collada dels Malalts. Desde esta collada viraremos abruptamente en ascenso para subir hasta la ermita. Desde la ermita tambi\u00e9n hay vistas inmejorables, tanto hacia el Pirineo como hacia el Prepirineo y hacia la Alta Garrotxa. <\/span><\/strong><br \/><br \/><strong><span style=\"font-size: 14pt;\">Posteriormente, iremos a buscar el sendero que desciende de la cumbre por la parte opuesta (oeste). Lo encontraremos f\u00e1cilmente porque hay unas escaleras de piedra que bajan. Por \u00e9l alcanzaremos el Collet de Sant Antoni. Desde all\u00ed ascenderemos por sendero hasta Sant Antoni Vell. Est\u00e1 se\u00f1alado mediante un poste indicador, pero es bastante dif\u00edcil de seguir, adem\u00e1s de abrupto, empinado y resbaladizo, principalmente al final. Tambi\u00e9n est\u00e1 bastante enmara\u00f1ado y es por todo este tramo que considero esta salida dif\u00edcil. De todas formas, si no queremos complicarnos m\u00e1s, podemos omitir esta parte. La excursi\u00f3n seguir\u00e1 siendo magn\u00edfica. En la cumbre busqu\u00e9 alguna ruina, suponiendo que all\u00ed, a causa de la momenclatura del lugar, ten\u00eda que haber el resto de alg\u00fan santuario. No encontr\u00e9 nada. <\/span><\/strong><br \/><br \/><strong><span style=\"font-size: 14pt;\">Despu\u00e9s volv\u00ed al Collet de Sant Antoni por el mismo camino abrupto. Desde all\u00ed tomaremos el sendero amarillo que desciende hasta el club de golf de Camprodon. Antes de llegar al club, sin embargo, nos desviaremos hacia el sendero del Bac de la Vila. Tambi\u00e9n es dif\u00edcil de seguir. Desgraciadamente, sobre el kil\u00f3metro 7, 8 del track lo perd\u00ed. En lugar de volver hacia atr\u00e1s para buscarlo, tom\u00e9 la decisi\u00f3n de bajar bosque a trav\u00e9s hacia una pista cercana. El terreno no era malo, pero la mala fortuna decidi\u00f3 que resbalara. A consecuencia de la ca\u00edda sufr\u00ed la ruptura de la mu\u00f1eca izquierda. Afortunadamente, aunque tuve que superar tres vallas de contenci\u00f3n de ganado, la pista estaba cerca, as\u00ed como Camprodon y su Centro de Atenci\u00f3n Primaria. <\/span><\/strong><br \/><br \/><strong><span style=\"font-size: 14pt;\">El d\u00eda 26\/10\/21 regres\u00e9 a grabar el tramo de track que faltaba para completar la circular. Se trata del sector del Sender del Bac de la Vila. Aunque tiene marcas rojas y alguna amarilla (todas bastante desgastadas), tambi\u00e9n, en algunos puntos, es dif\u00edcil de rastrear. Tiene tramos estrechos y resbaladizos. <\/span><\/strong><br \/><br \/><strong><span style=\"font-size: 14pt;\"><span style=\"text-decoration: underline;\">Dificultades<\/span> <\/span><\/strong><br \/><br \/><strong><span style=\"font-size: 14pt;\">Como he explicado, la salida tiene tramos de dif\u00edcil rastreo. Adem\u00e1s de la cuesta abrupta y resbaladiza de Sant Antoni Vell. Si queremos omitirla, la excursi\u00f3n descender\u00e1 de dificultad, aunque tampoco ser\u00e1 f\u00e1cil. <\/span><\/strong><br \/><br \/><strong><span style=\"font-size: 14pt;\"><span style=\"text-decoration: underline;\">Consideraciones t\u00e9cnicas<\/span> <\/span><\/strong><br \/><br \/><strong><span style=\"font-size: 14pt;\">He unido el track del 2 de julio con el del 26 de octubre con el programa TrackMaker. Despu\u00e9s he editado los valores temporales para que no de errores en los dispositivos GPS. Esta funci\u00f3n la he ejecutado con Twonav Land, calculando una media de 3 km\/h.<\/span><\/strong><\/div>\n<div id=\"comments\">\n<h2 id=\"ncomments-inf\">\u00a0<\/h2>\n<\/div>\n\n\n\n<p><\/p>\n\n\n\n<figure class=\"wp-block-image size-full\"><a href=\"https:\/\/fotosenderismo.com\/wordpress\/wp-content\/uploads\/2021\/10\/TRES-SANT-ANTONIS-MAPA.jpg\" target=\"_blank\" rel=\"noopener\"><img loading=\"lazy\" decoding=\"async\" width=\"1920\" height=\"1080\" src=\"https:\/\/fotosenderismo.com\/wordpress\/wp-content\/uploads\/2021\/10\/TRES-SANT-ANTONIS-MAPA.jpg\" alt=\"\" class=\"wp-image-20903\" srcset=\"https:\/\/fotosenderismo.com\/wordpress\/wp-content\/uploads\/2021\/10\/TRES-SANT-ANTONIS-MAPA.jpg 1920w, https:\/\/fotosenderismo.com\/wordpress\/wp-content\/uploads\/2021\/10\/TRES-SANT-ANTONIS-MAPA-300x169.jpg 300w, https:\/\/fotosenderismo.com\/wordpress\/wp-content\/uploads\/2021\/10\/TRES-SANT-ANTONIS-MAPA-1024x576.jpg 1024w, https:\/\/fotosenderismo.com\/wordpress\/wp-content\/uploads\/2021\/10\/TRES-SANT-ANTONIS-MAPA-768x432.jpg 768w, https:\/\/fotosenderismo.com\/wordpress\/wp-content\/uploads\/2021\/10\/TRES-SANT-ANTONIS-MAPA-1536x864.jpg 1536w, https:\/\/fotosenderismo.com\/wordpress\/wp-content\/uploads\/2021\/10\/TRES-SANT-ANTONIS-MAPA-1320x743.jpg 1320w\" sizes=\"auto, (max-width: 1920px) 100vw, 1920px\" \/><\/a><\/figure>\n\n\n\n<p><\/p>\n\n\n\n<iframe loading=\"lazy\" frameBorder=\"0\" scrolling=\"no\" src=\"https:\/\/es.wikiloc.com\/wikiloc\/spatialArtifacts.do?event=view&#038;id=87442906&#038;measures=on&#038;title=on&#038;near=on&#038;images=on&#038;maptype=H\" width=\"1000\" height=\"1000\"><\/iframe><div style=\"color:#777;font-size:11px;line-height:16px;\">Powered by <a style=\"color:#06d;font-size:11px;line-height:16px;\" target=\"_blank\" href=\"https:\/\/es.wikiloc.com\" rel=\"noopener\">Wikiloc<\/a><\/div>\n\n\n\n<p><\/p>\n\n\n\n<figure class=\"wp-block-image size-full\"><a href=\"https:\/\/fotosenderismo.com\/wordpress\/wp-content\/uploads\/2021\/10\/TRES-SANT-ANTONIS-EARTH-1.jpg\" target=\"_blank\" rel=\"noopener\"><img loading=\"lazy\" decoding=\"async\" width=\"1920\" height=\"971\" src=\"https:\/\/fotosenderismo.com\/wordpress\/wp-content\/uploads\/2021\/10\/TRES-SANT-ANTONIS-EARTH-1.jpg\" alt=\"\" class=\"wp-image-20900\" srcset=\"https:\/\/fotosenderismo.com\/wordpress\/wp-content\/uploads\/2021\/10\/TRES-SANT-ANTONIS-EARTH-1.jpg 1920w, https:\/\/fotosenderismo.com\/wordpress\/wp-content\/uploads\/2021\/10\/TRES-SANT-ANTONIS-EARTH-1-300x152.jpg 300w, https:\/\/fotosenderismo.com\/wordpress\/wp-content\/uploads\/2021\/10\/TRES-SANT-ANTONIS-EARTH-1-1024x518.jpg 1024w, https:\/\/fotosenderismo.com\/wordpress\/wp-content\/uploads\/2021\/10\/TRES-SANT-ANTONIS-EARTH-1-768x388.jpg 768w, https:\/\/fotosenderismo.com\/wordpress\/wp-content\/uploads\/2021\/10\/TRES-SANT-ANTONIS-EARTH-1-1536x777.jpg 1536w, https:\/\/fotosenderismo.com\/wordpress\/wp-content\/uploads\/2021\/10\/TRES-SANT-ANTONIS-EARTH-1-1320x668.jpg 1320w\" sizes=\"auto, (max-width: 1920px) 100vw, 1920px\" \/><\/a><\/figure>\n\n\n\n<p><\/p>\n\n\n\n<figure class=\"wp-block-image size-full\"><a href=\"https:\/\/fotosenderismo.com\/wordpress\/wp-content\/uploads\/2021\/10\/TRES-SANT-ANTONIS-EARTH-2.jpg\" target=\"_blank\" rel=\"noopener\"><img loading=\"lazy\" decoding=\"async\" width=\"1920\" height=\"971\" src=\"https:\/\/fotosenderismo.com\/wordpress\/wp-content\/uploads\/2021\/10\/TRES-SANT-ANTONIS-EARTH-2.jpg\" alt=\"\" class=\"wp-image-20901\" srcset=\"https:\/\/fotosenderismo.com\/wordpress\/wp-content\/uploads\/2021\/10\/TRES-SANT-ANTONIS-EARTH-2.jpg 1920w, https:\/\/fotosenderismo.com\/wordpress\/wp-content\/uploads\/2021\/10\/TRES-SANT-ANTONIS-EARTH-2-300x152.jpg 300w, https:\/\/fotosenderismo.com\/wordpress\/wp-content\/uploads\/2021\/10\/TRES-SANT-ANTONIS-EARTH-2-1024x518.jpg 1024w, https:\/\/fotosenderismo.com\/wordpress\/wp-content\/uploads\/2021\/10\/TRES-SANT-ANTONIS-EARTH-2-768x388.jpg 768w, https:\/\/fotosenderismo.com\/wordpress\/wp-content\/uploads\/2021\/10\/TRES-SANT-ANTONIS-EARTH-2-1536x777.jpg 1536w, https:\/\/fotosenderismo.com\/wordpress\/wp-content\/uploads\/2021\/10\/TRES-SANT-ANTONIS-EARTH-2-1320x668.jpg 1320w\" sizes=\"auto, (max-width: 1920px) 100vw, 1920px\" \/><\/a><\/figure>\n\n\n\n<p><\/p>\n\n\n\n<figure class=\"wp-block-image size-full\"><a href=\"https:\/\/fotosenderismo.com\/wordpress\/wp-content\/uploads\/2021\/10\/TRES-SANT-ANTONIS-PERFILjpg.jpg\" target=\"_blank\" rel=\"noopener\"><img loading=\"lazy\" decoding=\"async\" width=\"1920\" height=\"577\" src=\"https:\/\/fotosenderismo.com\/wordpress\/wp-content\/uploads\/2021\/10\/TRES-SANT-ANTONIS-PERFILjpg.jpg\" alt=\"\" class=\"wp-image-20904\" srcset=\"https:\/\/fotosenderismo.com\/wordpress\/wp-content\/uploads\/2021\/10\/TRES-SANT-ANTONIS-PERFILjpg.jpg 1920w, https:\/\/fotosenderismo.com\/wordpress\/wp-content\/uploads\/2021\/10\/TRES-SANT-ANTONIS-PERFILjpg-300x90.jpg 300w, https:\/\/fotosenderismo.com\/wordpress\/wp-content\/uploads\/2021\/10\/TRES-SANT-ANTONIS-PERFILjpg-1024x308.jpg 1024w, https:\/\/fotosenderismo.com\/wordpress\/wp-content\/uploads\/2021\/10\/TRES-SANT-ANTONIS-PERFILjpg-768x231.jpg 768w, https:\/\/fotosenderismo.com\/wordpress\/wp-content\/uploads\/2021\/10\/TRES-SANT-ANTONIS-PERFILjpg-1536x462.jpg 1536w, https:\/\/fotosenderismo.com\/wordpress\/wp-content\/uploads\/2021\/10\/TRES-SANT-ANTONIS-PERFILjpg-1320x397.jpg 1320w\" sizes=\"auto, (max-width: 1920px) 100vw, 1920px\" \/><\/a><\/figure>\n\n\n\n<p><\/p>\n\n\n\n<figure class=\"wp-block-image aligncenter size-full\"><img loading=\"lazy\" decoding=\"async\" width=\"261\" height=\"37\" src=\"https:\/\/fotosenderismo.com\/wordpress\/wp-content\/uploads\/2020\/07\/RELACIONADAS-1.jpg\" alt=\"\" class=\"wp-image-19229\"\/><\/figure>\n\n\n\n<p><\/p>\n\n\n\n<figure class=\"wp-block-embed aligncenter is-type-wp-embed is-provider-fotosenderismo-com wp-block-embed-fotosenderismo-com\"><div class=\"wp-block-embed__wrapper\">\n<blockquote class=\"wp-embedded-content\" data-secret=\"8oTq9Ny8aR\"><a href=\"https:\/\/fotosenderismo.com\/wordpress\/index.php\/2021\/05\/20\/camprodon-via-verda-cami-ral-roques-blanques-pla-den-plata\/\">Camprodon, Via Verda, Cami Ral, Roques Blanques, Pla d&#8217;en Plata<\/a><\/blockquote><iframe loading=\"lazy\" class=\"wp-embedded-content\" sandbox=\"allow-scripts\" security=\"restricted\" style=\"position: absolute; clip: rect(1px, 1px, 1px, 1px);\" title=\"\u00abCamprodon, Via Verda, Cami Ral, Roques Blanques, Pla d&#8217;en Plata\u00bb \u2014 FOTOSENDERISMO.COM\" src=\"https:\/\/fotosenderismo.com\/wordpress\/index.php\/2021\/05\/20\/camprodon-via-verda-cami-ral-roques-blanques-pla-den-plata\/embed\/#?secret=Q1djsH6gMk#?secret=8oTq9Ny8aR\" data-secret=\"8oTq9Ny8aR\" width=\"600\" height=\"338\" frameborder=\"0\" marginwidth=\"0\" marginheight=\"0\" scrolling=\"no\"><\/iframe>\n<\/div><\/figure>\n\n\n\n<figure class=\"wp-block-embed aligncenter is-type-wp-embed is-provider-fotosenderismo-com wp-block-embed-fotosenderismo-com\"><div class=\"wp-block-embed__wrapper\">\n<blockquote class=\"wp-embedded-content\" data-secret=\"kPn3TRrJrK\"><a href=\"https:\/\/fotosenderismo.com\/wordpress\/index.php\/2019\/08\/21\/coll-de-boixeda-coll-ramut-camprodon-bac-de-les-salelles-collet-de-la-costa\/\">Coll de Boixeda, Coll Ramut, Camprodon, Bac de les Salelles, Collet de la Costa<\/a><\/blockquote><iframe loading=\"lazy\" class=\"wp-embedded-content\" sandbox=\"allow-scripts\" security=\"restricted\" style=\"position: absolute; clip: rect(1px, 1px, 1px, 1px);\" title=\"\u00abColl de Boixeda, Coll Ramut, Camprodon, Bac de les Salelles, Collet de la Costa\u00bb \u2014 FOTOSENDERISMO.COM\" src=\"https:\/\/fotosenderismo.com\/wordpress\/index.php\/2019\/08\/21\/coll-de-boixeda-coll-ramut-camprodon-bac-de-les-salelles-collet-de-la-costa\/embed\/#?secret=pKBuTPVqeH#?secret=kPn3TRrJrK\" data-secret=\"kPn3TRrJrK\" width=\"600\" height=\"338\" frameborder=\"0\" marginwidth=\"0\" marginheight=\"0\" scrolling=\"no\"><\/iframe>\n<\/div><\/figure>\n\n\n\n<figure class=\"wp-block-embed aligncenter is-type-wp-embed is-provider-fotosenderismo-com wp-block-embed-fotosenderismo-com\"><div class=\"wp-block-embed__wrapper\">\n<blockquote class=\"wp-embedded-content\" data-secret=\"OiiDg3HzIz\"><a href=\"https:\/\/fotosenderismo.com\/wordpress\/index.php\/2019\/08\/07\/camprodon-oratori-de-lascensio-llanars\/\">Camprodon, Oratori de l&#8217;Ascensi\u00f3, Llanars<\/a><\/blockquote><iframe loading=\"lazy\" class=\"wp-embedded-content\" sandbox=\"allow-scripts\" security=\"restricted\" style=\"position: absolute; clip: rect(1px, 1px, 1px, 1px);\" title=\"\u00abCamprodon, Oratori de l&#8217;Ascensi\u00f3, Llanars\u00bb \u2014 FOTOSENDERISMO.COM\" src=\"https:\/\/fotosenderismo.com\/wordpress\/index.php\/2019\/08\/07\/camprodon-oratori-de-lascensio-llanars\/embed\/#?secret=1NSbB7oKtI#?secret=OiiDg3HzIz\" data-secret=\"OiiDg3HzIz\" width=\"600\" height=\"338\" frameborder=\"0\" marginwidth=\"0\" marginheight=\"0\" scrolling=\"no\"><\/iframe>\n<\/div><\/figure>\n","protected":false},"excerpt":{"rendered":"<p>Objetivos<\/p>\n<p>El objetivo es el de explorar el Sender de les Boleteres y el Sender del Bac de la Vila. Adem\u00e1s, se pretende ascender a las tres cumbres con el mismo nombre de la monta\u00f1a de Sant Antoni, aunque una de ellas es Sant Antoni Vell. La m\u00e1s destacada y popular es, sin embargo, la que est\u00e1 culminada con la ermita dedicada a este santo.<\/p>\n<p>Caracter\u00edsticas generales<\/p>\n<p>Se trata de una salida de media monta\u00f1a que discurre, principalmente, por senderos. Dos est\u00e1n sin marcar y, en algunos puntos, son bastante dif\u00edciles de rastrear. Dominan, principalmente, los robles, aunque tambi\u00e9n encontraremos otras frondosas como hayas. Tiene un sendero muy empinado y resbaladizo.<\/p>\n","protected":false},"author":1,"featured_media":20902,"comment_status":"open","ping_status":"open","sticky":false,"template":"","format":"standard","meta":{"footnotes":""},"categories":[46,53,54,288,34,42,47,48],"tags":[187,98,177,223],"class_list":["post-20898","post","type-post","status-publish","format-standard","has-post-thumbnail","hentry","category-girona","category-ripolles","category-pirineo-de-gerona","category-201-entre-5-y-10-km","category-entre-500-y-1000-metros","category-senderismo","category-circular-tipo-de-recorrido","category-media-montana-o-terrenos-altos","tag-fotos-by-eduard","tag-98","tag-eduard","tag-track-en-wikiloc"],"_links":{"self":[{"href":"https:\/\/fotosenderismo.com\/wordpress\/index.php\/wp-json\/wp\/v2\/posts\/20898","targetHints":{"allow":["GET"]}}],"collection":[{"href":"https:\/\/fotosenderismo.com\/wordpress\/index.php\/wp-json\/wp\/v2\/posts"}],"about":[{"href":"https:\/\/fotosenderismo.com\/wordpress\/index.php\/wp-json\/wp\/v2\/types\/post"}],"author":[{"embeddable":true,"href":"https:\/\/fotosenderismo.com\/wordpress\/index.php\/wp-json\/wp\/v2\/users\/1"}],"replies":[{"embeddable":true,"href":"https:\/\/fotosenderismo.com\/wordpress\/index.php\/wp-json\/wp\/v2\/comments?post=20898"}],"version-history":[{"count":3,"href":"https:\/\/fotosenderismo.com\/wordpress\/index.php\/wp-json\/wp\/v2\/posts\/20898\/revisions"}],"predecessor-version":[{"id":22797,"href":"https:\/\/fotosenderismo.com\/wordpress\/index.php\/wp-json\/wp\/v2\/posts\/20898\/revisions\/22797"}],"wp:featuredmedia":[{"embeddable":true,"href":"https:\/\/fotosenderismo.com\/wordpress\/index.php\/wp-json\/wp\/v2\/media\/20902"}],"wp:attachment":[{"href":"https:\/\/fotosenderismo.com\/wordpress\/index.php\/wp-json\/wp\/v2\/media?parent=20898"}],"wp:term":[{"taxonomy":"category","embeddable":true,"href":"https:\/\/fotosenderismo.com\/wordpress\/index.php\/wp-json\/wp\/v2\/categories?post=20898"},{"taxonomy":"post_tag","embeddable":true,"href":"https:\/\/fotosenderismo.com\/wordpress\/index.php\/wp-json\/wp\/v2\/tags?post=20898"}],"curies":[{"name":"wp","href":"https:\/\/api.w.org\/{rel}","templated":true}]}}