{"id":20291,"date":"2021-06-19T17:54:00","date_gmt":"2021-06-19T17:54:00","guid":{"rendered":"https:\/\/fotosenderismo.com\/wordpress\/?p=20291"},"modified":"2024-02-14T15:45:22","modified_gmt":"2024-02-14T15:45:22","slug":"ribes-de-freser-plans-de-conivella-bruguera-sant-esteve-de-perramon","status":"publish","type":"post","link":"https:\/\/fotosenderismo.com\/wordpress\/index.php\/2021\/06\/19\/ribes-de-freser-plans-de-conivella-bruguera-sant-esteve-de-perramon\/","title":{"rendered":"Ribes de Freser, Plans de Conivella, Bruguera, Sant Esteve de Perramon"},"content":{"rendered":"\n<p><\/p>\n\n\n\n<figure class=\"wp-block-image aligncenter size-large\"><a href=\"https:\/\/photos.app.goo.gl\/hojrH9gPouKXZkRt5\" target=\"_blank\" rel=\"noopener\"><img loading=\"lazy\" decoding=\"async\" width=\"400\" height=\"53\" src=\"https:\/\/fotosenderismo.com\/wordpress\/wp-content\/uploads\/2020\/07\/visualizar-galeria-fotos.jpg\" alt=\"\" class=\"wp-image-19221\" srcset=\"https:\/\/fotosenderismo.com\/wordpress\/wp-content\/uploads\/2020\/07\/visualizar-galeria-fotos.jpg 400w, https:\/\/fotosenderismo.com\/wordpress\/wp-content\/uploads\/2020\/07\/visualizar-galeria-fotos-300x40.jpg 300w\" sizes=\"auto, (max-width: 400px) 100vw, 400px\" \/><\/a><\/figure>\n\n\n\n<p><\/p>\n\n\n\n<figure class=\"wp-block-image size-full\"><a href=\"https:\/\/fotosenderismo.com\/wordpress\/wp-content\/uploads\/2021\/06\/RIBES-BRUGUERA-PERRAMON-DATOS.jpg\" target=\"_blank\" rel=\"noopener\"><img loading=\"lazy\" decoding=\"async\" width=\"1337\" height=\"950\" src=\"https:\/\/fotosenderismo.com\/wordpress\/wp-content\/uploads\/2021\/06\/RIBES-BRUGUERA-PERRAMON-DATOS.jpg\" alt=\"\" class=\"wp-image-20292\" srcset=\"https:\/\/fotosenderismo.com\/wordpress\/wp-content\/uploads\/2021\/06\/RIBES-BRUGUERA-PERRAMON-DATOS.jpg 1337w, https:\/\/fotosenderismo.com\/wordpress\/wp-content\/uploads\/2021\/06\/RIBES-BRUGUERA-PERRAMON-DATOS-300x213.jpg 300w, https:\/\/fotosenderismo.com\/wordpress\/wp-content\/uploads\/2021\/06\/RIBES-BRUGUERA-PERRAMON-DATOS-1024x728.jpg 1024w, https:\/\/fotosenderismo.com\/wordpress\/wp-content\/uploads\/2021\/06\/RIBES-BRUGUERA-PERRAMON-DATOS-768x546.jpg 768w, https:\/\/fotosenderismo.com\/wordpress\/wp-content\/uploads\/2021\/06\/RIBES-BRUGUERA-PERRAMON-DATOS-1320x938.jpg 1320w\" sizes=\"auto, (max-width: 1337px) 100vw, 1337px\" \/><\/a><\/figure>\n\n\n\n<p><\/p>\n\n\n\n<figure class=\"wp-block-image aligncenter size-large\"><a href=\"https:\/\/fotosenderismo.com\/wordpress\/wp-content\/uploads\/2021-06-19-RIBES-BRUGUERA-PERRAMON.gpx\"><img loading=\"lazy\" decoding=\"async\" width=\"400\" height=\"50\" src=\"https:\/\/fotosenderismo.com\/wordpress\/wp-content\/uploads\/2020\/07\/descargar-track.jpg\" alt=\"\" class=\"wp-image-19227\" srcset=\"https:\/\/fotosenderismo.com\/wordpress\/wp-content\/uploads\/2020\/07\/descargar-track.jpg 400w, https:\/\/fotosenderismo.com\/wordpress\/wp-content\/uploads\/2020\/07\/descargar-track-300x38.jpg 300w\" sizes=\"auto, (max-width: 400px) 100vw, 400px\" \/><\/a><\/figure>\n\n\n\n<p><\/p>\n\n\n\n<p style=\"text-align: justify;\"><span style=\"text-decoration: underline;\"><span style=\"font-size: 14pt;\"><strong>Caracter\u00edsticas generales<\/strong><\/span><\/span><\/p>\n<p style=\"text-align: justify;\"><span style=\"font-size: 14pt;\"><strong>Salida del 19 de junio de 2021. Empieza en Ribas de Freser, alcanza Bruguera y la ermita y el roble de Sant Esteve de Perramon. Recorre un paisaje pirenaico de media monta\u00f1a, pero la caminata discurre a la sombra del Taga, de 2040 metros de altitud. Pasaremos, adem\u00e1s, por senderos y caminos sombr\u00edos. Robles y pinos son los \u00e1rboles m\u00e1s abundantes, y entre ellos se ha de destacar el roble centenario de Perramon. De todas formas, muy cerca de \u00e9l, encontraremos otros ejemplares de buenas dimensiones y de porte excelso.<\/strong><\/span><\/p>\n<p style=\"text-align: justify;\"><span style=\"text-decoration: underline;\"><span style=\"font-size: 14pt;\"><strong>Dificultades<\/strong><\/span><\/span><\/p>\n<p style=\"text-align: justify;\"><span style=\"font-size: 14pt;\"><strong>La salida se puede categorizar de f\u00e1cil. Casi todo el recorrido est\u00e1 marcado en amarillo, aunque en algunos puntos nos hemos salido del trayecto \u201coficial\u201d de manera consciente (y otras de manera incosciente). Aunque en general est\u00e1 bien se\u00f1alizado, en tramos muy espec\u00edficos el recorrido presenta ciertas dificultades a la hora de seguirlo, principalmente a causa de la falta de marcas amarillas o por la ubicaci\u00f3n poco afortunada de las mismas.<\/strong><\/span><\/p>\n<p style=\"text-align: justify;\"><span style=\"text-decoration: underline;\"><span style=\"font-size: 14pt;\"><strong>Desarrollo de la Salida<\/strong><\/span><\/span><\/p>\n<p style=\"text-align: justify;\"><span style=\"font-size: 14pt;\"><strong>Va en direcci\u00f3n horaria. Hemos dejado el coche en el aparcamiento p\u00fablico (moment\u00e1neamente gratuito) que se halla junto a la oficina de turismo. Pasaremos por las calles de la villa, entre ellas el Passeig de Taga y el Carrer de Fontalba, para llegar a la Font de Santa Caterineta, esto antes de alcanzar el primer kil\u00f3metro de la salida.<\/strong><\/span><\/p>\n<p style=\"text-align: justify;\"><span style=\"font-size: 14pt;\"><strong>Desde la Font se empieza a remontar una pista forestal que deviene sendero. Esta parte est\u00e1 recubierta de robles. Al tiempo que se endurece algo la pendiente, vamos encaram\u00e1ndonos en la monta\u00f1a hasta la Collada del Manter (Km. 2,08 del recorrido).<\/strong><\/span><\/p>\n<p style=\"text-align: justify;\"><span style=\"font-size: 14pt;\"><strong>Desde Manter, ascendemos por la Carena de la Feixa y el Bosc d\u2019Ardena. Muy pronto se alcanza els Plans de Conivella. Por estos, por prados y por algo de pista se llega a Ca la Xeca (Km. 6.3), donde hay una antena de telecomunicaciones. Aqu\u00ed hemos dejado el recorrido amarillo.<\/strong><\/span><\/p>\n<p style=\"text-align: justify;\"><span style=\"font-size: 14pt;\"><strong>Para regresar a \u00e9l, tomaremos una pista forestal bien definida en direcci\u00f3n NNO que despu\u00e9s, tras dos curvas pronunciadas, vuelve a retomar direcci\u00f3n hacia Bruguera. La pista termina en el Coll de la Pera (Km. 6,5). Por all\u00ed se baja por sendero (en parte de prado) hasta otra pista que enlaza con la carretera Ribes-Bruguera. Por ella llegaremos a Bruguera.<\/strong><\/span><\/p>\n<p style=\"text-align: justify;\"><span style=\"font-size: 14pt;\"><strong>En Bruguera nos acercaremos hasta el aparcamiento del pueblo y la Pla\u00e7a de la Conc\u00f2rdia. Siguiendo las marcas amarillas, daremos con un cruce de senderos (Km. 8,74). Tomaremos el de la derecha, que baja hacia Perramon (Km 10.3).<\/strong><\/span><\/p>\n<p style=\"text-align: justify;\"><span style=\"font-size: 14pt;\"><strong>En Perramon se toma una pista asfaltada que se convierte en pista de tierra, aunque en el Km. 13 la abandonaremos de nuevo para cambiarla por un sendero. Este \u00faltimo tramo concluye en la carretera Ribes-Bruguera (Km. 14,7), ya muy cerca de Ribes y el punto de inicio.<\/strong><\/span><\/p>\n<p style=\"text-align: justify;\"><span style=\"text-decoration: underline;\"><span style=\"font-size: 14pt;\"><strong>Consideraciones t\u00e9cnicas<\/strong><\/span><\/span><\/p>\n<p style=\"text-align: justify;\"><span style=\"font-size: 14pt;\"><strong>Se ha tenido que editar el track por causa de un par de equivocaciones. Como siempre, al andar despistados a causa de las conversaciones, nos hemos salido de trayecto teniendo que rectificar y volver hacia atr\u00e1s. Esto me ha obligado a recortar y a reconectar los vectores.<\/strong><\/span><\/p>\n<p style=\"text-align: justify;\">\u00a0<\/p>\n\n\n\n<p><\/p>\n\n\n\n<figure class=\"wp-block-image size-full\"><a href=\"https:\/\/fotosenderismo.com\/wordpress\/wp-content\/uploads\/2021\/06\/RIBES-BRUGUERA-PERRAMON-MAPA.jpg\" target=\"_blank\" rel=\"noopener\"><img loading=\"lazy\" decoding=\"async\" width=\"1908\" height=\"1790\" src=\"https:\/\/fotosenderismo.com\/wordpress\/wp-content\/uploads\/2021\/06\/RIBES-BRUGUERA-PERRAMON-MAPA.jpg\" alt=\"\" class=\"wp-image-20296\" srcset=\"https:\/\/fotosenderismo.com\/wordpress\/wp-content\/uploads\/2021\/06\/RIBES-BRUGUERA-PERRAMON-MAPA.jpg 1908w, https:\/\/fotosenderismo.com\/wordpress\/wp-content\/uploads\/2021\/06\/RIBES-BRUGUERA-PERRAMON-MAPA-300x281.jpg 300w, https:\/\/fotosenderismo.com\/wordpress\/wp-content\/uploads\/2021\/06\/RIBES-BRUGUERA-PERRAMON-MAPA-1024x961.jpg 1024w, https:\/\/fotosenderismo.com\/wordpress\/wp-content\/uploads\/2021\/06\/RIBES-BRUGUERA-PERRAMON-MAPA-768x721.jpg 768w, https:\/\/fotosenderismo.com\/wordpress\/wp-content\/uploads\/2021\/06\/RIBES-BRUGUERA-PERRAMON-MAPA-1536x1441.jpg 1536w, https:\/\/fotosenderismo.com\/wordpress\/wp-content\/uploads\/2021\/06\/RIBES-BRUGUERA-PERRAMON-MAPA-1320x1238.jpg 1320w\" sizes=\"auto, (max-width: 1908px) 100vw, 1908px\" \/><\/a><\/figure>\n\n\n\n<p><\/p>\n\n\n\n<iframe loading=\"lazy\" frameBorder=\"0\" scrolling=\"no\" src=\"https:\/\/es.wikiloc.com\/wikiloc\/spatialArtifacts.do?event=view&#038;id=76213476&#038;measures=on&#038;title=on&#038;near=on&#038;images=on&#038;maptype=H\" width=\"1000\" height=\"1000\"><\/iframe><div style=\"color:#777;font-size:11px;line-height:16px;\">Powered by <a style=\"color:#06d;font-size:11px;line-height:16px;\" target=\"_blank\" href=\"https:\/\/es.wikiloc.com\" rel=\"noopener\">Wikiloc<\/a><\/div>\n\n\n\n<p><\/p>\n\n\n\n<figure class=\"wp-block-image size-full\"><a href=\"https:\/\/fotosenderismo.com\/wordpress\/wp-content\/uploads\/2021\/06\/RIBES-BRUGUERA-PERRAMON-EARTH-1.jpg\" target=\"_blank\" rel=\"noopener\"><img loading=\"lazy\" decoding=\"async\" width=\"1920\" height=\"971\" src=\"https:\/\/fotosenderismo.com\/wordpress\/wp-content\/uploads\/2021\/06\/RIBES-BRUGUERA-PERRAMON-EARTH-1.jpg\" alt=\"\" class=\"wp-image-20293\" srcset=\"https:\/\/fotosenderismo.com\/wordpress\/wp-content\/uploads\/2021\/06\/RIBES-BRUGUERA-PERRAMON-EARTH-1.jpg 1920w, https:\/\/fotosenderismo.com\/wordpress\/wp-content\/uploads\/2021\/06\/RIBES-BRUGUERA-PERRAMON-EARTH-1-300x152.jpg 300w, https:\/\/fotosenderismo.com\/wordpress\/wp-content\/uploads\/2021\/06\/RIBES-BRUGUERA-PERRAMON-EARTH-1-1024x518.jpg 1024w, https:\/\/fotosenderismo.com\/wordpress\/wp-content\/uploads\/2021\/06\/RIBES-BRUGUERA-PERRAMON-EARTH-1-768x388.jpg 768w, https:\/\/fotosenderismo.com\/wordpress\/wp-content\/uploads\/2021\/06\/RIBES-BRUGUERA-PERRAMON-EARTH-1-1536x777.jpg 1536w, https:\/\/fotosenderismo.com\/wordpress\/wp-content\/uploads\/2021\/06\/RIBES-BRUGUERA-PERRAMON-EARTH-1-1320x668.jpg 1320w\" sizes=\"auto, (max-width: 1920px) 100vw, 1920px\" \/><\/a><\/figure>\n\n\n\n<p><\/p>\n\n\n\n<figure class=\"wp-block-image size-full\"><a href=\"https:\/\/fotosenderismo.com\/wordpress\/wp-content\/uploads\/2021\/06\/RIBES-BRUGUERA-PERRAMON-EARTH-2.jpg\" target=\"_blank\" rel=\"noopener\"><img loading=\"lazy\" decoding=\"async\" width=\"1920\" height=\"971\" src=\"https:\/\/fotosenderismo.com\/wordpress\/wp-content\/uploads\/2021\/06\/RIBES-BRUGUERA-PERRAMON-EARTH-2.jpg\" alt=\"\" class=\"wp-image-20294\" srcset=\"https:\/\/fotosenderismo.com\/wordpress\/wp-content\/uploads\/2021\/06\/RIBES-BRUGUERA-PERRAMON-EARTH-2.jpg 1920w, https:\/\/fotosenderismo.com\/wordpress\/wp-content\/uploads\/2021\/06\/RIBES-BRUGUERA-PERRAMON-EARTH-2-300x152.jpg 300w, https:\/\/fotosenderismo.com\/wordpress\/wp-content\/uploads\/2021\/06\/RIBES-BRUGUERA-PERRAMON-EARTH-2-1024x518.jpg 1024w, https:\/\/fotosenderismo.com\/wordpress\/wp-content\/uploads\/2021\/06\/RIBES-BRUGUERA-PERRAMON-EARTH-2-768x388.jpg 768w, https:\/\/fotosenderismo.com\/wordpress\/wp-content\/uploads\/2021\/06\/RIBES-BRUGUERA-PERRAMON-EARTH-2-1536x777.jpg 1536w, https:\/\/fotosenderismo.com\/wordpress\/wp-content\/uploads\/2021\/06\/RIBES-BRUGUERA-PERRAMON-EARTH-2-1320x668.jpg 1320w\" sizes=\"auto, (max-width: 1920px) 100vw, 1920px\" \/><\/a><\/figure>\n\n\n\n<p><\/p>\n\n\n\n<figure class=\"wp-block-image size-full\"><a href=\"https:\/\/fotosenderismo.com\/wordpress\/wp-content\/uploads\/2021\/06\/RIBES-BRUGUERA-PERRAMON-PERFIL.jpg\" target=\"_blank\" rel=\"noopener\"><img loading=\"lazy\" decoding=\"async\" width=\"1845\" height=\"562\" src=\"https:\/\/fotosenderismo.com\/wordpress\/wp-content\/uploads\/2021\/06\/RIBES-BRUGUERA-PERRAMON-PERFIL.jpg\" alt=\"\" class=\"wp-image-20297\" srcset=\"https:\/\/fotosenderismo.com\/wordpress\/wp-content\/uploads\/2021\/06\/RIBES-BRUGUERA-PERRAMON-PERFIL.jpg 1845w, https:\/\/fotosenderismo.com\/wordpress\/wp-content\/uploads\/2021\/06\/RIBES-BRUGUERA-PERRAMON-PERFIL-300x91.jpg 300w, https:\/\/fotosenderismo.com\/wordpress\/wp-content\/uploads\/2021\/06\/RIBES-BRUGUERA-PERRAMON-PERFIL-1024x312.jpg 1024w, https:\/\/fotosenderismo.com\/wordpress\/wp-content\/uploads\/2021\/06\/RIBES-BRUGUERA-PERRAMON-PERFIL-768x234.jpg 768w, https:\/\/fotosenderismo.com\/wordpress\/wp-content\/uploads\/2021\/06\/RIBES-BRUGUERA-PERRAMON-PERFIL-1536x468.jpg 1536w, https:\/\/fotosenderismo.com\/wordpress\/wp-content\/uploads\/2021\/06\/RIBES-BRUGUERA-PERRAMON-PERFIL-1320x402.jpg 1320w\" sizes=\"auto, (max-width: 1845px) 100vw, 1845px\" \/><\/a><\/figure>\n\n\n\n<p><\/p>\n\n\n\n<figure class=\"wp-block-image aligncenter size-large\"><img loading=\"lazy\" decoding=\"async\" width=\"261\" height=\"37\" src=\"https:\/\/fotosenderismo.com\/wordpress\/wp-content\/uploads\/2020\/07\/RELACIONADAS-1.jpg\" alt=\"\" class=\"wp-image-19229\"\/><\/figure>\n\n\n\n<p><\/p>\n\n\n\n<figure class=\"wp-block-embed aligncenter is-type-wp-embed is-provider-fotosenderismo-com wp-block-embed-fotosenderismo-com\"><div class=\"wp-block-embed__wrapper\">\n<blockquote class=\"wp-embedded-content\" data-secret=\"yEjuz9cnnU\"><a href=\"https:\/\/fotosenderismo.com\/wordpress\/index.php\/2010\/07\/27\/ribas-taga-2043-m\/\">Ribes de Freser, Taga (2043 m)<\/a><\/blockquote><iframe loading=\"lazy\" class=\"wp-embedded-content\" sandbox=\"allow-scripts\" security=\"restricted\" style=\"position: absolute; clip: rect(1px, 1px, 1px, 1px);\" title=\"\u00abRibes de Freser, Taga (2043 m)\u00bb \u2014 FOTOSENDERISMO.COM\" src=\"https:\/\/fotosenderismo.com\/wordpress\/index.php\/2010\/07\/27\/ribas-taga-2043-m\/embed\/#?secret=FaqmRZxboc#?secret=yEjuz9cnnU\" data-secret=\"yEjuz9cnnU\" width=\"600\" height=\"338\" frameborder=\"0\" marginwidth=\"0\" marginheight=\"0\" scrolling=\"no\"><\/iframe>\n<\/div><\/figure>\n\n\n\n<figure class=\"wp-block-embed aligncenter is-type-wp-embed is-provider-fotosenderismo-com wp-block-embed-fotosenderismo-com\"><div class=\"wp-block-embed__wrapper\">\n<blockquote class=\"wp-embedded-content\" data-secret=\"8IGFCTYYkk\"><a href=\"https:\/\/fotosenderismo.com\/wordpress\/index.php\/2014\/05\/19\/queralbs-gorges-de-freser-cami-enginyers-nuria\/\">Queralbs, gorges de Freser, cam\u00ed Enginyers, N\u00faria<\/a><\/blockquote><iframe loading=\"lazy\" class=\"wp-embedded-content\" sandbox=\"allow-scripts\" security=\"restricted\" style=\"position: absolute; clip: rect(1px, 1px, 1px, 1px);\" title=\"\u00abQueralbs, gorges de Freser, cam\u00ed Enginyers, N\u00faria\u00bb \u2014 FOTOSENDERISMO.COM\" src=\"https:\/\/fotosenderismo.com\/wordpress\/index.php\/2014\/05\/19\/queralbs-gorges-de-freser-cami-enginyers-nuria\/embed\/#?secret=Ts47jfZkbA#?secret=8IGFCTYYkk\" data-secret=\"8IGFCTYYkk\" width=\"600\" height=\"338\" frameborder=\"0\" marginwidth=\"0\" marginheight=\"0\" scrolling=\"no\"><\/iframe>\n<\/div><\/figure>\n\n\n\n<figure class=\"wp-block-embed aligncenter is-type-wp-embed is-provider-fotosenderismo-com wp-block-embed-fotosenderismo-com\"><div class=\"wp-block-embed__wrapper\">\n<blockquote class=\"wp-embedded-content\" data-secret=\"LxebVpf0jU\"><a href=\"https:\/\/fotosenderismo.com\/wordpress\/index.php\/2011\/06\/16\/fontalba-puigmal-2907-m-nuria\/\">Fontalba, Puigmal (2907 m), N\u00faria<\/a><\/blockquote><iframe loading=\"lazy\" class=\"wp-embedded-content\" sandbox=\"allow-scripts\" security=\"restricted\" style=\"position: absolute; clip: rect(1px, 1px, 1px, 1px);\" title=\"\u00abFontalba, Puigmal (2907 m), N\u00faria\u00bb \u2014 FOTOSENDERISMO.COM\" src=\"https:\/\/fotosenderismo.com\/wordpress\/index.php\/2011\/06\/16\/fontalba-puigmal-2907-m-nuria\/embed\/#?secret=4Kqsg6x9OQ#?secret=LxebVpf0jU\" data-secret=\"LxebVpf0jU\" width=\"600\" height=\"338\" frameborder=\"0\" marginwidth=\"0\" marginheight=\"0\" scrolling=\"no\"><\/iframe>\n<\/div><\/figure>\n","protected":false},"excerpt":{"rendered":"<p>Salida del 19 de junio de 2021. Empieza en Ribas de Freser, alcanza Bruguera y la ermita y el roble de Sant Esteve de Perramon. Recorre un paisaje pirenaico de media monta\u00f1a, pero la caminata discurre a la sombra del Taga, de 2040 metros de altitud. Pasaremos, adem\u00e1s, por senderos y caminos sombr\u00edos. Robles y pinos son los \u00e1rboles m\u00e1s abundantes, y entre ellos se ha de destacar el roble centenario de Perramon. De todas formas, muy cerca de \u00e9l, encontraremos otros ejemplares de buenas dimensiones y de porte excelso. Se puede categorizar de f\u00e1cil. Casi todo el recorrido est\u00e1 marcado en amarillo, aunque en algunos puntos nos hemos salido del trayecto \u201coficial\u201d de manera consciente (y otras de manera incosciente). Aunque en general est\u00e1 bien se\u00f1alizado, en tramos muy espec\u00edficos el recorrido presenta ciertas dificultades a la hora de seguirlo, principalmente a causa de la falta de marcas amarillas o por la ubicaci\u00f3n poco afortunada de las mismas.<\/p>\n","protected":false},"author":1,"featured_media":20295,"comment_status":"open","ping_status":"open","sticky":false,"template":"","format":"standard","meta":{"footnotes":""},"categories":[46,53,54,280,34,42,47,50],"tags":[187,98,177,223],"class_list":["post-20291","post","type-post","status-publish","format-standard","has-post-thumbnail","hentry","category-girona","category-ripolles","category-pirineo-de-gerona","category-202-entre-10-y-15-km","category-entre-500-y-1000-metros","category-senderismo","category-circular-tipo-de-recorrido","category-alta-montana","tag-fotos-by-eduard","tag-98","tag-eduard","tag-track-en-wikiloc"],"_links":{"self":[{"href":"https:\/\/fotosenderismo.com\/wordpress\/index.php\/wp-json\/wp\/v2\/posts\/20291","targetHints":{"allow":["GET"]}}],"collection":[{"href":"https:\/\/fotosenderismo.com\/wordpress\/index.php\/wp-json\/wp\/v2\/posts"}],"about":[{"href":"https:\/\/fotosenderismo.com\/wordpress\/index.php\/wp-json\/wp\/v2\/types\/post"}],"author":[{"embeddable":true,"href":"https:\/\/fotosenderismo.com\/wordpress\/index.php\/wp-json\/wp\/v2\/users\/1"}],"replies":[{"embeddable":true,"href":"https:\/\/fotosenderismo.com\/wordpress\/index.php\/wp-json\/wp\/v2\/comments?post=20291"}],"version-history":[{"count":3,"href":"https:\/\/fotosenderismo.com\/wordpress\/index.php\/wp-json\/wp\/v2\/posts\/20291\/revisions"}],"predecessor-version":[{"id":22811,"href":"https:\/\/fotosenderismo.com\/wordpress\/index.php\/wp-json\/wp\/v2\/posts\/20291\/revisions\/22811"}],"wp:featuredmedia":[{"embeddable":true,"href":"https:\/\/fotosenderismo.com\/wordpress\/index.php\/wp-json\/wp\/v2\/media\/20295"}],"wp:attachment":[{"href":"https:\/\/fotosenderismo.com\/wordpress\/index.php\/wp-json\/wp\/v2\/media?parent=20291"}],"wp:term":[{"taxonomy":"category","embeddable":true,"href":"https:\/\/fotosenderismo.com\/wordpress\/index.php\/wp-json\/wp\/v2\/categories?post=20291"},{"taxonomy":"post_tag","embeddable":true,"href":"https:\/\/fotosenderismo.com\/wordpress\/index.php\/wp-json\/wp\/v2\/tags?post=20291"}],"curies":[{"name":"wp","href":"https:\/\/api.w.org\/{rel}","templated":true}]}}