{"id":20232,"date":"2021-06-07T16:46:57","date_gmt":"2021-06-07T16:46:57","guid":{"rendered":"https:\/\/fotosenderismo.com\/wordpress\/?p=20232"},"modified":"2024-02-14T17:44:38","modified_gmt":"2024-02-14T17:44:38","slug":"pla-de-marti-gorg-de-les-bruixes-santa-elena-sant-marti-de-llemena-rocacorba","status":"publish","type":"post","link":"https:\/\/fotosenderismo.com\/wordpress\/index.php\/2021\/06\/07\/pla-de-marti-gorg-de-les-bruixes-santa-elena-sant-marti-de-llemena-rocacorba\/","title":{"rendered":"Pla de Mart\u00ed, Gorg de les Bruixes, Santa Elena, Sant Mart\u00ed de Ll\u00e9mena, Rocacorba"},"content":{"rendered":"\n<p><\/p>\n\n\n\n<figure class=\"wp-block-image aligncenter size-large\"><a href=\"https:\/\/photos.app.goo.gl\/Lu9XPX1yPoFDQAt98\" target=\"_blank\" rel=\"noopener\"><img loading=\"lazy\" decoding=\"async\" width=\"400\" height=\"53\" src=\"https:\/\/fotosenderismo.com\/wordpress\/wp-content\/uploads\/2020\/07\/visualizar-galeria-fotos.jpg\" alt=\"\" class=\"wp-image-19221\" srcset=\"https:\/\/fotosenderismo.com\/wordpress\/wp-content\/uploads\/2020\/07\/visualizar-galeria-fotos.jpg 400w, https:\/\/fotosenderismo.com\/wordpress\/wp-content\/uploads\/2020\/07\/visualizar-galeria-fotos-300x40.jpg 300w\" sizes=\"auto, (max-width: 400px) 100vw, 400px\" \/><\/a><\/figure>\n\n\n\n<p><\/p>\n\n\n\n<figure class=\"wp-block-image size-large\"><a href=\"https:\/\/fotosenderismo.com\/wordpress\/wp-content\/uploads\/2021\/06\/ROCACORBA-LLEMENA-DATOS.jpg\" target=\"_blank\" rel=\"noopener\"><img loading=\"lazy\" decoding=\"async\" width=\"1024\" height=\"731\" src=\"https:\/\/fotosenderismo.com\/wordpress\/wp-content\/uploads\/2021\/06\/ROCACORBA-LLEMENA-DATOS-1024x731.jpg\" alt=\"\" class=\"wp-image-20261\" srcset=\"https:\/\/fotosenderismo.com\/wordpress\/wp-content\/uploads\/2021\/06\/ROCACORBA-LLEMENA-DATOS-1024x731.jpg 1024w, https:\/\/fotosenderismo.com\/wordpress\/wp-content\/uploads\/2021\/06\/ROCACORBA-LLEMENA-DATOS-300x214.jpg 300w, https:\/\/fotosenderismo.com\/wordpress\/wp-content\/uploads\/2021\/06\/ROCACORBA-LLEMENA-DATOS-768x548.jpg 768w, https:\/\/fotosenderismo.com\/wordpress\/wp-content\/uploads\/2021\/06\/ROCACORBA-LLEMENA-DATOS-1320x942.jpg 1320w, https:\/\/fotosenderismo.com\/wordpress\/wp-content\/uploads\/2021\/06\/ROCACORBA-LLEMENA-DATOS.jpg 1331w\" sizes=\"auto, (max-width: 1024px) 100vw, 1024px\" \/><\/a><\/figure>\n\n\n\n<p><\/p>\n\n\n\n<figure class=\"wp-block-image aligncenter size-large\"><a href=\"https:\/\/fotosenderismo.com\/wordpress\/wp-content\/uploads\/5021-06-06-05-PLA-MARTI-STA-ELENA-ST-MARTI-LLEMENA-ROCACORBA.gpx\"><img loading=\"lazy\" decoding=\"async\" width=\"400\" height=\"50\" src=\"https:\/\/fotosenderismo.com\/wordpress\/wp-content\/uploads\/2020\/07\/descargar-track.jpg\" alt=\"\" class=\"wp-image-19227\" srcset=\"https:\/\/fotosenderismo.com\/wordpress\/wp-content\/uploads\/2020\/07\/descargar-track.jpg 400w, https:\/\/fotosenderismo.com\/wordpress\/wp-content\/uploads\/2020\/07\/descargar-track-300x38.jpg 300w\" sizes=\"auto, (max-width: 400px) 100vw, 400px\" \/><\/a><\/figure>\n\n\n\n<p><\/p>\n\n\n\n<p style=\"text-align: justify;\"><span style=\"font-size: 14pt;\"><strong><span style=\"text-decoration: underline;\">Caracter\u00edsticas generales<\/span><\/strong><\/span><\/p>\n<p style=\"text-align: justify;\"><span style=\"font-size: 14pt;\"><strong>Esta salida es el fruto de mucho trabajo de inspecci\u00f3n del terreno de nuestros compa\u00f1eros Nuri, Gerard y Josep. Se hab\u00eda programado para un a\u00f1o antes, pero por causa de la pandemia se ha ido retrasando. Efectuada los d\u00edas 5 y 6 de junio del 2021, atraviesa robledales, encinares y hayedos, aunque junto a ellos hay una enorme diversidad de especies arb\u00f3reas y de plantas. Destaca por formaciones rocosas singulares, por sus barrancos, sus quebradas y por sus ermitas. Visita el Gorg de la Bruixa. En algunos puntos parece que estamos sumergidos en aut\u00e9nticas selvas tropicales y en zonas m\u00e1s elevadas disfrutaremos de excelentes vistas. Tiene alg\u00fan tramo puntual dif\u00edcil de rastrear, as\u00ed como alg\u00fan trecho determinado que se ha debido desbrozar, ya que durante el a\u00f1o que ha pasado desde las primeras inspecciones, algunos caminos se hab\u00edan enmara\u00f1ado y se ha ca\u00eddo alg\u00fan \u00e1rbol. Utilizaremos tanto trochas y senderos como pistas forestales, tramos asfaltados, y un peque\u00f1o trecho de carretera general.<\/strong><\/span><\/p>\n<p style=\"text-align: justify;\"><span style=\"font-size: 14pt;\"><strong><u>Desarrollo de la salida<\/u><\/strong><\/span><\/p>\n<p style=\"text-align: justify;\"><span style=\"font-size: 14pt;\"><strong><u>Primer d\u00eda<\/u><\/strong><\/span><\/p>\n<p style=\"text-align: justify;\"><span style=\"font-size: 14pt;\"><strong>Empieza en el Pla de Mart\u00ed, al que se llega desde Banyoles por la carretera de Pujarnol, que parte de Banyoles en la zona de les Estunes. Hay una explanada muy amplia en la que caben muchos coches. Desde all\u00ed descendemos por pista atravesando el Bosc de Can Mitj\u00e0. Este tramo, hasta el Km. 0,55 coincide con el de vuelta.<\/strong><\/span><\/p>\n<p style=\"text-align: justify;\"><span style=\"font-size: 14pt;\"><strong>A partir de ese punto comenzamos a dibujar el c\u00edrculo. Estamos en trecho de descenso hasta el Km. 0,89. Entramos en sendero para ascender hasta un collado que se halla en las inmediaciones del Tur\u00f2 Rod\u00f3. Despu\u00e9s descendemos por sendero hasta alcanzar una pista. Por ella alcanzaremos Gelats (Km. 2,74), Can Plana (Km. 4,06) y Granollers de Rocacorba (Km. 5), en la Plana del Castell.<\/strong><\/span><\/p>\n<p style=\"text-align: justify;\"><span style=\"font-size: 14pt;\"><strong>Andamos unos metros por la GIV-5315 y penetramos en un camino ancho de tierra hasta al Km. 6,24 en el Pla de les Feixes, donde viramos por otra pista que encontraremos a mano izquierda. Llegaremos a la mas\u00eda de les Feixes. All\u00ed hay dos perros bastante grandes y que arman mucho ruido. En todo caso, justo en frente de la casa, hay una trocha que nos va a llevar a otra pista y a una carreteruela asfaltada. Por ella alcanzaremos la ermita de Sant Esteve.<\/strong><\/span><\/p>\n<p style=\"text-align: justify;\"><span style=\"font-size: 14pt;\"><strong>Andaremos por el Pla del Raval y veremos un poste indicador. Desde \u00e9l giraremos a mano derecha. Pasaremos por un peque\u00f1o vecindario (El Raval, Km.10,3) y pronto saldremos a la carretera general del Ll\u00e9mena (Km. 10.8). Siguiendo por ella hasta el Km. 11,1 del track, no de la v\u00eda), debemos entrar en el sendero que asciende hasta la Barroca. Se ha de advertir que este camino, en apenas un a\u00f1o, se ha enmara\u00f1ado bastante, y que si no prestamos algo de atenci\u00f3n igual no lo vemos. En este sentido, se ha tenido que hacer algo de trabajo de limpieza de ramas y maleza. En todo caso, se trata de un itinerario oficial.<\/strong><\/span><\/p>\n<p style=\"text-align: justify;\"><span style=\"font-size: 14pt;\"><strong>Lo remontaremos, pero en el kil\u00f3metro 11,6, en lugar de subir hacia la Barroca, seguiremos el camino recto hasta dar con la Riera de les Bruixes. Si no hay mucha agua se puede ascender hasta el Gorg de les Bruixes, una poza de aspecto m\u00e1gico encapsulada entre las paredes verticales y el bosque. Visitada \u00e9sta, retrocederemos hasta el punto de ascenso a la Barroca que hab\u00edamos dejado atr\u00e1s.<\/strong><\/span><\/p>\n<p style=\"text-align: justify;\"><span style=\"font-size: 14pt;\"><strong>Una vez alcanzado el altiplano de Sant Roc, andaremos por senderos, alg\u00fan rato justo por encima de la escarpa, y por pistas. Llegaremos a Sant Andreu y la Barroca (Km. 14,3) y posteriormente a Santa Elena (Km. 17,2).<\/strong><\/span><\/p>\n<p style=\"text-align: justify;\"><span style=\"font-size: 14pt;\"><strong>Finalmente, desde Santa Elena, tomaremos el sendero que se halla junto a la misma ermita. Es algo abrupto, pero va bajando paulatinamente hasta el fondo del valle del Ll\u00e9mena y a Sant Mart\u00ed de Ll\u00e9mena, (Km. 19,6).<\/strong><\/span><\/p>\n<p style=\"text-align: justify;\"><span style=\"font-size: 14pt;\"><strong><u>Segundo d\u00eda<\/u><\/strong><\/span><\/p>\n<p style=\"text-align: justify;\"><span style=\"font-size: 14pt;\"><strong>Desde Sant Mart\u00ed vamos a buscar el sendero marcado de Sant Aniol (que est\u00e1 pasado el puente de la Riera de Ll\u00e9mena), pero en lugar de ir a Sant Aniol tomaremos direcci\u00f3n Sant Gregori, aunque en el kil\u00f3metro 21 del track entraremos en la pista de Can Jepanda. Justo a la entrada de esta casa, a mano izquierda, hay una trocha por la que debemos subir. En alg\u00fan punto est\u00e1 algo maltratada y exige algo de cuidado, ya que tiene cierto grado de aericidad y puede estar resbaladiza. Nada extremo, sin embargo.<\/strong><\/span><\/p>\n<p style=\"text-align: justify;\"><span style=\"font-size: 14pt;\"><strong>Combinando senderos con maleza y pistas asilvestradas llegaremos a Sant Nazar\u00ed. Desde Sant Nazar\u00ed seguiremos andando por senderos y pistas asilvestradas. Alcanzaremos Can Bosch (Km. 23) y muy pronto viraremos abruptamente hacia el nordeste.<\/strong><\/span><\/p>\n<p style=\"text-align: justify;\"><span style=\"font-size: 14pt;\"><strong>Siguiendo por pistas y senderos, iremos ascendiendo hacia el Serrat de Bruguetar y el Coll Saserra. Desde all\u00ed se inicia un nuevo descenso hasta la Riera de Rocacorba (Km. 27). Despu\u00e9s, andando por las curvas y requiebros del camino, daremos con el Cam\u00ed de Rocacorba.<\/strong><\/span><\/p>\n<p style=\"text-align: justify;\"><span style=\"font-size: 14pt;\"><strong>Lo seguiremos hasta el Km. 30, donde lo dejaremos por otra pista asilvestrada que se hab\u00eda cerrado por causa de la ca\u00edda de un \u00e1rbol. Este hecho nos ha obligado a cortar una rama bastante grande, aunque despu\u00e9s nos hemos tenido que arrastrar igualmente para superar el obst\u00e1culo. Pasado \u00e9ste, el camino ya est\u00e1 despejado, y llegaremos a la Roca Corba, donde se disfruta de excelentes panor\u00e1micas. Despu\u00e9s llegaremos, por un senderuelo que sortea unas vistosas formaciones rocosas, a Santa Mar\u00eda de Rocacorba, que est\u00e1 al lado.<\/strong><\/span><\/p>\n<p style=\"text-align: justify;\"><span style=\"font-size: 14pt;\"><strong>Finalmente, iremos en busca del sendero marcado que desciende hasta el Pla Mart\u00ed. Se trata de un camino en alg\u00fan punto escabroso, aunque tambi\u00e9n es un aut\u00e9ntico regalo a la vista. Pasaremos la cueva de Rocacorba, y la Roca Barret, en forma de hongo. En el kil\u00f3metro 32 daremos con la misma pista por la que hab\u00edamos iniciado la salida. Por ella regresaremos al punto de inicio.<\/strong><\/span><\/p>\n<p style=\"text-align: justify;\"><span style=\"font-size: 14pt;\"><strong><u>Consideraciones t\u00e9cnicas<\/u><\/strong><\/span><\/p>\n<p style=\"text-align: justify;\"><span style=\"font-size: 14pt;\"><strong>Se han unido los tracks de los dos d\u00edas.<\/strong><\/span><\/p>\n<p style=\"text-align: justify;\"><span style=\"font-size: 14pt;\"><strong><span style=\"text-decoration: underline;\">Texto de Wikiloc redactado por Josep<\/span><\/strong><\/span><\/p>\n<p style=\"text-align: justify;\"><span style=\"font-size: 14pt;\"><strong>Aquesta ruta es va fer el cap de setmana del 5-6 de juny de 2021. No \u00e9s l&#8217;\u00e8poca m\u00e9s recomanada ja que pot fer molta calor a la zona en aquestes dates per\u00f2, per-ra\u00f3 de la pand\u00e8mia, des de l&#8217;any anterior que l&#8217;an\u00e0vem postposant i, veient-ne la possibilitat, vam decidir de fer-la.<\/strong><\/span><\/p>\n<p style=\"text-align: justify;\"><span style=\"font-size: 14pt;\"><strong>Se surt de Pla Mart\u00ed (sota Rocacorba) on es poden aparcar els cotxes i, el primer dia es va a la casa de col\u00f2nies de Sant Mart\u00ed de LL\u00e9mena passant per Granollers de Rocacorba, Sant Esteve de LL\u00e9mena, el gorg de les Bruixes, la Barroca i Santa Lena. No hi ha excessives dificultats per\u00f2 \u00e9s un trajecte bastant llarg (prop de 20 km.)<\/strong><\/span><\/p>\n<p style=\"text-align: justify;\"><span style=\"font-size: 14pt;\"><strong>El segon dia se surt de Sant Mart\u00ed de LL\u00e9mena, es va a l&#8217;ermita de Sant Nazari i d&#8217;aqu\u00ed al corriol que passa per sobre cal Bosquer\u00f3s. Quan se surt de Sant Nazari hi ha un tram de corriolet perdedor que travessa un petit torrent enmig de les bardisses: hi hem pogut passar sense molts problemes, per\u00f2 si passa gaire temps, \u00e9s molt probable que s&#8217;embardissi (cal sortir sota una l\u00ednia el\u00e8ctrica). De cal Bosquer\u00f3s cal anar al coll de la Creu d&#8217;en Llong i baixar a la riera de Rocacorba. D&#8217;aqu\u00ed, agafar el cam\u00ed que puja al santuari de Rocacorba per Serralta (un altre cam\u00ed amb tend\u00e8ncia a embardissar-se i que hem hagut d&#8217;esclarrissar tamb\u00e9 un xic: tot i aix\u00f2, la tra\u00e7a \u00e9s clara en data de 2021). Finalment, un cop a Rocacorba es baixa a Pla Mart\u00ed. En aquesta segona jornada, el trajecte \u00e9s m\u00e9s curt per\u00f2 hi ha molt m\u00e9s desnivell de pujada (no obstant, cap punt amb desnivells exagerats).<\/strong><\/span><\/p>\n\n\n\n<figure class=\"wp-block-image size-large\"><a href=\"https:\/\/fotosenderismo.com\/wordpress\/wp-content\/uploads\/2021\/06\/ELENA.MARTI-ROCACORBA-MAPA.jpg\" target=\"_blank\" rel=\"noopener\"><img loading=\"lazy\" decoding=\"async\" width=\"1024\" height=\"967\" src=\"https:\/\/fotosenderismo.com\/wordpress\/wp-content\/uploads\/2021\/06\/ELENA.MARTI-ROCACORBA-MAPA-1024x967.jpg\" alt=\"\" class=\"wp-image-20237\" srcset=\"https:\/\/fotosenderismo.com\/wordpress\/wp-content\/uploads\/2021\/06\/ELENA.MARTI-ROCACORBA-MAPA-1024x967.jpg 1024w, https:\/\/fotosenderismo.com\/wordpress\/wp-content\/uploads\/2021\/06\/ELENA.MARTI-ROCACORBA-MAPA-300x283.jpg 300w, https:\/\/fotosenderismo.com\/wordpress\/wp-content\/uploads\/2021\/06\/ELENA.MARTI-ROCACORBA-MAPA-768x726.jpg 768w, https:\/\/fotosenderismo.com\/wordpress\/wp-content\/uploads\/2021\/06\/ELENA.MARTI-ROCACORBA-MAPA-1536x1451.jpg 1536w, https:\/\/fotosenderismo.com\/wordpress\/wp-content\/uploads\/2021\/06\/ELENA.MARTI-ROCACORBA-MAPA-1320x1247.jpg 1320w, https:\/\/fotosenderismo.com\/wordpress\/wp-content\/uploads\/2021\/06\/ELENA.MARTI-ROCACORBA-MAPA.jpg 1920w\" sizes=\"auto, (max-width: 1024px) 100vw, 1024px\" \/><\/a><\/figure>\n\n\n\n<p><\/p>\n\n\n\n<iframe loading=\"lazy\" scrolling=\"no\" src=\"https:\/\/ca.wikiloc.com\/wikiloc\/spatialArtifacts.do?event=view&amp;id=75183556&amp;measures=on&amp;title=on&amp;near=on&amp;images=on&amp;maptype=H\" width=\"1000\" height=\"1000\" frameborder=\"0\"><\/iframe><div style=\"color:#777;font-size:11px;line-height:16px;\">Powered by <a style=\"color:#06d;font-size:11px;line-height:16px;\" target=\"_blank\" href=\"https:\/\/ca.wikiloc.com\" rel=\"noopener\">Wikiloc<\/a><\/div>\n\n\n\n<p><\/p>\n\n\n\n<figure class=\"wp-block-image size-large\"><a href=\"https:\/\/fotosenderismo.com\/wordpress\/wp-content\/uploads\/2021\/06\/ELENA.MARTI-ROCACORBA-EARTH-1.jpg\" target=\"_blank\" rel=\"noopener\"><img loading=\"lazy\" decoding=\"async\" width=\"1024\" height=\"518\" src=\"https:\/\/fotosenderismo.com\/wordpress\/wp-content\/uploads\/2021\/06\/ELENA.MARTI-ROCACORBA-EARTH-1-1024x518.jpg\" alt=\"\" class=\"wp-image-20234\" srcset=\"https:\/\/fotosenderismo.com\/wordpress\/wp-content\/uploads\/2021\/06\/ELENA.MARTI-ROCACORBA-EARTH-1-1024x518.jpg 1024w, https:\/\/fotosenderismo.com\/wordpress\/wp-content\/uploads\/2021\/06\/ELENA.MARTI-ROCACORBA-EARTH-1-300x152.jpg 300w, https:\/\/fotosenderismo.com\/wordpress\/wp-content\/uploads\/2021\/06\/ELENA.MARTI-ROCACORBA-EARTH-1-768x388.jpg 768w, https:\/\/fotosenderismo.com\/wordpress\/wp-content\/uploads\/2021\/06\/ELENA.MARTI-ROCACORBA-EARTH-1-1536x777.jpg 1536w, https:\/\/fotosenderismo.com\/wordpress\/wp-content\/uploads\/2021\/06\/ELENA.MARTI-ROCACORBA-EARTH-1-1320x668.jpg 1320w, https:\/\/fotosenderismo.com\/wordpress\/wp-content\/uploads\/2021\/06\/ELENA.MARTI-ROCACORBA-EARTH-1.jpg 1920w\" sizes=\"auto, (max-width: 1024px) 100vw, 1024px\" \/><\/a><\/figure>\n\n\n\n<p><\/p>\n\n\n\n<figure class=\"wp-block-image size-large\"><a href=\"https:\/\/fotosenderismo.com\/wordpress\/wp-content\/uploads\/2021\/06\/ELENA.MARTI-ROCACORBA-EARTH-2.jpg\" target=\"_blank\" rel=\"noopener\"><img loading=\"lazy\" decoding=\"async\" width=\"1024\" height=\"518\" src=\"https:\/\/fotosenderismo.com\/wordpress\/wp-content\/uploads\/2021\/06\/ELENA.MARTI-ROCACORBA-EARTH-2-1024x518.jpg\" alt=\"\" class=\"wp-image-20235\" srcset=\"https:\/\/fotosenderismo.com\/wordpress\/wp-content\/uploads\/2021\/06\/ELENA.MARTI-ROCACORBA-EARTH-2-1024x518.jpg 1024w, https:\/\/fotosenderismo.com\/wordpress\/wp-content\/uploads\/2021\/06\/ELENA.MARTI-ROCACORBA-EARTH-2-300x152.jpg 300w, https:\/\/fotosenderismo.com\/wordpress\/wp-content\/uploads\/2021\/06\/ELENA.MARTI-ROCACORBA-EARTH-2-768x388.jpg 768w, https:\/\/fotosenderismo.com\/wordpress\/wp-content\/uploads\/2021\/06\/ELENA.MARTI-ROCACORBA-EARTH-2-1536x777.jpg 1536w, https:\/\/fotosenderismo.com\/wordpress\/wp-content\/uploads\/2021\/06\/ELENA.MARTI-ROCACORBA-EARTH-2-1320x668.jpg 1320w, https:\/\/fotosenderismo.com\/wordpress\/wp-content\/uploads\/2021\/06\/ELENA.MARTI-ROCACORBA-EARTH-2.jpg 1920w\" sizes=\"auto, (max-width: 1024px) 100vw, 1024px\" \/><\/a><\/figure>\n\n\n\n<p><\/p>\n\n\n\n<figure class=\"wp-block-image size-large\"><a href=\"https:\/\/fotosenderismo.com\/wordpress\/wp-content\/uploads\/2021\/06\/ELENA.MARTI-ROCACORBA-PERFIL.jpg\" target=\"_blank\" rel=\"noopener\"><img loading=\"lazy\" decoding=\"async\" width=\"1024\" height=\"312\" src=\"https:\/\/fotosenderismo.com\/wordpress\/wp-content\/uploads\/2021\/06\/ELENA.MARTI-ROCACORBA-PERFIL-1024x312.jpg\" alt=\"\" class=\"wp-image-20238\" srcset=\"https:\/\/fotosenderismo.com\/wordpress\/wp-content\/uploads\/2021\/06\/ELENA.MARTI-ROCACORBA-PERFIL-1024x312.jpg 1024w, https:\/\/fotosenderismo.com\/wordpress\/wp-content\/uploads\/2021\/06\/ELENA.MARTI-ROCACORBA-PERFIL-300x91.jpg 300w, https:\/\/fotosenderismo.com\/wordpress\/wp-content\/uploads\/2021\/06\/ELENA.MARTI-ROCACORBA-PERFIL-768x234.jpg 768w, https:\/\/fotosenderismo.com\/wordpress\/wp-content\/uploads\/2021\/06\/ELENA.MARTI-ROCACORBA-PERFIL-1536x468.jpg 1536w, https:\/\/fotosenderismo.com\/wordpress\/wp-content\/uploads\/2021\/06\/ELENA.MARTI-ROCACORBA-PERFIL-1320x402.jpg 1320w, https:\/\/fotosenderismo.com\/wordpress\/wp-content\/uploads\/2021\/06\/ELENA.MARTI-ROCACORBA-PERFIL.jpg 1862w\" sizes=\"auto, (max-width: 1024px) 100vw, 1024px\" \/><\/a><\/figure>\n\n\n\n<p><\/p>\n\n\n\n<figure class=\"wp-block-image aligncenter size-large\"><img loading=\"lazy\" decoding=\"async\" width=\"261\" height=\"37\" src=\"https:\/\/fotosenderismo.com\/wordpress\/wp-content\/uploads\/2020\/07\/RELACIONADAS-1.jpg\" alt=\"\" class=\"wp-image-19229\"\/><\/figure>\n\n\n\n<p><\/p>\n\n\n\n<figure class=\"wp-block-embed aligncenter is-type-wp-embed is-provider-fotosenderismo-com wp-block-embed-fotosenderismo-com\"><div class=\"wp-block-embed__wrapper\">\n<blockquote class=\"wp-embedded-content\" data-secret=\"6gIDETW3tA\"><a href=\"https:\/\/fotosenderismo.com\/wordpress\/index.php\/2020\/01\/21\/circular-rocacorba-el-mitja-bosc-de-can-vives-rocacorba-riera-de-rocacorba\/\">Circular Rocacorba. El Mitj\u00e0, Bosc de Can Vives, Rocacorba, Riera de Rocacorba<\/a><\/blockquote><iframe loading=\"lazy\" class=\"wp-embedded-content\" sandbox=\"allow-scripts\" security=\"restricted\" style=\"position: absolute; clip: rect(1px, 1px, 1px, 1px);\" title=\"\u00abCircular Rocacorba. El Mitj\u00e0, Bosc de Can Vives, Rocacorba, Riera de Rocacorba\u00bb \u2014 FOTOSENDERISMO.COM\" src=\"https:\/\/fotosenderismo.com\/wordpress\/index.php\/2020\/01\/21\/circular-rocacorba-el-mitja-bosc-de-can-vives-rocacorba-riera-de-rocacorba\/embed\/#?secret=eZZ1eTsThN#?secret=6gIDETW3tA\" data-secret=\"6gIDETW3tA\" width=\"600\" height=\"338\" frameborder=\"0\" marginwidth=\"0\" marginheight=\"0\" scrolling=\"no\"><\/iframe>\n<\/div><\/figure>\n\n\n\n<figure class=\"wp-block-embed aligncenter is-type-wp-embed is-provider-fotosenderismo-com wp-block-embed-fotosenderismo-com\"><div class=\"wp-block-embed__wrapper\">\n<blockquote class=\"wp-embedded-content\" data-secret=\"D6vuGxkjUW\"><a href=\"https:\/\/fotosenderismo.com\/wordpress\/index.php\/2019\/12\/30\/sant-marti-de-llemena-cingles-de-rocafesa\/\">Sant Mart\u00ed de Ll\u00e9mena, Cingles de Rocafesa<\/a><\/blockquote><iframe loading=\"lazy\" class=\"wp-embedded-content\" sandbox=\"allow-scripts\" security=\"restricted\" style=\"position: absolute; clip: rect(1px, 1px, 1px, 1px);\" title=\"\u00abSant Mart\u00ed de Ll\u00e9mena, Cingles de Rocafesa\u00bb \u2014 FOTOSENDERISMO.COM\" src=\"https:\/\/fotosenderismo.com\/wordpress\/index.php\/2019\/12\/30\/sant-marti-de-llemena-cingles-de-rocafesa\/embed\/#?secret=1q3mlsJ9NZ#?secret=D6vuGxkjUW\" data-secret=\"D6vuGxkjUW\" width=\"600\" height=\"338\" frameborder=\"0\" marginwidth=\"0\" marginheight=\"0\" scrolling=\"no\"><\/iframe>\n<\/div><\/figure>\n\n\n\n<figure class=\"wp-block-embed aligncenter is-type-wp-embed is-provider-fotosenderismo-com wp-block-embed-fotosenderismo-com\"><div class=\"wp-block-embed__wrapper\">\n<blockquote class=\"wp-embedded-content\" data-secret=\"Es4UX0CrP4\"><a href=\"https:\/\/fotosenderismo.com\/wordpress\/index.php\/2017\/03\/30\/tres-ermitas-de-angles-santa-barbara-sant-amanc-sant-pere-sestronques\/\">Tres ermitas de Angl\u00e8s. Santa B\u00e0rbara, sant Aman\u00e7, sant Pere Sestronques<\/a><\/blockquote><iframe loading=\"lazy\" class=\"wp-embedded-content\" sandbox=\"allow-scripts\" security=\"restricted\" style=\"position: absolute; clip: rect(1px, 1px, 1px, 1px);\" title=\"\u00abTres ermitas de Angl\u00e8s. Santa B\u00e0rbara, sant Aman\u00e7, sant Pere Sestronques\u00bb \u2014 FOTOSENDERISMO.COM\" src=\"https:\/\/fotosenderismo.com\/wordpress\/index.php\/2017\/03\/30\/tres-ermitas-de-angles-santa-barbara-sant-amanc-sant-pere-sestronques\/embed\/#?secret=GqQInkjRht#?secret=Es4UX0CrP4\" data-secret=\"Es4UX0CrP4\" width=\"600\" height=\"338\" frameborder=\"0\" marginwidth=\"0\" marginheight=\"0\" scrolling=\"no\"><\/iframe>\n<\/div><\/figure>\n","protected":false},"excerpt":{"rendered":"<p>Esta salida es el fruto de mucho trabajo de inspecci\u00f3n del terreno de nuestros compa\u00f1eros Nuri, Gerard y Josep. Se hab\u00eda programado para un a\u00f1o antes, pero por causa de la pandemia se ha ido retrasando. Efectuada los d\u00edas 5 y 6 de junio del 2021, atraviesa robledales, encinares y hayedos, aunque junto a ellos hay una enorme diversidad de especies arb\u00f3reas y de plantas. Destaca por formaciones rocosas singulares, por sus barrancos, sus quebradas y por sus ermitas. Visita el Gorg de la Bruixa. En algunos puntos parece que estamos sumergidos en aut\u00e9nticas selvas tropicales y en zonas m\u00e1s elevadas disfrutaremos de excelentes vistas. Tiene alg\u00fan tramo puntual dif\u00edcil de rastrear, as\u00ed como alg\u00fan trecho determinado que se ha debido desbrozar, ya que durante el a\u00f1o que ha pasado desde las primeras inspecciones, algunos caminos se hab\u00edan enmara\u00f1ado y se ha ca\u00eddo alg\u00fan \u00e1rbol. Utilizaremos tanto trochas y senderos como pistas forestales, tramos asfaltados, y un peque\u00f1o trecho de carretera general.<\/p>\n","protected":false},"author":1,"featured_media":20236,"comment_status":"open","ping_status":"open","sticky":false,"template":"","format":"standard","meta":{"footnotes":""},"categories":[45,46,63,284,35,42,47,48],"tags":[256,157,195,223],"class_list":["post-20232","post","type-post","status-publish","format-standard","has-post-thumbnail","hentry","category-garrotxa","category-girona","category-girones","category-204-entre-30-y-35-km","category-entre-1000-y-1500-metros","category-senderismo","category-circular-tipo-de-recorrido","category-media-montana-o-terrenos-altos","tag-track-by-gerard","tag-jpalou","tag-track-by-nuria","tag-track-en-wikiloc"],"_links":{"self":[{"href":"https:\/\/fotosenderismo.com\/wordpress\/index.php\/wp-json\/wp\/v2\/posts\/20232","targetHints":{"allow":["GET"]}}],"collection":[{"href":"https:\/\/fotosenderismo.com\/wordpress\/index.php\/wp-json\/wp\/v2\/posts"}],"about":[{"href":"https:\/\/fotosenderismo.com\/wordpress\/index.php\/wp-json\/wp\/v2\/types\/post"}],"author":[{"embeddable":true,"href":"https:\/\/fotosenderismo.com\/wordpress\/index.php\/wp-json\/wp\/v2\/users\/1"}],"replies":[{"embeddable":true,"href":"https:\/\/fotosenderismo.com\/wordpress\/index.php\/wp-json\/wp\/v2\/comments?post=20232"}],"version-history":[{"count":8,"href":"https:\/\/fotosenderismo.com\/wordpress\/index.php\/wp-json\/wp\/v2\/posts\/20232\/revisions"}],"predecessor-version":[{"id":22839,"href":"https:\/\/fotosenderismo.com\/wordpress\/index.php\/wp-json\/wp\/v2\/posts\/20232\/revisions\/22839"}],"wp:featuredmedia":[{"embeddable":true,"href":"https:\/\/fotosenderismo.com\/wordpress\/index.php\/wp-json\/wp\/v2\/media\/20236"}],"wp:attachment":[{"href":"https:\/\/fotosenderismo.com\/wordpress\/index.php\/wp-json\/wp\/v2\/media?parent=20232"}],"wp:term":[{"taxonomy":"category","embeddable":true,"href":"https:\/\/fotosenderismo.com\/wordpress\/index.php\/wp-json\/wp\/v2\/categories?post=20232"},{"taxonomy":"post_tag","embeddable":true,"href":"https:\/\/fotosenderismo.com\/wordpress\/index.php\/wp-json\/wp\/v2\/tags?post=20232"}],"curies":[{"name":"wp","href":"https:\/\/api.w.org\/{rel}","templated":true}]}}