{"id":20140,"date":"2021-05-08T15:20:54","date_gmt":"2021-05-08T15:20:54","guid":{"rendered":"https:\/\/fotosenderismo.com\/wordpress\/?p=20140"},"modified":"2024-02-14T18:22:09","modified_gmt":"2024-02-14T18:22:09","slug":"cloquells-cistella-santuari-de-mare-de-deu-de-vida","status":"publish","type":"post","link":"https:\/\/fotosenderismo.com\/wordpress\/index.php\/2021\/05\/08\/cloquells-cistella-santuari-de-mare-de-deu-de-vida\/","title":{"rendered":"Cloquells, Cistella, Santuari de Mare de D\u00e9u de Vida"},"content":{"rendered":"\n<p><\/p>\n\n\n\n<figure class=\"wp-block-image aligncenter size-large\"><a href=\"https:\/\/photos.app.goo.gl\/jrSmTfrpTNXZxcS76\" target=\"_blank\" rel=\"noopener\"><img loading=\"lazy\" decoding=\"async\" width=\"400\" height=\"53\" src=\"https:\/\/fotosenderismo.com\/wordpress\/wp-content\/uploads\/2020\/07\/visualizar-galeria-fotos.jpg\" alt=\"\" class=\"wp-image-19221\" srcset=\"https:\/\/fotosenderismo.com\/wordpress\/wp-content\/uploads\/2020\/07\/visualizar-galeria-fotos.jpg 400w, https:\/\/fotosenderismo.com\/wordpress\/wp-content\/uploads\/2020\/07\/visualizar-galeria-fotos-300x40.jpg 300w\" sizes=\"auto, (max-width: 400px) 100vw, 400px\" \/><\/a><\/figure>\n\n\n\n<p><\/p>\n\n\n\n<figure class=\"wp-block-image size-large\"><a href=\"https:\/\/fotosenderismo.com\/wordpress\/wp-content\/uploads\/2021\/05\/CISTELLA-COQUELLS-DATOS.jpg\" target=\"_blank\" rel=\"noopener\"><img loading=\"lazy\" decoding=\"async\" width=\"1024\" height=\"732\" src=\"https:\/\/fotosenderismo.com\/wordpress\/wp-content\/uploads\/2021\/05\/CISTELLA-COQUELLS-DATOS-1024x732.jpg\" alt=\"\" class=\"wp-image-20141\" srcset=\"https:\/\/fotosenderismo.com\/wordpress\/wp-content\/uploads\/2021\/05\/CISTELLA-COQUELLS-DATOS-1024x732.jpg 1024w, https:\/\/fotosenderismo.com\/wordpress\/wp-content\/uploads\/2021\/05\/CISTELLA-COQUELLS-DATOS-300x215.jpg 300w, https:\/\/fotosenderismo.com\/wordpress\/wp-content\/uploads\/2021\/05\/CISTELLA-COQUELLS-DATOS-768x549.jpg 768w, https:\/\/fotosenderismo.com\/wordpress\/wp-content\/uploads\/2021\/05\/CISTELLA-COQUELLS-DATOS-1320x944.jpg 1320w, https:\/\/fotosenderismo.com\/wordpress\/wp-content\/uploads\/2021\/05\/CISTELLA-COQUELLS-DATOS.jpg 1337w\" sizes=\"auto, (max-width: 1024px) 100vw, 1024px\" \/><\/a><\/figure>\n\n\n\n<p><\/p>\n\n\n\n<figure class=\"wp-block-image aligncenter size-large\"><a href=\"https:\/\/fotosenderismo.com\/wordpress\/wp-content\/uploads\/2021-05-08-CISTELLA-COQUELLS.gpx\"><img loading=\"lazy\" decoding=\"async\" width=\"400\" height=\"50\" src=\"https:\/\/fotosenderismo.com\/wordpress\/wp-content\/uploads\/2020\/07\/descargar-track.jpg\" alt=\"\" class=\"wp-image-19227\" srcset=\"https:\/\/fotosenderismo.com\/wordpress\/wp-content\/uploads\/2020\/07\/descargar-track.jpg 400w, https:\/\/fotosenderismo.com\/wordpress\/wp-content\/uploads\/2020\/07\/descargar-track-300x38.jpg 300w\" sizes=\"auto, (max-width: 400px) 100vw, 400px\" \/><\/a><\/figure>\n\n\n\n<p><\/p>\n\n\n\n<p style=\"text-align: justify;\"><span style=\"text-decoration: underline;\"><strong><span style=\"font-size: 14pt;\">Caracter\u00edsticas generales<\/span><\/strong><\/span><\/p>\n<p style=\"text-align: justify;\"><strong><span style=\"font-size: 14pt;\">Salida del 8 de mayo del 2021. En sentido antihorario. El objetivo es el de visitar los santuarios de Santa Maria de Vida, Sant Jaume dels Solers, Sant Salvador de Coquells y Sant Joan de Coquells. Tambi\u00e9n el Castell dels Moros (en ruinas). La excursi\u00f3n no tiene dificultades destacables, y acumula poco desnivel. Atraviesa prados y bosques mediterr\u00e1neos, as\u00ed como campos de labor y vi\u00f1edos. Como tel\u00f3n de fondo destacan las monta\u00f1as de la Alta Garrotxa.<\/span><\/strong><\/p>\n<p style=\"text-align: justify;\"><span style=\"text-decoration: underline;\"><strong><span style=\"font-size: 14pt;\">Desarrollo de la salida<\/span><\/strong><\/span><\/p>\n<p style=\"text-align: justify;\"><strong><span style=\"font-size: 14pt;\">Hemos dejado el coche en Cistella y nos hemos dirigido a nuestro primer objetivo: Santa Maria de Vida, ello por pista forestal entre els Camps de l\u2019Arnau y les Feixes del Mas Vermell.<\/span><\/strong><\/p>\n<p style=\"text-align: justify;\"><strong><span style=\"font-size: 14pt;\">Alcanzada Santa Mar\u00eda de Vida (Km. 1,74) nos hemos dirigido a nuestro segundo objetivo: Sant Jaume dels Soler. Ello andando junto als Camps de l\u2019Arnau, els Boscos de l\u2019Arnau, els Camps de Can Burgues, els Bosquets y els Camps del Pujol, els Camps de Ca n\u2019Alegret y els Camps de Mas Rodeja. Abandonaremos la pista (Km. 6) para seguir por sendero hasta Sant Jaume (Km. 6,4).<\/span><\/strong><\/p>\n<p style=\"text-align: justify;\"><strong><span style=\"font-size: 14pt;\">Despu\u00e9s visitaremos las ruinas del Castell dels Moros (Km. 7,06) y, tambi\u00e9n por sendero, Ca n\u2019Alegret (Km 7,72), aunque por el lado opuesto del campo del mismo nombre.<\/span><\/strong><\/p>\n<p style=\"text-align: justify;\"><strong><span style=\"font-size: 14pt;\">Desde Ca n\u2019Alegret retomaremos primero pista y posteriormente un tramo de carretera (desde el Km. 9,20 hasta el 9,51 del recorrido). Por pista llegaremos a Sant Salvador de Coquells (Km. 11,7), caminando junto a los campos y los bosques del Mas Molar y del Mas Nou.<\/span><\/strong><\/p>\n<p style=\"text-align: justify;\"><strong><span style=\"font-size: 14pt;\">Despu\u00e9s pasaremos junto a Sant Joan de Coquells (Km. 12), y sin abandonar pista forestal, aunque dando un rodeo hasta las proximidades de Garriga Grossa, volveremos a Cistella.<\/span><\/strong><\/p>\n\n\n\n<p><\/p>\n\n\n\n<figure class=\"wp-block-image size-large\"><a href=\"https:\/\/fotosenderismo.com\/wordpress\/wp-content\/uploads\/2021\/05\/CISTELLA-COQUELLS-MAPA.jpg\" target=\"_blank\" rel=\"noopener\"><img loading=\"lazy\" decoding=\"async\" width=\"1024\" height=\"576\" src=\"https:\/\/fotosenderismo.com\/wordpress\/wp-content\/uploads\/2021\/05\/CISTELLA-COQUELLS-MAPA-1024x576.jpg\" alt=\"\" class=\"wp-image-20145\" srcset=\"https:\/\/fotosenderismo.com\/wordpress\/wp-content\/uploads\/2021\/05\/CISTELLA-COQUELLS-MAPA-1024x576.jpg 1024w, https:\/\/fotosenderismo.com\/wordpress\/wp-content\/uploads\/2021\/05\/CISTELLA-COQUELLS-MAPA-300x169.jpg 300w, https:\/\/fotosenderismo.com\/wordpress\/wp-content\/uploads\/2021\/05\/CISTELLA-COQUELLS-MAPA-768x432.jpg 768w, https:\/\/fotosenderismo.com\/wordpress\/wp-content\/uploads\/2021\/05\/CISTELLA-COQUELLS-MAPA-1536x864.jpg 1536w, https:\/\/fotosenderismo.com\/wordpress\/wp-content\/uploads\/2021\/05\/CISTELLA-COQUELLS-MAPA-1320x743.jpg 1320w, https:\/\/fotosenderismo.com\/wordpress\/wp-content\/uploads\/2021\/05\/CISTELLA-COQUELLS-MAPA.jpg 1920w\" sizes=\"auto, (max-width: 1024px) 100vw, 1024px\" \/><\/a><\/figure>\n\n\n\n<p><\/p>\n\n\n\n<iframe loading=\"lazy\" frameBorder=\"0\" scrolling=\"no\" src=\"https:\/\/es.wikiloc.com\/wikiloc\/spatialArtifacts.do?event=view&#038;id=72960703&#038;measures=on&#038;title=on&#038;near=on&#038;images=on&#038;maptype=H\" width=\"1000\" height=\"1000\"><\/iframe><div style=\"color:#777;font-size:11px;line-height:16px;\">Powered by <a style=\"color:#06d;font-size:11px;line-height:16px;\" target=\"_blank\" href=\"https:\/\/es.wikiloc.com\" rel=\"noopener\">Wikiloc<\/a><\/div>\n\n\n\n<p><\/p>\n\n\n\n<figure class=\"wp-block-image size-large\"><a href=\"https:\/\/fotosenderismo.com\/wordpress\/wp-content\/uploads\/2021\/05\/CISTELLA-COQUELLS-EARTH-1.jpg\" target=\"_blank\" rel=\"noopener\"><img loading=\"lazy\" decoding=\"async\" width=\"1024\" height=\"518\" src=\"https:\/\/fotosenderismo.com\/wordpress\/wp-content\/uploads\/2021\/05\/CISTELLA-COQUELLS-EARTH-1-1024x518.jpg\" alt=\"\" class=\"wp-image-20142\" srcset=\"https:\/\/fotosenderismo.com\/wordpress\/wp-content\/uploads\/2021\/05\/CISTELLA-COQUELLS-EARTH-1-1024x518.jpg 1024w, https:\/\/fotosenderismo.com\/wordpress\/wp-content\/uploads\/2021\/05\/CISTELLA-COQUELLS-EARTH-1-300x152.jpg 300w, https:\/\/fotosenderismo.com\/wordpress\/wp-content\/uploads\/2021\/05\/CISTELLA-COQUELLS-EARTH-1-768x388.jpg 768w, https:\/\/fotosenderismo.com\/wordpress\/wp-content\/uploads\/2021\/05\/CISTELLA-COQUELLS-EARTH-1-1536x777.jpg 1536w, https:\/\/fotosenderismo.com\/wordpress\/wp-content\/uploads\/2021\/05\/CISTELLA-COQUELLS-EARTH-1-1320x668.jpg 1320w, https:\/\/fotosenderismo.com\/wordpress\/wp-content\/uploads\/2021\/05\/CISTELLA-COQUELLS-EARTH-1.jpg 1920w\" sizes=\"auto, (max-width: 1024px) 100vw, 1024px\" \/><\/a><\/figure>\n\n\n\n<p><\/p>\n\n\n\n<figure class=\"wp-block-image size-large\"><a href=\"https:\/\/fotosenderismo.com\/wordpress\/wp-content\/uploads\/2021\/05\/CISTELLA-COQUELLS-EARTH-2.jpg\" target=\"_blank\" rel=\"noopener\"><img loading=\"lazy\" decoding=\"async\" width=\"1024\" height=\"518\" src=\"https:\/\/fotosenderismo.com\/wordpress\/wp-content\/uploads\/2021\/05\/CISTELLA-COQUELLS-EARTH-2-1024x518.jpg\" alt=\"\" class=\"wp-image-20143\" srcset=\"https:\/\/fotosenderismo.com\/wordpress\/wp-content\/uploads\/2021\/05\/CISTELLA-COQUELLS-EARTH-2-1024x518.jpg 1024w, https:\/\/fotosenderismo.com\/wordpress\/wp-content\/uploads\/2021\/05\/CISTELLA-COQUELLS-EARTH-2-300x152.jpg 300w, https:\/\/fotosenderismo.com\/wordpress\/wp-content\/uploads\/2021\/05\/CISTELLA-COQUELLS-EARTH-2-768x388.jpg 768w, https:\/\/fotosenderismo.com\/wordpress\/wp-content\/uploads\/2021\/05\/CISTELLA-COQUELLS-EARTH-2-1536x777.jpg 1536w, https:\/\/fotosenderismo.com\/wordpress\/wp-content\/uploads\/2021\/05\/CISTELLA-COQUELLS-EARTH-2-1320x668.jpg 1320w, https:\/\/fotosenderismo.com\/wordpress\/wp-content\/uploads\/2021\/05\/CISTELLA-COQUELLS-EARTH-2.jpg 1920w\" sizes=\"auto, (max-width: 1024px) 100vw, 1024px\" \/><\/a><\/figure>\n\n\n\n<p><\/p>\n\n\n\n<figure class=\"wp-block-image size-large\"><a href=\"https:\/\/fotosenderismo.com\/wordpress\/wp-content\/uploads\/2021\/05\/CISTELLA-COQUELLS-PERFIL.jpg\" target=\"_blank\" rel=\"noopener\"><img loading=\"lazy\" decoding=\"async\" width=\"1024\" height=\"309\" src=\"https:\/\/fotosenderismo.com\/wordpress\/wp-content\/uploads\/2021\/05\/CISTELLA-COQUELLS-PERFIL-1024x309.jpg\" alt=\"\" class=\"wp-image-20146\" srcset=\"https:\/\/fotosenderismo.com\/wordpress\/wp-content\/uploads\/2021\/05\/CISTELLA-COQUELLS-PERFIL-1024x309.jpg 1024w, https:\/\/fotosenderismo.com\/wordpress\/wp-content\/uploads\/2021\/05\/CISTELLA-COQUELLS-PERFIL-300x90.jpg 300w, https:\/\/fotosenderismo.com\/wordpress\/wp-content\/uploads\/2021\/05\/CISTELLA-COQUELLS-PERFIL-768x231.jpg 768w, https:\/\/fotosenderismo.com\/wordpress\/wp-content\/uploads\/2021\/05\/CISTELLA-COQUELLS-PERFIL-1536x463.jpg 1536w, https:\/\/fotosenderismo.com\/wordpress\/wp-content\/uploads\/2021\/05\/CISTELLA-COQUELLS-PERFIL-1320x398.jpg 1320w, https:\/\/fotosenderismo.com\/wordpress\/wp-content\/uploads\/2021\/05\/CISTELLA-COQUELLS-PERFIL.jpg 1852w\" sizes=\"auto, (max-width: 1024px) 100vw, 1024px\" \/><\/a><\/figure>\n\n\n\n<p><\/p>\n\n\n\n<figure class=\"wp-block-image aligncenter size-large\"><img loading=\"lazy\" decoding=\"async\" width=\"261\" height=\"37\" src=\"https:\/\/fotosenderismo.com\/wordpress\/wp-content\/uploads\/2020\/07\/RELACIONADAS-1.jpg\" alt=\"\" class=\"wp-image-19229\"\/><\/figure>\n\n\n\n<p><\/p>\n\n\n\n<figure class=\"wp-block-embed aligncenter is-type-wp-embed is-provider-fotosenderismo-com wp-block-embed-fotosenderismo-com\"><div class=\"wp-block-embed__wrapper\">\n<blockquote class=\"wp-embedded-content\" data-secret=\"SuPvAhp7xk\"><a href=\"https:\/\/fotosenderismo.com\/wordpress\/index.php\/2018\/03\/16\/llado-sant-felip-i-sant-jaume-mare-de-deu-de-vida-cistella\/\">Llad\u00f3, Sant Felip i Sant Jaume, Mare de D\u00e9u de Vida, Cistella<\/a><\/blockquote><iframe loading=\"lazy\" class=\"wp-embedded-content\" sandbox=\"allow-scripts\" security=\"restricted\" style=\"position: absolute; clip: rect(1px, 1px, 1px, 1px);\" title=\"\u00abLlad\u00f3, Sant Felip i Sant Jaume, Mare de D\u00e9u de Vida, Cistella\u00bb \u2014 FOTOSENDERISMO.COM\" src=\"https:\/\/fotosenderismo.com\/wordpress\/index.php\/2018\/03\/16\/llado-sant-felip-i-sant-jaume-mare-de-deu-de-vida-cistella\/embed\/#?secret=MjWefRlYVK#?secret=SuPvAhp7xk\" data-secret=\"SuPvAhp7xk\" width=\"600\" height=\"338\" frameborder=\"0\" marginwidth=\"0\" marginheight=\"0\" scrolling=\"no\"><\/iframe>\n<\/div><\/figure>\n\n\n\n<figure class=\"wp-block-embed aligncenter is-type-wp-embed is-provider-fotosenderismo-com wp-block-embed-fotosenderismo-com\"><div class=\"wp-block-embed__wrapper\">\n<blockquote class=\"wp-embedded-content\" data-secret=\"GBqXlBfNmn\"><a href=\"https:\/\/fotosenderismo.com\/wordpress\/index.php\/2015\/11\/25\/taravaus-santuari-santa-maria-de-vida\/\">Taravaus, santuari Santa Maria de Vida<\/a><\/blockquote><iframe loading=\"lazy\" class=\"wp-embedded-content\" sandbox=\"allow-scripts\" security=\"restricted\" style=\"position: absolute; clip: rect(1px, 1px, 1px, 1px);\" title=\"\u00abTaravaus, santuari Santa Maria de Vida\u00bb \u2014 FOTOSENDERISMO.COM\" src=\"https:\/\/fotosenderismo.com\/wordpress\/index.php\/2015\/11\/25\/taravaus-santuari-santa-maria-de-vida\/embed\/#?secret=xH4GoUNeWl#?secret=GBqXlBfNmn\" data-secret=\"GBqXlBfNmn\" width=\"600\" height=\"338\" frameborder=\"0\" marginwidth=\"0\" marginheight=\"0\" scrolling=\"no\"><\/iframe>\n<\/div><\/figure>\n\n\n\n<figure class=\"wp-block-embed aligncenter is-type-wp-embed is-provider-fotosenderismo-com wp-block-embed-fotosenderismo-com\"><div class=\"wp-block-embed__wrapper\">\n<blockquote class=\"wp-embedded-content\" data-secret=\"bdr4T9ZOHC\"><a href=\"https:\/\/fotosenderismo.com\/wordpress\/index.php\/2015\/08\/14\/avinyonet-puigventos\/\">Por los campos de Avinyonet Puigvent\u00f3s<\/a><\/blockquote><iframe loading=\"lazy\" class=\"wp-embedded-content\" sandbox=\"allow-scripts\" security=\"restricted\" style=\"position: absolute; clip: rect(1px, 1px, 1px, 1px);\" title=\"\u00abPor los campos de Avinyonet Puigvent\u00f3s\u00bb \u2014 FOTOSENDERISMO.COM\" src=\"https:\/\/fotosenderismo.com\/wordpress\/index.php\/2015\/08\/14\/avinyonet-puigventos\/embed\/#?secret=zfdII14djC#?secret=bdr4T9ZOHC\" data-secret=\"bdr4T9ZOHC\" width=\"600\" height=\"338\" frameborder=\"0\" marginwidth=\"0\" marginheight=\"0\" scrolling=\"no\"><\/iframe>\n<\/div><\/figure>\n","protected":false},"excerpt":{"rendered":"<p>Salida del 8 de mayo del 2021. En sentido antihorario. El objetivo es el de visitar los santuarios de Santa Maria de Vida, Sant Jaume dels Solers, Sant Salvador de Coquells y Sant Joan de Coquells. Tambi\u00e9n el Castell dels Moros (en ruinas). La excursi\u00f3n no tiene dificultades destacables, y acumula poco desnivel. Atraviesa prados y bosques mediterr\u00e1neos, as\u00ed como campos de labor y vi\u00f1edos. Como tel\u00f3n de fondo destacan las monta\u00f1as de la Alta Garrotxa.<\/p>\n","protected":false},"author":1,"featured_media":20144,"comment_status":"open","ping_status":"open","sticky":false,"template":"","format":"standard","meta":{"footnotes":""},"categories":[59,46,280,33,42,47,124],"tags":[207,98,256,157,223],"class_list":["post-20140","post","type-post","status-publish","format-standard","has-post-thumbnail","hentry","category-emporda","category-girona","category-202-entre-10-y-15-km","category-menos-de-500","category-senderismo","category-circular-tipo-de-recorrido","category-tierras-bajas-altitud-del-terreno-a-menos-de-300-metros","tag-fotos-by-j-palou","tag-98","tag-track-by-gerard","tag-jpalou","tag-track-en-wikiloc"],"_links":{"self":[{"href":"https:\/\/fotosenderismo.com\/wordpress\/index.php\/wp-json\/wp\/v2\/posts\/20140","targetHints":{"allow":["GET"]}}],"collection":[{"href":"https:\/\/fotosenderismo.com\/wordpress\/index.php\/wp-json\/wp\/v2\/posts"}],"about":[{"href":"https:\/\/fotosenderismo.com\/wordpress\/index.php\/wp-json\/wp\/v2\/types\/post"}],"author":[{"embeddable":true,"href":"https:\/\/fotosenderismo.com\/wordpress\/index.php\/wp-json\/wp\/v2\/users\/1"}],"replies":[{"embeddable":true,"href":"https:\/\/fotosenderismo.com\/wordpress\/index.php\/wp-json\/wp\/v2\/comments?post=20140"}],"version-history":[{"count":3,"href":"https:\/\/fotosenderismo.com\/wordpress\/index.php\/wp-json\/wp\/v2\/posts\/20140\/revisions"}],"predecessor-version":[{"id":22847,"href":"https:\/\/fotosenderismo.com\/wordpress\/index.php\/wp-json\/wp\/v2\/posts\/20140\/revisions\/22847"}],"wp:featuredmedia":[{"embeddable":true,"href":"https:\/\/fotosenderismo.com\/wordpress\/index.php\/wp-json\/wp\/v2\/media\/20144"}],"wp:attachment":[{"href":"https:\/\/fotosenderismo.com\/wordpress\/index.php\/wp-json\/wp\/v2\/media?parent=20140"}],"wp:term":[{"taxonomy":"category","embeddable":true,"href":"https:\/\/fotosenderismo.com\/wordpress\/index.php\/wp-json\/wp\/v2\/categories?post=20140"},{"taxonomy":"post_tag","embeddable":true,"href":"https:\/\/fotosenderismo.com\/wordpress\/index.php\/wp-json\/wp\/v2\/tags?post=20140"}],"curies":[{"name":"wp","href":"https:\/\/api.w.org\/{rel}","templated":true}]}}