{"id":19952,"date":"2021-01-18T11:50:42","date_gmt":"2021-01-18T11:50:42","guid":{"rendered":"https:\/\/fotosenderismo.com\/wordpress\/?p=19952"},"modified":"2024-02-14T19:03:19","modified_gmt":"2024-02-14T19:03:19","slug":"hostalets-den-bas-falgars-la-batllia","status":"publish","type":"post","link":"https:\/\/fotosenderismo.com\/wordpress\/index.php\/2021\/01\/18\/hostalets-den-bas-falgars-la-batllia\/","title":{"rendered":"Hostalets d&#8217;en Bas, Falgars, la Batllia"},"content":{"rendered":"\n<p><\/p>\n\n\n\n<figure class=\"wp-block-image aligncenter size-large\"><a href=\"https:\/\/photos.app.goo.gl\/YzfthtkSRfocXrtj8\" target=\"_blank\" rel=\"noopener\"><img loading=\"lazy\" decoding=\"async\" width=\"400\" height=\"53\" src=\"https:\/\/fotosenderismo.com\/wordpress\/wp-content\/uploads\/2020\/07\/visualizar-galeria-fotos.jpg\" alt=\"\" class=\"wp-image-19221\" srcset=\"https:\/\/fotosenderismo.com\/wordpress\/wp-content\/uploads\/2020\/07\/visualizar-galeria-fotos.jpg 400w, https:\/\/fotosenderismo.com\/wordpress\/wp-content\/uploads\/2020\/07\/visualizar-galeria-fotos-300x40.jpg 300w\" sizes=\"auto, (max-width: 400px) 100vw, 400px\" \/><\/a><\/figure>\n\n\n\n<p><\/p>\n\n\n\n<figure class=\"wp-block-image size-large\"><a href=\"https:\/\/fotosenderismo.com\/wordpress\/wp-content\/uploads\/2021\/01\/BATLLIA-DATOS.jpg\" target=\"_blank\" rel=\"noopener\"><img loading=\"lazy\" decoding=\"async\" width=\"1024\" height=\"728\" src=\"https:\/\/fotosenderismo.com\/wordpress\/wp-content\/uploads\/2021\/01\/BATLLIA-DATOS.jpg\" alt=\"\" class=\"wp-image-19987\" srcset=\"https:\/\/fotosenderismo.com\/wordpress\/wp-content\/uploads\/2021\/01\/BATLLIA-DATOS.jpg 1024w, https:\/\/fotosenderismo.com\/wordpress\/wp-content\/uploads\/2021\/01\/BATLLIA-DATOS-300x213.jpg 300w, https:\/\/fotosenderismo.com\/wordpress\/wp-content\/uploads\/2021\/01\/BATLLIA-DATOS-768x546.jpg 768w\" sizes=\"auto, (max-width: 1024px) 100vw, 1024px\" \/><\/a><\/figure>\n\n\n\n<p><\/p>\n\n\n\n<figure class=\"wp-block-image aligncenter size-large\"><a href=\"https:\/\/fotosenderismo.com\/wordpress\/wp-content\/uploads\/2021-01-17-HOSTALETS-BAS-FALGARS-BAS-BATLLIA-SANT-MIQUEL.gpx\"><img loading=\"lazy\" decoding=\"async\" width=\"400\" height=\"50\" src=\"https:\/\/fotosenderismo.com\/wordpress\/wp-content\/uploads\/2020\/07\/descargar-track.jpg\" alt=\"\" class=\"wp-image-19227\" srcset=\"https:\/\/fotosenderismo.com\/wordpress\/wp-content\/uploads\/2020\/07\/descargar-track.jpg 400w, https:\/\/fotosenderismo.com\/wordpress\/wp-content\/uploads\/2020\/07\/descargar-track-300x38.jpg 300w\" sizes=\"auto, (max-width: 400px) 100vw, 400px\" \/><\/a><\/figure>\n\n\n\n<p><\/p>\n\n\n\n<p style=\"text-align: justify;\"><strong><span style=\"font-size: 14pt;\">Salida del 17 de enero del 2021, en sentido horario. En condiciones normales es f\u00e1cil, aunque esta vez la cosa ha sido algo m\u00e1s complicada por la presencia de una buena cantidad de nieve en la zona m\u00e1s elevada de la excursi\u00f3n, y del hielo de los caminos. Tambi\u00e9n ha sido algo m\u00e1s complicado el descenso desde Sant Miquel hasta Hostalets, ya que he tenido que bajar con algo m\u00e1s de cuidado. Por eso la excursi\u00f3n ha durado algo m\u00e1s de lo normal. En teor\u00eda toda ella deb\u00eda pasar por sendero marcado, o al menos as\u00ed figuraba en el plano del ICGC. Pero en realidad en el tramo de la Batllia (desde el kil\u00f3metro 3,2 al 5,7) no hab\u00eda ninguna marca, ni he sabido ver ning\u00fan rastro de alguna.<\/span><\/strong><\/p>\n<p style=\"text-align: justify;\"><strong><span style=\"font-size: 14pt;\">El paisaje est\u00e1 caracterizado por los acantilados del Collsacabra, por las vistas a la Garrtoxa y al Pirineo, por el bosque mediterr\u00e1neo y por sus caminos \u00e1speros, tanto el que asciende desde Hostalets a Falgars, como el que desciende desde Sant Miquel de Falgars hasta Hostalets. A pesar de ello, y en condiciones normales, no encontraremos ning\u00fan punto o tramo t\u00e9cnico, y s\u00f3lo queda luchar pacientemente contra las pendientes. Aun as\u00ed, como he dicho, la dificultad se hallaba en las condiciones hibernales, y aunque en bastantes momentos me hundiera casi hasta la rodilla, tampoco ha sido nada que pueda calificarse de excesivo.<\/span><\/strong><\/p>\n\n\n\n<p><\/p>\n\n\n\n<figure class=\"wp-block-image size-large\"><a href=\"https:\/\/fotosenderismo.com\/wordpress\/wp-content\/uploads\/2021\/01\/HOSTALETS-BATLLIA-MAPAg.jpg\" target=\"_blank\" rel=\"noopener\"><img loading=\"lazy\" decoding=\"async\" width=\"1024\" height=\"990\" src=\"https:\/\/fotosenderismo.com\/wordpress\/wp-content\/uploads\/2021\/01\/HOSTALETS-BATLLIA-MAPAg-1024x990.jpg\" alt=\"\" class=\"wp-image-19957\" srcset=\"https:\/\/fotosenderismo.com\/wordpress\/wp-content\/uploads\/2021\/01\/HOSTALETS-BATLLIA-MAPAg-1024x990.jpg 1024w, https:\/\/fotosenderismo.com\/wordpress\/wp-content\/uploads\/2021\/01\/HOSTALETS-BATLLIA-MAPAg-300x290.jpg 300w, https:\/\/fotosenderismo.com\/wordpress\/wp-content\/uploads\/2021\/01\/HOSTALETS-BATLLIA-MAPAg-768x742.jpg 768w, https:\/\/fotosenderismo.com\/wordpress\/wp-content\/uploads\/2021\/01\/HOSTALETS-BATLLIA-MAPAg-1536x1484.jpg 1536w, https:\/\/fotosenderismo.com\/wordpress\/wp-content\/uploads\/2021\/01\/HOSTALETS-BATLLIA-MAPAg-1320x1276.jpg 1320w, https:\/\/fotosenderismo.com\/wordpress\/wp-content\/uploads\/2021\/01\/HOSTALETS-BATLLIA-MAPAg.jpg 1900w\" sizes=\"auto, (max-width: 1024px) 100vw, 1024px\" \/><\/a><\/figure>\n\n\n\n<p><\/p>\n\n\n\n<iframe loading=\"lazy\" scrolling=\"no\" src=\"https:\/\/es.wikiloc.com\/wikiloc\/spatialArtifacts.do?event=view&amp;id=64138372&amp;measures=on&amp;title=on&amp;near=on&amp;images=on&amp;maptype=H\" width=\"1000\" height=\"1000\" frameborder=\"0\"><\/iframe><div style=\"color:#777;font-size:11px;line-height:16px;\">Powered by <a style=\"color:#06d;font-size:11px;line-height:16px;\" target=\"_blank\" href=\"https:\/\/es.wikiloc.com\" rel=\"noopener\">Wikiloc<\/a><\/div>\n\n\n\n<p><\/p>\n\n\n\n<figure class=\"wp-block-image size-large\"><a href=\"https:\/\/fotosenderismo.com\/wordpress\/wp-content\/uploads\/2021\/01\/HOSTALETS-BATLLIA-EARTH-1.jpg\" target=\"_blank\" rel=\"noopener\"><img loading=\"lazy\" decoding=\"async\" width=\"1024\" height=\"518\" src=\"https:\/\/fotosenderismo.com\/wordpress\/wp-content\/uploads\/2021\/01\/HOSTALETS-BATLLIA-EARTH-1-1024x518.jpg\" alt=\"\" class=\"wp-image-19954\" srcset=\"https:\/\/fotosenderismo.com\/wordpress\/wp-content\/uploads\/2021\/01\/HOSTALETS-BATLLIA-EARTH-1-1024x518.jpg 1024w, https:\/\/fotosenderismo.com\/wordpress\/wp-content\/uploads\/2021\/01\/HOSTALETS-BATLLIA-EARTH-1-300x152.jpg 300w, https:\/\/fotosenderismo.com\/wordpress\/wp-content\/uploads\/2021\/01\/HOSTALETS-BATLLIA-EARTH-1-768x388.jpg 768w, https:\/\/fotosenderismo.com\/wordpress\/wp-content\/uploads\/2021\/01\/HOSTALETS-BATLLIA-EARTH-1-1536x777.jpg 1536w, https:\/\/fotosenderismo.com\/wordpress\/wp-content\/uploads\/2021\/01\/HOSTALETS-BATLLIA-EARTH-1-1320x668.jpg 1320w, https:\/\/fotosenderismo.com\/wordpress\/wp-content\/uploads\/2021\/01\/HOSTALETS-BATLLIA-EARTH-1.jpg 1920w\" sizes=\"auto, (max-width: 1024px) 100vw, 1024px\" \/><\/a><\/figure>\n\n\n\n<p><\/p>\n\n\n\n<figure class=\"wp-block-image size-large\"><a href=\"https:\/\/fotosenderismo.com\/wordpress\/wp-content\/uploads\/2021\/01\/HOSTALETS-BATLLIA-EARTH-2.jpg\" target=\"_blank\" rel=\"noopener\"><img loading=\"lazy\" decoding=\"async\" width=\"1024\" height=\"518\" src=\"https:\/\/fotosenderismo.com\/wordpress\/wp-content\/uploads\/2021\/01\/HOSTALETS-BATLLIA-EARTH-2-1024x518.jpg\" alt=\"\" class=\"wp-image-19955\" srcset=\"https:\/\/fotosenderismo.com\/wordpress\/wp-content\/uploads\/2021\/01\/HOSTALETS-BATLLIA-EARTH-2-1024x518.jpg 1024w, https:\/\/fotosenderismo.com\/wordpress\/wp-content\/uploads\/2021\/01\/HOSTALETS-BATLLIA-EARTH-2-300x152.jpg 300w, https:\/\/fotosenderismo.com\/wordpress\/wp-content\/uploads\/2021\/01\/HOSTALETS-BATLLIA-EARTH-2-768x388.jpg 768w, https:\/\/fotosenderismo.com\/wordpress\/wp-content\/uploads\/2021\/01\/HOSTALETS-BATLLIA-EARTH-2-1536x777.jpg 1536w, https:\/\/fotosenderismo.com\/wordpress\/wp-content\/uploads\/2021\/01\/HOSTALETS-BATLLIA-EARTH-2-1320x668.jpg 1320w, https:\/\/fotosenderismo.com\/wordpress\/wp-content\/uploads\/2021\/01\/HOSTALETS-BATLLIA-EARTH-2.jpg 1920w\" sizes=\"auto, (max-width: 1024px) 100vw, 1024px\" \/><\/a><\/figure>\n\n\n\n<p><\/p>\n\n\n\n<figure class=\"wp-block-image size-large\"><a href=\"https:\/\/fotosenderismo.com\/wordpress\/wp-content\/uploads\/2021\/01\/HOSTALETS-BATLLIA-PERFIL.jpg\" target=\"_blank\" rel=\"noopener\"><img loading=\"lazy\" decoding=\"async\" width=\"1024\" height=\"346\" src=\"https:\/\/fotosenderismo.com\/wordpress\/wp-content\/uploads\/2021\/01\/HOSTALETS-BATLLIA-PERFIL-1024x346.jpg\" alt=\"\" class=\"wp-image-19958\" srcset=\"https:\/\/fotosenderismo.com\/wordpress\/wp-content\/uploads\/2021\/01\/HOSTALETS-BATLLIA-PERFIL-1024x346.jpg 1024w, https:\/\/fotosenderismo.com\/wordpress\/wp-content\/uploads\/2021\/01\/HOSTALETS-BATLLIA-PERFIL-300x101.jpg 300w, https:\/\/fotosenderismo.com\/wordpress\/wp-content\/uploads\/2021\/01\/HOSTALETS-BATLLIA-PERFIL-768x260.jpg 768w, https:\/\/fotosenderismo.com\/wordpress\/wp-content\/uploads\/2021\/01\/HOSTALETS-BATLLIA-PERFIL-1536x519.jpg 1536w, https:\/\/fotosenderismo.com\/wordpress\/wp-content\/uploads\/2021\/01\/HOSTALETS-BATLLIA-PERFIL-1320x446.jpg 1320w, https:\/\/fotosenderismo.com\/wordpress\/wp-content\/uploads\/2021\/01\/HOSTALETS-BATLLIA-PERFIL.jpg 1857w\" sizes=\"auto, (max-width: 1024px) 100vw, 1024px\" \/><\/a><\/figure>\n\n\n\n<p><\/p>\n\n\n\n<figure class=\"wp-block-image aligncenter size-large\"><img loading=\"lazy\" decoding=\"async\" width=\"261\" height=\"37\" src=\"https:\/\/fotosenderismo.com\/wordpress\/wp-content\/uploads\/2020\/07\/RELACIONADAS-1.jpg\" alt=\"\" class=\"wp-image-19229\"\/><\/figure>\n\n\n\n<p><\/p>\n\n\n\n<figure class=\"wp-block-embed aligncenter is-type-wp-embed is-provider-fotosenderismo-com wp-block-embed-fotosenderismo-com\"><div class=\"wp-block-embed__wrapper\">\n<blockquote class=\"wp-embedded-content\" data-secret=\"vuNYDy6h1p\"><a href=\"https:\/\/fotosenderismo.com\/wordpress\/index.php\/2019\/12\/29\/hostalets-den-bas-coll-duria-puig-de-gatonera-serra-de-murria-serra-de-la-calcina-sant-esteve-den-bas\/\">Hostalets d&#8217;en Bas, Coll d&#8217;Uria, Puig de Gatonera, Serra de Murri\u00e0, Serra de la Calcina, Sant Esteve d&#8217;en Bas<\/a><\/blockquote><iframe loading=\"lazy\" class=\"wp-embedded-content\" sandbox=\"allow-scripts\" security=\"restricted\" style=\"position: absolute; clip: rect(1px, 1px, 1px, 1px);\" title=\"\u00abHostalets d&#8217;en Bas, Coll d&#8217;Uria, Puig de Gatonera, Serra de Murri\u00e0, Serra de la Calcina, Sant Esteve d&#8217;en Bas\u00bb \u2014 FOTOSENDERISMO.COM\" src=\"https:\/\/fotosenderismo.com\/wordpress\/index.php\/2019\/12\/29\/hostalets-den-bas-coll-duria-puig-de-gatonera-serra-de-murria-serra-de-la-calcina-sant-esteve-den-bas\/embed\/#?secret=xrPDX3uary#?secret=vuNYDy6h1p\" data-secret=\"vuNYDy6h1p\" width=\"600\" height=\"338\" frameborder=\"0\" marginwidth=\"0\" marginheight=\"0\" scrolling=\"no\"><\/iframe>\n<\/div><\/figure>\n\n\n\n<figure class=\"wp-block-embed aligncenter is-type-wp-embed is-provider-fotosenderismo-com wp-block-embed-fotosenderismo-com\"><div class=\"wp-block-embed__wrapper\">\n<blockquote class=\"wp-embedded-content\" data-secret=\"PjFFaVqTdc\"><a href=\"https:\/\/fotosenderismo.com\/wordpress\/index.php\/2019\/02\/28\/hostalets-den-bas-passant-de-la-baga-sant-miquel-de-castello\/\">Hostalets d&#8217;en Bas, Passant de la Baga, Sant Miquel de Castell\u00f3<\/a><\/blockquote><iframe loading=\"lazy\" class=\"wp-embedded-content\" sandbox=\"allow-scripts\" security=\"restricted\" style=\"position: absolute; clip: rect(1px, 1px, 1px, 1px);\" title=\"\u00abHostalets d&#8217;en Bas, Passant de la Baga, Sant Miquel de Castell\u00f3\u00bb \u2014 FOTOSENDERISMO.COM\" src=\"https:\/\/fotosenderismo.com\/wordpress\/index.php\/2019\/02\/28\/hostalets-den-bas-passant-de-la-baga-sant-miquel-de-castello\/embed\/#?secret=osFfnyVXqs#?secret=PjFFaVqTdc\" data-secret=\"PjFFaVqTdc\" width=\"600\" height=\"338\" frameborder=\"0\" marginwidth=\"0\" marginheight=\"0\" scrolling=\"no\"><\/iframe>\n<\/div><\/figure>\n\n\n\n<figure class=\"wp-block-embed aligncenter is-type-wp-embed is-provider-fotosenderismo-com wp-block-embed-fotosenderismo-com\"><div class=\"wp-block-embed__wrapper\">\n<blockquote class=\"wp-embedded-content\" data-secret=\"RH1A2TTFZ8\"><a href=\"https:\/\/fotosenderismo.com\/wordpress\/index.php\/2018\/05\/02\/hostalets-den-bas-passant-de-la-baga-la-portellera-les-marrades-mina-dels-bandolers\/\">Hostalets d\u2019en Bas, Passant de la Baga, la Portellera, Les Marrades, Mina dels Bandolers<\/a><\/blockquote><iframe loading=\"lazy\" class=\"wp-embedded-content\" sandbox=\"allow-scripts\" security=\"restricted\" style=\"position: absolute; clip: rect(1px, 1px, 1px, 1px);\" title=\"\u00abHostalets d\u2019en Bas, Passant de la Baga, la Portellera, Les Marrades, Mina dels Bandolers\u00bb \u2014 FOTOSENDERISMO.COM\" src=\"https:\/\/fotosenderismo.com\/wordpress\/index.php\/2018\/05\/02\/hostalets-den-bas-passant-de-la-baga-la-portellera-les-marrades-mina-dels-bandolers\/embed\/#?secret=xylAtLMPoa#?secret=RH1A2TTFZ8\" data-secret=\"RH1A2TTFZ8\" width=\"600\" height=\"338\" frameborder=\"0\" marginwidth=\"0\" marginheight=\"0\" scrolling=\"no\"><\/iframe>\n<\/div><\/figure>\n","protected":false},"excerpt":{"rendered":"<p>Salida del 17 de enero del 2021, en sentido horario. En condiciones normales es f\u00e1cil, aunque esta vez la cosa ha sido algo m\u00e1s complicada por la presencia de una buena cantidad de nieve en la zona m\u00e1s elevada de la excursi\u00f3n, y del hielo de los caminos. Tambi\u00e9n ha sido algo m\u00e1s complicado el descenso desde Sant Miquel hasta Hostalets, ya que he tenido que bajar con algo m\u00e1s de cuidado. Por eso la excursi\u00f3n ha durado algo m\u00e1s de lo normal. En teor\u00eda toda ella deb\u00eda pasar por sendero marcado, o al menos as\u00ed figuraba en el plano del ICGC. Pero en realidad en el tramo de la Batllia (desde el kil\u00f3metro 3,2 al 5,7) no hab\u00eda ninguna marca, ni he sabido ver ning\u00fan rastro de alguna.<\/p>\n","protected":false},"author":1,"featured_media":19956,"comment_status":"open","ping_status":"open","sticky":false,"template":"","format":"standard","meta":{"footnotes":""},"categories":[45,46,133,143,288,34,42,47,48],"tags":[187,98,177,223],"class_list":["post-19952","post","type-post","status-publish","format-standard","has-post-thumbnail","hentry","category-garrotxa","category-girona","category-la-cabrera","category-1-5-volcanes","category-201-entre-5-y-10-km","category-entre-500-y-1000-metros","category-senderismo","category-circular-tipo-de-recorrido","category-media-montana-o-terrenos-altos","tag-fotos-by-eduard","tag-98","tag-eduard","tag-track-en-wikiloc"],"_links":{"self":[{"href":"https:\/\/fotosenderismo.com\/wordpress\/index.php\/wp-json\/wp\/v2\/posts\/19952","targetHints":{"allow":["GET"]}}],"collection":[{"href":"https:\/\/fotosenderismo.com\/wordpress\/index.php\/wp-json\/wp\/v2\/posts"}],"about":[{"href":"https:\/\/fotosenderismo.com\/wordpress\/index.php\/wp-json\/wp\/v2\/types\/post"}],"author":[{"embeddable":true,"href":"https:\/\/fotosenderismo.com\/wordpress\/index.php\/wp-json\/wp\/v2\/users\/1"}],"replies":[{"embeddable":true,"href":"https:\/\/fotosenderismo.com\/wordpress\/index.php\/wp-json\/wp\/v2\/comments?post=19952"}],"version-history":[{"count":5,"href":"https:\/\/fotosenderismo.com\/wordpress\/index.php\/wp-json\/wp\/v2\/posts\/19952\/revisions"}],"predecessor-version":[{"id":22866,"href":"https:\/\/fotosenderismo.com\/wordpress\/index.php\/wp-json\/wp\/v2\/posts\/19952\/revisions\/22866"}],"wp:featuredmedia":[{"embeddable":true,"href":"https:\/\/fotosenderismo.com\/wordpress\/index.php\/wp-json\/wp\/v2\/media\/19956"}],"wp:attachment":[{"href":"https:\/\/fotosenderismo.com\/wordpress\/index.php\/wp-json\/wp\/v2\/media?parent=19952"}],"wp:term":[{"taxonomy":"category","embeddable":true,"href":"https:\/\/fotosenderismo.com\/wordpress\/index.php\/wp-json\/wp\/v2\/categories?post=19952"},{"taxonomy":"post_tag","embeddable":true,"href":"https:\/\/fotosenderismo.com\/wordpress\/index.php\/wp-json\/wp\/v2\/tags?post=19952"}],"curies":[{"name":"wp","href":"https:\/\/api.w.org\/{rel}","templated":true}]}}