{"id":19856,"date":"2020-12-30T17:33:55","date_gmt":"2020-12-30T17:33:55","guid":{"rendered":"https:\/\/fotosenderismo.com\/wordpress\/?p=19856"},"modified":"2024-02-14T20:27:39","modified_gmt":"2024-02-14T20:27:39","slug":"riudaura-sender-de-llors-i-del-bover-cami-del-cortils","status":"publish","type":"post","link":"https:\/\/fotosenderismo.com\/wordpress\/index.php\/2020\/12\/30\/riudaura-sender-de-llors-i-del-bover-cami-del-cortils\/","title":{"rendered":"Riudaura, Sender de Llors i del Bover, Cam\u00ed del Cortils"},"content":{"rendered":"\n<p><\/p>\n\n\n\n<figure class=\"wp-block-image aligncenter size-large\"><a href=\"https:\/\/photos.app.goo.gl\/DnAn9gUZWy8zdwCU6\" target=\"_blank\" rel=\"noopener\"><img loading=\"lazy\" decoding=\"async\" width=\"400\" height=\"53\" src=\"https:\/\/fotosenderismo.com\/wordpress\/wp-content\/uploads\/2020\/07\/visualizar-galeria-fotos.jpg\" alt=\"\" class=\"wp-image-19221\" srcset=\"https:\/\/fotosenderismo.com\/wordpress\/wp-content\/uploads\/2020\/07\/visualizar-galeria-fotos.jpg 400w, https:\/\/fotosenderismo.com\/wordpress\/wp-content\/uploads\/2020\/07\/visualizar-galeria-fotos-300x40.jpg 300w\" sizes=\"auto, (max-width: 400px) 100vw, 400px\" \/><\/a><\/figure>\n\n\n\n<p><\/p>\n\n\n\n<p><\/p>\n\n\n\n<figure class=\"wp-block-image aligncenter size-large is-resized\"><a href=\"https:\/\/fotosenderismo.com\/wordpress\/wp-content\/uploads\/2020\/12\/RIUDAURA-LLORS-CORTILS-DATOS-1024x727.jpg\" target=\"_blank\" rel=\"noopener\"><img loading=\"lazy\" decoding=\"async\" width=\"1024\" height=\"727\" src=\"https:\/\/fotosenderismo.com\/wordpress\/wp-content\/uploads\/2020\/12\/RIUDAURA-LLORS-CORTILS-DATOS-1024x727.jpg\" alt=\"\" class=\"wp-image-19857\" srcset=\"https:\/\/fotosenderismo.com\/wordpress\/wp-content\/uploads\/2020\/12\/RIUDAURA-LLORS-CORTILS-DATOS-1024x727.jpg 1024w, https:\/\/fotosenderismo.com\/wordpress\/wp-content\/uploads\/2020\/12\/RIUDAURA-LLORS-CORTILS-DATOS-300x213.jpg 300w, https:\/\/fotosenderismo.com\/wordpress\/wp-content\/uploads\/2020\/12\/RIUDAURA-LLORS-CORTILS-DATOS-768x545.jpg 768w, https:\/\/fotosenderismo.com\/wordpress\/wp-content\/uploads\/2020\/12\/RIUDAURA-LLORS-CORTILS-DATOS-1320x937.jpg 1320w, https:\/\/fotosenderismo.com\/wordpress\/wp-content\/uploads\/2020\/12\/RIUDAURA-LLORS-CORTILS-DATOS.jpg 1336w\" sizes=\"auto, (max-width: 1024px) 100vw, 1024px\" \/><\/a><\/figure>\n\n\n\n<p><\/p>\n\n\n\n<figure class=\"wp-block-image aligncenter size-large\"><a href=\"https:\/\/fotosenderismo.com\/wordpress\/wp-content\/uploads\/2020-12-30-RIUDAURA-SENDER-LLORS-CAMI-CORTILS.gpx\"><img loading=\"lazy\" decoding=\"async\" width=\"400\" height=\"50\" src=\"https:\/\/fotosenderismo.com\/wordpress\/wp-content\/uploads\/2020\/07\/descargar-track.jpg\" alt=\"\" class=\"wp-image-19227\" srcset=\"https:\/\/fotosenderismo.com\/wordpress\/wp-content\/uploads\/2020\/07\/descargar-track.jpg 400w, https:\/\/fotosenderismo.com\/wordpress\/wp-content\/uploads\/2020\/07\/descargar-track-300x38.jpg 300w\" sizes=\"auto, (max-width: 400px) 100vw, 400px\" \/><\/a><\/figure>\n\n\n\n<p><\/p>\n\n\n\n<p style=\"text-align: justify;\"><span style=\"font-size: 14pt;\"><strong>Salida del 30 de diciembre de 2020. El objetivo era alcanzar el Puig de l\u2019Ofrena ascendiendo por el Serrat y el sendero de Llors, pero no ha sido posible, ya que el cordel de ascenso dibujado en Open Cycle Maps se cortaba repentinamente en el kil\u00f3metro 4,37 del track, y ninguno de los dos caminos del cruce ubicado en ese punto y que aparecen en otros mapas se dirigen hasta \u00e9l. A\u00fan as\u00ed, el resultado de la exploraci\u00f3n no ha sido infructuoso. De hecho, la excursi\u00f3n resultante merece ser publicada por s\u00ed misma, ya que atraviesa preciosos rincones, senderos, trochas y bosques, tanto de hayas como mediterr\u00e1neos. No tiene apenas dificultades, y s\u00f3lo en alg\u00fan punto muy concreto y escaso del Llors tendremos alg\u00fan problema a la hora de rastrear el sendero. En todos los dem\u00e1s puntos, el camino se ve perfectamente dibujado sobre el terreno.<\/strong><\/span><\/p>\n<p style=\"text-align: justify;\"><span style=\"font-size: 14pt;\"><strong>He dejado el coche en la Pla\u00e7a dels Tiradors de Riudaura y me dirigido en busca del sendero marcado en amarillo. Riudaura-Sant Privat. A medio kil\u00f3metro del punto de partida encontraremos, a mano derecha, una puerta con una se\u00f1al de prohibici\u00f3n de circular. Al lado derecho de la misma veremos un paso para personas. Por \u00e9l accederemos a la pista forestal que asciende paulatinamente hasta el Soler Petit. Justo a la entrada del recinto de esta casa, tambi\u00e9n a mano derecha, veremos la entrada a una trocha. Se trata del Sender de Llors y del Bover.<\/strong><\/span><\/p>\n<p style=\"text-align: justify;\"><span style=\"font-size: 14pt;\"><strong>Seguiremos todo el rato por \u00e9l. En alg\u00fan punto muy determinado se hace dif\u00edcil de rastrear, aunque por norma general no es dif\u00edcil de seguir. Tambi\u00e9n, al principio, se hace un poco a\u00e9reo, aunque con un m\u00ednimo de riesgo en circunstancias normales. Pasado este tramo, iremos ascendiendo por el contrafuerte del Llors hasta alcanzar, en el kil\u00f3metro 4,37 del track, un cruce de dos caminos. Tomaremos el de la izquierda para ir a buscar el camino las pista de Cortils.<\/strong><\/span><\/p>\n<p style=\"text-align: justify;\"><span style=\"font-size: 14pt;\"><strong>Ahora empezaremos el descenso por camino ancho que desciende de forma paralela al Torrent del Cortils. Por \u00e9l llegaremos, sobre el kil\u00f3metro 7,60, al sendero amarillo, aunque un poco m\u00e1s arriba de donde lo hab\u00edamos abandonado en la subida. Despu\u00e9s pasaremos el Mas la Fajula. Aqu\u00ed quiero advertir que hab\u00eda tres perros bastante grandes y sueltos que no paraban de ladrar, aunque ninguno de ellos se me ha acercado. Pasado este punto ya estamos muy cerca Riudaura y del punto de inicio, tras cerrar el track sobre el kil\u00f3metro 9,14.<\/strong><\/span><\/p>\n\n\n\n<p><\/p>\n\n\n\n<figure class=\"wp-block-image size-large is-resized\"><a href=\"https:\/\/fotosenderismo.com\/wordpress\/wp-content\/uploads\/2020\/12\/RIUDAURA-LLORS-CORTILS-MAPA-1024x576.jpg\" target=\"_blank\" rel=\"noopener\"><img loading=\"lazy\" decoding=\"async\" width=\"1024\" height=\"576\" src=\"https:\/\/fotosenderismo.com\/wordpress\/wp-content\/uploads\/2020\/12\/RIUDAURA-LLORS-CORTILS-MAPA-1024x576.jpg\" alt=\"\" class=\"wp-image-19861\" srcset=\"https:\/\/fotosenderismo.com\/wordpress\/wp-content\/uploads\/2020\/12\/RIUDAURA-LLORS-CORTILS-MAPA-1024x576.jpg 1024w, https:\/\/fotosenderismo.com\/wordpress\/wp-content\/uploads\/2020\/12\/RIUDAURA-LLORS-CORTILS-MAPA-300x169.jpg 300w, https:\/\/fotosenderismo.com\/wordpress\/wp-content\/uploads\/2020\/12\/RIUDAURA-LLORS-CORTILS-MAPA-768x432.jpg 768w, https:\/\/fotosenderismo.com\/wordpress\/wp-content\/uploads\/2020\/12\/RIUDAURA-LLORS-CORTILS-MAPA-1536x864.jpg 1536w, https:\/\/fotosenderismo.com\/wordpress\/wp-content\/uploads\/2020\/12\/RIUDAURA-LLORS-CORTILS-MAPA-1320x743.jpg 1320w, https:\/\/fotosenderismo.com\/wordpress\/wp-content\/uploads\/2020\/12\/RIUDAURA-LLORS-CORTILS-MAPA.jpg 1920w\" sizes=\"auto, (max-width: 1024px) 100vw, 1024px\" \/><\/a><\/figure>\n\n\n\n<p><\/p>\n\n\n\n<iframe loading=\"lazy\" scrolling=\"no\" src=\"https:\/\/es.wikiloc.com\/wikiloc\/spatialArtifacts.do?event=view&amp;id=63109267&amp;measures=on&amp;title=on&amp;near=on&amp;images=on&amp;maptype=H\" width=\"1000\" height=\"1000\" frameborder=\"0\"><\/iframe><div style=\"color:#777;font-size:11px;line-height:16px;\">Powered by <a style=\"color:#06d;font-size:11px;line-height:16px;\" target=\"_blank\" href=\"https:\/\/es.wikiloc.com\" rel=\"noopener\">Wikiloc<\/a><\/div>\n\n\n\n<p><\/p>\n\n\n\n<figure class=\"wp-block-image size-large is-resized\"><a href=\"https:\/\/fotosenderismo.com\/wordpress\/wp-content\/uploads\/2020\/12\/RIUDAURA-LLORS-CORTILS-EARTH-1.jpg\" target=\"_blank\" rel=\"noopener\"><img loading=\"lazy\" decoding=\"async\" width=\"1024\" height=\"518\" src=\"https:\/\/fotosenderismo.com\/wordpress\/wp-content\/uploads\/2020\/12\/RIUDAURA-LLORS-CORTILS-EARTH-1-1024x518.jpg\" alt=\"\" class=\"wp-image-19858\" srcset=\"https:\/\/fotosenderismo.com\/wordpress\/wp-content\/uploads\/2020\/12\/RIUDAURA-LLORS-CORTILS-EARTH-1-1024x518.jpg 1024w, https:\/\/fotosenderismo.com\/wordpress\/wp-content\/uploads\/2020\/12\/RIUDAURA-LLORS-CORTILS-EARTH-1-300x152.jpg 300w, https:\/\/fotosenderismo.com\/wordpress\/wp-content\/uploads\/2020\/12\/RIUDAURA-LLORS-CORTILS-EARTH-1-768x388.jpg 768w, https:\/\/fotosenderismo.com\/wordpress\/wp-content\/uploads\/2020\/12\/RIUDAURA-LLORS-CORTILS-EARTH-1-1536x777.jpg 1536w, https:\/\/fotosenderismo.com\/wordpress\/wp-content\/uploads\/2020\/12\/RIUDAURA-LLORS-CORTILS-EARTH-1-1320x668.jpg 1320w, https:\/\/fotosenderismo.com\/wordpress\/wp-content\/uploads\/2020\/12\/RIUDAURA-LLORS-CORTILS-EARTH-1.jpg 1920w\" sizes=\"auto, (max-width: 1024px) 100vw, 1024px\" \/><\/a><\/figure>\n\n\n\n<p><\/p>\n\n\n\n<figure class=\"wp-block-image size-large is-resized\"><a href=\"https:\/\/fotosenderismo.com\/wordpress\/wp-content\/uploads\/2020\/12\/RIUDAURA-LLORS-CORTILS-EARTH-2-1024x518.jpg\" target=\"_blank\" rel=\"noopener\"><img loading=\"lazy\" decoding=\"async\" width=\"1024\" height=\"518\" src=\"https:\/\/fotosenderismo.com\/wordpress\/wp-content\/uploads\/2020\/12\/RIUDAURA-LLORS-CORTILS-EARTH-2-1024x518.jpg\" alt=\"\" class=\"wp-image-19859\" srcset=\"https:\/\/fotosenderismo.com\/wordpress\/wp-content\/uploads\/2020\/12\/RIUDAURA-LLORS-CORTILS-EARTH-2-1024x518.jpg 1024w, https:\/\/fotosenderismo.com\/wordpress\/wp-content\/uploads\/2020\/12\/RIUDAURA-LLORS-CORTILS-EARTH-2-300x152.jpg 300w, https:\/\/fotosenderismo.com\/wordpress\/wp-content\/uploads\/2020\/12\/RIUDAURA-LLORS-CORTILS-EARTH-2-768x388.jpg 768w, https:\/\/fotosenderismo.com\/wordpress\/wp-content\/uploads\/2020\/12\/RIUDAURA-LLORS-CORTILS-EARTH-2-1536x777.jpg 1536w, https:\/\/fotosenderismo.com\/wordpress\/wp-content\/uploads\/2020\/12\/RIUDAURA-LLORS-CORTILS-EARTH-2-1320x668.jpg 1320w, https:\/\/fotosenderismo.com\/wordpress\/wp-content\/uploads\/2020\/12\/RIUDAURA-LLORS-CORTILS-EARTH-2.jpg 1920w\" sizes=\"auto, (max-width: 1024px) 100vw, 1024px\" \/><\/a><\/figure>\n\n\n\n<p><\/p>\n\n\n\n<figure class=\"wp-block-image size-large is-resized\"><a href=\"https:\/\/fotosenderismo.com\/wordpress\/wp-content\/uploads\/2020\/12\/RIUDAURA-LLORS-CORTILS-PERFIL-1024x507.jpg\" target=\"_blank\" rel=\"noopener\"><img loading=\"lazy\" decoding=\"async\" width=\"1024\" height=\"507\" src=\"https:\/\/fotosenderismo.com\/wordpress\/wp-content\/uploads\/2020\/12\/RIUDAURA-LLORS-CORTILS-PERFIL-1024x507.jpg\" alt=\"\" class=\"wp-image-19862\" srcset=\"https:\/\/fotosenderismo.com\/wordpress\/wp-content\/uploads\/2020\/12\/RIUDAURA-LLORS-CORTILS-PERFIL-1024x507.jpg 1024w, https:\/\/fotosenderismo.com\/wordpress\/wp-content\/uploads\/2020\/12\/RIUDAURA-LLORS-CORTILS-PERFIL-300x148.jpg 300w, https:\/\/fotosenderismo.com\/wordpress\/wp-content\/uploads\/2020\/12\/RIUDAURA-LLORS-CORTILS-PERFIL-768x380.jpg 768w, https:\/\/fotosenderismo.com\/wordpress\/wp-content\/uploads\/2020\/12\/RIUDAURA-LLORS-CORTILS-PERFIL-1536x760.jpg 1536w, https:\/\/fotosenderismo.com\/wordpress\/wp-content\/uploads\/2020\/12\/RIUDAURA-LLORS-CORTILS-PERFIL-1320x653.jpg 1320w, https:\/\/fotosenderismo.com\/wordpress\/wp-content\/uploads\/2020\/12\/RIUDAURA-LLORS-CORTILS-PERFIL.jpg 1890w\" sizes=\"auto, (max-width: 1024px) 100vw, 1024px\" \/><\/a><\/figure>\n\n\n\n<p><\/p>\n\n\n\n<figure class=\"wp-block-image aligncenter size-large\"><img loading=\"lazy\" decoding=\"async\" width=\"261\" height=\"37\" src=\"https:\/\/fotosenderismo.com\/wordpress\/wp-content\/uploads\/2020\/07\/RELACIONADAS-1.jpg\" alt=\"\" class=\"wp-image-19229\"\/><\/figure>\n\n\n\n<p><\/p>\n\n\n\n<figure class=\"wp-block-embed aligncenter is-type-wp-embed is-provider-fotosenderismo-com wp-block-embed-fotosenderismo-com\"><div class=\"wp-block-embed__wrapper\">\n<blockquote class=\"wp-embedded-content\" data-secret=\"tDdvJ1b2Bt\"><a href=\"https:\/\/fotosenderismo.com\/wordpress\/index.php\/2019\/03\/06\/riudaura-collada-de-baix-puigsespunya-1041-m-coll-coubet-1010-m\/\">Riudaura, Collada de Baix, Puigsespunya (1041 m.), Coll Coubet (1010 m.)<\/a><\/blockquote><iframe loading=\"lazy\" class=\"wp-embedded-content\" sandbox=\"allow-scripts\" security=\"restricted\" style=\"position: absolute; clip: rect(1px, 1px, 1px, 1px);\" title=\"\u00abRiudaura, Collada de Baix, Puigsespunya (1041 m.), Coll Coubet (1010 m.)\u00bb \u2014 FOTOSENDERISMO.COM\" src=\"https:\/\/fotosenderismo.com\/wordpress\/index.php\/2019\/03\/06\/riudaura-collada-de-baix-puigsespunya-1041-m-coll-coubet-1010-m\/embed\/#?secret=TCOgxhcgS4#?secret=tDdvJ1b2Bt\" data-secret=\"tDdvJ1b2Bt\" width=\"600\" height=\"338\" frameborder=\"0\" marginwidth=\"0\" marginheight=\"0\" scrolling=\"no\"><\/iframe>\n<\/div><\/figure>\n\n\n\n<figure class=\"wp-block-embed aligncenter is-type-wp-embed is-provider-fotosenderismo-com wp-block-embed-fotosenderismo-com\"><div class=\"wp-block-embed__wrapper\">\n<blockquote class=\"wp-embedded-content\" data-secret=\"aTFK49dNgE\"><a href=\"https:\/\/fotosenderismo.com\/wordpress\/index.php\/2018\/05\/19\/riudaura-sant-joan-dels-balbs-font-de-joan\/\">Riudaura, Sant Joan dels Balbs, Font de Joan<\/a><\/blockquote><iframe loading=\"lazy\" class=\"wp-embedded-content\" sandbox=\"allow-scripts\" security=\"restricted\" style=\"position: absolute; clip: rect(1px, 1px, 1px, 1px);\" title=\"\u00abRiudaura, Sant Joan dels Balbs, Font de Joan\u00bb \u2014 FOTOSENDERISMO.COM\" src=\"https:\/\/fotosenderismo.com\/wordpress\/index.php\/2018\/05\/19\/riudaura-sant-joan-dels-balbs-font-de-joan\/embed\/#?secret=PhotM6QzSQ#?secret=aTFK49dNgE\" data-secret=\"aTFK49dNgE\" width=\"600\" height=\"338\" frameborder=\"0\" marginwidth=\"0\" marginheight=\"0\" scrolling=\"no\"><\/iframe>\n<\/div><\/figure>\n\n\n\n<figure class=\"wp-block-embed aligncenter is-type-wp-embed is-provider-fotosenderismo-com wp-block-embed-fotosenderismo-com\"><div class=\"wp-block-embed__wrapper\">\n<blockquote class=\"wp-embedded-content\" data-secret=\"kpMC9C8iAk\"><a href=\"https:\/\/fotosenderismo.com\/wordpress\/index.php\/2018\/05\/10\/por-los-bosques-de-riudaura-la-pinya-el-bosc-espes-coll-sabatalla\/\">Por los bosques de Riudaura. La Pinya, El Bosc Esp\u00e8s, Coll Sabatalla<\/a><\/blockquote><iframe loading=\"lazy\" class=\"wp-embedded-content\" sandbox=\"allow-scripts\" security=\"restricted\" style=\"position: absolute; clip: rect(1px, 1px, 1px, 1px);\" title=\"\u00abPor los bosques de Riudaura. La Pinya, El Bosc Esp\u00e8s, Coll Sabatalla\u00bb \u2014 FOTOSENDERISMO.COM\" src=\"https:\/\/fotosenderismo.com\/wordpress\/index.php\/2018\/05\/10\/por-los-bosques-de-riudaura-la-pinya-el-bosc-espes-coll-sabatalla\/embed\/#?secret=l9TYDAsPvn#?secret=kpMC9C8iAk\" data-secret=\"kpMC9C8iAk\" width=\"600\" height=\"338\" frameborder=\"0\" marginwidth=\"0\" marginheight=\"0\" scrolling=\"no\"><\/iframe>\n<\/div><\/figure>\n","protected":false},"excerpt":{"rendered":"<p>Salida del 30 de diciembre de 2020. El objetivo era alcanzar el Puig de l\u2019Ofrena ascendiendo por el Serrat y el sendero de Llors, pero no ha sido posible, ya que el cordel de ascenso dibujado en Open Cycle Maps se cortaba repentinamente en el kil\u00f3metro 4,37 del track, y ninguno de los dos caminos del cruce ubicado en ese punto y que aparecen en otros mapas se dirigen hasta \u00e9l. A\u00fan as\u00ed, el resultado de la exploraci\u00f3n no ha sido infructuoso. De hecho, la excursi\u00f3n resultante merece ser publicada por s\u00ed misma, ya que atraviesa preciosos rincones, senderos, trochas y bosques, tanto de hayas como mediterr\u00e1neos. No tiene apenas dificultades, y s\u00f3lo en alg\u00fan punto muy concreto y escaso del Llors tendremos alg\u00fan problema a la hora de rastrear el sendero. En todos los dem\u00e1s puntos, el camino se ve perfectamente dibujado sobre el terreno.<\/p>\n","protected":false},"author":1,"featured_media":19860,"comment_status":"open","ping_status":"open","sticky":false,"template":"","format":"standard","meta":{"footnotes":""},"categories":[45,46,142,288,33,42,47,48],"tags":[187,98,177,223],"class_list":["post-19856","post","type-post","status-publish","format-standard","has-post-thumbnail","hentry","category-garrotxa","category-girona","category-bellmunt-milany","category-201-entre-5-y-10-km","category-menos-de-500","category-senderismo","category-circular-tipo-de-recorrido","category-media-montana-o-terrenos-altos","tag-fotos-by-eduard","tag-98","tag-eduard","tag-track-en-wikiloc"],"_links":{"self":[{"href":"https:\/\/fotosenderismo.com\/wordpress\/index.php\/wp-json\/wp\/v2\/posts\/19856","targetHints":{"allow":["GET"]}}],"collection":[{"href":"https:\/\/fotosenderismo.com\/wordpress\/index.php\/wp-json\/wp\/v2\/posts"}],"about":[{"href":"https:\/\/fotosenderismo.com\/wordpress\/index.php\/wp-json\/wp\/v2\/types\/post"}],"author":[{"embeddable":true,"href":"https:\/\/fotosenderismo.com\/wordpress\/index.php\/wp-json\/wp\/v2\/users\/1"}],"replies":[{"embeddable":true,"href":"https:\/\/fotosenderismo.com\/wordpress\/index.php\/wp-json\/wp\/v2\/comments?post=19856"}],"version-history":[{"count":4,"href":"https:\/\/fotosenderismo.com\/wordpress\/index.php\/wp-json\/wp\/v2\/posts\/19856\/revisions"}],"predecessor-version":[{"id":22874,"href":"https:\/\/fotosenderismo.com\/wordpress\/index.php\/wp-json\/wp\/v2\/posts\/19856\/revisions\/22874"}],"wp:featuredmedia":[{"embeddable":true,"href":"https:\/\/fotosenderismo.com\/wordpress\/index.php\/wp-json\/wp\/v2\/media\/19860"}],"wp:attachment":[{"href":"https:\/\/fotosenderismo.com\/wordpress\/index.php\/wp-json\/wp\/v2\/media?parent=19856"}],"wp:term":[{"taxonomy":"category","embeddable":true,"href":"https:\/\/fotosenderismo.com\/wordpress\/index.php\/wp-json\/wp\/v2\/categories?post=19856"},{"taxonomy":"post_tag","embeddable":true,"href":"https:\/\/fotosenderismo.com\/wordpress\/index.php\/wp-json\/wp\/v2\/tags?post=19856"}],"curies":[{"name":"wp","href":"https:\/\/api.w.org\/{rel}","templated":true}]}}