{"id":198,"date":"2012-11-14T17:31:09","date_gmt":"2012-11-14T17:31:09","guid":{"rendered":"http:\/\/fotosenderismo.com\/wordpress\/?p=198"},"modified":"2024-02-09T19:55:03","modified_gmt":"2024-02-09T19:55:03","slug":"sadernes-coll-roig-circunvalacion-al-bassegoda","status":"publish","type":"post","link":"https:\/\/fotosenderismo.com\/wordpress\/index.php\/2012\/11\/14\/sadernes-coll-roig-circunvalacion-al-bassegoda\/","title":{"rendered":"Sadernes, coll Roig, circunvalaci\u00f3n al Bassegoda"},"content":{"rendered":"\n<p><\/p>\n\n\n\n<figure class=\"wp-block-image aligncenter\"><a href=\"http:\/\/fotosenderismo.com\/wordpress\/wp-content\/uploads\/2016\/04\/vuelta-bassegoda-datos.jpg\" target=\"_blank\" rel=\"noopener noreferrer\"><img loading=\"lazy\" decoding=\"async\" width=\"1175\" height=\"821\" src=\"http:\/\/fotosenderismo.com\/wordpress\/wp-content\/uploads\/2016\/04\/vuelta-bassegoda-datos.jpg\" alt=\"\" class=\"wp-image-8026\" srcset=\"https:\/\/fotosenderismo.com\/wordpress\/wp-content\/uploads\/2016\/04\/vuelta-bassegoda-datos.jpg 1175w, https:\/\/fotosenderismo.com\/wordpress\/wp-content\/uploads\/2016\/04\/vuelta-bassegoda-datos-300x210.jpg 300w, https:\/\/fotosenderismo.com\/wordpress\/wp-content\/uploads\/2016\/04\/vuelta-bassegoda-datos-768x537.jpg 768w, https:\/\/fotosenderismo.com\/wordpress\/wp-content\/uploads\/2016\/04\/vuelta-bassegoda-datos-1024x715.jpg 1024w, https:\/\/fotosenderismo.com\/wordpress\/wp-content\/uploads\/2016\/04\/vuelta-bassegoda-datos-800x559.jpg 800w\" sizes=\"auto, (max-width: 1175px) 100vw, 1175px\" \/><\/a><\/figure>\n\n\n\n<p><\/p>\n\n\n\n<figure class=\"wp-block-image aligncenter\"><a href=\"https:\/\/ca.wikiloc.com\/rutes-senderisme\/vuelta-al-bassegoda-sadenes-coll-roig-pla-de-la-bateria-32432467\" target=\"_blank\" rel=\"noreferrer noopener\"><img loading=\"lazy\" decoding=\"async\" width=\"400\" height=\"52\" src=\"http:\/\/fotosenderismo.com\/wordpress\/wp-content\/uploads\/2010\/05\/track-wikiloc.jpg\" alt=\"\" class=\"wp-image-12734\" srcset=\"https:\/\/fotosenderismo.com\/wordpress\/wp-content\/uploads\/2010\/05\/track-wikiloc.jpg 400w, https:\/\/fotosenderismo.com\/wordpress\/wp-content\/uploads\/2010\/05\/track-wikiloc-300x39.jpg 300w\" sizes=\"auto, (max-width: 400px) 100vw, 400px\" \/><\/a><\/figure>\n\n\n\n<p><\/p>\n\n\n\n<p class=\"has-drop-cap has-very-light-gray-background-color has-background\" style=\"font-size:18px\">Salida del 14 de noviembre de 2012. El objetivo era, desde Sadernes, rodear el Bassegoda para volver a Sadernes. El recorrido empieza la marcha por la pista forestal. Pasado el aparcamiento del Pont del Vent\u00ed toma en direcci\u00f3n Sant Aniol d\u2019Aguja, aunque se desv\u00eda antes de llegar, concretamente cuando alcanza el Prat. All\u00ed atraviesa la Riera de la Comella para comenzar el ascenso por un sendero bastante salvaje y abrupto, aunque nada peligroso, hasta el Coll Roig, donde enlaza con el GR11. Desde all\u00ed sigue hasta Can Principi y el Corral d\u2019en Principi. Siguiendo el GR llegaremos al Coll de Bassegoda, donde lo abandonaremos por la pista forestal que nos va a llevar al Coll de Riu. La pista, serpenteando, sigue bajando hasta la espectacular Vall de Riu, que, con el Hortmoier y Monars, considero uno de los lugares m\u00e1s destacados y hermosos de la Alta Garrotxa. Desde aqu\u00ed seguiremos dej\u00e1ndonos llevar por la pista forestal hasta volver a Sadernes, aunque antes de llegar ya habremos cerrado el circulo en el aparcamiento del Pont de Valent\u00ed. En general se trata de una salida de cierta dureza porque transita por un entorno \u00e1spero, y solo se hace m\u00e1s amable en las pistas.<\/p>\n\n\n\n<p><\/p>\n\n\n\n<figure class=\"wp-block-image aligncenter\"><a href=\"http:\/\/fotosenderismo.com\/wordpress\/wp-content\/uploads\/2016\/04\/VUELTA-BASSEGODA-MAPA.jpg\" target=\"_blank\" rel=\"noopener noreferrer\"><img loading=\"lazy\" decoding=\"async\" width=\"1080\" height=\"1920\" src=\"http:\/\/fotosenderismo.com\/wordpress\/wp-content\/uploads\/2016\/04\/VUELTA-BASSEGODA-MAPA.jpg\" alt=\"\" class=\"wp-image-10392\" srcset=\"https:\/\/fotosenderismo.com\/wordpress\/wp-content\/uploads\/2016\/04\/VUELTA-BASSEGODA-MAPA.jpg 1080w, https:\/\/fotosenderismo.com\/wordpress\/wp-content\/uploads\/2016\/04\/VUELTA-BASSEGODA-MAPA-169x300.jpg 169w, https:\/\/fotosenderismo.com\/wordpress\/wp-content\/uploads\/2016\/04\/VUELTA-BASSEGODA-MAPA-768x1365.jpg 768w, https:\/\/fotosenderismo.com\/wordpress\/wp-content\/uploads\/2016\/04\/VUELTA-BASSEGODA-MAPA-576x1024.jpg 576w, https:\/\/fotosenderismo.com\/wordpress\/wp-content\/uploads\/2016\/04\/VUELTA-BASSEGODA-MAPA-800x1422.jpg 800w\" sizes=\"auto, (max-width: 1080px) 100vw, 1080px\" \/><\/a><\/figure>\n\n\n\n<p><\/p>\n\n\n\n<figure class=\"wp-block-image\"><a href=\"http:\/\/fotosenderismo.com\/wordpress\/wp-content\/uploads\/2016\/04\/VUELTA-BASSEGODA-3D.jpg\" target=\"_blank\" rel=\"noopener noreferrer\"><img loading=\"lazy\" decoding=\"async\" width=\"1855\" height=\"912\" src=\"http:\/\/fotosenderismo.com\/wordpress\/wp-content\/uploads\/2016\/04\/VUELTA-BASSEGODA-3D.jpg\" alt=\"VUELTA-BASSEGODA-3D\" class=\"wp-image-4272\" srcset=\"https:\/\/fotosenderismo.com\/wordpress\/wp-content\/uploads\/2016\/04\/VUELTA-BASSEGODA-3D.jpg 1855w, https:\/\/fotosenderismo.com\/wordpress\/wp-content\/uploads\/2016\/04\/VUELTA-BASSEGODA-3D-300x147.jpg 300w, https:\/\/fotosenderismo.com\/wordpress\/wp-content\/uploads\/2016\/04\/VUELTA-BASSEGODA-3D-768x378.jpg 768w, https:\/\/fotosenderismo.com\/wordpress\/wp-content\/uploads\/2016\/04\/VUELTA-BASSEGODA-3D-1024x503.jpg 1024w, https:\/\/fotosenderismo.com\/wordpress\/wp-content\/uploads\/2016\/04\/VUELTA-BASSEGODA-3D-800x393.jpg 800w\" sizes=\"auto, (max-width: 1855px) 100vw, 1855px\" \/><\/a><\/figure>\n\n\n\n<p><\/p>\n\n\n\n<figure class=\"wp-block-image\"><a href=\"http:\/\/fotosenderismo.com\/wordpress\/wp-content\/uploads\/2016\/04\/VUELTA-BASSEGODA-EARTH.jpg\" target=\"_blank\" rel=\"noopener noreferrer\"><img loading=\"lazy\" decoding=\"async\" width=\"1894\" height=\"936\" src=\"http:\/\/fotosenderismo.com\/wordpress\/wp-content\/uploads\/2016\/04\/VUELTA-BASSEGODA-EARTH.jpg\" alt=\"VUELTA-BASSEGODA-EARTH\" class=\"wp-image-4273\" srcset=\"https:\/\/fotosenderismo.com\/wordpress\/wp-content\/uploads\/2016\/04\/VUELTA-BASSEGODA-EARTH.jpg 1894w, https:\/\/fotosenderismo.com\/wordpress\/wp-content\/uploads\/2016\/04\/VUELTA-BASSEGODA-EARTH-300x148.jpg 300w, https:\/\/fotosenderismo.com\/wordpress\/wp-content\/uploads\/2016\/04\/VUELTA-BASSEGODA-EARTH-768x380.jpg 768w, https:\/\/fotosenderismo.com\/wordpress\/wp-content\/uploads\/2016\/04\/VUELTA-BASSEGODA-EARTH-1024x506.jpg 1024w, https:\/\/fotosenderismo.com\/wordpress\/wp-content\/uploads\/2016\/04\/VUELTA-BASSEGODA-EARTH-800x395.jpg 800w\" sizes=\"auto, (max-width: 1894px) 100vw, 1894px\" \/><\/a><\/figure>\n\n\n\n<p><\/p>\n\n\n\n<figure class=\"wp-block-image\"><a href=\"http:\/\/fotosenderismo.com\/wordpress\/wp-content\/uploads\/2016\/04\/vuelta-bassegoda-perfil.jpg\" target=\"_blank\" rel=\"noopener noreferrer\"><img loading=\"lazy\" decoding=\"async\" width=\"1900\" height=\"539\" src=\"http:\/\/fotosenderismo.com\/wordpress\/wp-content\/uploads\/2016\/04\/vuelta-bassegoda-perfil.jpg\" alt=\"vuelta-bassegoda-perfil\" class=\"wp-image-3084\" srcset=\"https:\/\/fotosenderismo.com\/wordpress\/wp-content\/uploads\/2016\/04\/vuelta-bassegoda-perfil.jpg 1900w, https:\/\/fotosenderismo.com\/wordpress\/wp-content\/uploads\/2016\/04\/vuelta-bassegoda-perfil-300x85.jpg 300w, https:\/\/fotosenderismo.com\/wordpress\/wp-content\/uploads\/2016\/04\/vuelta-bassegoda-perfil-768x218.jpg 768w, https:\/\/fotosenderismo.com\/wordpress\/wp-content\/uploads\/2016\/04\/vuelta-bassegoda-perfil-1024x290.jpg 1024w, https:\/\/fotosenderismo.com\/wordpress\/wp-content\/uploads\/2016\/04\/vuelta-bassegoda-perfil-800x227.jpg 800w\" sizes=\"auto, (max-width: 1900px) 100vw, 1900px\" \/><\/a><\/figure>\n\n\n\n<p><\/p>\n\n\n\n<figure class=\"wp-block-image aligncenter\"><a href=\"http:\/\/fotosenderismo.com\/wordpress\/wp-content\/uploads\/2018\/03\/TERMINOS-DE-BUSQUEDA.jpg\"><img loading=\"lazy\" decoding=\"async\" width=\"302\" height=\"46\" src=\"http:\/\/fotosenderismo.com\/wordpress\/wp-content\/uploads\/2018\/03\/TERMINOS-DE-BUSQUEDA.jpg\" alt=\"\" class=\"wp-image-10151\" srcset=\"https:\/\/fotosenderismo.com\/wordpress\/wp-content\/uploads\/2018\/03\/TERMINOS-DE-BUSQUEDA.jpg 302w, https:\/\/fotosenderismo.com\/wordpress\/wp-content\/uploads\/2018\/03\/TERMINOS-DE-BUSQUEDA-300x46.jpg 300w\" sizes=\"auto, (max-width: 302px) 100vw, 302px\" \/><\/a><\/figure>\n\n\n\n<p><\/p>\n\n\n\n<p class=\"has-text-align-center has-very-light-gray-background-color has-background\"><span style=\"font-family: georgia,palatino,serif; font-size: 10pt;\"><em><strong><span style=\"text-decoration: underline;\"><\/span><\/strong><\/em><\/span><span style=\"font-family: georgia, palatino, serif; font-size: 14pt;\"><em><strong>Montagut, Sadernes, Coll Roig, Circunvalaci\u00f3n al Bassegoda<\/strong><\/em><\/span><\/p>\n\n\n\n<p><\/p>\n\n\n\n<figure class=\"wp-block-image aligncenter\"><a href=\"http:\/\/fotosenderismo.com\/wordpress\/wp-content\/uploads\/2018\/03\/RELACIONADAS.jpg\"><img loading=\"lazy\" decoding=\"async\" width=\"311\" height=\"48\" src=\"http:\/\/fotosenderismo.com\/wordpress\/wp-content\/uploads\/2018\/03\/RELACIONADAS.jpg\" alt=\"\" class=\"wp-image-10152\" srcset=\"https:\/\/fotosenderismo.com\/wordpress\/wp-content\/uploads\/2018\/03\/RELACIONADAS.jpg 311w, https:\/\/fotosenderismo.com\/wordpress\/wp-content\/uploads\/2018\/03\/RELACIONADAS-300x46.jpg 300w\" sizes=\"auto, (max-width: 311px) 100vw, 311px\" \/><\/a><\/figure>\n\n\n\n<p><\/p>\n\n\n\n<figure class=\"wp-block-embed aligncenter is-type-wp-embed is-provider-fotosenderismo-com wp-block-embed-fotosenderismo-com\"><div class=\"wp-block-embed__wrapper\">\n<blockquote class=\"wp-embedded-content\" data-secret=\"w2FlO89jZ2\"><a href=\"https:\/\/fotosenderismo.com\/wordpress\/index.php\/2017\/04\/03\/las-dos-cumbres-del-bassegoda-sadernes-vall-de-riu-pujant-den-guies-bassegoda-1375-m-balmes-del-canem\/\">Las dos cumbres del Bassegoda: Sadernes, Vall de Riu, Pujant d&#8217;en Guies, Bassegoda (1375 m.), Balmes del C\u00e0nem<\/a><\/blockquote><iframe loading=\"lazy\" class=\"wp-embedded-content\" sandbox=\"allow-scripts\" security=\"restricted\" style=\"position: absolute; clip: rect(1px, 1px, 1px, 1px);\" title=\"\u00abLas dos cumbres del Bassegoda: Sadernes, Vall de Riu, Pujant d&#8217;en Guies, Bassegoda (1375 m.), Balmes del C\u00e0nem\u00bb \u2014 FOTOSENDERISMO.COM\" src=\"https:\/\/fotosenderismo.com\/wordpress\/index.php\/2017\/04\/03\/las-dos-cumbres-del-bassegoda-sadernes-vall-de-riu-pujant-den-guies-bassegoda-1375-m-balmes-del-canem\/embed\/#?secret=mL5eRBOIb9#?secret=w2FlO89jZ2\" data-secret=\"w2FlO89jZ2\" width=\"600\" height=\"338\" frameborder=\"0\" marginwidth=\"0\" marginheight=\"0\" scrolling=\"no\"><\/iframe>\n<\/div><\/figure>\n\n\n\n<figure class=\"wp-block-embed aligncenter is-type-wp-embed is-provider-fotosenderismo-com wp-block-embed-fotosenderismo-com\"><div class=\"wp-block-embed__wrapper\">\n<blockquote class=\"wp-embedded-content\" data-secret=\"8nm6x1pzg7\"><a href=\"https:\/\/fotosenderismo.com\/wordpress\/index.php\/2010\/12\/15\/sadernes-cingles-freixenet-bassegoda\/\">Sadernes, Cingles Freixenet, Bassegoda<\/a><\/blockquote><iframe loading=\"lazy\" class=\"wp-embedded-content\" sandbox=\"allow-scripts\" security=\"restricted\" style=\"position: absolute; clip: rect(1px, 1px, 1px, 1px);\" title=\"\u00abSadernes, Cingles Freixenet, Bassegoda\u00bb \u2014 FOTOSENDERISMO.COM\" src=\"https:\/\/fotosenderismo.com\/wordpress\/index.php\/2010\/12\/15\/sadernes-cingles-freixenet-bassegoda\/embed\/#?secret=bb3BXFzE1K#?secret=8nm6x1pzg7\" data-secret=\"8nm6x1pzg7\" width=\"600\" height=\"338\" frameborder=\"0\" marginwidth=\"0\" marginheight=\"0\" scrolling=\"no\"><\/iframe>\n<\/div><\/figure>\n","protected":false},"excerpt":{"rendered":"<p>Salida del 14 de noviembre de 2012. El objetivo era, desde Sadernes, rodear el Bassegoda para volver a Sadernes. El recorrdo empieza la marcha por la pista forestal. Pasado el aparcamiento del Pont del Vent\u00ed toma en direcci\u00f3n Sant Aniol d\u2019Aguja, aunque se desv\u00eda antes de llegar, concretamente cuando alcanza el Prat. All\u00ed atraviesa la Riera de la Comella para comenzar el ascenso por un sendero bastante salvaje y abrupto, aunque nada peligroso, hasta el Coll Roig, donde enlaza con el GR11. Desde all\u00ed sigue hasta Can Principi y el Corral d\u2019en Principi. Siguiendo el GR llegaremos al Coll de Bassegoda, donde lo abandonaremos por la pista forestal que nos va a llevar al Coll de Riu. La pista, serpenteando, sigue bajando hasta la espectacular Vall de Riu, que, con el Hortmoier y Monars, considero uno de los lugares m\u00e1s destacados y hermosos de la Alta Garrotxa. Desde aqu\u00ed seguiremos dej\u00e1ndonos llevar por la pista forestal hasta volver a Sadernes, aunque antes de llegar ya habremos cerrado el circulo en el aparcamiento del Pont de Valent\u00ed. En general se trata de una salida de cierta dureza porque transita por un entorno \u00e1spero, y solo se hace m\u00e1s amable en las pistas.<\/p>\n","protected":false},"author":1,"featured_media":2080,"comment_status":"open","ping_status":"closed","sticky":false,"template":"","format":"standard","meta":{"footnotes":""},"categories":[45,46,49,131,282,35,42,47,48],"tags":[274,177,223],"class_list":["post-198","post","type-post","status-publish","format-standard","has-post-thumbnail","hentry","category-garrotxa","category-girona","category-alta-garrotxa","category-cumbres-garrotxa-mas-de-1000-metros","category-203-entre-20-y-25-km","category-entre-1000-y-1500-metros","category-senderismo","category-circular-tipo-de-recorrido","category-media-montana-o-terrenos-altos","tag-no-fotos","tag-eduard","tag-track-en-wikiloc"],"_links":{"self":[{"href":"https:\/\/fotosenderismo.com\/wordpress\/index.php\/wp-json\/wp\/v2\/posts\/198","targetHints":{"allow":["GET"]}}],"collection":[{"href":"https:\/\/fotosenderismo.com\/wordpress\/index.php\/wp-json\/wp\/v2\/posts"}],"about":[{"href":"https:\/\/fotosenderismo.com\/wordpress\/index.php\/wp-json\/wp\/v2\/types\/post"}],"author":[{"embeddable":true,"href":"https:\/\/fotosenderismo.com\/wordpress\/index.php\/wp-json\/wp\/v2\/users\/1"}],"replies":[{"embeddable":true,"href":"https:\/\/fotosenderismo.com\/wordpress\/index.php\/wp-json\/wp\/v2\/comments?post=198"}],"version-history":[{"count":27,"href":"https:\/\/fotosenderismo.com\/wordpress\/index.php\/wp-json\/wp\/v2\/posts\/198\/revisions"}],"predecessor-version":[{"id":22541,"href":"https:\/\/fotosenderismo.com\/wordpress\/index.php\/wp-json\/wp\/v2\/posts\/198\/revisions\/22541"}],"wp:featuredmedia":[{"embeddable":true,"href":"https:\/\/fotosenderismo.com\/wordpress\/index.php\/wp-json\/wp\/v2\/media\/2080"}],"wp:attachment":[{"href":"https:\/\/fotosenderismo.com\/wordpress\/index.php\/wp-json\/wp\/v2\/media?parent=198"}],"wp:term":[{"taxonomy":"category","embeddable":true,"href":"https:\/\/fotosenderismo.com\/wordpress\/index.php\/wp-json\/wp\/v2\/categories?post=198"},{"taxonomy":"post_tag","embeddable":true,"href":"https:\/\/fotosenderismo.com\/wordpress\/index.php\/wp-json\/wp\/v2\/tags?post=198"}],"curies":[{"name":"wp","href":"https:\/\/api.w.org\/{rel}","templated":true}]}}