{"id":19776,"date":"2020-12-18T16:42:05","date_gmt":"2020-12-18T16:42:05","guid":{"rendered":"https:\/\/fotosenderismo.com\/wordpress\/?p=19776"},"modified":"2024-02-14T20:33:28","modified_gmt":"2024-02-14T20:33:28","slug":"santa-pau-fageda-del-grau-marrades-del-coll-del-grau-coll-maria","status":"publish","type":"post","link":"https:\/\/fotosenderismo.com\/wordpress\/index.php\/2020\/12\/18\/santa-pau-fageda-del-grau-marrades-del-coll-del-grau-coll-maria\/","title":{"rendered":"Santa Pau, Fageda del Grau, Marrades del Coll del Grau, Coll Maria"},"content":{"rendered":"\n<p><\/p>\n\n\n\n<figure class=\"wp-block-image aligncenter size-large\"><a href=\"https:\/\/photos.app.goo.gl\/AmUYwwEuMsjz9byb9\" target=\"_blank\" rel=\"noopener\"><img loading=\"lazy\" decoding=\"async\" width=\"400\" height=\"53\" src=\"https:\/\/fotosenderismo.com\/wordpress\/wp-content\/uploads\/2020\/07\/visualizar-galeria-fotos.jpg\" alt=\"\" class=\"wp-image-19221\" srcset=\"https:\/\/fotosenderismo.com\/wordpress\/wp-content\/uploads\/2020\/07\/visualizar-galeria-fotos.jpg 400w, https:\/\/fotosenderismo.com\/wordpress\/wp-content\/uploads\/2020\/07\/visualizar-galeria-fotos-300x40.jpg 300w\" sizes=\"auto, (max-width: 400px) 100vw, 400px\" \/><\/a><\/figure>\n\n\n\n<p><\/p>\n\n\n\n<figure class=\"wp-block-image size-large\"><a href=\"https:\/\/fotosenderismo.com\/wordpress\/wp-content\/uploads\/2020\/12\/SANTA-PAU-FAGEDA-GRAU-DATOS.jpg\" target=\"_blank\" rel=\"noopener\"><img loading=\"lazy\" decoding=\"async\" width=\"1024\" height=\"731\" src=\"https:\/\/fotosenderismo.com\/wordpress\/wp-content\/uploads\/2020\/12\/SANTA-PAU-FAGEDA-GRAU-DATOS-1024x731.jpg\" alt=\"\" class=\"wp-image-19777\" srcset=\"https:\/\/fotosenderismo.com\/wordpress\/wp-content\/uploads\/2020\/12\/SANTA-PAU-FAGEDA-GRAU-DATOS-1024x731.jpg 1024w, https:\/\/fotosenderismo.com\/wordpress\/wp-content\/uploads\/2020\/12\/SANTA-PAU-FAGEDA-GRAU-DATOS-300x214.jpg 300w, https:\/\/fotosenderismo.com\/wordpress\/wp-content\/uploads\/2020\/12\/SANTA-PAU-FAGEDA-GRAU-DATOS-768x548.jpg 768w, https:\/\/fotosenderismo.com\/wordpress\/wp-content\/uploads\/2020\/12\/SANTA-PAU-FAGEDA-GRAU-DATOS-1320x942.jpg 1320w, https:\/\/fotosenderismo.com\/wordpress\/wp-content\/uploads\/2020\/12\/SANTA-PAU-FAGEDA-GRAU-DATOS.jpg 1335w\" sizes=\"auto, (max-width: 1024px) 100vw, 1024px\" \/><\/a><\/figure>\n\n\n\n<p><\/p>\n\n\n\n<figure class=\"wp-block-image aligncenter size-large\"><a href=\"https:\/\/fotosenderismo.com\/wordpress\/wp-content\/uploads\/2020-12-18-SANTA-PAU-FAGEDA-GRAU-MARRADES-DEL-GRAU-COLL-MARIA.gpx\"><img loading=\"lazy\" decoding=\"async\" width=\"400\" height=\"50\" src=\"https:\/\/fotosenderismo.com\/wordpress\/wp-content\/uploads\/2020\/07\/descargar-track.jpg\" alt=\"\" class=\"wp-image-19227\" srcset=\"https:\/\/fotosenderismo.com\/wordpress\/wp-content\/uploads\/2020\/07\/descargar-track.jpg 400w, https:\/\/fotosenderismo.com\/wordpress\/wp-content\/uploads\/2020\/07\/descargar-track-300x38.jpg 300w\" sizes=\"auto, (max-width: 400px) 100vw, 400px\" \/><\/a><\/figure>\n\n\n\n<p><\/p>\n\n\n\n<p style=\"text-align: justify;\"><span style=\"font-size: 14pt;\"><strong><span id=\"speechify-first-word-listening-nudge-root-0\" style=\"position: absolute; z-index: 10000;\"><\/span><span id=\"speechify-first-word-listening-nudge-0\"><span id=\"speechify-first-word-listening-nudge-root-1\" style=\"position: absolute; z-index: 10000;\"><\/span><span id=\"speechify-first-word-listening-nudge-1\">Salida de 18<\/span><\/span> diciembre de 2020. El objetivo es el de explorar el sendero que sube hasta les Marrades del Coll de Grau, pero no el que est\u00e1 marcado y sube desde el Coll Maria, sino el que asciende desde el Pla de sa Rivera hasta el flanco occidental de la Fageda d\u2019en Grau (no est\u00e1, en absoluto, marcado).<\/strong><\/span><\/p>\n<p style=\"text-align: justify;\"><span style=\"font-size: 14pt;\"><strong>He dejado el coche en el aparcamiento de la oficina de turismo, junto a la carretera general, para adentrarme en Santa Pau e ir hasta la plaza de Baix, donde veremos un cartel que nos indica una de las maneras de llegar hasta el Coll Maria.<\/strong><\/span><\/p>\n<p style=\"text-align: justify;\"><span style=\"font-size: 14pt;\"><strong>Seguiremos durante un rato el sendero amarillo, pero s\u00f3lo hasta el kil\u00f3metro 1,03 del track (aprox.) Hasta ahora hemos seguido pista asfaltada, pero pasado Can Font el camino pasa a ser de tierra. Rebasaremos el Abellar, y cuando lleguemos a sa Rivera tomaremos el camino que hay a mano izquierda (primero he tratado de seguir el de mano derecha y he visto que no acced\u00eda hasta donde yo quer\u00eda, por lo que retrocedido a sa Rivera para seguir el de la izquierda).<\/strong><\/span><\/p>\n<p style=\"text-align: justify;\"><span style=\"font-size: 14pt;\"><strong>Despu\u00e9s de un rato de haber pasado una valla de contenci\u00f3n de ganado, y sobre el kil\u00f3metro 3 del recorrido (aproximadamente), la pista m\u00e1s o menos ancha que hab\u00edamos seguido desde sa Rivera deviene puro sendero. Desde all\u00ed vira radicalmente en direcci\u00f3n suroeste, ascendiendo por una trocha bastante estrecha y dif\u00edcil de rastrear en bastantes puntos, por lo que tendremos que hacerla tranquilamente y sin perder de vista el track. Por ella alcanzaremos el pie del Coll de Grau, donde empiezan las Marrades que dan acceso al mismo (Km. 3,65). No he subido por ellas, sino que desde all\u00ed he inciado el regreso.<\/strong><\/span><\/p>\n<p style=\"text-align: justify;\"><span style=\"font-size: 14pt;\"><strong>Desde ese punto ya tomaremos un sendero muy bien dibujado sobre el terreno que desciende poco a poco por un hayedo. Al final, sobre el kil\u00f3metro 4,20 saldremos a una pista y veremos ya marcas amarillas. No vamos a dejar la pista hasta la Feixa Plana y Can Eixart, aunque seguiremos las marcas amarillas, que se desv\u00edan abruptamente en direcci\u00f3n este hasta el Coll Maria.<\/strong><\/span><\/p>\n<p style=\"text-align: justify;\"><span style=\"font-size: 14pt;\"><strong>En el Coll Maria veremos un poste indicador y tendremos var\u00edas opciones de regreso marcadas en amarillo a Santa Pau. He elegido el sendero que pasa por la Costa, la Barraca y els Colls, donde entraremos otro poste de Itinerannia. Seguiremos por la pista ennegrecida por la tierra volc\u00e1nica que va a mano derecha, tambi\u00e9n marcada. Flanquearemos les Costes d\u2019en sim\u00f3n por el oeste y ya llegaremos a Santa Pau y el punto de inicio.<\/strong><\/span><\/p>\n<p style=\"text-align: justify;\"><span style=\"font-size: 14pt;\"><strong>En general se ha tratado de una excursi\u00f3n excelente. Debido a la lluvia y las brumas que filtraban por el bosque, me parec\u00eda andar, de nuevo, por un mundo m\u00e1gico, digno de cualquier pel\u00edcula de fantas\u00eda heroica. He cruzado robledales, hayedos y bastantes encinares (incluso en la zona de umbr\u00eda, cosa que me ha parecido algo ins\u00f3lito). Tambi\u00e9n podremos disfrutar de formaciones rocosas recubiertas de musgos.<\/strong><\/span><\/p>\n<p style=\"text-align: justify;\"><span style=\"font-size: 14pt;\"><strong>El track ha sido editado para eliminar una parte de exploraci\u00f3n infructuosa. No califico la salida de f\u00e1cil porque en determinados tramos resulta complicado rastrear el sendero, aunque no toparemos con ninguna dificultad t\u00e9cnica.<\/strong><\/span><\/p>\n\n\n\n<p><\/p>\n\n\n\n<figure class=\"wp-block-image size-large\"><a href=\"https:\/\/fotosenderismo.com\/wordpress\/wp-content\/uploads\/2020\/12\/SANTA-PAU-FAGEDA-GRAU-MAPA.jpg\" target=\"_blank\" rel=\"noopener\"><img loading=\"lazy\" decoding=\"async\" width=\"974\" height=\"1024\" src=\"https:\/\/fotosenderismo.com\/wordpress\/wp-content\/uploads\/2020\/12\/SANTA-PAU-FAGEDA-GRAU-MAPA-974x1024.jpg\" alt=\"\" class=\"wp-image-19781\" srcset=\"https:\/\/fotosenderismo.com\/wordpress\/wp-content\/uploads\/2020\/12\/SANTA-PAU-FAGEDA-GRAU-MAPA-974x1024.jpg 974w, https:\/\/fotosenderismo.com\/wordpress\/wp-content\/uploads\/2020\/12\/SANTA-PAU-FAGEDA-GRAU-MAPA-285x300.jpg 285w, https:\/\/fotosenderismo.com\/wordpress\/wp-content\/uploads\/2020\/12\/SANTA-PAU-FAGEDA-GRAU-MAPA-768x808.jpg 768w, https:\/\/fotosenderismo.com\/wordpress\/wp-content\/uploads\/2020\/12\/SANTA-PAU-FAGEDA-GRAU-MAPA-1461x1536.jpg 1461w, https:\/\/fotosenderismo.com\/wordpress\/wp-content\/uploads\/2020\/12\/SANTA-PAU-FAGEDA-GRAU-MAPA-1320x1388.jpg 1320w, https:\/\/fotosenderismo.com\/wordpress\/wp-content\/uploads\/2020\/12\/SANTA-PAU-FAGEDA-GRAU-MAPA.jpg 1883w\" sizes=\"auto, (max-width: 974px) 100vw, 974px\" \/><\/a><\/figure>\n\n\n\n<p><\/p>\n\n\n\n<iframe loading=\"lazy\" frameBorder=\"0\" scrolling=\"no\" src=\"https:\/\/es.wikiloc.com\/wikiloc\/spatialArtifacts.do?event=view&#038;id=62412623&#038;measures=on&#038;title=on&#038;near=on&#038;images=on&#038;maptype=H\" width=\"1000\" height=\"1000\"><\/iframe><div style=\"color:#777;font-size:11px;line-height:16px;\">Powered by <a style=\"color:#06d;font-size:11px;line-height:16px;\" target=\"_blank\" href=\"https:\/\/es.wikiloc.com\" rel=\"noopener\">Wikiloc<\/a><\/div>\n\n\n\n<p><\/p>\n\n\n\n<figure class=\"wp-block-image size-large\"><a href=\"https:\/\/fotosenderismo.com\/wordpress\/wp-content\/uploads\/2020\/12\/SANTA-PAU-FAGEDA-GRAU-EARTH-1.jpg\" target=\"_blank\" rel=\"noopener\"><img loading=\"lazy\" decoding=\"async\" width=\"1024\" height=\"518\" src=\"https:\/\/fotosenderismo.com\/wordpress\/wp-content\/uploads\/2020\/12\/SANTA-PAU-FAGEDA-GRAU-EARTH-1-1024x518.jpg\" alt=\"\" class=\"wp-image-19778\" srcset=\"https:\/\/fotosenderismo.com\/wordpress\/wp-content\/uploads\/2020\/12\/SANTA-PAU-FAGEDA-GRAU-EARTH-1-1024x518.jpg 1024w, https:\/\/fotosenderismo.com\/wordpress\/wp-content\/uploads\/2020\/12\/SANTA-PAU-FAGEDA-GRAU-EARTH-1-300x152.jpg 300w, https:\/\/fotosenderismo.com\/wordpress\/wp-content\/uploads\/2020\/12\/SANTA-PAU-FAGEDA-GRAU-EARTH-1-768x388.jpg 768w, https:\/\/fotosenderismo.com\/wordpress\/wp-content\/uploads\/2020\/12\/SANTA-PAU-FAGEDA-GRAU-EARTH-1-1536x777.jpg 1536w, https:\/\/fotosenderismo.com\/wordpress\/wp-content\/uploads\/2020\/12\/SANTA-PAU-FAGEDA-GRAU-EARTH-1-1320x668.jpg 1320w, https:\/\/fotosenderismo.com\/wordpress\/wp-content\/uploads\/2020\/12\/SANTA-PAU-FAGEDA-GRAU-EARTH-1.jpg 1920w\" sizes=\"auto, (max-width: 1024px) 100vw, 1024px\" \/><\/a><\/figure>\n\n\n\n<p><\/p>\n\n\n\n<figure class=\"wp-block-image size-large\"><a href=\"https:\/\/fotosenderismo.com\/wordpress\/wp-content\/uploads\/2020\/12\/SANTA-PAU-FAGEDA-GRAU-EARTH-2.jpg\" target=\"_blank\" rel=\"noopener\"><img loading=\"lazy\" decoding=\"async\" width=\"1024\" height=\"518\" src=\"https:\/\/fotosenderismo.com\/wordpress\/wp-content\/uploads\/2020\/12\/SANTA-PAU-FAGEDA-GRAU-EARTH-2-1024x518.jpg\" alt=\"\" class=\"wp-image-19779\" srcset=\"https:\/\/fotosenderismo.com\/wordpress\/wp-content\/uploads\/2020\/12\/SANTA-PAU-FAGEDA-GRAU-EARTH-2-1024x518.jpg 1024w, https:\/\/fotosenderismo.com\/wordpress\/wp-content\/uploads\/2020\/12\/SANTA-PAU-FAGEDA-GRAU-EARTH-2-300x152.jpg 300w, https:\/\/fotosenderismo.com\/wordpress\/wp-content\/uploads\/2020\/12\/SANTA-PAU-FAGEDA-GRAU-EARTH-2-768x388.jpg 768w, https:\/\/fotosenderismo.com\/wordpress\/wp-content\/uploads\/2020\/12\/SANTA-PAU-FAGEDA-GRAU-EARTH-2-1536x777.jpg 1536w, https:\/\/fotosenderismo.com\/wordpress\/wp-content\/uploads\/2020\/12\/SANTA-PAU-FAGEDA-GRAU-EARTH-2-1320x668.jpg 1320w, https:\/\/fotosenderismo.com\/wordpress\/wp-content\/uploads\/2020\/12\/SANTA-PAU-FAGEDA-GRAU-EARTH-2.jpg 1920w\" sizes=\"auto, (max-width: 1024px) 100vw, 1024px\" \/><\/a><\/figure>\n\n\n\n<p><\/p>\n\n\n\n<figure class=\"wp-block-image size-large\"><a href=\"https:\/\/fotosenderismo.com\/wordpress\/wp-content\/uploads\/2020\/12\/SANTA-PAU-FAGEDA-GRAU-PERFIL.jpg\" target=\"_blank\" rel=\"noopener\"><img loading=\"lazy\" decoding=\"async\" width=\"1024\" height=\"500\" src=\"https:\/\/fotosenderismo.com\/wordpress\/wp-content\/uploads\/2020\/12\/SANTA-PAU-FAGEDA-GRAU-PERFIL-1024x500.jpg\" alt=\"\" class=\"wp-image-19782\" srcset=\"https:\/\/fotosenderismo.com\/wordpress\/wp-content\/uploads\/2020\/12\/SANTA-PAU-FAGEDA-GRAU-PERFIL-1024x500.jpg 1024w, https:\/\/fotosenderismo.com\/wordpress\/wp-content\/uploads\/2020\/12\/SANTA-PAU-FAGEDA-GRAU-PERFIL-300x146.jpg 300w, https:\/\/fotosenderismo.com\/wordpress\/wp-content\/uploads\/2020\/12\/SANTA-PAU-FAGEDA-GRAU-PERFIL-768x375.jpg 768w, https:\/\/fotosenderismo.com\/wordpress\/wp-content\/uploads\/2020\/12\/SANTA-PAU-FAGEDA-GRAU-PERFIL-1536x750.jpg 1536w, https:\/\/fotosenderismo.com\/wordpress\/wp-content\/uploads\/2020\/12\/SANTA-PAU-FAGEDA-GRAU-PERFIL-1320x644.jpg 1320w, https:\/\/fotosenderismo.com\/wordpress\/wp-content\/uploads\/2020\/12\/SANTA-PAU-FAGEDA-GRAU-PERFIL.jpg 1907w\" sizes=\"auto, (max-width: 1024px) 100vw, 1024px\" \/><\/a><\/figure>\n\n\n\n<p><\/p>\n\n\n\n<figure class=\"wp-block-image aligncenter size-large\"><img loading=\"lazy\" decoding=\"async\" width=\"261\" height=\"37\" src=\"https:\/\/fotosenderismo.com\/wordpress\/wp-content\/uploads\/2020\/07\/RELACIONADAS-1.jpg\" alt=\"\" class=\"wp-image-19229\"\/><\/figure>\n\n\n\n<p><\/p>\n\n\n\n<figure class=\"wp-block-embed aligncenter is-type-wp-embed is-provider-fotosenderismo-com wp-block-embed-fotosenderismo-com\"><div class=\"wp-block-embed__wrapper\">\n<blockquote class=\"wp-embedded-content\" data-secret=\"Bcyv3tAsBg\"><a href=\"https:\/\/fotosenderismo.com\/wordpress\/index.php\/2020\/12\/01\/santa-pau-volca-puig-de-mar-volca-rocanegra\/\">Santa Pau, Volc\u00e0 Puig de Mar, Volc\u00e0 Rocanegra<\/a><\/blockquote><iframe loading=\"lazy\" class=\"wp-embedded-content\" sandbox=\"allow-scripts\" security=\"restricted\" style=\"position: absolute; clip: rect(1px, 1px, 1px, 1px);\" title=\"\u00abSanta Pau, Volc\u00e0 Puig de Mar, Volc\u00e0 Rocanegra\u00bb \u2014 FOTOSENDERISMO.COM\" src=\"https:\/\/fotosenderismo.com\/wordpress\/index.php\/2020\/12\/01\/santa-pau-volca-puig-de-mar-volca-rocanegra\/embed\/#?secret=a9kmXs3uMi#?secret=Bcyv3tAsBg\" data-secret=\"Bcyv3tAsBg\" width=\"600\" height=\"338\" frameborder=\"0\" marginwidth=\"0\" marginheight=\"0\" scrolling=\"no\"><\/iframe>\n<\/div><\/figure>\n\n\n\n<figure class=\"wp-block-embed aligncenter is-type-wp-embed is-provider-fotosenderismo-com wp-block-embed-fotosenderismo-com\"><div class=\"wp-block-embed__wrapper\">\n<blockquote class=\"wp-embedded-content\" data-secret=\"UK4fXxDacP\"><a href=\"https:\/\/fotosenderismo.com\/wordpress\/index.php\/2020\/11\/27\/santa-pau-serra-de-lartiguer-serrat-de-can-batlle-salt-de-can-batlle\/\">Santa Pau, Serra de l&#8217;Artiguer, Serrat de Can Batlle, Salt de Can Batlle<\/a><\/blockquote><iframe loading=\"lazy\" class=\"wp-embedded-content\" sandbox=\"allow-scripts\" security=\"restricted\" style=\"position: absolute; clip: rect(1px, 1px, 1px, 1px);\" title=\"\u00abSanta Pau, Serra de l&#8217;Artiguer, Serrat de Can Batlle, Salt de Can Batlle\u00bb \u2014 FOTOSENDERISMO.COM\" src=\"https:\/\/fotosenderismo.com\/wordpress\/index.php\/2020\/11\/27\/santa-pau-serra-de-lartiguer-serrat-de-can-batlle-salt-de-can-batlle\/embed\/#?secret=7QJmuyleJr#?secret=UK4fXxDacP\" data-secret=\"UK4fXxDacP\" width=\"600\" height=\"338\" frameborder=\"0\" marginwidth=\"0\" marginheight=\"0\" scrolling=\"no\"><\/iframe>\n<\/div><\/figure>\n\n\n\n<figure class=\"wp-block-embed aligncenter is-type-wp-embed is-provider-fotosenderismo-com wp-block-embed-fotosenderismo-com\"><div class=\"wp-block-embed__wrapper\">\n<blockquote class=\"wp-embedded-content\" data-secret=\"6UfMx3qhDr\"><a href=\"https:\/\/fotosenderismo.com\/wordpress\/index.php\/2019\/04\/24\/santa-pau-coll-maria-puigsallanca-castell-de-finestres-el-clascar-els-arcs\/\">Santa Pau, Coll Maria, Puigsallan\u00e7a, Castell de Finestres, El Clascar, Els Arcs<\/a><\/blockquote><iframe loading=\"lazy\" class=\"wp-embedded-content\" sandbox=\"allow-scripts\" security=\"restricted\" style=\"position: absolute; clip: rect(1px, 1px, 1px, 1px);\" title=\"\u00abSanta Pau, Coll Maria, Puigsallan\u00e7a, Castell de Finestres, El Clascar, Els Arcs\u00bb \u2014 FOTOSENDERISMO.COM\" src=\"https:\/\/fotosenderismo.com\/wordpress\/index.php\/2019\/04\/24\/santa-pau-coll-maria-puigsallanca-castell-de-finestres-el-clascar-els-arcs\/embed\/#?secret=BeEfRE4GyU#?secret=6UfMx3qhDr\" data-secret=\"6UfMx3qhDr\" width=\"600\" height=\"338\" frameborder=\"0\" marginwidth=\"0\" marginheight=\"0\" scrolling=\"no\"><\/iframe>\n<\/div><\/figure>\n","protected":false},"excerpt":{"rendered":"<p>Salida de 18 diciembre de 2020. El objetivo es el de explorar el sendero que sube hasta les Marrades del Coll de Grau, pero no el que est\u00e1 marcado y sube desde el Coll Maria, sino el que asciende desde el Pla de sa Rivera hasta el flanco occidental de la Fageda d\u2019en Grau (no est\u00e1, en absoluto, marcado). En general se ha tratado de una excursi\u00f3n excelente. Debido a la lluvia y las brumas que filtraban por el bosque, me parec\u00eda andar, de nuevo, por un mundo m\u00e1gico, digno de cualquier pel\u00edcula de fantas\u00eda heroica. He cruzado robledales, hayedos y bastantes encinares (incluso en la zona de umbr\u00eda, cosa que me ha parecido algo ins\u00f3lito). Tambi\u00e9n podremos disfrutar de formaciones rocosas recubiertas de musgos.<\/p>\n","protected":false},"author":1,"featured_media":19780,"comment_status":"open","ping_status":"open","sticky":false,"template":"","format":"standard","meta":{"footnotes":""},"categories":[45,46,143,288,33,42,47,60],"tags":[187,98,177,223],"class_list":["post-19776","post","type-post","status-publish","format-standard","has-post-thumbnail","hentry","category-garrotxa","category-girona","category-1-5-volcanes","category-201-entre-5-y-10-km","category-menos-de-500","category-senderismo","category-circular-tipo-de-recorrido","category-baja-montana-o-tierras-a-media-altitud","tag-fotos-by-eduard","tag-98","tag-eduard","tag-track-en-wikiloc"],"_links":{"self":[{"href":"https:\/\/fotosenderismo.com\/wordpress\/index.php\/wp-json\/wp\/v2\/posts\/19776","targetHints":{"allow":["GET"]}}],"collection":[{"href":"https:\/\/fotosenderismo.com\/wordpress\/index.php\/wp-json\/wp\/v2\/posts"}],"about":[{"href":"https:\/\/fotosenderismo.com\/wordpress\/index.php\/wp-json\/wp\/v2\/types\/post"}],"author":[{"embeddable":true,"href":"https:\/\/fotosenderismo.com\/wordpress\/index.php\/wp-json\/wp\/v2\/users\/1"}],"replies":[{"embeddable":true,"href":"https:\/\/fotosenderismo.com\/wordpress\/index.php\/wp-json\/wp\/v2\/comments?post=19776"}],"version-history":[{"count":3,"href":"https:\/\/fotosenderismo.com\/wordpress\/index.php\/wp-json\/wp\/v2\/posts\/19776\/revisions"}],"predecessor-version":[{"id":22878,"href":"https:\/\/fotosenderismo.com\/wordpress\/index.php\/wp-json\/wp\/v2\/posts\/19776\/revisions\/22878"}],"wp:featuredmedia":[{"embeddable":true,"href":"https:\/\/fotosenderismo.com\/wordpress\/index.php\/wp-json\/wp\/v2\/media\/19780"}],"wp:attachment":[{"href":"https:\/\/fotosenderismo.com\/wordpress\/index.php\/wp-json\/wp\/v2\/media?parent=19776"}],"wp:term":[{"taxonomy":"category","embeddable":true,"href":"https:\/\/fotosenderismo.com\/wordpress\/index.php\/wp-json\/wp\/v2\/categories?post=19776"},{"taxonomy":"post_tag","embeddable":true,"href":"https:\/\/fotosenderismo.com\/wordpress\/index.php\/wp-json\/wp\/v2\/tags?post=19776"}],"curies":[{"name":"wp","href":"https:\/\/api.w.org\/{rel}","templated":true}]}}