{"id":19689,"date":"2020-11-25T16:58:18","date_gmt":"2020-11-25T16:58:18","guid":{"rendered":"https:\/\/fotosenderismo.com\/wordpress\/?p=19689"},"modified":"2024-02-15T17:52:33","modified_gmt":"2024-02-15T17:52:33","slug":"campdevanol-ruta-natura-sant-pere-dauira-2-pla-de-la-tomba-coll-de-la-batalla","status":"publish","type":"post","link":"https:\/\/fotosenderismo.com\/wordpress\/index.php\/2020\/11\/25\/campdevanol-ruta-natura-sant-pere-dauira-2-pla-de-la-tomba-coll-de-la-batalla\/","title":{"rendered":"Campdevanol. Ruta Natura Sant Pere d&#8217;A\u00fcira (2). Pla de la Tomba, Coll de la Batalla"},"content":{"rendered":"\n<p><\/p>\n\n\n\n<figure class=\"wp-block-image aligncenter size-large\"><a href=\"https:\/\/photos.app.goo.gl\/Pd9LQAnGqNWbA7EC9\" target=\"_blank\" rel=\"noopener noreferrer\"><img loading=\"lazy\" decoding=\"async\" width=\"400\" height=\"53\" src=\"https:\/\/fotosenderismo.com\/wordpress\/wp-content\/uploads\/2020\/07\/visualizar-galeria-fotos.jpg\" alt=\"\" class=\"wp-image-19221\" srcset=\"https:\/\/fotosenderismo.com\/wordpress\/wp-content\/uploads\/2020\/07\/visualizar-galeria-fotos.jpg 400w, https:\/\/fotosenderismo.com\/wordpress\/wp-content\/uploads\/2020\/07\/visualizar-galeria-fotos-300x40.jpg 300w\" sizes=\"auto, (max-width: 400px) 100vw, 400px\" \/><\/a><\/figure>\n\n\n\n<p><\/p>\n\n\n\n<figure class=\"wp-block-image size-large\"><a href=\"https:\/\/fotosenderismo.com\/wordpress\/wp-content\/uploads\/2020\/11\/CAMPDEVANOL-AUIRA-2-DATOS.jpg\" target=\"_blank\" rel=\"noopener noreferrer\"><img loading=\"lazy\" decoding=\"async\" width=\"1024\" height=\"700\" src=\"https:\/\/fotosenderismo.com\/wordpress\/wp-content\/uploads\/2020\/11\/CAMPDEVANOL-AUIRA-2-DATOS-1024x700.jpg\" alt=\"\" class=\"wp-image-19690\" srcset=\"https:\/\/fotosenderismo.com\/wordpress\/wp-content\/uploads\/2020\/11\/CAMPDEVANOL-AUIRA-2-DATOS-1024x700.jpg 1024w, https:\/\/fotosenderismo.com\/wordpress\/wp-content\/uploads\/2020\/11\/CAMPDEVANOL-AUIRA-2-DATOS-300x205.jpg 300w, https:\/\/fotosenderismo.com\/wordpress\/wp-content\/uploads\/2020\/11\/CAMPDEVANOL-AUIRA-2-DATOS-768x525.jpg 768w, https:\/\/fotosenderismo.com\/wordpress\/wp-content\/uploads\/2020\/11\/CAMPDEVANOL-AUIRA-2-DATOS-1320x902.jpg 1320w, https:\/\/fotosenderismo.com\/wordpress\/wp-content\/uploads\/2020\/11\/CAMPDEVANOL-AUIRA-2-DATOS.jpg 1409w\" sizes=\"auto, (max-width: 1024px) 100vw, 1024px\" \/><\/a><\/figure>\n\n\n\n<p><\/p>\n\n\n\n<figure class=\"wp-block-image aligncenter size-large\"><a href=\"https:\/\/fotosenderismo.com\/wordpress\/wp-content\/uploads\/2020-11-25-01_CAMPDEVANOL-AUIRA-2.gpx\"><img loading=\"lazy\" decoding=\"async\" width=\"400\" height=\"50\" src=\"https:\/\/fotosenderismo.com\/wordpress\/wp-content\/uploads\/2020\/07\/descargar-track.jpg\" alt=\"\" class=\"wp-image-19227\" srcset=\"https:\/\/fotosenderismo.com\/wordpress\/wp-content\/uploads\/2020\/07\/descargar-track.jpg 400w, https:\/\/fotosenderismo.com\/wordpress\/wp-content\/uploads\/2020\/07\/descargar-track-300x38.jpg 300w\" sizes=\"auto, (max-width: 400px) 100vw, 400px\" \/><\/a><\/figure>\n\n\n\n<p><\/p>\n\n\n\n<p style=\"text-align: justify;\"><strong><span style=\"font-size: 14pt;\">Esta es la segunda salida a Sant Pere d\u2019A\u00fcira desde Campdevanol. Esta vez he flanqueado la monta\u00f1a por el este, de forma paralela a la v\u00eda del ferrocarril, para luego ascender por la Baga de Rotllan y la Solana de Sant Pere, todo ello alternando caminos encementados, preciosos senderos y pistas de tierra.<\/span><\/strong><\/p>\n<p style=\"text-align: justify;\"><strong><span style=\"font-size: 14pt;\"><span id=\"speechify-first-word-listening-nudge-root-5\" style=\"position: absolute; z-index: 10000;\"><\/span><span id=\"speechify-first-word-listening-nudge-5\">He salido del<\/span> aparcamiento de la estaci\u00f3n del ferrocarril, he cruzado la v\u00eda y he seguido hasta la plaza de l\u2019Esgl\u00e9sia para girar por un callej\u00f3n a mano izquierda que enlaza con un puente que supera la v\u00eda del tren. Despu\u00e9s, siguiendo callejuelas, iremos enfilando el camino de Sant Pere, como he dicho, primero por pista de cemento y luego alternando senderos y pistas de tierra.<\/span><\/strong><\/p>\n<p style=\"text-align: justify;\"><strong><span style=\"font-size: 14pt;\"><span id=\"speechify-first-word-listening-nudge-root-6\" style=\"position: absolute; z-index: 10000;\"><\/span><span id=\"speechify-first-word-listening-nudge-6\">Cerca del Pla<\/span> de la Tomba y sobre el kil\u00f3metro 5,5 del recorrido, he dejado el camino oficial (por denominarlo de alguna forma) para ir a buscar el borde de una escarpa, desde donde disfrutaremos de muy buenas vistas al Sant Amand y al Taga. No tardaremos, sin embargo, en volver a enlazar con las marcas amarillas, ya en Pla de la Tomba.<\/span><\/strong><\/p>\n<p style=\"text-align: justify;\"><strong><span style=\"font-size: 14pt;\">Desde all\u00ed nos introduciremos en un sendero precioso que nos ir\u00e1 acercando parsimoniosamente (sin grandes pendientes) a Sant Pere d\u2019A\u00fcira. Al final, daremos con una pista forestal, ya muy cerca del santuario.<\/span><\/strong><\/p>\n<p style=\"text-align: justify;\"><strong><span style=\"font-size: 14pt;\"><span id=\"speechify-first-word-listening-nudge-root-8\" style=\"position: absolute; z-index: 10000;\"><\/span><span id=\"speechify-first-word-listening-nudge-8\">Desde el santuario<\/span> el camino de regreso es muy f\u00e1cil, porque tendremos que seguir marcas de GR. Pasaremos por el Coll de la Batalla, la Carena del Coll de la Batalla y el Solei de Puigcorber, aunque no he respetado estrictamente el camino marcado, ya que he seguido un tramo alternativo de pista en el Solei de Cal Basco, desde donde tambi\u00e9n hay buenas vistas.<\/span><\/strong><\/p>\n<p style=\"text-align: justify;\"><strong><span style=\"font-size: 14pt;\"><span id=\"speechify-first-word-listening-nudge-root-9\" style=\"position: absolute; z-index: 10000;\"><\/span><span id=\"speechify-first-word-listening-nudge-9\">En general, se<\/span> trata de una magn\u00edfica salida, bastante f\u00e1cil, aunque tiene tramos con pendientes bastante pronunciadas. Bonitos bosques de robles, pinos y, en menor medida, de hayas. Adem\u00e1s, disfrutaremos de rincones cautivadores y de excelentes vistas y a la zona axial de Pirineo.<\/span><\/strong><\/p>\n\n\n\n<p><\/p>\n\n\n\n<figure class=\"wp-block-image size-large\"><a href=\"https:\/\/fotosenderismo.com\/wordpress\/wp-content\/uploads\/2020\/11\/CAMPDEVANOL-AUIRA-2-MAPA.jpg\" target=\"_blank\" rel=\"noopener noreferrer\"><img loading=\"lazy\" decoding=\"async\" width=\"996\" height=\"1024\" src=\"https:\/\/fotosenderismo.com\/wordpress\/wp-content\/uploads\/2020\/11\/CAMPDEVANOL-AUIRA-2-MAPA-996x1024.jpg\" alt=\"\" class=\"wp-image-19694\" srcset=\"https:\/\/fotosenderismo.com\/wordpress\/wp-content\/uploads\/2020\/11\/CAMPDEVANOL-AUIRA-2-MAPA-996x1024.jpg 996w, https:\/\/fotosenderismo.com\/wordpress\/wp-content\/uploads\/2020\/11\/CAMPDEVANOL-AUIRA-2-MAPA-292x300.jpg 292w, https:\/\/fotosenderismo.com\/wordpress\/wp-content\/uploads\/2020\/11\/CAMPDEVANOL-AUIRA-2-MAPA-768x790.jpg 768w, https:\/\/fotosenderismo.com\/wordpress\/wp-content\/uploads\/2020\/11\/CAMPDEVANOL-AUIRA-2-MAPA-1494x1536.jpg 1494w, https:\/\/fotosenderismo.com\/wordpress\/wp-content\/uploads\/2020\/11\/CAMPDEVANOL-AUIRA-2-MAPA-1320x1357.jpg 1320w, https:\/\/fotosenderismo.com\/wordpress\/wp-content\/uploads\/2020\/11\/CAMPDEVANOL-AUIRA-2-MAPA.jpg 1922w\" sizes=\"auto, (max-width: 996px) 100vw, 996px\" \/><\/a><\/figure>\n\n\n\n<p><\/p>\n\n\n\n<iframe loading=\"lazy\" frameBorder=\"0\" scrolling=\"no\" src=\"https:\/\/es.wikiloc.com\/wikiloc\/spatialArtifacts.do?event=view&#038;id=61190666&#038;measures=on&#038;title=on&#038;near=on&#038;images=on&#038;maptype=H\" width=\"1000\" height=\"1000\"><\/iframe><div style=\"color:#777;font-size:11px;line-height:16px;\">Powered by <a style=\"color:#06d;font-size:11px;line-height:16px;\" target=\"_blank\" href=\"https:\/\/es.wikiloc.com\" rel=\"noopener noreferrer\">Wikiloc<\/a><\/div>\n\n\n\n<p><\/p>\n\n\n\n<figure class=\"wp-block-image size-large\"><a href=\"https:\/\/fotosenderismo.com\/wordpress\/wp-content\/uploads\/2020\/11\/CAMPDEVANOL-AUIRA-2-earth-1.jpg\" target=\"_blank\" rel=\"noopener noreferrer\"><img loading=\"lazy\" decoding=\"async\" width=\"1024\" height=\"518\" src=\"https:\/\/fotosenderismo.com\/wordpress\/wp-content\/uploads\/2020\/11\/CAMPDEVANOL-AUIRA-2-earth-1-1024x518.jpg\" alt=\"\" class=\"wp-image-19691\" srcset=\"https:\/\/fotosenderismo.com\/wordpress\/wp-content\/uploads\/2020\/11\/CAMPDEVANOL-AUIRA-2-earth-1-1024x518.jpg 1024w, https:\/\/fotosenderismo.com\/wordpress\/wp-content\/uploads\/2020\/11\/CAMPDEVANOL-AUIRA-2-earth-1-300x152.jpg 300w, https:\/\/fotosenderismo.com\/wordpress\/wp-content\/uploads\/2020\/11\/CAMPDEVANOL-AUIRA-2-earth-1-768x388.jpg 768w, https:\/\/fotosenderismo.com\/wordpress\/wp-content\/uploads\/2020\/11\/CAMPDEVANOL-AUIRA-2-earth-1-1536x777.jpg 1536w, https:\/\/fotosenderismo.com\/wordpress\/wp-content\/uploads\/2020\/11\/CAMPDEVANOL-AUIRA-2-earth-1-1320x668.jpg 1320w, https:\/\/fotosenderismo.com\/wordpress\/wp-content\/uploads\/2020\/11\/CAMPDEVANOL-AUIRA-2-earth-1.jpg 1920w\" sizes=\"auto, (max-width: 1024px) 100vw, 1024px\" \/><\/a><\/figure>\n\n\n\n<p><\/p>\n\n\n\n<figure class=\"wp-block-image size-large\"><a href=\"https:\/\/fotosenderismo.com\/wordpress\/wp-content\/uploads\/2020\/11\/CAMPDEVANOL-AUIRA-2-earth-2.jpg\" target=\"_blank\" rel=\"noopener noreferrer\"><img loading=\"lazy\" decoding=\"async\" width=\"1024\" height=\"518\" src=\"https:\/\/fotosenderismo.com\/wordpress\/wp-content\/uploads\/2020\/11\/CAMPDEVANOL-AUIRA-2-earth-2-1024x518.jpg\" alt=\"\" class=\"wp-image-19692\" srcset=\"https:\/\/fotosenderismo.com\/wordpress\/wp-content\/uploads\/2020\/11\/CAMPDEVANOL-AUIRA-2-earth-2-1024x518.jpg 1024w, https:\/\/fotosenderismo.com\/wordpress\/wp-content\/uploads\/2020\/11\/CAMPDEVANOL-AUIRA-2-earth-2-300x152.jpg 300w, https:\/\/fotosenderismo.com\/wordpress\/wp-content\/uploads\/2020\/11\/CAMPDEVANOL-AUIRA-2-earth-2-768x388.jpg 768w, https:\/\/fotosenderismo.com\/wordpress\/wp-content\/uploads\/2020\/11\/CAMPDEVANOL-AUIRA-2-earth-2-1536x777.jpg 1536w, https:\/\/fotosenderismo.com\/wordpress\/wp-content\/uploads\/2020\/11\/CAMPDEVANOL-AUIRA-2-earth-2-1320x668.jpg 1320w, https:\/\/fotosenderismo.com\/wordpress\/wp-content\/uploads\/2020\/11\/CAMPDEVANOL-AUIRA-2-earth-2.jpg 1920w\" sizes=\"auto, (max-width: 1024px) 100vw, 1024px\" \/><\/a><\/figure>\n\n\n\n<p><\/p>\n\n\n\n<figure class=\"wp-block-image size-large\"><a href=\"https:\/\/fotosenderismo.com\/wordpress\/wp-content\/uploads\/2020\/11\/CAMPDEVANOL-AUIRA-2-PERFIL.jpg\" target=\"_blank\" rel=\"noopener noreferrer\"><img loading=\"lazy\" decoding=\"async\" width=\"1024\" height=\"282\" src=\"https:\/\/fotosenderismo.com\/wordpress\/wp-content\/uploads\/2020\/11\/CAMPDEVANOL-AUIRA-2-PERFIL-1024x282.jpg\" alt=\"\" class=\"wp-image-19695\" srcset=\"https:\/\/fotosenderismo.com\/wordpress\/wp-content\/uploads\/2020\/11\/CAMPDEVANOL-AUIRA-2-PERFIL-1024x282.jpg 1024w, https:\/\/fotosenderismo.com\/wordpress\/wp-content\/uploads\/2020\/11\/CAMPDEVANOL-AUIRA-2-PERFIL-300x83.jpg 300w, https:\/\/fotosenderismo.com\/wordpress\/wp-content\/uploads\/2020\/11\/CAMPDEVANOL-AUIRA-2-PERFIL-768x212.jpg 768w, https:\/\/fotosenderismo.com\/wordpress\/wp-content\/uploads\/2020\/11\/CAMPDEVANOL-AUIRA-2-PERFIL-1536x423.jpg 1536w, https:\/\/fotosenderismo.com\/wordpress\/wp-content\/uploads\/2020\/11\/CAMPDEVANOL-AUIRA-2-PERFIL-1320x364.jpg 1320w, https:\/\/fotosenderismo.com\/wordpress\/wp-content\/uploads\/2020\/11\/CAMPDEVANOL-AUIRA-2-PERFIL.jpg 1858w\" sizes=\"auto, (max-width: 1024px) 100vw, 1024px\" \/><\/a><\/figure>\n\n\n\n<p><\/p>\n\n\n\n<figure class=\"wp-block-image aligncenter size-large\"><img loading=\"lazy\" decoding=\"async\" width=\"261\" height=\"37\" src=\"https:\/\/fotosenderismo.com\/wordpress\/wp-content\/uploads\/2020\/07\/RELACIONADAS-1.jpg\" alt=\"\" class=\"wp-image-19229\"\/><\/figure>\n\n\n\n<p><\/p>\n\n\n\n<figure class=\"wp-block-embed aligncenter is-type-wp-embed is-provider-fotosenderismo-com wp-block-embed-fotosenderismo-com\"><div class=\"wp-block-embed__wrapper\">\n<blockquote class=\"wp-embedded-content\" data-secret=\"MWHQFLV1CK\"><a href=\"https:\/\/fotosenderismo.com\/wordpress\/index.php\/2020\/11\/11\/campdevanol-itinerari-natura-de-sant-pere-auira-1\/\">Campdevanol. Itinerari Natura de Sant Pere A\u00fcira (1)<\/a><\/blockquote><iframe loading=\"lazy\" class=\"wp-embedded-content\" sandbox=\"allow-scripts\" security=\"restricted\" style=\"position: absolute; clip: rect(1px, 1px, 1px, 1px);\" title=\"\u00abCampdevanol. Itinerari Natura de Sant Pere A\u00fcira (1)\u00bb \u2014 FOTOSENDERISMO.COM\" src=\"https:\/\/fotosenderismo.com\/wordpress\/index.php\/2020\/11\/11\/campdevanol-itinerari-natura-de-sant-pere-auira-1\/embed\/#?secret=5nCotURvAh#?secret=MWHQFLV1CK\" data-secret=\"MWHQFLV1CK\" width=\"600\" height=\"338\" frameborder=\"0\" marginwidth=\"0\" marginheight=\"0\" scrolling=\"no\"><\/iframe>\n<\/div><\/figure>\n\n\n\n<figure class=\"wp-block-embed aligncenter is-type-wp-embed is-provider-fotosenderismo-com wp-block-embed-fotosenderismo-com\"><div class=\"wp-block-embed__wrapper\">\n<blockquote class=\"wp-embedded-content\" data-secret=\"jb30gWCJU1\"><a href=\"https:\/\/fotosenderismo.com\/wordpress\/index.php\/2013\/06\/21\/345\/\">Set Cascades de Gombr\u00e8n<\/a><\/blockquote><iframe loading=\"lazy\" class=\"wp-embedded-content\" sandbox=\"allow-scripts\" security=\"restricted\" style=\"position: absolute; clip: rect(1px, 1px, 1px, 1px);\" title=\"\u00abSet Cascades de Gombr\u00e8n\u00bb \u2014 FOTOSENDERISMO.COM\" src=\"https:\/\/fotosenderismo.com\/wordpress\/index.php\/2013\/06\/21\/345\/embed\/#?secret=Rgubn0BCm0#?secret=jb30gWCJU1\" data-secret=\"jb30gWCJU1\" width=\"600\" height=\"338\" frameborder=\"0\" marginwidth=\"0\" marginheight=\"0\" scrolling=\"no\"><\/iframe>\n<\/div><\/figure>\n\n\n\n<figure class=\"wp-block-embed aligncenter is-type-wp-embed is-provider-fotosenderismo-com wp-block-embed-fotosenderismo-com\"><div class=\"wp-block-embed__wrapper\">\n<blockquote class=\"wp-embedded-content\" data-secret=\"Q1nFLL2zBY\"><a href=\"https:\/\/fotosenderismo.com\/wordpress\/index.php\/2020\/10\/03\/ripoll-ruta-sant-roc-coll-de-clarella\/\">Ripoll, Ruta Sant Roc, Coll de Clarella<\/a><\/blockquote><iframe loading=\"lazy\" class=\"wp-embedded-content\" sandbox=\"allow-scripts\" security=\"restricted\" style=\"position: absolute; clip: rect(1px, 1px, 1px, 1px);\" title=\"\u00abRipoll, Ruta Sant Roc, Coll de Clarella\u00bb \u2014 FOTOSENDERISMO.COM\" src=\"https:\/\/fotosenderismo.com\/wordpress\/index.php\/2020\/10\/03\/ripoll-ruta-sant-roc-coll-de-clarella\/embed\/#?secret=XgVV6GX4w1#?secret=Q1nFLL2zBY\" data-secret=\"Q1nFLL2zBY\" width=\"600\" height=\"338\" frameborder=\"0\" marginwidth=\"0\" marginheight=\"0\" scrolling=\"no\"><\/iframe>\n<\/div><\/figure>\n","protected":false},"excerpt":{"rendered":"<p>Esta es la segunda salida a Sant Pere d\u2019A\u00fcira desde Campdevanol. Esta vez he flanqueado la monta\u00f1a por el este, de forma paralela a la v\u00eda del ferrocarril, para luego ascender por la Baga de Rotllan y la Solana de Sant Pere, todo ello alternando caminos encementados, preciosos senderos y pistas de tierra. En general, se trata de una magn\u00edfica salida, bastante f\u00e1cil, aunque tiene tramos con pendientes bastante pronunciadas. Bonitos bosques de robles, pinos y, en menor medida, de hayas. Adem\u00e1s, disfrutaremos de rincones cautivadores y de excelentes vistas y a la zona axial de Pirineo.<\/p>\n","protected":false},"author":1,"featured_media":19693,"comment_status":"open","ping_status":"open","sticky":false,"template":"","format":"standard","meta":{"footnotes":""},"categories":[46,53,54,280,34,42,47,48],"tags":[187,98,349,223],"class_list":["post-19689","post","type-post","status-publish","format-standard","has-post-thumbnail","hentry","category-girona","category-ripolles","category-pirineo-de-gerona","category-202-entre-10-y-15-km","category-entre-500-y-1000-metros","category-senderismo","category-circular-tipo-de-recorrido","category-media-montana-o-terrenos-altos","tag-fotos-by-eduard","tag-98","tag-siguiendo-marcas","tag-track-en-wikiloc"],"_links":{"self":[{"href":"https:\/\/fotosenderismo.com\/wordpress\/index.php\/wp-json\/wp\/v2\/posts\/19689","targetHints":{"allow":["GET"]}}],"collection":[{"href":"https:\/\/fotosenderismo.com\/wordpress\/index.php\/wp-json\/wp\/v2\/posts"}],"about":[{"href":"https:\/\/fotosenderismo.com\/wordpress\/index.php\/wp-json\/wp\/v2\/types\/post"}],"author":[{"embeddable":true,"href":"https:\/\/fotosenderismo.com\/wordpress\/index.php\/wp-json\/wp\/v2\/users\/1"}],"replies":[{"embeddable":true,"href":"https:\/\/fotosenderismo.com\/wordpress\/index.php\/wp-json\/wp\/v2\/comments?post=19689"}],"version-history":[{"count":3,"href":"https:\/\/fotosenderismo.com\/wordpress\/index.php\/wp-json\/wp\/v2\/posts\/19689\/revisions"}],"predecessor-version":[{"id":22890,"href":"https:\/\/fotosenderismo.com\/wordpress\/index.php\/wp-json\/wp\/v2\/posts\/19689\/revisions\/22890"}],"wp:featuredmedia":[{"embeddable":true,"href":"https:\/\/fotosenderismo.com\/wordpress\/index.php\/wp-json\/wp\/v2\/media\/19693"}],"wp:attachment":[{"href":"https:\/\/fotosenderismo.com\/wordpress\/index.php\/wp-json\/wp\/v2\/media?parent=19689"}],"wp:term":[{"taxonomy":"category","embeddable":true,"href":"https:\/\/fotosenderismo.com\/wordpress\/index.php\/wp-json\/wp\/v2\/categories?post=19689"},{"taxonomy":"post_tag","embeddable":true,"href":"https:\/\/fotosenderismo.com\/wordpress\/index.php\/wp-json\/wp\/v2\/tags?post=19689"}],"curies":[{"name":"wp","href":"https:\/\/api.w.org\/{rel}","templated":true}]}}