{"id":18250,"date":"2020-02-08T21:41:00","date_gmt":"2020-02-08T21:41:00","guid":{"rendered":"https:\/\/fotosenderismo.com\/wordpress\/?p=18250"},"modified":"2024-02-15T20:18:05","modified_gmt":"2024-02-15T20:18:05","slug":"beuda-monasterio-de-sous-falgars-santa-maria-del-mont","status":"publish","type":"post","link":"https:\/\/fotosenderismo.com\/wordpress\/index.php\/2020\/02\/08\/beuda-monasterio-de-sous-falgars-santa-maria-del-mont\/","title":{"rendered":"Beuda, monasterio de Sous, Falgars, Santa Mar\u00eda del Mont"},"content":{"rendered":"\n<figure class=\"wp-block-image aligncenter size-large\"><a href=\"https:\/\/photos.app.goo.gl\/LXGqkBtScqwUg4XJ6\" target=\"_blank\" rel=\"noreferrer noopener\"><img loading=\"lazy\" decoding=\"async\" width=\"400\" height=\"53\" src=\"https:\/\/fotosenderismo.com\/wordpress\/wp-content\/uploads\/2020\/02\/visualizar-galeria-fotos.jpg\" alt=\"\" class=\"wp-image-18103\" srcset=\"https:\/\/fotosenderismo.com\/wordpress\/wp-content\/uploads\/2020\/02\/visualizar-galeria-fotos.jpg 400w, https:\/\/fotosenderismo.com\/wordpress\/wp-content\/uploads\/2020\/02\/visualizar-galeria-fotos-300x40.jpg 300w\" sizes=\"auto, (max-width: 400px) 100vw, 400px\" \/><\/a><\/figure>\n\n\n\n<p><\/p>\n\n\n\n<figure class=\"wp-block-image size-large\"><a href=\"https:\/\/fotosenderismo.com\/wordpress\/wp-content\/uploads\/2020\/02\/BEUDA-SOUS-FALGARS-MONT-DATOS.jpg\" target=\"_blank\" rel=\"noreferrer noopener\"><img loading=\"lazy\" decoding=\"async\" width=\"1024\" height=\"705\" src=\"https:\/\/fotosenderismo.com\/wordpress\/wp-content\/uploads\/2020\/02\/BEUDA-SOUS-FALGARS-MONT-DATOS-1024x705.jpg\" alt=\"\" class=\"wp-image-18251\" srcset=\"https:\/\/fotosenderismo.com\/wordpress\/wp-content\/uploads\/2020\/02\/BEUDA-SOUS-FALGARS-MONT-DATOS-1024x705.jpg 1024w, https:\/\/fotosenderismo.com\/wordpress\/wp-content\/uploads\/2020\/02\/BEUDA-SOUS-FALGARS-MONT-DATOS-300x206.jpg 300w, https:\/\/fotosenderismo.com\/wordpress\/wp-content\/uploads\/2020\/02\/BEUDA-SOUS-FALGARS-MONT-DATOS-768x528.jpg 768w, https:\/\/fotosenderismo.com\/wordpress\/wp-content\/uploads\/2020\/02\/BEUDA-SOUS-FALGARS-MONT-DATOS-1320x908.jpg 1320w, https:\/\/fotosenderismo.com\/wordpress\/wp-content\/uploads\/2020\/02\/BEUDA-SOUS-FALGARS-MONT-DATOS.jpg 1478w\" sizes=\"auto, (max-width: 1024px) 100vw, 1024px\" \/><\/a><\/figure>\n\n\n\n<p><\/p>\n\n\n\n<figure class=\"wp-block-image aligncenter size-large\"><a href=\"https:\/\/fotosenderismo.com\/wordpress\/wp-content\/uploads\/2020-02-08-BEUDA-SOUS-FALGARS-MONT.gpx\" target=\"_blank\" rel=\"noreferrer noopener\"><img loading=\"lazy\" decoding=\"async\" width=\"400\" height=\"50\" src=\"https:\/\/fotosenderismo.com\/wordpress\/wp-content\/uploads\/2020\/02\/descargar-track.jpg\" alt=\"\" class=\"wp-image-18105\" srcset=\"https:\/\/fotosenderismo.com\/wordpress\/wp-content\/uploads\/2020\/02\/descargar-track.jpg 400w, https:\/\/fotosenderismo.com\/wordpress\/wp-content\/uploads\/2020\/02\/descargar-track-300x38.jpg 300w\" sizes=\"auto, (max-width: 400px) 100vw, 400px\" \/><\/a><\/figure>\n\n\n\n<p><\/p>\n\n\n\n<p class=\"has-drop-cap has-very-light-gray-background-color has-background\" style=\"font-size:18px\"> Salida del 8 de febrero de 2020. El camino est\u00e1 marcado con hitos de piedra y en su mayor parte se puede seguir bastante bien. Sin embargo, hay alg\u00fan tramo de dif\u00edcil rastreo cerca de la torre romana. Tambi\u00e9n hay partes con algo de mara\u00f1a, cosa que hace necesario que llevemos tijeras de podar o herramientas an\u00e1logas. Hacen falta dos coches si se quiere hacer tal y como se ha hecho en esta salida. De hecho, el objetivo era llegar al santuario, pasar la noche en el hostal, y el domingo tomarlo de relax. En todo caso, si se quiere bajar el mismo d\u00eda, se puede combinar con otros tracks de la zona que van desde el Mont hasta Beuda.  Tambi\u00e9n hay caminos marcados en amarillo. El recorrido pasa por un un  paisaje espectacular y abrupto dominado por el bosque mediterr\u00e1neo. Es muy interesante y bello y vale la pena hacerlo si te gustan las cuestas imponentes. Pasa por la espectacular Alzina del Mal Pas. <\/p>\n\n\n\n<p><\/p>\n\n\n\n<figure class=\"wp-block-image size-large\"><a href=\"https:\/\/fotosenderismo.com\/wordpress\/wp-content\/uploads\/2020\/02\/BEUDA-SOUS-FALGARS-MONT-MAPA.jpg\" target=\"_blank\" rel=\"noreferrer noopener\"><img loading=\"lazy\" decoding=\"async\" width=\"1024\" height=\"949\" src=\"https:\/\/fotosenderismo.com\/wordpress\/wp-content\/uploads\/2020\/02\/BEUDA-SOUS-FALGARS-MONT-MAPA-1024x949.jpg\" alt=\"\" class=\"wp-image-18255\" srcset=\"https:\/\/fotosenderismo.com\/wordpress\/wp-content\/uploads\/2020\/02\/BEUDA-SOUS-FALGARS-MONT-MAPA-1024x949.jpg 1024w, https:\/\/fotosenderismo.com\/wordpress\/wp-content\/uploads\/2020\/02\/BEUDA-SOUS-FALGARS-MONT-MAPA-300x278.jpg 300w, https:\/\/fotosenderismo.com\/wordpress\/wp-content\/uploads\/2020\/02\/BEUDA-SOUS-FALGARS-MONT-MAPA-768x712.jpg 768w, https:\/\/fotosenderismo.com\/wordpress\/wp-content\/uploads\/2020\/02\/BEUDA-SOUS-FALGARS-MONT-MAPA-1536x1424.jpg 1536w, https:\/\/fotosenderismo.com\/wordpress\/wp-content\/uploads\/2020\/02\/BEUDA-SOUS-FALGARS-MONT-MAPA-1320x1224.jpg 1320w, https:\/\/fotosenderismo.com\/wordpress\/wp-content\/uploads\/2020\/02\/BEUDA-SOUS-FALGARS-MONT-MAPA.jpg 1910w\" sizes=\"auto, (max-width: 1024px) 100vw, 1024px\" \/><\/a><\/figure>\n\n\n\n<p><\/p>\n\n\n\n<figure><iframe loading=\"lazy\" src=\"https:\/\/es.wikiloc.com\/wikiloc\/spatialArtifacts.do?event=view&amp;id=46506786&amp;measures=on&amp;title=on&amp;near=on&amp;images=on&amp;maptype=H\" width=\"1000\" height=\"1000\"><\/iframe><\/figure>\n\n\n\n<p>\nPowered by <a target=\"_blank\" href=\"https:\/\/es.wikiloc.com\" rel=\"noreferrer noopener\">Wikiloc<\/a><\/p>\n\n\n\n<p><\/p>\n\n\n\n<figure class=\"wp-block-image size-large\"><a href=\"https:\/\/fotosenderismo.com\/wordpress\/wp-content\/uploads\/2020\/02\/BEUDA-SOUS-FALGARS-MONT-EARTH-1.jpg\" target=\"_blank\" rel=\"noreferrer noopener\"><img loading=\"lazy\" decoding=\"async\" width=\"1024\" height=\"518\" src=\"https:\/\/fotosenderismo.com\/wordpress\/wp-content\/uploads\/2020\/02\/BEUDA-SOUS-FALGARS-MONT-EARTH-1-1024x518.jpg\" alt=\"\" class=\"wp-image-18252\" srcset=\"https:\/\/fotosenderismo.com\/wordpress\/wp-content\/uploads\/2020\/02\/BEUDA-SOUS-FALGARS-MONT-EARTH-1-1024x518.jpg 1024w, https:\/\/fotosenderismo.com\/wordpress\/wp-content\/uploads\/2020\/02\/BEUDA-SOUS-FALGARS-MONT-EARTH-1-300x152.jpg 300w, https:\/\/fotosenderismo.com\/wordpress\/wp-content\/uploads\/2020\/02\/BEUDA-SOUS-FALGARS-MONT-EARTH-1-768x388.jpg 768w, https:\/\/fotosenderismo.com\/wordpress\/wp-content\/uploads\/2020\/02\/BEUDA-SOUS-FALGARS-MONT-EARTH-1-1536x777.jpg 1536w, https:\/\/fotosenderismo.com\/wordpress\/wp-content\/uploads\/2020\/02\/BEUDA-SOUS-FALGARS-MONT-EARTH-1-1320x668.jpg 1320w, https:\/\/fotosenderismo.com\/wordpress\/wp-content\/uploads\/2020\/02\/BEUDA-SOUS-FALGARS-MONT-EARTH-1.jpg 1920w\" sizes=\"auto, (max-width: 1024px) 100vw, 1024px\" \/><\/a><\/figure>\n\n\n\n<p><\/p>\n\n\n\n<figure class=\"wp-block-image size-large\"><a href=\"https:\/\/fotosenderismo.com\/wordpress\/wp-content\/uploads\/2020\/02\/BEUDA-SOUS-FALGARS-MONT-EARTH-2.jpg\" target=\"_blank\" rel=\"noreferrer noopener\"><img loading=\"lazy\" decoding=\"async\" width=\"1024\" height=\"518\" src=\"https:\/\/fotosenderismo.com\/wordpress\/wp-content\/uploads\/2020\/02\/BEUDA-SOUS-FALGARS-MONT-EARTH-2-1024x518.jpg\" alt=\"\" class=\"wp-image-18253\" srcset=\"https:\/\/fotosenderismo.com\/wordpress\/wp-content\/uploads\/2020\/02\/BEUDA-SOUS-FALGARS-MONT-EARTH-2-1024x518.jpg 1024w, https:\/\/fotosenderismo.com\/wordpress\/wp-content\/uploads\/2020\/02\/BEUDA-SOUS-FALGARS-MONT-EARTH-2-300x152.jpg 300w, https:\/\/fotosenderismo.com\/wordpress\/wp-content\/uploads\/2020\/02\/BEUDA-SOUS-FALGARS-MONT-EARTH-2-768x388.jpg 768w, https:\/\/fotosenderismo.com\/wordpress\/wp-content\/uploads\/2020\/02\/BEUDA-SOUS-FALGARS-MONT-EARTH-2-1536x777.jpg 1536w, https:\/\/fotosenderismo.com\/wordpress\/wp-content\/uploads\/2020\/02\/BEUDA-SOUS-FALGARS-MONT-EARTH-2-1320x668.jpg 1320w, https:\/\/fotosenderismo.com\/wordpress\/wp-content\/uploads\/2020\/02\/BEUDA-SOUS-FALGARS-MONT-EARTH-2.jpg 1920w\" sizes=\"auto, (max-width: 1024px) 100vw, 1024px\" \/><\/a><\/figure>\n\n\n\n<p><\/p>\n\n\n\n<figure class=\"wp-block-image size-large\"><a href=\"https:\/\/fotosenderismo.com\/wordpress\/wp-content\/uploads\/2020\/02\/BEUDA-SOUS-FALGARS-MONT-PERFIL.jpg\" target=\"_blank\" rel=\"noreferrer noopener\"><img loading=\"lazy\" decoding=\"async\" width=\"1024\" height=\"357\" src=\"https:\/\/fotosenderismo.com\/wordpress\/wp-content\/uploads\/2020\/02\/BEUDA-SOUS-FALGARS-MONT-PERFIL-1024x357.jpg\" alt=\"\" class=\"wp-image-18256\" srcset=\"https:\/\/fotosenderismo.com\/wordpress\/wp-content\/uploads\/2020\/02\/BEUDA-SOUS-FALGARS-MONT-PERFIL-1024x357.jpg 1024w, https:\/\/fotosenderismo.com\/wordpress\/wp-content\/uploads\/2020\/02\/BEUDA-SOUS-FALGARS-MONT-PERFIL-300x104.jpg 300w, https:\/\/fotosenderismo.com\/wordpress\/wp-content\/uploads\/2020\/02\/BEUDA-SOUS-FALGARS-MONT-PERFIL-768x267.jpg 768w, https:\/\/fotosenderismo.com\/wordpress\/wp-content\/uploads\/2020\/02\/BEUDA-SOUS-FALGARS-MONT-PERFIL-1536x535.jpg 1536w, https:\/\/fotosenderismo.com\/wordpress\/wp-content\/uploads\/2020\/02\/BEUDA-SOUS-FALGARS-MONT-PERFIL-1320x460.jpg 1320w, https:\/\/fotosenderismo.com\/wordpress\/wp-content\/uploads\/2020\/02\/BEUDA-SOUS-FALGARS-MONT-PERFIL.jpg 1852w\" sizes=\"auto, (max-width: 1024px) 100vw, 1024px\" \/><\/a><\/figure>\n\n\n\n<p><\/p>\n\n\n\n<figure class=\"wp-block-image aligncenter size-large\"><img loading=\"lazy\" decoding=\"async\" width=\"261\" height=\"37\" src=\"https:\/\/fotosenderismo.com\/wordpress\/wp-content\/uploads\/2020\/02\/RELACIONADAS-1.jpg\" alt=\"\" class=\"wp-image-18110\"\/><\/figure>\n\n\n\n<p><\/p>\n\n\n\n<figure class=\"wp-block-embed aligncenter is-type-wp-embed is-provider-fotosenderismo-com wp-block-embed-fotosenderismo-com\"><div class=\"wp-block-embed__wrapper\">\n<blockquote class=\"wp-embedded-content\" data-secret=\"dsn0VcuWAK\"><a href=\"https:\/\/fotosenderismo.com\/wordpress\/index.php\/2017\/12\/27\/caminos-clasicos-de-santa-maria-del-mont-beuda-falgars-santa-maria-del-mont-sous-beuda\/\">Caminos cl\u00e1sicos de Santa Maria del Mont. Beuda, Falgars, Santa Maria del Mont, Sous, Beuda<\/a><\/blockquote><iframe loading=\"lazy\" class=\"wp-embedded-content\" sandbox=\"allow-scripts\" security=\"restricted\" style=\"position: absolute; clip: rect(1px, 1px, 1px, 1px);\" title=\"\u00abCaminos cl\u00e1sicos de Santa Maria del Mont. Beuda, Falgars, Santa Maria del Mont, Sous, Beuda\u00bb \u2014 FOTOSENDERISMO.COM\" src=\"https:\/\/fotosenderismo.com\/wordpress\/index.php\/2017\/12\/27\/caminos-clasicos-de-santa-maria-del-mont-beuda-falgars-santa-maria-del-mont-sous-beuda\/embed\/#?secret=8WJ2QmWQ34#?secret=dsn0VcuWAK\" data-secret=\"dsn0VcuWAK\" width=\"600\" height=\"338\" frameborder=\"0\" marginwidth=\"0\" marginheight=\"0\" scrolling=\"no\"><\/iframe>\n<\/div><\/figure>\n\n\n\n<figure class=\"wp-block-embed aligncenter is-type-wp-embed is-provider-fotosenderismo-com wp-block-embed-fotosenderismo-com\"><div class=\"wp-block-embed__wrapper\">\n<blockquote class=\"wp-embedded-content\" data-secret=\"Vlru7H9Opf\"><a href=\"https:\/\/fotosenderismo.com\/wordpress\/index.php\/2012\/01\/11\/vuelta-a-sta-maria-del-mont\/\">Rodeando Santa Maria del Mont<\/a><\/blockquote><iframe loading=\"lazy\" class=\"wp-embedded-content\" sandbox=\"allow-scripts\" security=\"restricted\" style=\"position: absolute; clip: rect(1px, 1px, 1px, 1px);\" title=\"\u00abRodeando Santa Maria del Mont\u00bb \u2014 FOTOSENDERISMO.COM\" src=\"https:\/\/fotosenderismo.com\/wordpress\/index.php\/2012\/01\/11\/vuelta-a-sta-maria-del-mont\/embed\/#?secret=zL5LuSlsm8#?secret=Vlru7H9Opf\" data-secret=\"Vlru7H9Opf\" width=\"600\" height=\"338\" frameborder=\"0\" marginwidth=\"0\" marginheight=\"0\" scrolling=\"no\"><\/iframe>\n<\/div><\/figure>\n\n\n\n<figure class=\"wp-block-embed aligncenter is-type-wp-embed is-provider-fotosenderismo-com wp-block-embed-fotosenderismo-com\"><div class=\"wp-block-embed__wrapper\">\n<blockquote class=\"wp-embedded-content\" data-secret=\"uwYrdmFs9U\"><a href=\"https:\/\/fotosenderismo.com\/wordpress\/index.php\/2016\/02\/26\/155\/\">Ascensi\u00f3n circular al Mont por el Pas del Llop<\/a><\/blockquote><iframe loading=\"lazy\" class=\"wp-embedded-content\" sandbox=\"allow-scripts\" security=\"restricted\" style=\"position: absolute; clip: rect(1px, 1px, 1px, 1px);\" title=\"\u00abAscensi\u00f3n circular al Mont por el Pas del Llop\u00bb \u2014 FOTOSENDERISMO.COM\" src=\"https:\/\/fotosenderismo.com\/wordpress\/index.php\/2016\/02\/26\/155\/embed\/#?secret=PaPhahtpAi#?secret=uwYrdmFs9U\" data-secret=\"uwYrdmFs9U\" width=\"600\" height=\"338\" frameborder=\"0\" marginwidth=\"0\" marginheight=\"0\" scrolling=\"no\"><\/iframe>\n<\/div><\/figure>\n","protected":false},"excerpt":{"rendered":"<p> Salida del 8 de febrero de 2020. El camino est\u00e1 marcado con hitos de  piedra y en su mayor parte se puede seguir bastante bien. Sin embargo,  hay alg\u00fan tramo de dif\u00edcil rastreo cerca de la torre romana. Tambi\u00e9n hay  partes con algo de mara\u00f1a, cosa que hace necesario que llevemos tijeras  de podar o herramientas an\u00e1logas. Hacen falta dos coches si se quiere  hacer tal y como se ha hecho en esta salida. De hecho, el objetivo era  llegar al santuario, pasar la noche en el hostal, y el domingo tomarlo  de relax. En todo caso, si se quiere bajar el mismo d\u00eda, se puede  combinar con otros tracks de la zona que van desde el Mont hasta Beuda.  Tambi\u00e9n hay caminos marcados en amarillo. El recorrido pasa por un un  paisaje espectacular y abrupto dominado por el bosque mediterr\u00e1neo. Pasa  por la espectacular Alzina del Mal Pas. <\/p>\n","protected":false},"author":1,"featured_media":18254,"comment_status":"open","ping_status":"closed","sticky":false,"template":"","format":"standard","meta":{"footnotes":""},"categories":[45,46,49,288,35,42,70,48],"tags":[207,98,256,157],"class_list":["post-18250","post","type-post","status-publish","format-standard","has-post-thumbnail","hentry","category-garrotxa","category-girona","category-alta-garrotxa","category-201-entre-5-y-10-km","category-entre-1000-y-1500-metros","category-senderismo","category-ida","category-media-montana-o-terrenos-altos","tag-fotos-by-j-palou","tag-98","tag-track-by-gerard","tag-jpalou"],"_links":{"self":[{"href":"https:\/\/fotosenderismo.com\/wordpress\/index.php\/wp-json\/wp\/v2\/posts\/18250","targetHints":{"allow":["GET"]}}],"collection":[{"href":"https:\/\/fotosenderismo.com\/wordpress\/index.php\/wp-json\/wp\/v2\/posts"}],"about":[{"href":"https:\/\/fotosenderismo.com\/wordpress\/index.php\/wp-json\/wp\/v2\/types\/post"}],"author":[{"embeddable":true,"href":"https:\/\/fotosenderismo.com\/wordpress\/index.php\/wp-json\/wp\/v2\/users\/1"}],"replies":[{"embeddable":true,"href":"https:\/\/fotosenderismo.com\/wordpress\/index.php\/wp-json\/wp\/v2\/comments?post=18250"}],"version-history":[{"count":6,"href":"https:\/\/fotosenderismo.com\/wordpress\/index.php\/wp-json\/wp\/v2\/posts\/18250\/revisions"}],"predecessor-version":[{"id":22950,"href":"https:\/\/fotosenderismo.com\/wordpress\/index.php\/wp-json\/wp\/v2\/posts\/18250\/revisions\/22950"}],"wp:featuredmedia":[{"embeddable":true,"href":"https:\/\/fotosenderismo.com\/wordpress\/index.php\/wp-json\/wp\/v2\/media\/18254"}],"wp:attachment":[{"href":"https:\/\/fotosenderismo.com\/wordpress\/index.php\/wp-json\/wp\/v2\/media?parent=18250"}],"wp:term":[{"taxonomy":"category","embeddable":true,"href":"https:\/\/fotosenderismo.com\/wordpress\/index.php\/wp-json\/wp\/v2\/categories?post=18250"},{"taxonomy":"post_tag","embeddable":true,"href":"https:\/\/fotosenderismo.com\/wordpress\/index.php\/wp-json\/wp\/v2\/tags?post=18250"}],"curies":[{"name":"wp","href":"https:\/\/api.w.org\/{rel}","templated":true}]}}