{"id":16624,"date":"2019-12-30T12:02:00","date_gmt":"2019-12-30T12:02:00","guid":{"rendered":"https:\/\/fotosenderismo.com\/wordpress\/?p=16624"},"modified":"2024-02-15T20:38:33","modified_gmt":"2024-02-15T20:38:33","slug":"sant-marti-de-llemena-cingles-de-rocafesa","status":"publish","type":"post","link":"https:\/\/fotosenderismo.com\/wordpress\/index.php\/2019\/12\/30\/sant-marti-de-llemena-cingles-de-rocafesa\/","title":{"rendered":"Sant Mart\u00ed de Ll\u00e9mena, Cingles de Rocafesa"},"content":{"rendered":"\n<p><\/p>\n\n\n\n<figure class=\"wp-block-image aligncenter size-large\"><a href=\"https:\/\/photos.app.goo.gl\/Z6ogdnjwvgDP11Ky5\" target=\"_blank\" rel=\"noreferrer noopener\"><img loading=\"lazy\" decoding=\"async\" width=\"400\" height=\"53\" src=\"https:\/\/fotosenderismo.com\/wordpress\/wp-content\/uploads\/2019\/08\/visualizar-galeria-fotos.jpg\" alt=\"\" class=\"wp-image-15105\" srcset=\"https:\/\/fotosenderismo.com\/wordpress\/wp-content\/uploads\/2019\/08\/visualizar-galeria-fotos.jpg 400w, https:\/\/fotosenderismo.com\/wordpress\/wp-content\/uploads\/2019\/08\/visualizar-galeria-fotos-300x40.jpg 300w\" sizes=\"auto, (max-width: 400px) 100vw, 400px\" \/><\/a><\/figure>\n\n\n\n<p><\/p>\n\n\n\n<figure class=\"wp-block-image size-large\"><a href=\"https:\/\/fotosenderismo.com\/wordpress\/wp-content\/uploads\/2020\/01\/MARTI-ROCAFESA-DATOS.jpg\" target=\"_blank\" rel=\"noreferrer noopener\"><img loading=\"lazy\" decoding=\"async\" width=\"1024\" height=\"702\" src=\"https:\/\/fotosenderismo.com\/wordpress\/wp-content\/uploads\/2020\/01\/MARTI-ROCAFESA-DATOS-1024x702.jpg\" alt=\"\" class=\"wp-image-16625\" srcset=\"https:\/\/fotosenderismo.com\/wordpress\/wp-content\/uploads\/2020\/01\/MARTI-ROCAFESA-DATOS-1024x702.jpg 1024w, https:\/\/fotosenderismo.com\/wordpress\/wp-content\/uploads\/2020\/01\/MARTI-ROCAFESA-DATOS-300x206.jpg 300w, https:\/\/fotosenderismo.com\/wordpress\/wp-content\/uploads\/2020\/01\/MARTI-ROCAFESA-DATOS-768x527.jpg 768w, https:\/\/fotosenderismo.com\/wordpress\/wp-content\/uploads\/2020\/01\/MARTI-ROCAFESA-DATOS-800x549.jpg 800w, https:\/\/fotosenderismo.com\/wordpress\/wp-content\/uploads\/2020\/01\/MARTI-ROCAFESA-DATOS.jpg 1476w\" sizes=\"auto, (max-width: 1024px) 100vw, 1024px\" \/><\/a><\/figure>\n\n\n\n<p><\/p>\n\n\n\n<figure class=\"wp-block-image aligncenter size-large\"><a href=\"https:\/\/fotosenderismo.com\/wordpress\/wp-content\/uploads\/2019-12-30-ST-MARTI-ROCAFESA.gpx\"><img loading=\"lazy\" decoding=\"async\" width=\"400\" height=\"50\" src=\"https:\/\/fotosenderismo.com\/wordpress\/wp-content\/uploads\/2019\/08\/descargar-track.jpg\" alt=\"\" class=\"wp-image-15102\" srcset=\"https:\/\/fotosenderismo.com\/wordpress\/wp-content\/uploads\/2019\/08\/descargar-track.jpg 400w, https:\/\/fotosenderismo.com\/wordpress\/wp-content\/uploads\/2019\/08\/descargar-track-300x38.jpg 300w\" sizes=\"auto, (max-width: 400px) 100vw, 400px\" \/><\/a><\/figure>\n\n\n\n<p><\/p>\n\n\n\n<p class=\"has-drop-cap has-very-light-gray-background-color has-background\" style=\"font-size:18px\"> Salida del 30 de diciembre de 2019 al valle del Ll\u00e9mena. El objetivo primordial es el de la exploraci\u00f3n, ya que se intenta construir una circular con la intenci\u00f3n de preparar una salida mucho m\u00e1s larga para el mes de marzo. As\u00ed, se intentar\u00e1 conectar diversos caminos entre s\u00ed para posibilitarla. Aun as\u00ed, esta excursi\u00f3n de exploraci\u00f3n se ha convertido en s\u00ed misma en algo digno de ser presentado como recorrido aut\u00f3nomo y v\u00e1lido por s\u00ed mismo. En este sentido, recorre precisos senderos del valle del Ll\u00e9mena y se encarama hasta los Cingles de Rocafesa. El paisaje dominante, en cuanto a flora se refiere, es el mediterr\u00e1neo, y hay que destacar, seg\u00fan sus autores, que hay que atravesar un tramo de farragoso canchal y que algunas partes de sendero son dif\u00edciles de rastrear, aunque no encontraremos dificultades mayores. Pasa por la ermita de Sant Nazar\u00ed y el Bosquer\u00f3s, as\u00ed como al lado del volc\u00e1n del Puig de la Banya del Boc. <br> <br>Se ha de considerar que como se ha tratado de una salida de exploraci\u00f3n, sale de mucha duraci\u00f3n en cuanto al tiempo. De hecho, la salida ha sido mucho m\u00e1s larga ya que se han recorrido tramos de ida y vuelta para verificar caminos. Al final, se ha editado el track para borrar todos estos tramos sin salida o no aptos para dise\u00f1ar la salida de marzo. <\/p>\n\n\n\n<p><\/p>\n\n\n\n<figure class=\"wp-block-image size-large\"><a href=\"https:\/\/fotosenderismo.com\/wordpress\/wp-content\/uploads\/2020\/01\/MARTI-ROCAFESA-MAPA.jpg\" target=\"_blank\" rel=\"noreferrer noopener\"><img loading=\"lazy\" decoding=\"async\" width=\"1024\" height=\"576\" src=\"https:\/\/fotosenderismo.com\/wordpress\/wp-content\/uploads\/2020\/01\/MARTI-ROCAFESA-MAPA-1024x576.jpg\" alt=\"\" class=\"wp-image-16629\" srcset=\"https:\/\/fotosenderismo.com\/wordpress\/wp-content\/uploads\/2020\/01\/MARTI-ROCAFESA-MAPA-1024x576.jpg 1024w, https:\/\/fotosenderismo.com\/wordpress\/wp-content\/uploads\/2020\/01\/MARTI-ROCAFESA-MAPA-300x169.jpg 300w, https:\/\/fotosenderismo.com\/wordpress\/wp-content\/uploads\/2020\/01\/MARTI-ROCAFESA-MAPA-768x432.jpg 768w, https:\/\/fotosenderismo.com\/wordpress\/wp-content\/uploads\/2020\/01\/MARTI-ROCAFESA-MAPA-1536x864.jpg 1536w, https:\/\/fotosenderismo.com\/wordpress\/wp-content\/uploads\/2020\/01\/MARTI-ROCAFESA-MAPA-800x450.jpg 800w, https:\/\/fotosenderismo.com\/wordpress\/wp-content\/uploads\/2020\/01\/MARTI-ROCAFESA-MAPA.jpg 1920w\" sizes=\"auto, (max-width: 1024px) 100vw, 1024px\" \/><\/a><\/figure>\n\n\n\n<p><\/p>\n\n\n\n<figure><iframe loading=\"lazy\" src=\"https:\/\/ca.wikiloc.com\/wikiloc\/spatialArtifacts.do?event=view&amp;id=44963807&amp;measures=on&amp;title=on&amp;near=on&amp;images=on&amp;maptype=H\" width=\"1000\" height=\"1000\"><\/iframe><\/figure>\n\n\n\n<p>\nPowered by <a target=\"_blank\" href=\"https:\/\/ca.wikiloc.com\" rel=\"noreferrer noopener\">Wikiloc<\/a><\/p>\n\n\n\n<p><\/p>\n\n\n\n<figure class=\"wp-block-image size-large\"><a href=\"https:\/\/fotosenderismo.com\/wordpress\/wp-content\/uploads\/2020\/01\/MARTI-ROCAFESA-EARTH-1.jpg\" target=\"_blank\" rel=\"noreferrer noopener\"><img loading=\"lazy\" decoding=\"async\" width=\"1024\" height=\"518\" src=\"https:\/\/fotosenderismo.com\/wordpress\/wp-content\/uploads\/2020\/01\/MARTI-ROCAFESA-EARTH-1-1024x518.jpg\" alt=\"\" class=\"wp-image-16626\" srcset=\"https:\/\/fotosenderismo.com\/wordpress\/wp-content\/uploads\/2020\/01\/MARTI-ROCAFESA-EARTH-1-1024x518.jpg 1024w, https:\/\/fotosenderismo.com\/wordpress\/wp-content\/uploads\/2020\/01\/MARTI-ROCAFESA-EARTH-1-300x152.jpg 300w, https:\/\/fotosenderismo.com\/wordpress\/wp-content\/uploads\/2020\/01\/MARTI-ROCAFESA-EARTH-1-768x388.jpg 768w, https:\/\/fotosenderismo.com\/wordpress\/wp-content\/uploads\/2020\/01\/MARTI-ROCAFESA-EARTH-1-1536x777.jpg 1536w, https:\/\/fotosenderismo.com\/wordpress\/wp-content\/uploads\/2020\/01\/MARTI-ROCAFESA-EARTH-1-800x405.jpg 800w, https:\/\/fotosenderismo.com\/wordpress\/wp-content\/uploads\/2020\/01\/MARTI-ROCAFESA-EARTH-1.jpg 1920w\" sizes=\"auto, (max-width: 1024px) 100vw, 1024px\" \/><\/a><\/figure>\n\n\n\n<p><\/p>\n\n\n\n<figure class=\"wp-block-image size-large\"><a href=\"https:\/\/fotosenderismo.com\/wordpress\/wp-content\/uploads\/2020\/01\/MARTI-ROCAFESA-EARTH-2.jpg\" target=\"_blank\" rel=\"noreferrer noopener\"><img loading=\"lazy\" decoding=\"async\" width=\"1024\" height=\"518\" src=\"https:\/\/fotosenderismo.com\/wordpress\/wp-content\/uploads\/2020\/01\/MARTI-ROCAFESA-EARTH-2-1024x518.jpg\" alt=\"\" class=\"wp-image-16627\" srcset=\"https:\/\/fotosenderismo.com\/wordpress\/wp-content\/uploads\/2020\/01\/MARTI-ROCAFESA-EARTH-2-1024x518.jpg 1024w, https:\/\/fotosenderismo.com\/wordpress\/wp-content\/uploads\/2020\/01\/MARTI-ROCAFESA-EARTH-2-300x152.jpg 300w, https:\/\/fotosenderismo.com\/wordpress\/wp-content\/uploads\/2020\/01\/MARTI-ROCAFESA-EARTH-2-768x388.jpg 768w, https:\/\/fotosenderismo.com\/wordpress\/wp-content\/uploads\/2020\/01\/MARTI-ROCAFESA-EARTH-2-1536x777.jpg 1536w, https:\/\/fotosenderismo.com\/wordpress\/wp-content\/uploads\/2020\/01\/MARTI-ROCAFESA-EARTH-2-800x405.jpg 800w, https:\/\/fotosenderismo.com\/wordpress\/wp-content\/uploads\/2020\/01\/MARTI-ROCAFESA-EARTH-2.jpg 1920w\" sizes=\"auto, (max-width: 1024px) 100vw, 1024px\" \/><\/a><\/figure>\n\n\n\n<p><\/p>\n\n\n\n<figure class=\"wp-block-image size-large\"><a href=\"https:\/\/fotosenderismo.com\/wordpress\/wp-content\/uploads\/2020\/01\/MARTI-ROCAFESA-PERFIL.jpg\" target=\"_blank\" rel=\"noreferrer noopener\"><img loading=\"lazy\" decoding=\"async\" width=\"1024\" height=\"317\" src=\"https:\/\/fotosenderismo.com\/wordpress\/wp-content\/uploads\/2020\/01\/MARTI-ROCAFESA-PERFIL-1024x317.jpg\" alt=\"\" class=\"wp-image-16630\" srcset=\"https:\/\/fotosenderismo.com\/wordpress\/wp-content\/uploads\/2020\/01\/MARTI-ROCAFESA-PERFIL-1024x317.jpg 1024w, https:\/\/fotosenderismo.com\/wordpress\/wp-content\/uploads\/2020\/01\/MARTI-ROCAFESA-PERFIL-300x93.jpg 300w, https:\/\/fotosenderismo.com\/wordpress\/wp-content\/uploads\/2020\/01\/MARTI-ROCAFESA-PERFIL-768x238.jpg 768w, https:\/\/fotosenderismo.com\/wordpress\/wp-content\/uploads\/2020\/01\/MARTI-ROCAFESA-PERFIL-1536x475.jpg 1536w, https:\/\/fotosenderismo.com\/wordpress\/wp-content\/uploads\/2020\/01\/MARTI-ROCAFESA-PERFIL-800x247.jpg 800w, https:\/\/fotosenderismo.com\/wordpress\/wp-content\/uploads\/2020\/01\/MARTI-ROCAFESA-PERFIL.jpg 1849w\" sizes=\"auto, (max-width: 1024px) 100vw, 1024px\" \/><\/a><\/figure>\n\n\n\n<p><\/p>\n\n\n\n<figure class=\"wp-block-image aligncenter size-large is-resized\"><img loading=\"lazy\" decoding=\"async\" width=\"261\" height=\"37\" src=\"https:\/\/fotosenderismo.com\/wordpress\/wp-content\/uploads\/2019\/08\/RELACIONADAS-1.jpg\" alt=\"\" class=\"wp-image-15103\"\/><\/figure>\n\n\n\n<p><\/p>\n\n\n\n<figure class=\"wp-block-embed aligncenter is-type-wp-embed is-provider-fotosenderismo-com wp-block-embed-fotosenderismo-com\"><div class=\"wp-block-embed__wrapper\">\n<blockquote class=\"wp-embedded-content\" data-secret=\"WQh3nAbXII\"><a href=\"https:\/\/fotosenderismo.com\/wordpress\/index.php\/2015\/04\/01\/sant-marti-llemena-la-barroca\/\">Sant Mart\u00ed Ll\u00e9mena, la Barroca<\/a><\/blockquote><iframe loading=\"lazy\" class=\"wp-embedded-content\" sandbox=\"allow-scripts\" security=\"restricted\" style=\"position: absolute; clip: rect(1px, 1px, 1px, 1px);\" title=\"\u00abSant Mart\u00ed Ll\u00e9mena, la Barroca\u00bb \u2014 FOTOSENDERISMO.COM\" src=\"https:\/\/fotosenderismo.com\/wordpress\/index.php\/2015\/04\/01\/sant-marti-llemena-la-barroca\/embed\/#?secret=R9PyEOLHhS#?secret=WQh3nAbXII\" data-secret=\"WQh3nAbXII\" width=\"600\" height=\"338\" frameborder=\"0\" marginwidth=\"0\" marginheight=\"0\" scrolling=\"no\"><\/iframe>\n<\/div><\/figure>\n\n\n\n<figure class=\"wp-block-embed aligncenter is-type-wp-embed is-provider-fotosenderismo-com wp-block-embed-fotosenderismo-com\"><div class=\"wp-block-embed__wrapper\">\n<blockquote class=\"wp-embedded-content\" data-secret=\"9vSCT4yF8n\"><a href=\"https:\/\/fotosenderismo.com\/wordpress\/index.php\/2012\/06\/07\/granollers-de-rocacorba-vall-de-llemena-rocacorba-929-m\/\">Granollers de Rocacorba (Vall de Ll\u00e9mena), Rocacorba (991 m.)<\/a><\/blockquote><iframe loading=\"lazy\" class=\"wp-embedded-content\" sandbox=\"allow-scripts\" security=\"restricted\" style=\"position: absolute; clip: rect(1px, 1px, 1px, 1px);\" title=\"\u00abGranollers de Rocacorba (Vall de Ll\u00e9mena), Rocacorba (991 m.)\u00bb \u2014 FOTOSENDERISMO.COM\" src=\"https:\/\/fotosenderismo.com\/wordpress\/index.php\/2012\/06\/07\/granollers-de-rocacorba-vall-de-llemena-rocacorba-929-m\/embed\/#?secret=Ls07ySaGfc#?secret=9vSCT4yF8n\" data-secret=\"9vSCT4yF8n\" width=\"600\" height=\"338\" frameborder=\"0\" marginwidth=\"0\" marginheight=\"0\" scrolling=\"no\"><\/iframe>\n<\/div><\/figure>\n\n\n\n<figure class=\"wp-block-embed aligncenter is-type-wp-embed is-provider-fotosenderismo-com wp-block-embed-fotosenderismo-com\"><div class=\"wp-block-embed__wrapper\">\n<blockquote class=\"wp-embedded-content\" data-secret=\"XK8EM2tnY1\"><a href=\"https:\/\/fotosenderismo.com\/wordpress\/index.php\/2011\/12\/08\/el-rocacorba-930-m-des-de-can-marti-adri\/\">El Rocacorba (930 m) desde can Mart\u00ed (Adri)<\/a><\/blockquote><iframe loading=\"lazy\" class=\"wp-embedded-content\" sandbox=\"allow-scripts\" security=\"restricted\" style=\"position: absolute; clip: rect(1px, 1px, 1px, 1px);\" title=\"\u00abEl Rocacorba (930 m) desde can Mart\u00ed (Adri)\u00bb \u2014 FOTOSENDERISMO.COM\" src=\"https:\/\/fotosenderismo.com\/wordpress\/index.php\/2011\/12\/08\/el-rocacorba-930-m-des-de-can-marti-adri\/embed\/#?secret=R0JVEOBDhZ#?secret=XK8EM2tnY1\" data-secret=\"XK8EM2tnY1\" width=\"600\" height=\"338\" frameborder=\"0\" marginwidth=\"0\" marginheight=\"0\" scrolling=\"no\"><\/iframe>\n<\/div><\/figure>\n","protected":false},"excerpt":{"rendered":"<p>Salida del 30 de diciembre de 2019 al valle del Ll\u00e9mena. El objetivo  primordial es el de la exploraci\u00f3n, ya que se intenta construir una  circular con la intenci\u00f3n de preparar una salida mucho m\u00e1s larga para el  mes de marzo. As\u00ed, se intentar\u00e1 conectar diversos caminos entre s\u00ed para  posibilitarla. A\u00fan as\u00ed, esta excursi\u00f3n de exploraci\u00f3n se ha convertido  en s\u00ed misma en algo digno de ser presentado como recorrido aut\u00f3nomo y  v\u00e1lido por s\u00ed mismo. En este sentido, recorre precisos senderos del  valle del Ll\u00e9mena y se encarama hasta los Cingles de Rocafesa. El  paisaje dominante, en cuanto a flora se refiere, es el mediterr\u00e1neo, y  hay que destacar, seg\u00fan sus autores, que hay que atravesar un tramo de  farragoso canchal y que algunas partes de sendero son dif\u00edciles de  rastrear, aunque no encontraremos dificultades mayores. Pasa por la  ermita de Sant Nazar\u00ed y el Bosquer\u00f3s, as\u00ed como al lado del volc\u00e1n del  Puig de la Banya del Boc. <\/p>\n","protected":false},"author":1,"featured_media":16628,"comment_status":"open","ping_status":"closed","sticky":false,"template":"","format":"standard","meta":{"footnotes":""},"categories":[46,63,143,280,34,42,47,60],"tags":[207,98,157,223],"class_list":["post-16624","post","type-post","status-publish","format-standard","has-post-thumbnail","hentry","category-girona","category-girones","category-1-5-volcanes","category-202-entre-10-y-15-km","category-entre-500-y-1000-metros","category-senderismo","category-circular-tipo-de-recorrido","category-baja-montana-o-tierras-a-media-altitud","tag-fotos-by-j-palou","tag-98","tag-jpalou","tag-track-en-wikiloc"],"_links":{"self":[{"href":"https:\/\/fotosenderismo.com\/wordpress\/index.php\/wp-json\/wp\/v2\/posts\/16624","targetHints":{"allow":["GET"]}}],"collection":[{"href":"https:\/\/fotosenderismo.com\/wordpress\/index.php\/wp-json\/wp\/v2\/posts"}],"about":[{"href":"https:\/\/fotosenderismo.com\/wordpress\/index.php\/wp-json\/wp\/v2\/types\/post"}],"author":[{"embeddable":true,"href":"https:\/\/fotosenderismo.com\/wordpress\/index.php\/wp-json\/wp\/v2\/users\/1"}],"replies":[{"embeddable":true,"href":"https:\/\/fotosenderismo.com\/wordpress\/index.php\/wp-json\/wp\/v2\/comments?post=16624"}],"version-history":[{"count":8,"href":"https:\/\/fotosenderismo.com\/wordpress\/index.php\/wp-json\/wp\/v2\/posts\/16624\/revisions"}],"predecessor-version":[{"id":22969,"href":"https:\/\/fotosenderismo.com\/wordpress\/index.php\/wp-json\/wp\/v2\/posts\/16624\/revisions\/22969"}],"wp:featuredmedia":[{"embeddable":true,"href":"https:\/\/fotosenderismo.com\/wordpress\/index.php\/wp-json\/wp\/v2\/media\/16628"}],"wp:attachment":[{"href":"https:\/\/fotosenderismo.com\/wordpress\/index.php\/wp-json\/wp\/v2\/media?parent=16624"}],"wp:term":[{"taxonomy":"category","embeddable":true,"href":"https:\/\/fotosenderismo.com\/wordpress\/index.php\/wp-json\/wp\/v2\/categories?post=16624"},{"taxonomy":"post_tag","embeddable":true,"href":"https:\/\/fotosenderismo.com\/wordpress\/index.php\/wp-json\/wp\/v2\/tags?post=16624"}],"curies":[{"name":"wp","href":"https:\/\/api.w.org\/{rel}","templated":true}]}}