{"id":16615,"date":"2000-03-16T17:03:00","date_gmt":"2000-03-16T17:03:00","guid":{"rendered":"https:\/\/fotosenderismo.com\/wordpress\/?p=16615"},"modified":"2021-07-18T09:58:16","modified_gmt":"2021-07-18T09:58:16","slug":"la-caza-del-dolmen","status":"publish","type":"post","link":"https:\/\/fotosenderismo.com\/wordpress\/index.php\/2000\/03\/16\/la-caza-del-dolmen\/","title":{"rendered":"La caza del dolmen"},"content":{"rendered":"\n<div\n    class='wp-block-pdfp-pdf-poster  alignnone'\n    id='block-2'\n    data-attributes='{&quot;uniqueId&quot;:&quot;pdfp1&quot;,&quot;file&quot;:&quot;https:\\\/\\\/fotosenderismo.com\\\/wordpress\\\/wp-content\\\/uploads\\\/2019\\\/12\\\/CAZA-DOLMEN.pdf&quot;,&quot;title&quot;:&quot;CAZA DOLMEN&quot;,&quot;height&quot;:&quot;1122px&quot;,&quot;width&quot;:&quot;900px&quot;,&quot;print&quot;:false,&quot;fullscreenButton&quot;:true,&quot;fullscreenButtonText&quot;:&quot;View Fullscreen&quot;,&quot;newWindow&quot;:false,&quot;showName&quot;:true,&quot;downloadButton&quot;:true,&quot;downloadButtonText&quot;:&quot;Download File&quot;,&quot;protect&quot;:false,&quot;onlyPDF&quot;:false,&quot;defaultBrowser&quot;:false,&quot;thumbMenu&quot;:false,&quot;initialPage&quot;:&quot;1&quot;,&quot;sidebarOpen&quot;:false,&quot;lastVersion&quot;:false,&quot;hrScroll&quot;:false,&quot;alert&quot;:false,&quot;btnStyles&quot;:{&quot;background&quot;:&quot;#1e73be&quot;,&quot;color&quot;:&quot;#fff&quot;,&quot;fontSize&quot;:&quot;rem&quot;,&quot;padding&quot;:{&quot;top&quot;:10,&quot;right&quot;:20,&quot;bottom&quot;:10,&quot;left&quot;:10}},&quot;popupOptions&quot;:{&quot;enabled&quot;:false,&quot;text&quot;:&quot;Open PDF&quot;,&quot;btnStyle&quot;:{&quot;background&quot;:&quot;#1e73be&quot;,&quot;color&quot;:&quot;#fff&quot;,&quot;fontSize&quot;:&quot;rem&quot;,&quot;padding&quot;:{&quot;top&quot;:10,&quot;right&quot;:20,&quot;bottom&quot;:10,&quot;left&quot;:10}}},&quot;socialShare&quot;:{&quot;enabled&quot;:false,&quot;facebook&quot;:false,&quot;twitter&quot;:false,&quot;linkedin&quot;:false,&quot;pinterest&quot;:false,&quot;position&quot;:&quot;top&quot;},&quot;adobeEmbedder&quot;:false,&quot;align&quot;:&quot;none&quot;,&quot;alignment&quot;:&quot;left&quot;,&quot;titleFontSize&quot;:&quot;16px&quot;,&quot;isHideRightToolbar&quot;:false,&quot;additional&quot;:{&quot;ID&quot;:&quot;&quot;,&quot;Class&quot;:&quot;&quot;,&quot;CSS&quot;:&quot;&quot;},&quot;adobeOptions&quot;:{&quot;showDownloadPDF&quot;:true,&quot;showPrintPDF&quot;:true,&quot;showAnnotationTools&quot;:true,&quot;showFullScreen&quot;:false,&quot;embedMode&quot;:&quot;SIZED_CONTAINER&quot;},&quot;popupBtnStyle&quot;:{&quot;background&quot;:&quot;#2271b1&quot;,&quot;color&quot;:&quot;#fff&quot;,&quot;padding&quot;:{&quot;top&quot;:10,&quot;right&quot;:20,&quot;bottom&quot;:10,&quot;left&quot;:10}},&quot;popupBtnText&quot;:&quot;Open Document&quot;,&quot;CSS&quot;:&quot;&quot;,&quot;isPremium&quot;:false}'\n    style=\"text-align: left\">\n    \n        <iframe loading=\"lazy\" title=\"CAZA DOLMEN\" style=\"border:0;\" width=\"100%\" height=\"800px\" class=\"pdfp_unsupported_frame\" src=\"\/\/docs.google.com\/gview?embedded=true&url=https:\/\/fotosenderismo.com\/wordpress\/wp-content\/uploads\/2019\/12\/CAZA-DOLMEN.pdf\"><\/iframe>\n\n    <\/div>\n\n","protected":false},"excerpt":{"rendered":"<p>Recompensar econ\u00f3micamente a aquellas personas que encuentren un dolmen o un menhir hasta ahora desconocido no es el mejor m\u00e9todo para promocionar un territorio e, incluso, puede llegar a ser contraproducente. \u00c9sta es la opini\u00f3n del Departament de Cultura de la Generalitat ante l ainiciativa que puso en marcha a principios de a\u00f1o la asociaci\u00f3n Albera Viva, que ofrece un premio de 100 euros \u2013unas 16.000 pesetas\u2013 a quien descubra un monumento megal\u00edtico en el paraje natural de la Albera. Lo que en principio se present\u00f3 como una idea simb\u00f3lica y curiosa ha despertado fuertes recelos en el servicio de arqueolog\u00eda de la Generalitat, que teme que aficionados y excursionistas se echen al monte confinalidade slucrativas a la b\u00fasqueda indiscriminada de d\u00f3lmenes. En las \u00faltimas semanas, Cultura ha enviado dos cartas a la asociaci\u00f3n Albera Viva en las que informa de que \u00e9ste no es el mejor m\u00e9todo para proteger los monumentos y desaprueba con toda claridad esta recompensa. <\/p>\n","protected":false},"author":1,"featured_media":16617,"comment_status":"open","ping_status":"closed","sticky":false,"template":"","format":"standard","meta":{"footnotes":""},"categories":[1,341],"tags":[323,114],"class_list":["post-16615","post","type-post","status-publish","format-standard","has-post-thumbnail","hentry","category-1","category-prensa","tag-megalitos","tag-7-0-prensa"],"_links":{"self":[{"href":"https:\/\/fotosenderismo.com\/wordpress\/index.php\/wp-json\/wp\/v2\/posts\/16615","targetHints":{"allow":["GET"]}}],"collection":[{"href":"https:\/\/fotosenderismo.com\/wordpress\/index.php\/wp-json\/wp\/v2\/posts"}],"about":[{"href":"https:\/\/fotosenderismo.com\/wordpress\/index.php\/wp-json\/wp\/v2\/types\/post"}],"author":[{"embeddable":true,"href":"https:\/\/fotosenderismo.com\/wordpress\/index.php\/wp-json\/wp\/v2\/users\/1"}],"replies":[{"embeddable":true,"href":"https:\/\/fotosenderismo.com\/wordpress\/index.php\/wp-json\/wp\/v2\/comments?post=16615"}],"version-history":[{"count":3,"href":"https:\/\/fotosenderismo.com\/wordpress\/index.php\/wp-json\/wp\/v2\/posts\/16615\/revisions"}],"predecessor-version":[{"id":20550,"href":"https:\/\/fotosenderismo.com\/wordpress\/index.php\/wp-json\/wp\/v2\/posts\/16615\/revisions\/20550"}],"wp:featuredmedia":[{"embeddable":true,"href":"https:\/\/fotosenderismo.com\/wordpress\/index.php\/wp-json\/wp\/v2\/media\/16617"}],"wp:attachment":[{"href":"https:\/\/fotosenderismo.com\/wordpress\/index.php\/wp-json\/wp\/v2\/media?parent=16615"}],"wp:term":[{"taxonomy":"category","embeddable":true,"href":"https:\/\/fotosenderismo.com\/wordpress\/index.php\/wp-json\/wp\/v2\/categories?post=16615"},{"taxonomy":"post_tag","embeddable":true,"href":"https:\/\/fotosenderismo.com\/wordpress\/index.php\/wp-json\/wp\/v2\/tags?post=16615"}],"curies":[{"name":"wp","href":"https:\/\/api.w.org\/{rel}","templated":true}]}}