{"id":16528,"date":"2019-10-04T11:29:47","date_gmt":"2019-10-04T11:29:47","guid":{"rendered":"https:\/\/fotosenderismo.com\/wordpress\/?p=16528"},"modified":"2024-02-15T20:50:38","modified_gmt":"2024-02-15T20:50:38","slug":"can-xel-volca-santa-margarida","status":"publish","type":"post","link":"https:\/\/fotosenderismo.com\/wordpress\/index.php\/2019\/10\/04\/can-xel-volca-santa-margarida\/","title":{"rendered":"Can Xel, Volc\u00e0 Santa Margarida"},"content":{"rendered":"\n<p><\/p>\n\n\n\n<figure class=\"wp-block-image aligncenter\"><a href=\"https:\/\/photos.app.goo.gl\/TShuFvUeXxx41rR86\" target=\"_blank\" rel=\"noreferrer noopener\"><img loading=\"lazy\" decoding=\"async\" width=\"400\" height=\"53\" src=\"https:\/\/fotosenderismo.com\/wordpress\/wp-content\/uploads\/2019\/08\/visualizar-galeria-fotos.jpg\" alt=\"\" class=\"wp-image-15105\" srcset=\"https:\/\/fotosenderismo.com\/wordpress\/wp-content\/uploads\/2019\/08\/visualizar-galeria-fotos.jpg 400w, https:\/\/fotosenderismo.com\/wordpress\/wp-content\/uploads\/2019\/08\/visualizar-galeria-fotos-300x40.jpg 300w\" sizes=\"auto, (max-width: 400px) 100vw, 400px\" \/><\/a><\/figure>\n\n\n\n<p><\/p>\n\n\n\n<figure class=\"wp-block-image\"><a href=\"https:\/\/fotosenderismo.com\/wordpress\/wp-content\/uploads\/2019\/10\/XEL-MARGARIDA-MAPA-DATOS-2.jpg\" target=\"_blank\" rel=\"noreferrer noopener\"><img loading=\"lazy\" decoding=\"async\" width=\"1024\" height=\"702\" src=\"https:\/\/fotosenderismo.com\/wordpress\/wp-content\/uploads\/2019\/10\/XEL-MARGARIDA-MAPA-DATOS-2-1024x702.jpg\" alt=\"\" class=\"wp-image-16535\" srcset=\"https:\/\/fotosenderismo.com\/wordpress\/wp-content\/uploads\/2019\/10\/XEL-MARGARIDA-MAPA-DATOS-2-1024x702.jpg 1024w, https:\/\/fotosenderismo.com\/wordpress\/wp-content\/uploads\/2019\/10\/XEL-MARGARIDA-MAPA-DATOS-2-300x206.jpg 300w, https:\/\/fotosenderismo.com\/wordpress\/wp-content\/uploads\/2019\/10\/XEL-MARGARIDA-MAPA-DATOS-2-768x526.jpg 768w, https:\/\/fotosenderismo.com\/wordpress\/wp-content\/uploads\/2019\/10\/XEL-MARGARIDA-MAPA-DATOS-2-800x548.jpg 800w, https:\/\/fotosenderismo.com\/wordpress\/wp-content\/uploads\/2019\/10\/XEL-MARGARIDA-MAPA-DATOS-2.jpg 1484w\" sizes=\"auto, (max-width: 1024px) 100vw, 1024px\" \/><\/a><\/figure>\n\n\n\n<p><\/p>\n\n\n\n<figure class=\"wp-block-image aligncenter\"><a href=\"https:\/\/fotosenderismo.com\/wordpress\/wp-content\/uploads\/2019-10-04-CAN-XEL-SANTA-MARGARIDA.gpx\"><img loading=\"lazy\" decoding=\"async\" width=\"400\" height=\"50\" src=\"https:\/\/fotosenderismo.com\/wordpress\/wp-content\/uploads\/2019\/08\/descargar-track.jpg\" alt=\"\" class=\"wp-image-15102\" srcset=\"https:\/\/fotosenderismo.com\/wordpress\/wp-content\/uploads\/2019\/08\/descargar-track.jpg 400w, https:\/\/fotosenderismo.com\/wordpress\/wp-content\/uploads\/2019\/08\/descargar-track-300x38.jpg 300w\" sizes=\"auto, (max-width: 400px) 100vw, 400px\" \/><\/a><\/figure>\n\n\n\n<p><\/p>\n\n\n\n<p class=\"has-drop-cap has-very-light-gray-background-color has-background\" style=\"font-size:18px\"> Salida del 4 de octubre de 2019. A petici\u00f3n de unos amigos he grabado una salida al volc\u00e1n Santa Margarida que, apta para ni\u00f1os y sin que tuviera ning\u00fan tipo de dificultad, tambi\u00e9n ten\u00eda que ser algo distinta a cualquiera de los itinerarios tur\u00edsticos. As\u00ed, esta ma\u00f1ana, he aparcado en Can Xel y, desde all\u00ed, he ido a recorrer un par de senderos que ascienden y descienden del m\u00edtico volc\u00e1n. Adem\u00e1s, he dado una vuelta tanto por lo alto como por el interior del cr\u00e1ter. Para terminar y una vez alcanzado el aparcamiento de Santa Margarida, en lugar de volver a Can Xel por la v\u00eda verde he dado un poco m\u00e1s vuelta y me he acercado al sendero que flanquea los pies del volc\u00e1n Croscat por el sudeste. Me parece que como resultado sale una bonita excursi\u00f3n. Pasa por el buc\u00f3lico Pla Sacot y cruza bonitos bosques de encinas. Pisa algo de asfalto, pero es por la  carreteruela interior del Pla Sacot. <\/p>\n\n\n\n<p><\/p>\n\n\n\n<figure><iframe loading=\"lazy\" src=\"https:\/\/ca.wikiloc.com\/wikiloc\/spatialArtifacts.do?event=view&amp;id=42016943&amp;measures=on&amp;title=on&amp;near=on&amp;images=on&amp;maptype=H\" width=\"1000\" height=\"1000\"><\/iframe><\/figure>\n\n\n\n<p>\nPowered by <a target=\"_blank\" href=\"https:\/\/ca.wikiloc.com\" rel=\"noreferrer noopener\">Wikiloc<\/a><\/p>\n\n\n\n<p><\/p>\n\n\n\n<figure class=\"wp-block-image\"><a href=\"https:\/\/fotosenderismo.com\/wordpress\/wp-content\/uploads\/2019\/10\/XEL-MARGARIDA-MAPA.jpg\" target=\"_blank\" rel=\"noreferrer noopener\"><img loading=\"lazy\" decoding=\"async\" width=\"1024\" height=\"576\" src=\"https:\/\/fotosenderismo.com\/wordpress\/wp-content\/uploads\/2019\/10\/XEL-MARGARIDA-MAPA-1024x576.jpg\" alt=\"\" class=\"wp-image-16531\" srcset=\"https:\/\/fotosenderismo.com\/wordpress\/wp-content\/uploads\/2019\/10\/XEL-MARGARIDA-MAPA-1024x576.jpg 1024w, https:\/\/fotosenderismo.com\/wordpress\/wp-content\/uploads\/2019\/10\/XEL-MARGARIDA-MAPA-300x169.jpg 300w, https:\/\/fotosenderismo.com\/wordpress\/wp-content\/uploads\/2019\/10\/XEL-MARGARIDA-MAPA-768x432.jpg 768w, https:\/\/fotosenderismo.com\/wordpress\/wp-content\/uploads\/2019\/10\/XEL-MARGARIDA-MAPA-800x450.jpg 800w, https:\/\/fotosenderismo.com\/wordpress\/wp-content\/uploads\/2019\/10\/XEL-MARGARIDA-MAPA.jpg 1920w\" sizes=\"auto, (max-width: 1024px) 100vw, 1024px\" \/><\/a><\/figure>\n\n\n\n<p><\/p>\n\n\n\n<figure class=\"wp-block-image\"><a href=\"https:\/\/fotosenderismo.com\/wordpress\/wp-content\/uploads\/2019\/10\/XEL-MARGARIDA-EARTH-1.jpg\" target=\"_blank\" rel=\"noreferrer noopener\"><img loading=\"lazy\" decoding=\"async\" width=\"1024\" height=\"518\" src=\"https:\/\/fotosenderismo.com\/wordpress\/wp-content\/uploads\/2019\/10\/XEL-MARGARIDA-EARTH-1-1024x518.jpg\" alt=\"\" class=\"wp-image-16529\" srcset=\"https:\/\/fotosenderismo.com\/wordpress\/wp-content\/uploads\/2019\/10\/XEL-MARGARIDA-EARTH-1-1024x518.jpg 1024w, https:\/\/fotosenderismo.com\/wordpress\/wp-content\/uploads\/2019\/10\/XEL-MARGARIDA-EARTH-1-300x152.jpg 300w, https:\/\/fotosenderismo.com\/wordpress\/wp-content\/uploads\/2019\/10\/XEL-MARGARIDA-EARTH-1-768x388.jpg 768w, https:\/\/fotosenderismo.com\/wordpress\/wp-content\/uploads\/2019\/10\/XEL-MARGARIDA-EARTH-1-800x405.jpg 800w, https:\/\/fotosenderismo.com\/wordpress\/wp-content\/uploads\/2019\/10\/XEL-MARGARIDA-EARTH-1.jpg 1920w\" sizes=\"auto, (max-width: 1024px) 100vw, 1024px\" \/><\/a><\/figure>\n\n\n\n<p><\/p>\n\n\n\n<figure class=\"wp-block-image\"><a href=\"https:\/\/fotosenderismo.com\/wordpress\/wp-content\/uploads\/2019\/10\/XEL-MARGARIDA-EARTH-2.jpg\" target=\"_blank\" rel=\"noreferrer noopener\"><img loading=\"lazy\" decoding=\"async\" width=\"1024\" height=\"518\" src=\"https:\/\/fotosenderismo.com\/wordpress\/wp-content\/uploads\/2019\/10\/XEL-MARGARIDA-EARTH-2-1024x518.jpg\" alt=\"\" class=\"wp-image-16530\" srcset=\"https:\/\/fotosenderismo.com\/wordpress\/wp-content\/uploads\/2019\/10\/XEL-MARGARIDA-EARTH-2-1024x518.jpg 1024w, https:\/\/fotosenderismo.com\/wordpress\/wp-content\/uploads\/2019\/10\/XEL-MARGARIDA-EARTH-2-300x152.jpg 300w, https:\/\/fotosenderismo.com\/wordpress\/wp-content\/uploads\/2019\/10\/XEL-MARGARIDA-EARTH-2-768x388.jpg 768w, https:\/\/fotosenderismo.com\/wordpress\/wp-content\/uploads\/2019\/10\/XEL-MARGARIDA-EARTH-2-800x405.jpg 800w, https:\/\/fotosenderismo.com\/wordpress\/wp-content\/uploads\/2019\/10\/XEL-MARGARIDA-EARTH-2.jpg 1920w\" sizes=\"auto, (max-width: 1024px) 100vw, 1024px\" \/><\/a><\/figure>\n\n\n\n<p><\/p>\n\n\n\n<figure class=\"wp-block-image\"><a href=\"https:\/\/fotosenderismo.com\/wordpress\/wp-content\/uploads\/2019\/10\/XEL-MARGARIDA-EARTH-3.jpg\" target=\"_blank\" rel=\"noreferrer noopener\"><img loading=\"lazy\" decoding=\"async\" width=\"1024\" height=\"518\" src=\"https:\/\/fotosenderismo.com\/wordpress\/wp-content\/uploads\/2019\/10\/XEL-MARGARIDA-EARTH-3-1024x518.jpg\" alt=\"\" class=\"wp-image-16538\" srcset=\"https:\/\/fotosenderismo.com\/wordpress\/wp-content\/uploads\/2019\/10\/XEL-MARGARIDA-EARTH-3-1024x518.jpg 1024w, https:\/\/fotosenderismo.com\/wordpress\/wp-content\/uploads\/2019\/10\/XEL-MARGARIDA-EARTH-3-300x152.jpg 300w, https:\/\/fotosenderismo.com\/wordpress\/wp-content\/uploads\/2019\/10\/XEL-MARGARIDA-EARTH-3-768x388.jpg 768w, https:\/\/fotosenderismo.com\/wordpress\/wp-content\/uploads\/2019\/10\/XEL-MARGARIDA-EARTH-3-800x405.jpg 800w, https:\/\/fotosenderismo.com\/wordpress\/wp-content\/uploads\/2019\/10\/XEL-MARGARIDA-EARTH-3.jpg 1920w\" sizes=\"auto, (max-width: 1024px) 100vw, 1024px\" \/><\/a><\/figure>\n\n\n\n<p><\/p>\n\n\n\n<figure class=\"wp-block-image\"><a href=\"https:\/\/fotosenderismo.com\/wordpress\/wp-content\/uploads\/2019\/10\/XEL-MARGARIDA-PERFIL.jpg\" target=\"_blank\" rel=\"noreferrer noopener\"><img loading=\"lazy\" decoding=\"async\" width=\"1024\" height=\"329\" src=\"https:\/\/fotosenderismo.com\/wordpress\/wp-content\/uploads\/2019\/10\/XEL-MARGARIDA-PERFIL-1024x329.jpg\" alt=\"\" class=\"wp-image-16533\" srcset=\"https:\/\/fotosenderismo.com\/wordpress\/wp-content\/uploads\/2019\/10\/XEL-MARGARIDA-PERFIL-1024x329.jpg 1024w, https:\/\/fotosenderismo.com\/wordpress\/wp-content\/uploads\/2019\/10\/XEL-MARGARIDA-PERFIL-300x96.jpg 300w, https:\/\/fotosenderismo.com\/wordpress\/wp-content\/uploads\/2019\/10\/XEL-MARGARIDA-PERFIL-768x247.jpg 768w, https:\/\/fotosenderismo.com\/wordpress\/wp-content\/uploads\/2019\/10\/XEL-MARGARIDA-PERFIL-800x257.jpg 800w, https:\/\/fotosenderismo.com\/wordpress\/wp-content\/uploads\/2019\/10\/XEL-MARGARIDA-PERFIL.jpg 1847w\" sizes=\"auto, (max-width: 1024px) 100vw, 1024px\" \/><\/a><\/figure>\n\n\n\n<p><\/p>\n\n\n\n<figure class=\"wp-block-image aligncenter\"><img loading=\"lazy\" decoding=\"async\" width=\"261\" height=\"37\" src=\"https:\/\/fotosenderismo.com\/wordpress\/wp-content\/uploads\/2019\/08\/RELACIONADAS-1.jpg\" alt=\"\" class=\"wp-image-15103\"\/><\/figure>\n\n\n\n<p><\/p>\n\n\n\n<figure class=\"wp-block-embed aligncenter is-type-wp-embed is-provider-fotosenderismo-com wp-block-embed-fotosenderismo-com\"><div class=\"wp-block-embed__wrapper\">\n<blockquote class=\"wp-embedded-content\" data-secret=\"WOMqgFk272\"><a href=\"https:\/\/fotosenderismo.com\/wordpress\/index.php\/2017\/07\/21\/volcan-crostat-volcan-santa-margarida-fageda-den-jorda\/\">Volc\u00e1n Crostat, Volc\u00e1n Santa Margarida, Fageda d&#8217;en Jord\u00e0<\/a><\/blockquote><iframe loading=\"lazy\" class=\"wp-embedded-content\" sandbox=\"allow-scripts\" security=\"restricted\" style=\"position: absolute; clip: rect(1px, 1px, 1px, 1px);\" title=\"\u00abVolc\u00e1n Crostat, Volc\u00e1n Santa Margarida, Fageda d&#8217;en Jord\u00e0\u00bb \u2014 FOTOSENDERISMO.COM\" src=\"https:\/\/fotosenderismo.com\/wordpress\/index.php\/2017\/07\/21\/volcan-crostat-volcan-santa-margarida-fageda-den-jorda\/embed\/#?secret=PDEM2zCZ2Z#?secret=WOMqgFk272\" data-secret=\"WOMqgFk272\" width=\"600\" height=\"338\" frameborder=\"0\" marginwidth=\"0\" marginheight=\"0\" scrolling=\"no\"><\/iframe>\n<\/div><\/figure>\n\n\n\n<figure class=\"wp-block-embed aligncenter is-type-wp-embed is-provider-fotosenderismo-com wp-block-embed-fotosenderismo-com\"><div class=\"wp-block-embed__wrapper\">\n<blockquote class=\"wp-embedded-content\" data-secret=\"HH0EfOo3Vn\"><a href=\"https:\/\/fotosenderismo.com\/wordpress\/index.php\/2015\/05\/19\/les-preses-coll-bassols-volca-santa-margarida\/\">Caminando por la Zona Volc\u00e1nica (9). Les Preses &#8211; Coll Bassols (volc\u00e1n santa Margarida)<\/a><\/blockquote><iframe loading=\"lazy\" class=\"wp-embedded-content\" sandbox=\"allow-scripts\" security=\"restricted\" style=\"position: absolute; clip: rect(1px, 1px, 1px, 1px);\" title=\"\u00abCaminando por la Zona Volc\u00e1nica (9). Les Preses &#8211; Coll Bassols (volc\u00e1n santa Margarida)\u00bb \u2014 FOTOSENDERISMO.COM\" src=\"https:\/\/fotosenderismo.com\/wordpress\/index.php\/2015\/05\/19\/les-preses-coll-bassols-volca-santa-margarida\/embed\/#?secret=N8QPXoUb10#?secret=HH0EfOo3Vn\" data-secret=\"HH0EfOo3Vn\" width=\"600\" height=\"338\" frameborder=\"0\" marginwidth=\"0\" marginheight=\"0\" scrolling=\"no\"><\/iframe>\n<\/div><\/figure>\n\n\n\n<figure class=\"wp-block-embed aligncenter is-type-wp-embed is-provider-fotosenderismo-com wp-block-embed-fotosenderismo-com\"><div class=\"wp-block-embed__wrapper\">\n<blockquote class=\"wp-embedded-content\" data-secret=\"cbePLzqQt7\"><a href=\"https:\/\/fotosenderismo.com\/wordpress\/index.php\/2018\/09\/27\/sant-abdo-y-sant-senent-desde-el-aparcamiento-del-santa-margarida\/\">Sant Abd\u00f3 i Sant Sen\u00e9n desde el aparcamiento del Santa Margarida<\/a><\/blockquote><iframe loading=\"lazy\" class=\"wp-embedded-content\" sandbox=\"allow-scripts\" security=\"restricted\" style=\"position: absolute; clip: rect(1px, 1px, 1px, 1px);\" title=\"\u00abSant Abd\u00f3 i Sant Sen\u00e9n desde el aparcamiento del Santa Margarida\u00bb \u2014 FOTOSENDERISMO.COM\" src=\"https:\/\/fotosenderismo.com\/wordpress\/index.php\/2018\/09\/27\/sant-abdo-y-sant-senent-desde-el-aparcamiento-del-santa-margarida\/embed\/#?secret=56nLhV0Ec4#?secret=cbePLzqQt7\" data-secret=\"cbePLzqQt7\" width=\"600\" height=\"338\" frameborder=\"0\" marginwidth=\"0\" marginheight=\"0\" scrolling=\"no\"><\/iframe>\n<\/div><\/figure>\n","protected":false},"excerpt":{"rendered":"<p>Salida del 4 de octubre de 2019. A petici\u00f3n de unos amigos he grabado  una salida al volc\u00e1n Santa Margarida que, apta para ni\u00f1os y sin que  tuviera ning\u00fan tipo de dificultad, tambi\u00e9n ten\u00eda que ser algo distinta a  cualquiera de los itinerarios tur\u00edsticos. As\u00ed, esta ma\u00f1ana, he aparcado  en Can Xel y de memoria he recorrido un par de senderos que ascienden y  descienden del m\u00edtico volc\u00e1n. Adem\u00e1s, he dado una vuelta tanto por lo  alto como por el interior del cr\u00e1ter. Para terminar y una vez alcanzado  el aparcamiento de Santa Margarida, en lugar de volver a Can Xel por la  v\u00eda verde he dado un poco m\u00e1s vuelta y me he acercado al sendero que  flanquea los pies del volc\u00e1n Croscat por el sudeste. Me parece que como  resultado sale una bonita excursi\u00f3n. Pasa por el buc\u00f3lico Pla Sacot y  cruza bonitos bosques de encinas. Pisa algo de asfalto, pero es por la  carreteruela interior del Pla Sacot. <\/p>\n","protected":false},"author":1,"featured_media":16534,"comment_status":"open","ping_status":"closed","sticky":false,"template":"","format":"standard","meta":{"footnotes":""},"categories":[45,46,143,288,33,123,47,60],"tags":[187,98,177,223],"class_list":["post-16528","post","type-post","status-publish","format-standard","has-post-thumbnail","hentry","category-garrotxa","category-girona","category-1-5-volcanes","category-201-entre-5-y-10-km","category-menos-de-500","category-4-2-pequeno-recorrido","category-circular-tipo-de-recorrido","category-baja-montana-o-tierras-a-media-altitud","tag-fotos-by-eduard","tag-98","tag-eduard","tag-track-en-wikiloc"],"_links":{"self":[{"href":"https:\/\/fotosenderismo.com\/wordpress\/index.php\/wp-json\/wp\/v2\/posts\/16528","targetHints":{"allow":["GET"]}}],"collection":[{"href":"https:\/\/fotosenderismo.com\/wordpress\/index.php\/wp-json\/wp\/v2\/posts"}],"about":[{"href":"https:\/\/fotosenderismo.com\/wordpress\/index.php\/wp-json\/wp\/v2\/types\/post"}],"author":[{"embeddable":true,"href":"https:\/\/fotosenderismo.com\/wordpress\/index.php\/wp-json\/wp\/v2\/users\/1"}],"replies":[{"embeddable":true,"href":"https:\/\/fotosenderismo.com\/wordpress\/index.php\/wp-json\/wp\/v2\/comments?post=16528"}],"version-history":[{"count":7,"href":"https:\/\/fotosenderismo.com\/wordpress\/index.php\/wp-json\/wp\/v2\/posts\/16528\/revisions"}],"predecessor-version":[{"id":22980,"href":"https:\/\/fotosenderismo.com\/wordpress\/index.php\/wp-json\/wp\/v2\/posts\/16528\/revisions\/22980"}],"wp:featuredmedia":[{"embeddable":true,"href":"https:\/\/fotosenderismo.com\/wordpress\/index.php\/wp-json\/wp\/v2\/media\/16534"}],"wp:attachment":[{"href":"https:\/\/fotosenderismo.com\/wordpress\/index.php\/wp-json\/wp\/v2\/media?parent=16528"}],"wp:term":[{"taxonomy":"category","embeddable":true,"href":"https:\/\/fotosenderismo.com\/wordpress\/index.php\/wp-json\/wp\/v2\/categories?post=16528"},{"taxonomy":"post_tag","embeddable":true,"href":"https:\/\/fotosenderismo.com\/wordpress\/index.php\/wp-json\/wp\/v2\/tags?post=16528"}],"curies":[{"name":"wp","href":"https:\/\/api.w.org\/{rel}","templated":true}]}}