{"id":1581,"date":"2010-08-27T00:21:51","date_gmt":"2010-08-27T00:21:51","guid":{"rendered":"http:\/\/fotosenderismo.com\/wordpress\/?p=1581"},"modified":"2025-07-23T16:49:13","modified_gmt":"2025-07-23T16:49:13","slug":"mollo-puig-moscos-1734-m-puig-sistra-1987-m-collada-fonda-1905-mollo","status":"publish","type":"post","link":"https:\/\/fotosenderismo.com\/wordpress\/index.php\/2010\/08\/27\/mollo-puig-moscos-1734-m-puig-sistra-1987-m-collada-fonda-1905-mollo\/","title":{"rendered":"Moll\u00f3, puig Mosc\u00f3s (1742 m), puig Sistra (1987 m), collada Fonda (1905), Moll\u00f3"},"content":{"rendered":"\n<p><\/p>\n\n\n\n<figure class=\"wp-block-image aligncenter\"><a href=\"https:\/\/photos.app.goo.gl\/k9erjJ2qWwcu175c7\" target=\"_blank\" rel=\"noopener noreferrer\"><img loading=\"lazy\" decoding=\"async\" width=\"400\" height=\"53\" src=\"http:\/\/fotosenderismo.com\/wordpress\/wp-content\/uploads\/2017\/08\/visualizar-galeria-fotos-e1504269820283.jpg\" alt=\"\" class=\"wp-image-8631\"\/><\/a><\/figure>\n\n\n\n<p><\/p>\n\n\n\n<figure class=\"wp-block-image aligncenter\"><a href=\"http:\/\/fotosenderismo.com\/wordpress\/wp-content\/uploads\/2010\/08\/Imagen39.jpg\" target=\"_blank\" rel=\"noopener noreferrer\"><img loading=\"lazy\" decoding=\"async\" width=\"1224\" height=\"661\" src=\"http:\/\/fotosenderismo.com\/wordpress\/wp-content\/uploads\/2010\/08\/Imagen39.jpg\" alt=\"\" class=\"wp-image-15008\" srcset=\"https:\/\/fotosenderismo.com\/wordpress\/wp-content\/uploads\/2010\/08\/Imagen39.jpg 1224w, https:\/\/fotosenderismo.com\/wordpress\/wp-content\/uploads\/2010\/08\/Imagen39-300x162.jpg 300w, https:\/\/fotosenderismo.com\/wordpress\/wp-content\/uploads\/2010\/08\/Imagen39-768x415.jpg 768w, https:\/\/fotosenderismo.com\/wordpress\/wp-content\/uploads\/2010\/08\/Imagen39-1024x553.jpg 1024w, https:\/\/fotosenderismo.com\/wordpress\/wp-content\/uploads\/2010\/08\/Imagen39-800x432.jpg 800w\" sizes=\"auto, (max-width: 1224px) 100vw, 1224px\" \/><\/a><\/figure>\n\n\n\n<p><\/p>\n\n\n\n<figure class=\"wp-block-image aligncenter\"><a href=\"https:\/\/ca.wikiloc.com\/rutes-senderisme\/mollo-puig-moscos-1742-m-puig-sistra-1987-m-collada-fonda-1905-mollo-31044724\" target=\"_blank\" rel=\"noopener noreferrer\"><img loading=\"lazy\" decoding=\"async\" width=\"400\" height=\"52\" src=\"http:\/\/fotosenderismo.com\/wordpress\/wp-content\/uploads\/2010\/05\/track-wikiloc.jpg\" alt=\"\" class=\"wp-image-12734\" srcset=\"https:\/\/fotosenderismo.com\/wordpress\/wp-content\/uploads\/2010\/05\/track-wikiloc.jpg 400w, https:\/\/fotosenderismo.com\/wordpress\/wp-content\/uploads\/2010\/05\/track-wikiloc-300x39.jpg 300w\" sizes=\"auto, (max-width: 400px) 100vw, 400px\" \/><\/a><\/figure>\n\n\n\n<p><\/p>\n\n\n\n<p class=\"has-drop-cap has-very-light-gray-background-color has-background\"><strong><span style=\"font-size: 14pt; font-family: georgia, palatino, serif;\">Salida del 27 de agosto de 2010 a picos secundarios del Pirineo de Gerona. Parte de Moll\u00f3 para ascender al Puig Mosc\u00f3s, de 1730 metros, aprovechando el GR, cruza la Collada de la Fembra Morta y asciende hasta el Puig Sistra, de 1990 metros, ya fuera de camino. Para subirlo tuve que saltar alambradas de ganado. Desde el Sistra se dirige directamente a la Collada fonda, que es uno de los puntos de partida cl\u00e1sico para subir al Costabona. Despu\u00e9s se regresa, aprovechando pista y monta\u00f1a a trav\u00e9s, a Moll\u00f3. Antes, sin embargo, llegaremos a Espinavell. Desde all\u00ed se toma la carretera hasta que a unos tres kil\u00f3metros de Moll\u00f3 la dejamos para seguir por caminos y pistas. El tramo de carretera tambi\u00e9n son unos tres kil\u00f3metros.<\/span><\/strong><\/p>\n\n\n\n<p class=\"has-very-light-gray-background-color has-background\">ATENCI\u00d3N. Desde el Km 12 al 15 hay mucho tramo de camino colapsado por la maleza y es intransitable. Por ello se recomienda que a partir del Km 12 se siga por la pista ancha de tierra.<\/p>\n\n\n\n<p class=\"has-very-light-gray-background-color has-background\">Adem\u00e1s, en lugar de seguir por la carretera (a partir del Km 16,4) se puede tomar el GR que va de Espinavell a Moll\u00f3. Est\u00e1 indicado a mano derecha.<\/p>\n\n\n\n<p><\/p>\n\n\n\n<figure class=\"wp-block-image aligncenter\"><a href=\"http:\/\/fotosenderismo.com\/wordpress\/wp-content\/uploads\/2010\/08\/MOSCOS-SISTRA-FONDA.jpg\" target=\"_blank\" rel=\"noopener noreferrer\"><img loading=\"lazy\" decoding=\"async\" width=\"1911\" height=\"1784\" src=\"http:\/\/fotosenderismo.com\/wordpress\/wp-content\/uploads\/2010\/08\/MOSCOS-SISTRA-FONDA.jpg\" alt=\"\" class=\"wp-image-11178\" srcset=\"https:\/\/fotosenderismo.com\/wordpress\/wp-content\/uploads\/2010\/08\/MOSCOS-SISTRA-FONDA.jpg 1911w, https:\/\/fotosenderismo.com\/wordpress\/wp-content\/uploads\/2010\/08\/MOSCOS-SISTRA-FONDA-300x280.jpg 300w, https:\/\/fotosenderismo.com\/wordpress\/wp-content\/uploads\/2010\/08\/MOSCOS-SISTRA-FONDA-768x717.jpg 768w, https:\/\/fotosenderismo.com\/wordpress\/wp-content\/uploads\/2010\/08\/MOSCOS-SISTRA-FONDA-1024x956.jpg 1024w, https:\/\/fotosenderismo.com\/wordpress\/wp-content\/uploads\/2010\/08\/MOSCOS-SISTRA-FONDA-800x747.jpg 800w\" sizes=\"auto, (max-width: 1911px) 100vw, 1911px\" \/><\/a><\/figure>\n\n\n\n<p><\/p>\n\n\n\n<figure class=\"wp-block-image aligncenter\"><a href=\"http:\/\/fotosenderismo.com\/wordpress\/wp-content\/uploads\/2016\/05\/mollo-sistra-map.jpg\" target=\"_blank\" rel=\"noopener noreferrer\"><img loading=\"lazy\" decoding=\"async\" width=\"1920\" height=\"1036\" src=\"http:\/\/fotosenderismo.com\/wordpress\/wp-content\/uploads\/2016\/05\/mollo-sistra-map.jpg\" alt=\"\" class=\"wp-image-7472\" srcset=\"https:\/\/fotosenderismo.com\/wordpress\/wp-content\/uploads\/2016\/05\/mollo-sistra-map.jpg 1920w, https:\/\/fotosenderismo.com\/wordpress\/wp-content\/uploads\/2016\/05\/mollo-sistra-map-300x162.jpg 300w, https:\/\/fotosenderismo.com\/wordpress\/wp-content\/uploads\/2016\/05\/mollo-sistra-map-768x414.jpg 768w, https:\/\/fotosenderismo.com\/wordpress\/wp-content\/uploads\/2016\/05\/mollo-sistra-map-1024x553.jpg 1024w, https:\/\/fotosenderismo.com\/wordpress\/wp-content\/uploads\/2016\/05\/mollo-sistra-map-800x432.jpg 800w\" sizes=\"auto, (max-width: 1920px) 100vw, 1920px\" \/><\/a><\/figure>\n\n\n\n<p><\/p>\n\n\n\n<figure class=\"wp-block-image\"><a href=\"http:\/\/fotosenderismo.com\/wordpress\/wp-content\/uploads\/2016\/05\/MOLLO-FONDA-3D.jpg\" target=\"_blank\" rel=\"noopener noreferrer\"><img loading=\"lazy\" decoding=\"async\" width=\"1858\" height=\"909\" src=\"http:\/\/fotosenderismo.com\/wordpress\/wp-content\/uploads\/2016\/05\/MOLLO-FONDA-3D.jpg\" alt=\"\" class=\"wp-image-4333\" srcset=\"https:\/\/fotosenderismo.com\/wordpress\/wp-content\/uploads\/2016\/05\/MOLLO-FONDA-3D.jpg 1858w, https:\/\/fotosenderismo.com\/wordpress\/wp-content\/uploads\/2016\/05\/MOLLO-FONDA-3D-300x147.jpg 300w, https:\/\/fotosenderismo.com\/wordpress\/wp-content\/uploads\/2016\/05\/MOLLO-FONDA-3D-768x376.jpg 768w, https:\/\/fotosenderismo.com\/wordpress\/wp-content\/uploads\/2016\/05\/MOLLO-FONDA-3D-1024x501.jpg 1024w, https:\/\/fotosenderismo.com\/wordpress\/wp-content\/uploads\/2016\/05\/MOLLO-FONDA-3D-800x391.jpg 800w\" sizes=\"auto, (max-width: 1858px) 100vw, 1858px\" \/><\/a><\/figure>\n\n\n\n<p><\/p>\n\n\n\n<figure class=\"wp-block-image\"><a href=\"http:\/\/fotosenderismo.com\/wordpress\/wp-content\/uploads\/2016\/05\/MOLLO-FONDA-EARTH.jpg\" target=\"_blank\" rel=\"noopener noreferrer\"><img loading=\"lazy\" decoding=\"async\" width=\"1902\" height=\"938\" src=\"http:\/\/fotosenderismo.com\/wordpress\/wp-content\/uploads\/2016\/05\/MOLLO-FONDA-EARTH.jpg\" alt=\"MOLLO-FONDA-EARTH\" class=\"wp-image-4334\" srcset=\"https:\/\/fotosenderismo.com\/wordpress\/wp-content\/uploads\/2016\/05\/MOLLO-FONDA-EARTH.jpg 1902w, https:\/\/fotosenderismo.com\/wordpress\/wp-content\/uploads\/2016\/05\/MOLLO-FONDA-EARTH-300x148.jpg 300w, https:\/\/fotosenderismo.com\/wordpress\/wp-content\/uploads\/2016\/05\/MOLLO-FONDA-EARTH-768x379.jpg 768w, https:\/\/fotosenderismo.com\/wordpress\/wp-content\/uploads\/2016\/05\/MOLLO-FONDA-EARTH-1024x505.jpg 1024w, https:\/\/fotosenderismo.com\/wordpress\/wp-content\/uploads\/2016\/05\/MOLLO-FONDA-EARTH-800x395.jpg 800w\" sizes=\"auto, (max-width: 1902px) 100vw, 1902px\" \/><\/a><\/figure>\n\n\n\n<p><\/p>\n\n\n\n<figure class=\"wp-block-image\"><a href=\"http:\/\/fotosenderismo.com\/wordpress\/wp-content\/uploads\/2016\/05\/perfil-mollo-fonda.jpg\" target=\"_blank\" rel=\"noopener noreferrer\"><img loading=\"lazy\" decoding=\"async\" width=\"1920\" height=\"445\" src=\"http:\/\/fotosenderismo.com\/wordpress\/wp-content\/uploads\/2016\/05\/perfil-mollo-fonda.jpg\" alt=\"perfil-mollo-fonda\" class=\"wp-image-2764\" srcset=\"https:\/\/fotosenderismo.com\/wordpress\/wp-content\/uploads\/2016\/05\/perfil-mollo-fonda.jpg 1920w, https:\/\/fotosenderismo.com\/wordpress\/wp-content\/uploads\/2016\/05\/perfil-mollo-fonda-300x70.jpg 300w, https:\/\/fotosenderismo.com\/wordpress\/wp-content\/uploads\/2016\/05\/perfil-mollo-fonda-768x178.jpg 768w, https:\/\/fotosenderismo.com\/wordpress\/wp-content\/uploads\/2016\/05\/perfil-mollo-fonda-1024x237.jpg 1024w, https:\/\/fotosenderismo.com\/wordpress\/wp-content\/uploads\/2016\/05\/perfil-mollo-fonda-800x185.jpg 800w\" sizes=\"auto, (max-width: 1920px) 100vw, 1920px\" \/><\/a><\/figure>\n\n\n\n<p><\/p>\n\n\n\n<figure class=\"wp-block-image aligncenter\"><a href=\"http:\/\/fotosenderismo.com\/wordpress\/wp-content\/uploads\/2018\/05\/TERMINOS-DE-BUSQUEDA-1.jpg\"><img loading=\"lazy\" decoding=\"async\" width=\"260\" height=\"32\" src=\"http:\/\/fotosenderismo.com\/wordpress\/wp-content\/uploads\/2018\/05\/TERMINOS-DE-BUSQUEDA-1.jpg\" alt=\"\" class=\"wp-image-10461\"\/><\/a><\/figure>\n\n\n\n<p><\/p>\n\n\n\n<p class=\"has-text-align-center has-very-light-gray-background-color has-background\"><span style=\"font-size: 14pt;\"><em><strong><span style=\"font-family: georgia,palatino,serif;\">Camprodon, Moll\u00f3, Espinavell, Puig Mosc\u00f3s, Puig Sistra, Collada Fonda<\/span><\/strong><\/em><\/span><\/p>\n","protected":false},"excerpt":{"rendered":"<p>Salida del 27 de agosto de 2010 a picos secundarios del Pirineo de Gerona. Parte de Moll\u00f3 para ascender al Puig Mosc\u00f3s, de 1730 metros, aprovechando el GR, cruza la Collada de la Fembra Morta y asciende hasta el Puig Sistra, de 1990 metros, ya fuera de camino. Para subirlo tuve que saltar alambradas de ganado. Desde el Sistra se dirige directamente a la Collada fonda, que es un de los puntos de partida cl\u00e1sico para subir al Costabona. Despu\u00e9s se regresa, aprovechando pista y monta\u00f1a a trav\u00e9s, a Moll\u00f3. Antes sin embargo, llegaremos a Espinavell. Desde all\u00ed se toma la carretera hasta que a unos tres kil\u00f3metros de Moll\u00f3 la dejamos para seguir por caminos y pistas. El tramo de carretera tambi\u00e9n son unos tres kil\u00f3metros.<\/p>\n","protected":false},"author":1,"featured_media":1817,"comment_status":"open","ping_status":"closed","sticky":false,"template":"","format":"standard","meta":{"footnotes":""},"categories":[46,53,54,282,34,42,47,50],"tags":[187,98,177,223],"class_list":["post-1581","post","type-post","status-publish","format-standard","has-post-thumbnail","hentry","category-girona","category-ripolles","category-pirineo-de-gerona","category-203-entre-20-y-25-km","category-entre-500-y-1000-metros","category-senderismo","category-circular-tipo-de-recorrido","category-alta-montana","tag-fotos-by-eduard","tag-98","tag-eduard","tag-track-en-wikiloc"],"_links":{"self":[{"href":"https:\/\/fotosenderismo.com\/wordpress\/index.php\/wp-json\/wp\/v2\/posts\/1581","targetHints":{"allow":["GET"]}}],"collection":[{"href":"https:\/\/fotosenderismo.com\/wordpress\/index.php\/wp-json\/wp\/v2\/posts"}],"about":[{"href":"https:\/\/fotosenderismo.com\/wordpress\/index.php\/wp-json\/wp\/v2\/types\/post"}],"author":[{"embeddable":true,"href":"https:\/\/fotosenderismo.com\/wordpress\/index.php\/wp-json\/wp\/v2\/users\/1"}],"replies":[{"embeddable":true,"href":"https:\/\/fotosenderismo.com\/wordpress\/index.php\/wp-json\/wp\/v2\/comments?post=1581"}],"version-history":[{"count":46,"href":"https:\/\/fotosenderismo.com\/wordpress\/index.php\/wp-json\/wp\/v2\/posts\/1581\/revisions"}],"predecessor-version":[{"id":23712,"href":"https:\/\/fotosenderismo.com\/wordpress\/index.php\/wp-json\/wp\/v2\/posts\/1581\/revisions\/23712"}],"wp:featuredmedia":[{"embeddable":true,"href":"https:\/\/fotosenderismo.com\/wordpress\/index.php\/wp-json\/wp\/v2\/media\/1817"}],"wp:attachment":[{"href":"https:\/\/fotosenderismo.com\/wordpress\/index.php\/wp-json\/wp\/v2\/media?parent=1581"}],"wp:term":[{"taxonomy":"category","embeddable":true,"href":"https:\/\/fotosenderismo.com\/wordpress\/index.php\/wp-json\/wp\/v2\/categories?post=1581"},{"taxonomy":"post_tag","embeddable":true,"href":"https:\/\/fotosenderismo.com\/wordpress\/index.php\/wp-json\/wp\/v2\/tags?post=1581"}],"curies":[{"name":"wp","href":"https:\/\/api.w.org\/{rel}","templated":true}]}}