{"id":1576,"date":"2011-08-24T23:54:13","date_gmt":"2011-08-24T23:54:13","guid":{"rendered":"http:\/\/fotosenderismo.com\/wordpress\/?p=1576"},"modified":"2024-02-12T18:42:24","modified_gmt":"2024-02-12T18:42:24","slug":"llanars-agudes-de-camprodon-1974-m-por-la-ribera-de-faitus","status":"publish","type":"post","link":"https:\/\/fotosenderismo.com\/wordpress\/index.php\/2011\/08\/24\/llanars-agudes-de-camprodon-1974-m-por-la-ribera-de-faitus\/","title":{"rendered":"Llanars, Agudes de Camprodon (1974 m.) Por la ribera de Fait\u00fas"},"content":{"rendered":"\n<p><\/p>\n\n\n\n<figure class=\"wp-block-image aligncenter\"><a href=\"http:\/\/fotosenderismo.com\/wordpress\/wp-content\/uploads\/2011\/08\/DATOS-CAMPRODON-10.jpg\" target=\"_blank\" rel=\"noopener noreferrer\"><img loading=\"lazy\" decoding=\"async\" width=\"1024\" height=\"741\" src=\"http:\/\/fotosenderismo.com\/wordpress\/wp-content\/uploads\/2011\/08\/DATOS-CAMPRODON-10-1024x741.jpg\" alt=\"\" class=\"wp-image-14956\" srcset=\"https:\/\/fotosenderismo.com\/wordpress\/wp-content\/uploads\/2011\/08\/DATOS-CAMPRODON-10-1024x741.jpg 1024w, https:\/\/fotosenderismo.com\/wordpress\/wp-content\/uploads\/2011\/08\/DATOS-CAMPRODON-10-300x217.jpg 300w, https:\/\/fotosenderismo.com\/wordpress\/wp-content\/uploads\/2011\/08\/DATOS-CAMPRODON-10-768x556.jpg 768w, https:\/\/fotosenderismo.com\/wordpress\/wp-content\/uploads\/2011\/08\/DATOS-CAMPRODON-10-800x579.jpg 800w, https:\/\/fotosenderismo.com\/wordpress\/wp-content\/uploads\/2011\/08\/DATOS-CAMPRODON-10.jpg 1221w\" sizes=\"auto, (max-width: 1024px) 100vw, 1024px\" \/><\/a><\/figure>\n\n\n\n<p><\/p>\n\n\n\n<figure><iframe loading=\"lazy\" src=\"https:\/\/ca.wikiloc.com\/wikiloc\/spatialArtifacts.do?event=view&amp;id=31901589&amp;measures=on&amp;title=on&amp;near=on&amp;images=on&amp;maptype=H\" width=\"1000\" height=\"1000\"><\/iframe><\/figure>\n\n\n\n<p>\nPowered by <a target=\"_blank\" href=\"https:\/\/ca.wikiloc.com\" rel=\"noreferrer noopener\">Wikiloc<\/a><\/p>\n\n\n\n<p><\/p>\n\n\n\n<p class=\"has-drop-cap has-very-light-gray-background-color has-background\" style=\"font-size:18px\"> Salida del 24 de agosto de 2011 cuyo objetivo es alcanzar las Agudes de Camprodon, de 1974 metros y una de las cumbres secundarias del Pirineo de Gerona. La salida no tiene ninguna dificultad t\u00e9cnica en condiciones clim\u00e1ticas normales. Ir\u00e9 colgando m\u00e1s ascensiones a esta bonita monta\u00f1a, y est\u00e1 no es m\u00e1s que una variante que regresa a LLanars por la Ribera de Fait\u00fas. Como siempre, hemos de recordar que estamos en alta monta\u00f1a y que hay que ir equipado para imprevistos, incluso si salimos en verano y con buen tiempo. <\/p>\n\n\n\n<p><\/p>\n\n\n\n<figure class=\"wp-block-image aligncenter\"><a href=\"http:\/\/fotosenderismo.com\/wordpress\/wp-content\/uploads\/2011\/08\/LLANARS-AGUDES-2-1.jpg\" target=\"_blank\" rel=\"noopener noreferrer\"><img loading=\"lazy\" decoding=\"async\" width=\"1675\" height=\"1851\" src=\"http:\/\/fotosenderismo.com\/wordpress\/wp-content\/uploads\/2011\/08\/LLANARS-AGUDES-2-1.jpg\" alt=\"\" class=\"wp-image-11212\" srcset=\"https:\/\/fotosenderismo.com\/wordpress\/wp-content\/uploads\/2011\/08\/LLANARS-AGUDES-2-1.jpg 1675w, https:\/\/fotosenderismo.com\/wordpress\/wp-content\/uploads\/2011\/08\/LLANARS-AGUDES-2-1-271x300.jpg 271w, https:\/\/fotosenderismo.com\/wordpress\/wp-content\/uploads\/2011\/08\/LLANARS-AGUDES-2-1-768x849.jpg 768w, https:\/\/fotosenderismo.com\/wordpress\/wp-content\/uploads\/2011\/08\/LLANARS-AGUDES-2-1-927x1024.jpg 927w, https:\/\/fotosenderismo.com\/wordpress\/wp-content\/uploads\/2011\/08\/LLANARS-AGUDES-2-1-800x884.jpg 800w\" sizes=\"auto, (max-width: 1675px) 100vw, 1675px\" \/><\/a><\/figure>\n\n\n\n<p><\/p>\n\n\n\n<figure class=\"wp-block-image aligncenter\"><a href=\"http:\/\/fotosenderismo.com\/wordpress\/wp-content\/uploads\/2016\/05\/faitus-maps.jpg\" target=\"_blank\" rel=\"noopener noreferrer\"><img loading=\"lazy\" decoding=\"async\" width=\"1920\" height=\"1034\" src=\"http:\/\/fotosenderismo.com\/wordpress\/wp-content\/uploads\/2016\/05\/faitus-maps.jpg\" alt=\"\" class=\"wp-image-7357\" srcset=\"https:\/\/fotosenderismo.com\/wordpress\/wp-content\/uploads\/2016\/05\/faitus-maps.jpg 1920w, https:\/\/fotosenderismo.com\/wordpress\/wp-content\/uploads\/2016\/05\/faitus-maps-300x162.jpg 300w, https:\/\/fotosenderismo.com\/wordpress\/wp-content\/uploads\/2016\/05\/faitus-maps-768x414.jpg 768w, https:\/\/fotosenderismo.com\/wordpress\/wp-content\/uploads\/2016\/05\/faitus-maps-1024x551.jpg 1024w, https:\/\/fotosenderismo.com\/wordpress\/wp-content\/uploads\/2016\/05\/faitus-maps-800x431.jpg 800w\" sizes=\"auto, (max-width: 1920px) 100vw, 1920px\" \/><\/a><\/figure>\n\n\n\n<p><\/p>\n\n\n\n<figure class=\"wp-block-image aligncenter\"><a href=\"http:\/\/fotosenderismo.com\/wordpress\/wp-content\/uploads\/2016\/05\/AGUDES-TIR-3D.jpg\" target=\"_blank\" rel=\"noopener noreferrer\"><img loading=\"lazy\" decoding=\"async\" width=\"1864\" height=\"906\" src=\"http:\/\/fotosenderismo.com\/wordpress\/wp-content\/uploads\/2016\/05\/AGUDES-TIR-3D.jpg\" alt=\"AGUDES-TIR-3D\" class=\"wp-image-4327\" srcset=\"https:\/\/fotosenderismo.com\/wordpress\/wp-content\/uploads\/2016\/05\/AGUDES-TIR-3D.jpg 1864w, https:\/\/fotosenderismo.com\/wordpress\/wp-content\/uploads\/2016\/05\/AGUDES-TIR-3D-300x146.jpg 300w, https:\/\/fotosenderismo.com\/wordpress\/wp-content\/uploads\/2016\/05\/AGUDES-TIR-3D-768x373.jpg 768w, https:\/\/fotosenderismo.com\/wordpress\/wp-content\/uploads\/2016\/05\/AGUDES-TIR-3D-1024x498.jpg 1024w, https:\/\/fotosenderismo.com\/wordpress\/wp-content\/uploads\/2016\/05\/AGUDES-TIR-3D-800x389.jpg 800w\" sizes=\"auto, (max-width: 1864px) 100vw, 1864px\" \/><\/a><\/figure>\n\n\n\n<p><\/p>\n\n\n\n<figure class=\"wp-block-image\"><a href=\"http:\/\/fotosenderismo.com\/wordpress\/wp-content\/uploads\/2016\/05\/AGUDES-TIR-EARTH.jpg\" target=\"_blank\" rel=\"noopener noreferrer\"><img loading=\"lazy\" decoding=\"async\" width=\"1905\" height=\"935\" src=\"http:\/\/fotosenderismo.com\/wordpress\/wp-content\/uploads\/2016\/05\/AGUDES-TIR-EARTH.jpg\" alt=\"AGUDES-TIR-EARTH\" class=\"wp-image-4328\" srcset=\"https:\/\/fotosenderismo.com\/wordpress\/wp-content\/uploads\/2016\/05\/AGUDES-TIR-EARTH.jpg 1905w, https:\/\/fotosenderismo.com\/wordpress\/wp-content\/uploads\/2016\/05\/AGUDES-TIR-EARTH-300x147.jpg 300w, https:\/\/fotosenderismo.com\/wordpress\/wp-content\/uploads\/2016\/05\/AGUDES-TIR-EARTH-768x377.jpg 768w, https:\/\/fotosenderismo.com\/wordpress\/wp-content\/uploads\/2016\/05\/AGUDES-TIR-EARTH-1024x503.jpg 1024w, https:\/\/fotosenderismo.com\/wordpress\/wp-content\/uploads\/2016\/05\/AGUDES-TIR-EARTH-800x393.jpg 800w\" sizes=\"auto, (max-width: 1905px) 100vw, 1905px\" \/><\/a><\/figure>\n\n\n\n<p><\/p>\n\n\n\n<figure class=\"wp-block-image\"><a href=\"http:\/\/fotosenderismo.com\/wordpress\/wp-content\/uploads\/2016\/05\/perfil-agudes-faitus.jpg\" target=\"_blank\" rel=\"noopener noreferrer\"><img loading=\"lazy\" decoding=\"async\" width=\"1900\" height=\"477\" src=\"http:\/\/fotosenderismo.com\/wordpress\/wp-content\/uploads\/2016\/05\/perfil-agudes-faitus.jpg\" alt=\"perfil-agudes-faitus\" class=\"wp-image-2766\" srcset=\"https:\/\/fotosenderismo.com\/wordpress\/wp-content\/uploads\/2016\/05\/perfil-agudes-faitus.jpg 1900w, https:\/\/fotosenderismo.com\/wordpress\/wp-content\/uploads\/2016\/05\/perfil-agudes-faitus-300x75.jpg 300w, https:\/\/fotosenderismo.com\/wordpress\/wp-content\/uploads\/2016\/05\/perfil-agudes-faitus-768x193.jpg 768w, https:\/\/fotosenderismo.com\/wordpress\/wp-content\/uploads\/2016\/05\/perfil-agudes-faitus-1024x257.jpg 1024w, https:\/\/fotosenderismo.com\/wordpress\/wp-content\/uploads\/2016\/05\/perfil-agudes-faitus-800x201.jpg 800w\" sizes=\"auto, (max-width: 1900px) 100vw, 1900px\" \/><\/a><\/figure>\n\n\n\n<p><\/p>\n\n\n\n<figure class=\"wp-block-image aligncenter is-resized\"><a href=\"http:\/\/fotosenderismo.com\/wordpress\/wp-content\/uploads\/2018\/05\/TERMINOS-DE-BUSQUEDA-1.jpg\"><img loading=\"lazy\" decoding=\"async\" width=\"260\" height=\"32\" src=\"http:\/\/fotosenderismo.com\/wordpress\/wp-content\/uploads\/2018\/05\/TERMINOS-DE-BUSQUEDA-1.jpg\" alt=\"\" class=\"wp-image-10461\" style=\"width:260px;height:auto\"\/><\/a><\/figure>\n\n\n\n<p><\/p>\n\n\n\n<p class=\"has-text-align-center has-very-light-gray-background-color has-background\"><span style=\"text-decoration: underline; font-size: 10pt; font-family: georgia,palatino,serif;\"><span style=\"font-size: 14pt; font-family: georgia, palatino, serif;\"><strong><em>Camprodon, Llanars, Vilallonga de Ter, Setcases, Moll\u00f3, Agudes de Llanars, Puig Sistra, Puig Mosc\u00f3s, Serra De Falt\u00fas, Serra Meianers<\/em><\/strong><\/span><\/span><\/p>\n\n\n\n<p><\/p>\n\n\n\n<figure class=\"wp-block-image aligncenter\"><a href=\"http:\/\/fotosenderismo.com\/wordpress\/wp-content\/uploads\/2018\/05\/RELACIONADAS-1.jpg\"><img loading=\"lazy\" decoding=\"async\" width=\"261\" height=\"37\" src=\"http:\/\/fotosenderismo.com\/wordpress\/wp-content\/uploads\/2018\/05\/RELACIONADAS-1.jpg\" alt=\"\" class=\"wp-image-10460\"\/><\/a><\/figure>\n\n\n\n<p><\/p>\n\n\n\n<figure class=\"wp-block-embed aligncenter is-type-wp-embed is-provider-fotosenderismo-com wp-block-embed-fotosenderismo-com\"><div class=\"wp-block-embed__wrapper\">\n<blockquote class=\"wp-embedded-content\" data-secret=\"lWBnKMMjQE\"><a href=\"https:\/\/fotosenderismo.com\/wordpress\/index.php\/2014\/06\/11\/ruta-dels-tres-pics-de-llanars-agudes-1980-sistra-1990-moscos-1742\/\">Ruta dels Tres Pics de Llanars (Agudes, 1980. Sistra, 1990. Mosc\u00f3s, 1742)<\/a><\/blockquote><iframe loading=\"lazy\" class=\"wp-embedded-content\" sandbox=\"allow-scripts\" security=\"restricted\" style=\"position: absolute; clip: rect(1px, 1px, 1px, 1px);\" title=\"\u00abRuta dels Tres Pics de Llanars (Agudes, 1980. Sistra, 1990. Mosc\u00f3s, 1742)\u00bb \u2014 FOTOSENDERISMO.COM\" src=\"https:\/\/fotosenderismo.com\/wordpress\/index.php\/2014\/06\/11\/ruta-dels-tres-pics-de-llanars-agudes-1980-sistra-1990-moscos-1742\/embed\/#?secret=5GVqsHuhpf#?secret=lWBnKMMjQE\" data-secret=\"lWBnKMMjQE\" width=\"600\" height=\"338\" frameborder=\"0\" marginwidth=\"0\" marginheight=\"0\" scrolling=\"no\"><\/iframe>\n<\/div><\/figure>\n\n\n\n<p><\/p>\n\n\n\n<figure class=\"wp-block-embed aligncenter is-type-wp-embed is-provider-fotosenderismo-com wp-block-embed-fotosenderismo-com\"><div class=\"wp-block-embed__wrapper\">\n<blockquote class=\"wp-embedded-content\" data-secret=\"E1CrMNzLdF\"><a href=\"https:\/\/fotosenderismo.com\/wordpress\/index.php\/2018\/07\/12\/setcases-agudes-de-camprodon-1975-m\/\">Setcases, Agudes de Camprodon (1975 m.)<\/a><\/blockquote><iframe loading=\"lazy\" class=\"wp-embedded-content\" sandbox=\"allow-scripts\" security=\"restricted\" style=\"position: absolute; clip: rect(1px, 1px, 1px, 1px);\" title=\"\u00abSetcases, Agudes de Camprodon (1975 m.)\u00bb \u2014 FOTOSENDERISMO.COM\" src=\"https:\/\/fotosenderismo.com\/wordpress\/index.php\/2018\/07\/12\/setcases-agudes-de-camprodon-1975-m\/embed\/#?secret=yONPE4tyOc#?secret=E1CrMNzLdF\" data-secret=\"E1CrMNzLdF\" width=\"600\" height=\"338\" frameborder=\"0\" marginwidth=\"0\" marginheight=\"0\" scrolling=\"no\"><\/iframe>\n<\/div><\/figure>\n","protected":false},"excerpt":{"rendered":"<p>Salida del 24 de agosto de 2011 cuyo objetivo es alcanzar las Agudes de Camprodon, de 1974 metros y una de las cumbres secundarias del Pirineo de Gerona. La salida no tiene ninguna dificultad t\u00e9cnica en condiciones clim\u00e1ticas normales. Ir\u00e9 colgando m\u00e1s ascensiones a esta bonita monta\u00f1a, y est\u00e1 no es m\u00e1s que una variante que regresa a LLanars por la Ribera de Fait\u00fas. Como siempre, hemos de recordar que estamos en alta monta\u00f1a y que hay que ir equipado para imprevistos, incluso si salimos en verano y con buen tiempo. <\/p>\n","protected":false},"author":1,"featured_media":1838,"comment_status":"open","ping_status":"closed","sticky":false,"template":"","format":"standard","meta":{"footnotes":""},"categories":[46,53,54,281,34,42,50],"tags":[274,177,223],"class_list":["post-1576","post","type-post","status-publish","format-standard","has-post-thumbnail","hentry","category-girona","category-ripolles","category-pirineo-de-gerona","category-202-entre-15-y-20-km","category-entre-500-y-1000-metros","category-senderismo","category-alta-montana","tag-no-fotos","tag-eduard","tag-track-en-wikiloc"],"_links":{"self":[{"href":"https:\/\/fotosenderismo.com\/wordpress\/index.php\/wp-json\/wp\/v2\/posts\/1576","targetHints":{"allow":["GET"]}}],"collection":[{"href":"https:\/\/fotosenderismo.com\/wordpress\/index.php\/wp-json\/wp\/v2\/posts"}],"about":[{"href":"https:\/\/fotosenderismo.com\/wordpress\/index.php\/wp-json\/wp\/v2\/types\/post"}],"author":[{"embeddable":true,"href":"https:\/\/fotosenderismo.com\/wordpress\/index.php\/wp-json\/wp\/v2\/users\/1"}],"replies":[{"embeddable":true,"href":"https:\/\/fotosenderismo.com\/wordpress\/index.php\/wp-json\/wp\/v2\/comments?post=1576"}],"version-history":[{"count":34,"href":"https:\/\/fotosenderismo.com\/wordpress\/index.php\/wp-json\/wp\/v2\/posts\/1576\/revisions"}],"predecessor-version":[{"id":22605,"href":"https:\/\/fotosenderismo.com\/wordpress\/index.php\/wp-json\/wp\/v2\/posts\/1576\/revisions\/22605"}],"wp:featuredmedia":[{"embeddable":true,"href":"https:\/\/fotosenderismo.com\/wordpress\/index.php\/wp-json\/wp\/v2\/media\/1838"}],"wp:attachment":[{"href":"https:\/\/fotosenderismo.com\/wordpress\/index.php\/wp-json\/wp\/v2\/media?parent=1576"}],"wp:term":[{"taxonomy":"category","embeddable":true,"href":"https:\/\/fotosenderismo.com\/wordpress\/index.php\/wp-json\/wp\/v2\/categories?post=1576"},{"taxonomy":"post_tag","embeddable":true,"href":"https:\/\/fotosenderismo.com\/wordpress\/index.php\/wp-json\/wp\/v2\/tags?post=1576"}],"curies":[{"name":"wp","href":"https:\/\/api.w.org\/{rel}","templated":true}]}}