{"id":15101,"date":"2019-08-09T17:03:47","date_gmt":"2019-08-09T17:03:47","guid":{"rendered":"http:\/\/fotosenderismo.com\/wordpress\/?p=15101"},"modified":"2024-02-16T15:50:18","modified_gmt":"2024-02-16T15:50:18","slug":"camprodon-freixenet-de-baix-collada-dels-solans-coll-pregon-font-rubi-serra-de-nabar-coll-de-la-creueta","status":"publish","type":"post","link":"https:\/\/fotosenderismo.com\/wordpress\/index.php\/2019\/08\/09\/camprodon-freixenet-de-baix-collada-dels-solans-coll-pregon-font-rubi-serra-de-nabar-coll-de-la-creueta\/","title":{"rendered":"Camprodon, Freixenet de Baix, Collada dels Solans, Coll Pregon, Font-rub\u00ed, Serra de Nabar, Coll de la Creueta"},"content":{"rendered":"\n<p><\/p>\n\n\n\n<figure class=\"wp-block-image aligncenter\"><a href=\"https:\/\/photos.app.goo.gl\/uGbV1xJ55Qex9J8XA\" target=\"_blank\" rel=\"noreferrer noopener\"><img loading=\"lazy\" decoding=\"async\" width=\"400\" height=\"53\" src=\"http:\/\/fotosenderismo.com\/wordpress\/wp-content\/uploads\/2019\/08\/visualizar-galeria-fotos.jpg\" alt=\"\" class=\"wp-image-15105\" srcset=\"https:\/\/fotosenderismo.com\/wordpress\/wp-content\/uploads\/2019\/08\/visualizar-galeria-fotos.jpg 400w, https:\/\/fotosenderismo.com\/wordpress\/wp-content\/uploads\/2019\/08\/visualizar-galeria-fotos-300x40.jpg 300w\" sizes=\"auto, (max-width: 400px) 100vw, 400px\" \/><\/a><\/figure>\n\n\n\n<p><\/p>\n\n\n\n<p><\/p>\n\n\n\n<figure class=\"wp-block-image\"><a href=\"http:\/\/fotosenderismo.com\/wordpress\/wp-content\/uploads\/2019\/08\/CAMRODON-FREIXENET-NABAR-DATOS.jpg\" target=\"_blank\" rel=\"noreferrer noopener\"><img loading=\"lazy\" decoding=\"async\" width=\"1024\" height=\"692\" src=\"http:\/\/fotosenderismo.com\/wordpress\/wp-content\/uploads\/2019\/08\/CAMRODON-FREIXENET-NABAR-DATOS-1024x692.jpg\" alt=\"\" class=\"wp-image-15106\" srcset=\"https:\/\/fotosenderismo.com\/wordpress\/wp-content\/uploads\/2019\/08\/CAMRODON-FREIXENET-NABAR-DATOS-1024x692.jpg 1024w, https:\/\/fotosenderismo.com\/wordpress\/wp-content\/uploads\/2019\/08\/CAMRODON-FREIXENET-NABAR-DATOS-300x203.jpg 300w, https:\/\/fotosenderismo.com\/wordpress\/wp-content\/uploads\/2019\/08\/CAMRODON-FREIXENET-NABAR-DATOS-768x519.jpg 768w, https:\/\/fotosenderismo.com\/wordpress\/wp-content\/uploads\/2019\/08\/CAMRODON-FREIXENET-NABAR-DATOS-800x541.jpg 800w, https:\/\/fotosenderismo.com\/wordpress\/wp-content\/uploads\/2019\/08\/CAMRODON-FREIXENET-NABAR-DATOS.jpg 1482w\" sizes=\"auto, (max-width: 1024px) 100vw, 1024px\" \/><\/a><\/figure>\n\n\n\n<p><\/p>\n\n\n\n<figure class=\"wp-block-image aligncenter size-full\"><a href=\"https:\/\/fotosenderismo.com\/wordpress\/wp-content\/uploads\/2019-08-09-CAMPRODON-FREIXENET-SERRA-DE-NABAR.gpx\"><img loading=\"lazy\" decoding=\"async\" width=\"400\" height=\"50\" src=\"https:\/\/fotosenderismo.com\/wordpress\/wp-content\/uploads\/2024\/02\/descargar-track-9.jpg\" alt=\"\" class=\"wp-image-23007\" srcset=\"https:\/\/fotosenderismo.com\/wordpress\/wp-content\/uploads\/2024\/02\/descargar-track-9.jpg 400w, https:\/\/fotosenderismo.com\/wordpress\/wp-content\/uploads\/2024\/02\/descargar-track-9-300x38.jpg 300w\" sizes=\"auto, (max-width: 400px) 100vw, 400px\" \/><\/a><\/figure>\n\n\n\n<p><\/p>\n\n\n\n<p class=\"has-drop-cap has-very-light-gray-background-color has-background\" style=\"font-size:18px\"> <span id=\"speechify-first-word-listening-nudge-root-1\" style=\"position: absolute; z-index: 10000;\"><\/span><span id=\"speechify-first-word-listening-nudge-1\">Salida del 9<\/span> de agosto de 2019. El objetivo era el de dar una vuelta por el Freixenet de Baix y explorar al menos una peque\u00f1a parte del sendero cl\u00e1sico PRC 187, para m\u00ed todav\u00eda desconocido, que es el que une Santa  Maria de Bol\u00f2s con Camprod\u00f3n. He dejado el coche en la calle Llandrius  de Camprodon, junto a la piscina municipal, y me dirigido al camino que va de Camprodon a Moll\u00f3. Lo he seguido hasta que se une a la carretera general de Moll\u00f3. He andado por esta transitada v\u00eda durante 800 metros hasta alcanzar el Pont del Solans y el Camping del mismo nombre. Desde all\u00ed he tomado una pista en una direcci\u00f3n aproximada nordeste junto a la valla exterior del camping. Se sigue por este camino (con todas sus curvas) hasta la Collada del Solans, donde me he salido de la ruta principal para subir a la Serra de la Guilla y para inspeccionar el terreno y ver si pod\u00eda localizar alguna vereda o senda que me llevara de forma directa hasta Font-rub\u00ed. Como no la he encontrado he retrocedido nuevamente hasta Collada del Solans e he ido directamente a la carretera que va de Camprodon a Font-rub\u00ed. En realidad, no se trata de una carretera en un sentido estricto, ya que puede considerarse como una pista asfaltada un poco ancha. Adem\u00e1s, es utilizada por la gente para pasear por un camino bello, tranquilo y acogedor, aunque sea frecuentado por alg\u00fan coche. Por \u00e9l precisamente me me dirigido a Font-rub\u00ed, que no es otra cosa que una urbanizaci\u00f3n. Por sus calles he ido a buscar una trocha de acceso a Ribamala. Despu\u00e9s de Font-rub\u00ed y de un giro de 180 grados en el rumbo, nos introduciremos en una pista m\u00e1s o menos clara, pero pronto, a mano izquierda, veremos la trocha. Desciende abruptamente hasta el Torrent de Bac Morell, penosamente utilizado como pista de entrenamiento de trial. Aunque este uso sea penoso es precisamente lo que lo convierte en transitable. Por \u00e9l ascenderemos a la pista encementada de Ribamala. Sigui\u00e9ndola daremos con una puerta que, aunque no nos proh\u00edbe el paso, nos advierte de la presencia de toros bravos. He pensado que con suerte no me encontrar\u00eda ninguno, pero no ha sido as\u00ed y he visto uno mucho m\u00e1s cerca de lo que hubiera deseado (hab\u00eda m\u00e1s algo m\u00e1s apartados). A pesar de todo el animal no ha mostrado ning\u00fan tipo de actitud agresiva y m\u00e1s bien parec\u00eda que posaba de forma chulesca para una foto. Saliendo de la pista de cemento he tomado otra de tierra que me ha llevado al PRC 187. \u00c9sta ha sido la \u00faltima fase del recorrido y por este sendero cl\u00e1sico he regresado de nuevo a la calle Llandrius,  pasando por el Club de Golf Camprodon. Se trata de una excursi\u00f3n f\u00e1cil con rincones y paisajes preciosos, con gran diversidad vegetal y de \u00e1rboles y con algunas partes con vistas a las cumbres m\u00e1s relevantes del Pirineo en esta zona, como el Costabona o el Canig\u00f3. Cuidado durante los 800 metros de carretera general, pues algunos conductores pueden ser m\u00e1s peligrosos que todos los toros del mundo. <\/p>\n\n\n\n<p><span id=\"speechify-first-word-listening-nudge-root-2\" style=\"position: absolute; z-index: 10000;\"><\/span><span id=\"speechify-first-word-listening-nudge-2\">Aqu\u00ed tenemos un<\/span> comentario recibido. Lo pongo aqu\u00ed porque me parece muy importante:<\/p>\n\n\n\n<p><strong>Despu\u00e9s de haber estado tres veces por la zona AVISO que el paso por la finca Mas Blanc y, en concreto, cerca de las ruinas de La Tosquera es \u00a1EXTREMADAMENTE PELIGROSO! Tal como se cita, hay una explotaci\u00f3n de reses bravas (toros de lidia). \u00a1Est\u00e1 se\u00f1alizada y vallada, pero de forma INSUFICIENTE! La \u00faltima vez tuve una muy mala experiencia. Siempre procuro evitar explotaciones y caser\u00edos (simplemente por respeto) pero esta vez me encontr\u00e9 en un buen aprieto. \u00a1Gracias!<\/strong><\/p>\n\n\n\n<p><\/p>\n\n\n\n<figure><iframe loading=\"lazy\" src=\"https:\/\/ca.wikiloc.com\/wikiloc\/spatialArtifacts.do?event=view&amp;id=39705337&amp;measures=on&amp;title=on&amp;near=on&amp;images=on&amp;maptype=H\" width=\"1000\" height=\"1000\"><\/iframe><\/figure>\n\n\n\n<p>\nPowered by <a target=\"_blank\" href=\"https:\/\/ca.wikiloc.com\" rel=\"noreferrer noopener\">Wikiloc<\/a><\/p>\n\n\n\n<p><\/p>\n\n\n\n<figure class=\"wp-block-image\"><a href=\"http:\/\/fotosenderismo.com\/wordpress\/wp-content\/uploads\/2019\/08\/CAMRODON-FREIXENET-NABAR-EARTH-1.jpg\" target=\"_blank\" rel=\"noreferrer noopener\"><img loading=\"lazy\" decoding=\"async\" width=\"1024\" height=\"518\" src=\"http:\/\/fotosenderismo.com\/wordpress\/wp-content\/uploads\/2019\/08\/CAMRODON-FREIXENET-NABAR-EARTH-1-1024x518.jpg\" alt=\"\" class=\"wp-image-15107\" srcset=\"https:\/\/fotosenderismo.com\/wordpress\/wp-content\/uploads\/2019\/08\/CAMRODON-FREIXENET-NABAR-EARTH-1-1024x518.jpg 1024w, https:\/\/fotosenderismo.com\/wordpress\/wp-content\/uploads\/2019\/08\/CAMRODON-FREIXENET-NABAR-EARTH-1-300x152.jpg 300w, https:\/\/fotosenderismo.com\/wordpress\/wp-content\/uploads\/2019\/08\/CAMRODON-FREIXENET-NABAR-EARTH-1-768x388.jpg 768w, https:\/\/fotosenderismo.com\/wordpress\/wp-content\/uploads\/2019\/08\/CAMRODON-FREIXENET-NABAR-EARTH-1-800x405.jpg 800w, https:\/\/fotosenderismo.com\/wordpress\/wp-content\/uploads\/2019\/08\/CAMRODON-FREIXENET-NABAR-EARTH-1.jpg 1920w\" sizes=\"auto, (max-width: 1024px) 100vw, 1024px\" \/><\/a><\/figure>\n\n\n\n<p><\/p>\n\n\n\n<figure class=\"wp-block-image\"><a href=\"http:\/\/fotosenderismo.com\/wordpress\/wp-content\/uploads\/2019\/08\/CAMRODON-FREIXENET-NABAR-EARTH-2.jpg\" target=\"_blank\" rel=\"noreferrer noopener\"><img loading=\"lazy\" decoding=\"async\" width=\"1024\" height=\"518\" src=\"http:\/\/fotosenderismo.com\/wordpress\/wp-content\/uploads\/2019\/08\/CAMRODON-FREIXENET-NABAR-EARTH-2-1024x518.jpg\" alt=\"\" class=\"wp-image-15108\" srcset=\"https:\/\/fotosenderismo.com\/wordpress\/wp-content\/uploads\/2019\/08\/CAMRODON-FREIXENET-NABAR-EARTH-2-1024x518.jpg 1024w, https:\/\/fotosenderismo.com\/wordpress\/wp-content\/uploads\/2019\/08\/CAMRODON-FREIXENET-NABAR-EARTH-2-300x152.jpg 300w, https:\/\/fotosenderismo.com\/wordpress\/wp-content\/uploads\/2019\/08\/CAMRODON-FREIXENET-NABAR-EARTH-2-768x388.jpg 768w, https:\/\/fotosenderismo.com\/wordpress\/wp-content\/uploads\/2019\/08\/CAMRODON-FREIXENET-NABAR-EARTH-2-800x405.jpg 800w, https:\/\/fotosenderismo.com\/wordpress\/wp-content\/uploads\/2019\/08\/CAMRODON-FREIXENET-NABAR-EARTH-2.jpg 1920w\" sizes=\"auto, (max-width: 1024px) 100vw, 1024px\" \/><\/a><\/figure>\n\n\n\n<p><\/p>\n\n\n\n<figure class=\"wp-block-image\"><a href=\"http:\/\/fotosenderismo.com\/wordpress\/wp-content\/uploads\/2019\/08\/CAMRODON-FREIXENET-NABAR-PERFIL.jpg\" target=\"_blank\" rel=\"noreferrer noopener\"><img loading=\"lazy\" decoding=\"async\" width=\"1024\" height=\"327\" src=\"http:\/\/fotosenderismo.com\/wordpress\/wp-content\/uploads\/2019\/08\/CAMRODON-FREIXENET-NABAR-PERFIL-1024x327.jpg\" alt=\"\" class=\"wp-image-15111\" srcset=\"https:\/\/fotosenderismo.com\/wordpress\/wp-content\/uploads\/2019\/08\/CAMRODON-FREIXENET-NABAR-PERFIL-1024x327.jpg 1024w, https:\/\/fotosenderismo.com\/wordpress\/wp-content\/uploads\/2019\/08\/CAMRODON-FREIXENET-NABAR-PERFIL-300x96.jpg 300w, https:\/\/fotosenderismo.com\/wordpress\/wp-content\/uploads\/2019\/08\/CAMRODON-FREIXENET-NABAR-PERFIL-768x245.jpg 768w, https:\/\/fotosenderismo.com\/wordpress\/wp-content\/uploads\/2019\/08\/CAMRODON-FREIXENET-NABAR-PERFIL-800x255.jpg 800w, https:\/\/fotosenderismo.com\/wordpress\/wp-content\/uploads\/2019\/08\/CAMRODON-FREIXENET-NABAR-PERFIL.jpg 1867w\" sizes=\"auto, (max-width: 1024px) 100vw, 1024px\" \/><\/a><\/figure>\n\n\n\n<p><\/p>\n\n\n\n<figure class=\"wp-block-image aligncenter\"><img loading=\"lazy\" decoding=\"async\" width=\"261\" height=\"37\" src=\"http:\/\/fotosenderismo.com\/wordpress\/wp-content\/uploads\/2019\/08\/RELACIONADAS-1.jpg\" alt=\"\" class=\"wp-image-15103\"\/><\/figure>\n\n\n\n<p><\/p>\n\n\n\n<figure class=\"wp-block-embed aligncenter is-type-wp-embed is-provider-fotosenderismo-com wp-block-embed-fotosenderismo-com\"><div class=\"wp-block-embed__wrapper\">\n<blockquote class=\"wp-embedded-content\" data-secret=\"70EYYLFGuO\"><a href=\"https:\/\/fotosenderismo.com\/wordpress\/index.php\/2019\/08\/07\/camprodon-oratori-de-lascensio-llanars\/\">Camprodon, Oratori de l&#8217;Ascensi\u00f3, Llanars<\/a><\/blockquote><iframe loading=\"lazy\" class=\"wp-embedded-content\" sandbox=\"allow-scripts\" security=\"restricted\" style=\"position: absolute; clip: rect(1px, 1px, 1px, 1px);\" title=\"\u00abCamprodon, Oratori de l&#8217;Ascensi\u00f3, Llanars\u00bb \u2014 FOTOSENDERISMO.COM\" src=\"https:\/\/fotosenderismo.com\/wordpress\/index.php\/2019\/08\/07\/camprodon-oratori-de-lascensio-llanars\/embed\/#?secret=Anu3BgbhOi#?secret=70EYYLFGuO\" data-secret=\"70EYYLFGuO\" width=\"600\" height=\"338\" frameborder=\"0\" marginwidth=\"0\" marginheight=\"0\" scrolling=\"no\"><\/iframe>\n<\/div><\/figure>\n\n\n\n<figure class=\"wp-block-embed aligncenter is-type-wp-embed is-provider-fotosenderismo-com wp-block-embed-fotosenderismo-com\"><div class=\"wp-block-embed__wrapper\">\n<blockquote class=\"wp-embedded-content\" data-secret=\"thKCbrwMd2\"><a href=\"https:\/\/fotosenderismo.com\/wordpress\/index.php\/2019\/07\/05\/camprodon-collet-den-gener-llanars\/\">Camprodon, Collet d&#8217;en Gener, Llanars<\/a><\/blockquote><iframe loading=\"lazy\" class=\"wp-embedded-content\" sandbox=\"allow-scripts\" security=\"restricted\" style=\"position: absolute; clip: rect(1px, 1px, 1px, 1px);\" title=\"\u00abCamprodon, Collet d&#8217;en Gener, Llanars\u00bb \u2014 FOTOSENDERISMO.COM\" src=\"https:\/\/fotosenderismo.com\/wordpress\/index.php\/2019\/07\/05\/camprodon-collet-den-gener-llanars\/embed\/#?secret=29wZDO5OUB#?secret=thKCbrwMd2\" data-secret=\"thKCbrwMd2\" width=\"600\" height=\"338\" frameborder=\"0\" marginwidth=\"0\" marginheight=\"0\" scrolling=\"no\"><\/iframe>\n<\/div><\/figure>\n\n\n\n<figure class=\"wp-block-embed aligncenter is-type-wp-embed is-provider-fotosenderismo-com wp-block-embed-fotosenderismo-com\"><div class=\"wp-block-embed__wrapper\">\n<blockquote class=\"wp-embedded-content\" data-secret=\"d4IHhoQd6z\"><a href=\"https:\/\/fotosenderismo.com\/wordpress\/index.php\/2014\/08\/14\/camprodon-el-remei-sant-antoni\/\">Camprodon, el Remei, sant Antoni<\/a><\/blockquote><iframe loading=\"lazy\" class=\"wp-embedded-content\" sandbox=\"allow-scripts\" security=\"restricted\" style=\"position: absolute; clip: rect(1px, 1px, 1px, 1px);\" title=\"\u00abCamprodon, el Remei, sant Antoni\u00bb \u2014 FOTOSENDERISMO.COM\" src=\"https:\/\/fotosenderismo.com\/wordpress\/index.php\/2014\/08\/14\/camprodon-el-remei-sant-antoni\/embed\/#?secret=qZCifUlVn1#?secret=d4IHhoQd6z\" data-secret=\"d4IHhoQd6z\" width=\"600\" height=\"338\" frameborder=\"0\" marginwidth=\"0\" marginheight=\"0\" scrolling=\"no\"><\/iframe>\n<\/div><\/figure>\n","protected":false},"excerpt":{"rendered":"<p>Salida del 9 de agosto de 2019. El objetivo era el de dar una vuelta por el Freixenet de Baix y explorar al menos una peque\u00f1a parte del sendero cl\u00e1sico PRC 187, para mi todav\u00eda desconocido, que es el que une Santa Maria de Bol\u00f2s con Camprod\u00f3n. Se trata de una excursi\u00f3n f\u00e1cil  con rincones y paisajes preciosos, con gran diversidad vegetal y de  \u00e1rboles y con algunas partes con vistas a las cumbres m\u00e1s relevantes del  Pirineo en esta zona, como el Costabona o el Canig\u00f3. <\/p>\n","protected":false},"author":1,"featured_media":15109,"comment_status":"open","ping_status":"closed","sticky":false,"template":"","format":"standard","meta":{"footnotes":""},"categories":[46,53,54,280,33,42,47,48],"tags":[187,98,177,223],"class_list":["post-15101","post","type-post","status-publish","format-standard","has-post-thumbnail","hentry","category-girona","category-ripolles","category-pirineo-de-gerona","category-202-entre-10-y-15-km","category-menos-de-500","category-senderismo","category-circular-tipo-de-recorrido","category-media-montana-o-terrenos-altos","tag-fotos-by-eduard","tag-98","tag-eduard","tag-track-en-wikiloc"],"_links":{"self":[{"href":"https:\/\/fotosenderismo.com\/wordpress\/index.php\/wp-json\/wp\/v2\/posts\/15101","targetHints":{"allow":["GET"]}}],"collection":[{"href":"https:\/\/fotosenderismo.com\/wordpress\/index.php\/wp-json\/wp\/v2\/posts"}],"about":[{"href":"https:\/\/fotosenderismo.com\/wordpress\/index.php\/wp-json\/wp\/v2\/types\/post"}],"author":[{"embeddable":true,"href":"https:\/\/fotosenderismo.com\/wordpress\/index.php\/wp-json\/wp\/v2\/users\/1"}],"replies":[{"embeddable":true,"href":"https:\/\/fotosenderismo.com\/wordpress\/index.php\/wp-json\/wp\/v2\/comments?post=15101"}],"version-history":[{"count":10,"href":"https:\/\/fotosenderismo.com\/wordpress\/index.php\/wp-json\/wp\/v2\/posts\/15101\/revisions"}],"predecessor-version":[{"id":23012,"href":"https:\/\/fotosenderismo.com\/wordpress\/index.php\/wp-json\/wp\/v2\/posts\/15101\/revisions\/23012"}],"wp:featuredmedia":[{"embeddable":true,"href":"https:\/\/fotosenderismo.com\/wordpress\/index.php\/wp-json\/wp\/v2\/media\/15109"}],"wp:attachment":[{"href":"https:\/\/fotosenderismo.com\/wordpress\/index.php\/wp-json\/wp\/v2\/media?parent=15101"}],"wp:term":[{"taxonomy":"category","embeddable":true,"href":"https:\/\/fotosenderismo.com\/wordpress\/index.php\/wp-json\/wp\/v2\/categories?post=15101"},{"taxonomy":"post_tag","embeddable":true,"href":"https:\/\/fotosenderismo.com\/wordpress\/index.php\/wp-json\/wp\/v2\/tags?post=15101"}],"curies":[{"name":"wp","href":"https:\/\/api.w.org\/{rel}","templated":true}]}}