{"id":14831,"date":"2019-08-04T20:42:59","date_gmt":"2019-08-04T20:42:59","guid":{"rendered":"http:\/\/fotosenderismo.com\/wordpress\/?p=14831"},"modified":"2024-02-16T16:24:31","modified_gmt":"2024-02-16T16:24:31","slug":"sant-pau-de-seguries-puig-de-tres-fonts-torrent-de-quatrecases","status":"publish","type":"post","link":"https:\/\/fotosenderismo.com\/wordpress\/index.php\/2019\/08\/04\/sant-pau-de-seguries-puig-de-tres-fonts-torrent-de-quatrecases\/","title":{"rendered":"Sant Pau de Seg\u00faries, Puig de Tres Fonts, Torrent de Quatrecases"},"content":{"rendered":"\n<p><\/p>\n\n\n\n<figure class=\"wp-block-image aligncenter\"><a href=\"https:\/\/photos.app.goo.gl\/37CPBk7YGujRbg5r5\" target=\"_blank\" rel=\"noreferrer noopener\"><img loading=\"lazy\" decoding=\"async\" width=\"400\" height=\"53\" src=\"http:\/\/fotosenderismo.com\/wordpress\/wp-content\/uploads\/2019\/05\/visualizar-galeria-fotos.jpg\" alt=\"\" class=\"wp-image-14761\" srcset=\"https:\/\/fotosenderismo.com\/wordpress\/wp-content\/uploads\/2019\/05\/visualizar-galeria-fotos.jpg 400w, https:\/\/fotosenderismo.com\/wordpress\/wp-content\/uploads\/2019\/05\/visualizar-galeria-fotos-300x40.jpg 300w\" sizes=\"auto, (max-width: 400px) 100vw, 400px\" \/><\/a><\/figure>\n\n\n\n<p><\/p>\n\n\n\n<figure class=\"wp-block-image\"><a href=\"http:\/\/fotosenderismo.com\/wordpress\/wp-content\/uploads\/2019\/08\/TRES-FONTS-DATOS.jpg\" target=\"_blank\" rel=\"noreferrer noopener\"><img loading=\"lazy\" decoding=\"async\" width=\"1024\" height=\"714\" src=\"http:\/\/fotosenderismo.com\/wordpress\/wp-content\/uploads\/2019\/08\/TRES-FONTS-DATOS-1024x714.jpg\" alt=\"\" class=\"wp-image-14832\" srcset=\"https:\/\/fotosenderismo.com\/wordpress\/wp-content\/uploads\/2019\/08\/TRES-FONTS-DATOS-1024x714.jpg 1024w, https:\/\/fotosenderismo.com\/wordpress\/wp-content\/uploads\/2019\/08\/TRES-FONTS-DATOS-300x209.jpg 300w, https:\/\/fotosenderismo.com\/wordpress\/wp-content\/uploads\/2019\/08\/TRES-FONTS-DATOS-768x535.jpg 768w, https:\/\/fotosenderismo.com\/wordpress\/wp-content\/uploads\/2019\/08\/TRES-FONTS-DATOS-800x558.jpg 800w, https:\/\/fotosenderismo.com\/wordpress\/wp-content\/uploads\/2019\/08\/TRES-FONTS-DATOS.jpg 1430w\" sizes=\"auto, (max-width: 1024px) 100vw, 1024px\" \/><\/a><\/figure>\n\n\n\n<p><\/p>\n\n\n\n<figure class=\"wp-block-image aligncenter size-full\"><a href=\"https:\/\/fotosenderismo.com\/wordpress\/wp-content\/uploads\/2019-08-04-SANT-PAU-SEGURIES-TRES-FONTS.gpx\"><img loading=\"lazy\" decoding=\"async\" width=\"400\" height=\"50\" src=\"https:\/\/fotosenderismo.com\/wordpress\/wp-content\/uploads\/2024\/02\/descargar-track-9.jpg\" alt=\"\" class=\"wp-image-23007\" srcset=\"https:\/\/fotosenderismo.com\/wordpress\/wp-content\/uploads\/2024\/02\/descargar-track-9.jpg 400w, https:\/\/fotosenderismo.com\/wordpress\/wp-content\/uploads\/2024\/02\/descargar-track-9-300x38.jpg 300w\" sizes=\"auto, (max-width: 400px) 100vw, 400px\" \/><\/a><\/figure>\n\n\n\n<p><\/p>\n\n\n\n<p class=\"has-drop-cap has-very-light-gray-background-color has-background\" style=\"font-size:18px\"> <span id=\"speechify-first-word-listening-nudge-root-1\" style=\"position: absolute; z-index: 10000;\"><\/span><span id=\"speechify-first-word-listening-nudge-1\">El objetivo principal<\/span> de esta salida era la de culminar otra de las cotas con nombre de m\u00e1s de 1000 metros de la Garrotxa, en este caso el Puig de les Tres Fonts, de 1131 metros y que pertenece tanto a la Garrotxa como al Ripoll\u00e9s. El ascenso al pico no ha tenido problemas, y el tramo final del recorrido a la cumbre atraviesa un sombr\u00edo y excepcional hayedo. Para entrar al mismo, cuando abandonamos la pista forestal de Sant Pau a Sant Pon\u00e7 d\u2019Aulina, he tenido que limpiar un poco el acceso, pero despu\u00e9s el sendero es bastante claro y n\u00edtido.  Alcanzado la cumbre, en lugar de volver a Sant Pau, he decido explorar el terreno, y en primer lugar y durante m\u00e1s de una hora he tratado de transitar por la cresta para enlazar con una supuesta pista forestal, pero viendo que el intento no conduc\u00eda a nada, he decido volver hacia el Puig de les Tres Fonts (he editado el track y eliminado este tramo invalido). Justo antes de llegar a \u00e9ste he probado bajar por un sendero, de manera que esta vez la he podido enlazar. Transitando justo encima del t\u00fanel de Collab\u00f3s, he alcanzado la carretera. He seguido por esta hasta el sendero amarillo que viene de Sant Joan de les Abadesses,  pero en lugar de seguirlo en direcci\u00f3n Sant Pau he ido en direcci\u00f3n Sant Joan para cruzar el puente de Perella y seguir por el antiguo itinerario del GR 151. Esta vez el objetivo era visitar los caminos del Torrent de Quatrecases, a los p\u00eces de la Serra Cavallera, y volver por el camino de Can Balari. La parte alta de este tramo, aunque era transitable, necesitaba algo de tijera de podar, pero he podido volver a la carretera general sin problemas y a otro kil\u00f3metro justo de Sant Pau. En general es una buena salida, pasa por buenos bosques y los paisajes son bastante vistosos, aunque desde el Puig de les Tres Fonts  no hay vistas a causa del bosque que lo domina. La \u00fanica nota negativa es que tenemos que caminar por dos kil\u00f3metros de carretera general. Tengamos cuidado con los coches. Si se quiere subir \u00fanicamente al Puig de les Tres Fonts aprovechando este track, podemos simplemente, volver por donde hemos venido. <\/p>\n\n\n\n<p><\/p>\n\n\n\n<figure><iframe loading=\"lazy\" src=\"https:\/\/ca.wikiloc.com\/wikiloc\/spatialArtifacts.do?event=view&amp;id=39509835&amp;measures=on&amp;title=on&amp;near=on&amp;images=on&amp;maptype=H\" width=\"1000\" height=\"1000\"><\/iframe><\/figure>\n\n\n\n<p>\nPowered by <a target=\"_blank\" href=\"https:\/\/ca.wikiloc.com\" rel=\"noreferrer noopener\">Wikiloc<\/a><\/p>\n\n\n\n<p><\/p>\n\n\n\n<figure class=\"wp-block-image\"><a href=\"http:\/\/fotosenderismo.com\/wordpress\/wp-content\/uploads\/2019\/08\/TRES-FONTS-MAPA.jpg\" target=\"_blank\" rel=\"noreferrer noopener\"><img loading=\"lazy\" decoding=\"async\" width=\"1008\" height=\"1024\" src=\"http:\/\/fotosenderismo.com\/wordpress\/wp-content\/uploads\/2019\/08\/TRES-FONTS-MAPA-1008x1024.jpg\" alt=\"\" class=\"wp-image-14836\" srcset=\"https:\/\/fotosenderismo.com\/wordpress\/wp-content\/uploads\/2019\/08\/TRES-FONTS-MAPA-1008x1024.jpg 1008w, https:\/\/fotosenderismo.com\/wordpress\/wp-content\/uploads\/2019\/08\/TRES-FONTS-MAPA-295x300.jpg 295w, https:\/\/fotosenderismo.com\/wordpress\/wp-content\/uploads\/2019\/08\/TRES-FONTS-MAPA-768x780.jpg 768w, https:\/\/fotosenderismo.com\/wordpress\/wp-content\/uploads\/2019\/08\/TRES-FONTS-MAPA-800x813.jpg 800w, https:\/\/fotosenderismo.com\/wordpress\/wp-content\/uploads\/2019\/08\/TRES-FONTS-MAPA-45x45.jpg 45w, https:\/\/fotosenderismo.com\/wordpress\/wp-content\/uploads\/2019\/08\/TRES-FONTS-MAPA.jpg 1895w\" sizes=\"auto, (max-width: 1008px) 100vw, 1008px\" \/><\/a><\/figure>\n\n\n\n<p><\/p>\n\n\n\n<figure class=\"wp-block-image\"><a href=\"http:\/\/fotosenderismo.com\/wordpress\/wp-content\/uploads\/2019\/08\/TRES-FONTS-EARTH-1.jpg\" target=\"_blank\" rel=\"noreferrer noopener\"><img loading=\"lazy\" decoding=\"async\" width=\"1024\" height=\"518\" src=\"http:\/\/fotosenderismo.com\/wordpress\/wp-content\/uploads\/2019\/08\/TRES-FONTS-EARTH-1-1024x518.jpg\" alt=\"\" class=\"wp-image-14833\" srcset=\"https:\/\/fotosenderismo.com\/wordpress\/wp-content\/uploads\/2019\/08\/TRES-FONTS-EARTH-1-1024x518.jpg 1024w, https:\/\/fotosenderismo.com\/wordpress\/wp-content\/uploads\/2019\/08\/TRES-FONTS-EARTH-1-300x152.jpg 300w, https:\/\/fotosenderismo.com\/wordpress\/wp-content\/uploads\/2019\/08\/TRES-FONTS-EARTH-1-768x388.jpg 768w, https:\/\/fotosenderismo.com\/wordpress\/wp-content\/uploads\/2019\/08\/TRES-FONTS-EARTH-1-800x405.jpg 800w, https:\/\/fotosenderismo.com\/wordpress\/wp-content\/uploads\/2019\/08\/TRES-FONTS-EARTH-1.jpg 1920w\" sizes=\"auto, (max-width: 1024px) 100vw, 1024px\" \/><\/a><\/figure>\n\n\n\n<p><\/p>\n\n\n\n<figure class=\"wp-block-image\"><a href=\"http:\/\/fotosenderismo.com\/wordpress\/wp-content\/uploads\/2019\/08\/TRES-FONTS-EARTH-2.jpg\" target=\"_blank\" rel=\"noreferrer noopener\"><img loading=\"lazy\" decoding=\"async\" width=\"1024\" height=\"518\" src=\"http:\/\/fotosenderismo.com\/wordpress\/wp-content\/uploads\/2019\/08\/TRES-FONTS-EARTH-2-1024x518.jpg\" alt=\"\" class=\"wp-image-14834\" srcset=\"https:\/\/fotosenderismo.com\/wordpress\/wp-content\/uploads\/2019\/08\/TRES-FONTS-EARTH-2-1024x518.jpg 1024w, https:\/\/fotosenderismo.com\/wordpress\/wp-content\/uploads\/2019\/08\/TRES-FONTS-EARTH-2-300x152.jpg 300w, https:\/\/fotosenderismo.com\/wordpress\/wp-content\/uploads\/2019\/08\/TRES-FONTS-EARTH-2-768x388.jpg 768w, https:\/\/fotosenderismo.com\/wordpress\/wp-content\/uploads\/2019\/08\/TRES-FONTS-EARTH-2-800x405.jpg 800w, https:\/\/fotosenderismo.com\/wordpress\/wp-content\/uploads\/2019\/08\/TRES-FONTS-EARTH-2.jpg 1920w\" sizes=\"auto, (max-width: 1024px) 100vw, 1024px\" \/><\/a><\/figure>\n\n\n\n<p><\/p>\n\n\n\n<figure class=\"wp-block-image\"><a href=\"http:\/\/fotosenderismo.com\/wordpress\/wp-content\/uploads\/2019\/08\/TRES-FONTS-PERFIL.jpg\" target=\"_blank\" rel=\"noreferrer noopener\"><img loading=\"lazy\" decoding=\"async\" width=\"1024\" height=\"281\" src=\"http:\/\/fotosenderismo.com\/wordpress\/wp-content\/uploads\/2019\/08\/TRES-FONTS-PERFIL-1024x281.jpg\" alt=\"\" class=\"wp-image-14837\" srcset=\"https:\/\/fotosenderismo.com\/wordpress\/wp-content\/uploads\/2019\/08\/TRES-FONTS-PERFIL-1024x281.jpg 1024w, https:\/\/fotosenderismo.com\/wordpress\/wp-content\/uploads\/2019\/08\/TRES-FONTS-PERFIL-300x82.jpg 300w, https:\/\/fotosenderismo.com\/wordpress\/wp-content\/uploads\/2019\/08\/TRES-FONTS-PERFIL-768x210.jpg 768w, https:\/\/fotosenderismo.com\/wordpress\/wp-content\/uploads\/2019\/08\/TRES-FONTS-PERFIL-800x219.jpg 800w, https:\/\/fotosenderismo.com\/wordpress\/wp-content\/uploads\/2019\/08\/TRES-FONTS-PERFIL.jpg 1865w\" sizes=\"auto, (max-width: 1024px) 100vw, 1024px\" \/><\/a><\/figure>\n\n\n\n<p><\/p>\n\n\n\n<figure class=\"wp-block-image aligncenter\"><img loading=\"lazy\" decoding=\"async\" width=\"261\" height=\"37\" src=\"http:\/\/fotosenderismo.com\/wordpress\/wp-content\/uploads\/2019\/07\/RELACIONADAS-1.jpg\" alt=\"\" class=\"wp-image-14795\"\/><\/figure>\n\n\n\n<p><\/p>\n\n\n\n<figure class=\"wp-block-embed aligncenter is-type-wp-embed is-provider-fotosenderismo-com wp-block-embed-fotosenderismo-com\"><div class=\"wp-block-embed__wrapper\">\n<blockquote class=\"wp-embedded-content\" data-secret=\"OPu8U0H59F\"><a href=\"https:\/\/fotosenderismo.com\/wordpress\/index.php\/2019\/07\/30\/sant-pau-de-seguries-puig-sacreu-2\/\">Sant Pau de Seg\u00faries, Puisacreu<\/a><\/blockquote><iframe loading=\"lazy\" class=\"wp-embedded-content\" sandbox=\"allow-scripts\" security=\"restricted\" style=\"position: absolute; clip: rect(1px, 1px, 1px, 1px);\" title=\"\u00abSant Pau de Seg\u00faries, Puisacreu\u00bb \u2014 FOTOSENDERISMO.COM\" src=\"https:\/\/fotosenderismo.com\/wordpress\/index.php\/2019\/07\/30\/sant-pau-de-seguries-puig-sacreu-2\/embed\/#?secret=lQgvsiTx2E#?secret=OPu8U0H59F\" data-secret=\"OPu8U0H59F\" width=\"600\" height=\"338\" frameborder=\"0\" marginwidth=\"0\" marginheight=\"0\" scrolling=\"no\"><\/iframe>\n<\/div><\/figure>\n\n\n\n<figure class=\"wp-block-embed aligncenter is-type-wp-embed is-provider-fotosenderismo-com wp-block-embed-fotosenderismo-com\"><div class=\"wp-block-embed__wrapper\">\n<blockquote class=\"wp-embedded-content\" data-secret=\"yUwMXsspm1\"><a href=\"https:\/\/fotosenderismo.com\/wordpress\/index.php\/2019\/07\/19\/sant-pau-de-seguries-puig-sacreu\/\">Sant Pau de Seg\u00faries, Puig Sacreu<\/a><\/blockquote><iframe loading=\"lazy\" class=\"wp-embedded-content\" sandbox=\"allow-scripts\" security=\"restricted\" style=\"position: absolute; clip: rect(1px, 1px, 1px, 1px);\" title=\"\u00abSant Pau de Seg\u00faries, Puig Sacreu\u00bb \u2014 FOTOSENDERISMO.COM\" src=\"https:\/\/fotosenderismo.com\/wordpress\/index.php\/2019\/07\/19\/sant-pau-de-seguries-puig-sacreu\/embed\/#?secret=zKZmYYsKOm#?secret=yUwMXsspm1\" data-secret=\"yUwMXsspm1\" width=\"600\" height=\"338\" frameborder=\"0\" marginwidth=\"0\" marginheight=\"0\" scrolling=\"no\"><\/iframe>\n<\/div><\/figure>\n\n\n\n<figure class=\"wp-block-embed aligncenter is-type-wp-embed is-provider-fotosenderismo-com wp-block-embed-fotosenderismo-com\"><div class=\"wp-block-embed__wrapper\">\n<blockquote class=\"wp-embedded-content\" data-secret=\"e4gXlETqsT\"><a href=\"https:\/\/fotosenderismo.com\/wordpress\/index.php\/2019\/07\/31\/sant-salvador-de-bianya-port-de-capsacosta-fageda-de-la-llebre-sant-pau-de-seguries-cami-roma\/\">Sant Salvador de Bianya, Port de Capsacosta, Fageda de la LLebre, Sant Pau de Seg\u00faries, Cam\u00ed Rom\u00e0<\/a><\/blockquote><iframe loading=\"lazy\" class=\"wp-embedded-content\" sandbox=\"allow-scripts\" security=\"restricted\" style=\"position: absolute; clip: rect(1px, 1px, 1px, 1px);\" title=\"\u00abSant Salvador de Bianya, Port de Capsacosta, Fageda de la LLebre, Sant Pau de Seg\u00faries, Cam\u00ed Rom\u00e0\u00bb \u2014 FOTOSENDERISMO.COM\" src=\"https:\/\/fotosenderismo.com\/wordpress\/index.php\/2019\/07\/31\/sant-salvador-de-bianya-port-de-capsacosta-fageda-de-la-llebre-sant-pau-de-seguries-cami-roma\/embed\/#?secret=a631kmDmTZ#?secret=e4gXlETqsT\" data-secret=\"e4gXlETqsT\" width=\"600\" height=\"338\" frameborder=\"0\" marginwidth=\"0\" marginheight=\"0\" scrolling=\"no\"><\/iframe>\n<\/div><\/figure>\n","protected":false},"excerpt":{"rendered":"<p>Salida del 4 de agosto de 2019. El objetivo principal de esta salida era la de culminar otra de las  cotas con nombre de m\u00e1s de 1000 metros de la Garrotxa, en este caso el  Puig de les Tres Fonts, de 1131 metros y que pertenece tanto a la  Garrotxa como al Ripoll\u00e9s. El ascenso al pico no ha tenido problemas, y  el tramo final del recorrido a la cumbre atraviesa un sombr\u00edo y  excepcional hayedo.<\/p>\n","protected":false},"author":1,"featured_media":14835,"comment_status":"open","ping_status":"closed","sticky":false,"template":"","format":"standard","meta":{"footnotes":""},"categories":[45,46,53,131,54,281,34,42,47,48],"tags":[187,98,177,223],"class_list":["post-14831","post","type-post","status-publish","format-standard","has-post-thumbnail","hentry","category-garrotxa","category-girona","category-ripolles","category-cumbres-garrotxa-mas-de-1000-metros","category-pirineo-de-gerona","category-202-entre-15-y-20-km","category-entre-500-y-1000-metros","category-senderismo","category-circular-tipo-de-recorrido","category-media-montana-o-terrenos-altos","tag-fotos-by-eduard","tag-98","tag-eduard","tag-track-en-wikiloc"],"_links":{"self":[{"href":"https:\/\/fotosenderismo.com\/wordpress\/index.php\/wp-json\/wp\/v2\/posts\/14831","targetHints":{"allow":["GET"]}}],"collection":[{"href":"https:\/\/fotosenderismo.com\/wordpress\/index.php\/wp-json\/wp\/v2\/posts"}],"about":[{"href":"https:\/\/fotosenderismo.com\/wordpress\/index.php\/wp-json\/wp\/v2\/types\/post"}],"author":[{"embeddable":true,"href":"https:\/\/fotosenderismo.com\/wordpress\/index.php\/wp-json\/wp\/v2\/users\/1"}],"replies":[{"embeddable":true,"href":"https:\/\/fotosenderismo.com\/wordpress\/index.php\/wp-json\/wp\/v2\/comments?post=14831"}],"version-history":[{"count":10,"href":"https:\/\/fotosenderismo.com\/wordpress\/index.php\/wp-json\/wp\/v2\/posts\/14831\/revisions"}],"predecessor-version":[{"id":23030,"href":"https:\/\/fotosenderismo.com\/wordpress\/index.php\/wp-json\/wp\/v2\/posts\/14831\/revisions\/23030"}],"wp:featuredmedia":[{"embeddable":true,"href":"https:\/\/fotosenderismo.com\/wordpress\/index.php\/wp-json\/wp\/v2\/media\/14835"}],"wp:attachment":[{"href":"https:\/\/fotosenderismo.com\/wordpress\/index.php\/wp-json\/wp\/v2\/media?parent=14831"}],"wp:term":[{"taxonomy":"category","embeddable":true,"href":"https:\/\/fotosenderismo.com\/wordpress\/index.php\/wp-json\/wp\/v2\/categories?post=14831"},{"taxonomy":"post_tag","embeddable":true,"href":"https:\/\/fotosenderismo.com\/wordpress\/index.php\/wp-json\/wp\/v2\/tags?post=14831"}],"curies":[{"name":"wp","href":"https:\/\/api.w.org\/{rel}","templated":true}]}}