{"id":14736,"date":"2010-02-04T16:00:16","date_gmt":"2010-02-04T16:00:16","guid":{"rendered":"http:\/\/fotosenderismo.com\/wordpress\/?p=14736"},"modified":"2024-02-13T15:37:28","modified_gmt":"2024-02-13T15:37:28","slug":"celra-santuari-dels-angels-juia","status":"publish","type":"post","link":"https:\/\/fotosenderismo.com\/wordpress\/index.php\/2010\/02\/04\/celra-santuari-dels-angels-juia\/","title":{"rendered":"Celr\u00e0, Santuari dels \u00c0ngels, Jui\u00e0"},"content":{"rendered":"\n<p><\/p>\n\n\n\n<figure class=\"wp-block-image aligncenter size-large\"><a href=\"https:\/\/photos.google.com\/share\/AF1QipO9nyrrkTF3OdBb5U7gVI1TTnVO0TPa2D2A8CEPmH2lQWZrfTHyz95-gjlW6TyWeQ?key=VG5HMGxwWmE1c1VHM2ZObHp4R3JWSTF5RnZ1eGVR\" target=\"_blank\" rel=\"noreferrer noopener\"><img loading=\"lazy\" decoding=\"async\" width=\"400\" height=\"53\" src=\"https:\/\/fotosenderismo.com\/wordpress\/wp-content\/uploads\/2020\/01\/visualizar-galeria-fotos.jpg\" alt=\"\" class=\"wp-image-16637\" srcset=\"https:\/\/fotosenderismo.com\/wordpress\/wp-content\/uploads\/2020\/01\/visualizar-galeria-fotos.jpg 400w, https:\/\/fotosenderismo.com\/wordpress\/wp-content\/uploads\/2020\/01\/visualizar-galeria-fotos-300x40.jpg 300w\" sizes=\"auto, (max-width: 400px) 100vw, 400px\" \/><\/a><\/figure>\n\n\n\n<p><\/p>\n\n\n\n<figure class=\"wp-block-image\"><a href=\"http:\/\/fotosenderismo.com\/wordpress\/wp-content\/uploads\/2010\/02\/cerla-angels-juia-datos-2.jpg\" target=\"_blank\" rel=\"noreferrer noopener\"><img loading=\"lazy\" decoding=\"async\" width=\"1024\" height=\"712\" src=\"http:\/\/fotosenderismo.com\/wordpress\/wp-content\/uploads\/2010\/02\/cerla-angels-juia-datos-2-1024x712.jpg\" alt=\"\" class=\"wp-image-14746\" srcset=\"https:\/\/fotosenderismo.com\/wordpress\/wp-content\/uploads\/2010\/02\/cerla-angels-juia-datos-2-1024x712.jpg 1024w, https:\/\/fotosenderismo.com\/wordpress\/wp-content\/uploads\/2010\/02\/cerla-angels-juia-datos-2-300x209.jpg 300w, https:\/\/fotosenderismo.com\/wordpress\/wp-content\/uploads\/2010\/02\/cerla-angels-juia-datos-2-768x534.jpg 768w, https:\/\/fotosenderismo.com\/wordpress\/wp-content\/uploads\/2010\/02\/cerla-angels-juia-datos-2-800x557.jpg 800w, https:\/\/fotosenderismo.com\/wordpress\/wp-content\/uploads\/2010\/02\/cerla-angels-juia-datos-2.jpg 1433w\" sizes=\"auto, (max-width: 1024px) 100vw, 1024px\" \/><\/a><\/figure>\n\n\n\n<p><\/p>\n\n\n\n<figure class=\"wp-block-image aligncenter\"><a href=\"http:\/\/fotosenderismo.com\/wordpress\/wp-content\/uploads\/2010-02-04-CELRA-ANGELS-JUIA.gpx\"><img loading=\"lazy\" decoding=\"async\" width=\"400\" height=\"50\" src=\"http:\/\/fotosenderismo.com\/wordpress\/wp-content\/uploads\/2019\/05\/descargar-track.jpg\" alt=\"\" class=\"wp-image-14259\" srcset=\"https:\/\/fotosenderismo.com\/wordpress\/wp-content\/uploads\/2019\/05\/descargar-track.jpg 400w, https:\/\/fotosenderismo.com\/wordpress\/wp-content\/uploads\/2019\/05\/descargar-track-300x38.jpg 300w\" sizes=\"auto, (max-width: 400px) 100vw, 400px\" \/><\/a><\/figure>\n\n\n\n<p><\/p>\n\n\n\n<p class=\"has-drop-cap has-very-light-gray-background-color has-background\" style=\"font-size:18px\"> Salida del 10 de febrero de 2010 que necesita dos coches, uno en Celr\u00e0 y otro en Jui\u00e0. El objetivo es el de recorrer algunos de los rincones m\u00e1s rec\u00f3nditos de les Gavarres. Sube al castillo de Sant Miquel, desciende al Bac de Mediny\u00e0, visita unas minas antiguas, y por senderos del bosque m\u00e1s o menos claros se va acercando al santuario del \u00c0ngels, que se caracteriza por su terraza, ya que all\u00ed te puedes tomar alg\u00fan refresco disfrutando de espectaculares vistas a todo l\u2019Empord\u00e0. Despu\u00e9s desciende por pista hasta Jui\u00e0. <\/p>\n\n\n\n<p><\/p>\n\n\n\n<figure><iframe loading=\"lazy\" src=\"https:\/\/ca.wikiloc.com\/wikiloc\/spatialArtifacts.do?event=view&amp;id=39065643&amp;measures=on&amp;title=on&amp;near=on&amp;images=on&amp;maptype=H\" width=\"1000\" height=\"1000\"><\/iframe><\/figure>\n\n\n\n<p>\nPowered by <a target=\"_blank\" href=\"https:\/\/ca.wikiloc.com\" rel=\"noreferrer noopener\">Wikiloc<\/a><\/p>\n\n\n\n<p><\/p>\n\n\n\n<figure class=\"wp-block-image\"><a href=\"http:\/\/fotosenderismo.com\/wordpress\/wp-content\/uploads\/2019\/07\/CELRA-ANGELS-JUIA-MAPA.jpg\" target=\"_blank\" rel=\"noreferrer noopener\"><img loading=\"lazy\" decoding=\"async\" width=\"991\" height=\"1024\" src=\"http:\/\/fotosenderismo.com\/wordpress\/wp-content\/uploads\/2019\/07\/CELRA-ANGELS-JUIA-MAPA-991x1024.jpg\" alt=\"\" class=\"wp-image-14741\" srcset=\"https:\/\/fotosenderismo.com\/wordpress\/wp-content\/uploads\/2019\/07\/CELRA-ANGELS-JUIA-MAPA-991x1024.jpg 991w, https:\/\/fotosenderismo.com\/wordpress\/wp-content\/uploads\/2019\/07\/CELRA-ANGELS-JUIA-MAPA-290x300.jpg 290w, https:\/\/fotosenderismo.com\/wordpress\/wp-content\/uploads\/2019\/07\/CELRA-ANGELS-JUIA-MAPA-768x794.jpg 768w, https:\/\/fotosenderismo.com\/wordpress\/wp-content\/uploads\/2019\/07\/CELRA-ANGELS-JUIA-MAPA-800x827.jpg 800w, https:\/\/fotosenderismo.com\/wordpress\/wp-content\/uploads\/2019\/07\/CELRA-ANGELS-JUIA-MAPA-45x45.jpg 45w, https:\/\/fotosenderismo.com\/wordpress\/wp-content\/uploads\/2019\/07\/CELRA-ANGELS-JUIA-MAPA.jpg 1918w\" sizes=\"auto, (max-width: 991px) 100vw, 991px\" \/><\/a><\/figure>\n\n\n\n<p><\/p>\n\n\n\n<figure class=\"wp-block-image\"><a href=\"http:\/\/fotosenderismo.com\/wordpress\/wp-content\/uploads\/2019\/07\/CELRA-ANGELS-JUIA-EARTH-1.jpg\" target=\"_blank\" rel=\"noreferrer noopener\"><img loading=\"lazy\" decoding=\"async\" width=\"1024\" height=\"518\" src=\"http:\/\/fotosenderismo.com\/wordpress\/wp-content\/uploads\/2019\/07\/CELRA-ANGELS-JUIA-EARTH-1-1024x518.jpg\" alt=\"\" class=\"wp-image-14738\" srcset=\"https:\/\/fotosenderismo.com\/wordpress\/wp-content\/uploads\/2019\/07\/CELRA-ANGELS-JUIA-EARTH-1-1024x518.jpg 1024w, https:\/\/fotosenderismo.com\/wordpress\/wp-content\/uploads\/2019\/07\/CELRA-ANGELS-JUIA-EARTH-1-300x152.jpg 300w, https:\/\/fotosenderismo.com\/wordpress\/wp-content\/uploads\/2019\/07\/CELRA-ANGELS-JUIA-EARTH-1-768x388.jpg 768w, https:\/\/fotosenderismo.com\/wordpress\/wp-content\/uploads\/2019\/07\/CELRA-ANGELS-JUIA-EARTH-1-800x405.jpg 800w, https:\/\/fotosenderismo.com\/wordpress\/wp-content\/uploads\/2019\/07\/CELRA-ANGELS-JUIA-EARTH-1.jpg 1920w\" sizes=\"auto, (max-width: 1024px) 100vw, 1024px\" \/><\/a><\/figure>\n\n\n\n<p><\/p>\n\n\n\n<figure class=\"wp-block-image\"><a href=\"http:\/\/fotosenderismo.com\/wordpress\/wp-content\/uploads\/2019\/07\/CELRA-ANGELS-JUIA-EARTH-2.jpg\" target=\"_blank\" rel=\"noreferrer noopener\"><img loading=\"lazy\" decoding=\"async\" width=\"1024\" height=\"518\" src=\"http:\/\/fotosenderismo.com\/wordpress\/wp-content\/uploads\/2019\/07\/CELRA-ANGELS-JUIA-EARTH-2-1024x518.jpg\" alt=\"\" class=\"wp-image-14739\" srcset=\"https:\/\/fotosenderismo.com\/wordpress\/wp-content\/uploads\/2019\/07\/CELRA-ANGELS-JUIA-EARTH-2-1024x518.jpg 1024w, https:\/\/fotosenderismo.com\/wordpress\/wp-content\/uploads\/2019\/07\/CELRA-ANGELS-JUIA-EARTH-2-300x152.jpg 300w, https:\/\/fotosenderismo.com\/wordpress\/wp-content\/uploads\/2019\/07\/CELRA-ANGELS-JUIA-EARTH-2-768x388.jpg 768w, https:\/\/fotosenderismo.com\/wordpress\/wp-content\/uploads\/2019\/07\/CELRA-ANGELS-JUIA-EARTH-2-800x405.jpg 800w, https:\/\/fotosenderismo.com\/wordpress\/wp-content\/uploads\/2019\/07\/CELRA-ANGELS-JUIA-EARTH-2.jpg 1920w\" sizes=\"auto, (max-width: 1024px) 100vw, 1024px\" \/><\/a><\/figure>\n\n\n\n<p><\/p>\n\n\n\n<figure class=\"wp-block-image\"><a href=\"http:\/\/fotosenderismo.com\/wordpress\/wp-content\/uploads\/2019\/07\/CELRA-ANGELS-JUIA-PERFIL.jpg\" target=\"_blank\" rel=\"noreferrer noopener\"><img loading=\"lazy\" decoding=\"async\" width=\"1024\" height=\"349\" src=\"http:\/\/fotosenderismo.com\/wordpress\/wp-content\/uploads\/2019\/07\/CELRA-ANGELS-JUIA-PERFIL-1024x349.jpg\" alt=\"\" class=\"wp-image-14742\" srcset=\"https:\/\/fotosenderismo.com\/wordpress\/wp-content\/uploads\/2019\/07\/CELRA-ANGELS-JUIA-PERFIL-1024x349.jpg 1024w, https:\/\/fotosenderismo.com\/wordpress\/wp-content\/uploads\/2019\/07\/CELRA-ANGELS-JUIA-PERFIL-300x102.jpg 300w, https:\/\/fotosenderismo.com\/wordpress\/wp-content\/uploads\/2019\/07\/CELRA-ANGELS-JUIA-PERFIL-768x261.jpg 768w, https:\/\/fotosenderismo.com\/wordpress\/wp-content\/uploads\/2019\/07\/CELRA-ANGELS-JUIA-PERFIL-800x272.jpg 800w, https:\/\/fotosenderismo.com\/wordpress\/wp-content\/uploads\/2019\/07\/CELRA-ANGELS-JUIA-PERFIL.jpg 1889w\" sizes=\"auto, (max-width: 1024px) 100vw, 1024px\" \/><\/a><\/figure>\n\n\n\n<p><\/p>\n\n\n\n<figure class=\"wp-block-image aligncenter\"><img loading=\"lazy\" decoding=\"async\" width=\"261\" height=\"37\" src=\"http:\/\/fotosenderismo.com\/wordpress\/wp-content\/uploads\/2019\/05\/RELACIONADAS-1.jpg\" alt=\"\" class=\"wp-image-14260\"\/><\/figure>\n\n\n\n<p><\/p>\n\n\n\n<figure class=\"wp-block-embed aligncenter is-type-wp-embed is-provider-fotosenderismo-com wp-block-embed-fotosenderismo-com\"><div class=\"wp-block-embed__wrapper\">\n<blockquote class=\"wp-embedded-content\" data-secret=\"Lx3DtX8BQL\"><a href=\"https:\/\/fotosenderismo.com\/wordpress\/index.php\/2017\/12\/07\/quart-els-angels-castell-de-palagret-celra\/\">Quart, Els \u00c0ngels, Castell de Palagret, Celr\u00e0<\/a><\/blockquote><iframe loading=\"lazy\" class=\"wp-embedded-content\" sandbox=\"allow-scripts\" security=\"restricted\" style=\"position: absolute; clip: rect(1px, 1px, 1px, 1px);\" title=\"\u00abQuart, Els \u00c0ngels, Castell de Palagret, Celr\u00e0\u00bb \u2014 FOTOSENDERISMO.COM\" src=\"https:\/\/fotosenderismo.com\/wordpress\/index.php\/2017\/12\/07\/quart-els-angels-castell-de-palagret-celra\/embed\/#?secret=MboUSv5IFi#?secret=Lx3DtX8BQL\" data-secret=\"Lx3DtX8BQL\" width=\"600\" height=\"338\" frameborder=\"0\" marginwidth=\"0\" marginheight=\"0\" scrolling=\"no\"><\/iframe>\n<\/div><\/figure>\n\n\n\n<figure class=\"wp-block-embed aligncenter is-type-wp-embed is-provider-fotosenderismo-com wp-block-embed-fotosenderismo-com\"><div class=\"wp-block-embed__wrapper\">\n<blockquote class=\"wp-embedded-content\" data-secret=\"a7Qbm8PkP4\"><a href=\"https:\/\/fotosenderismo.com\/wordpress\/index.php\/2019\/05\/01\/les-gavarres-romanya-puig-darques\/\">Les Gavarres. Romany\u00e0, Puig d&#8217;Arques<\/a><\/blockquote><iframe loading=\"lazy\" class=\"wp-embedded-content\" sandbox=\"allow-scripts\" security=\"restricted\" style=\"position: absolute; clip: rect(1px, 1px, 1px, 1px);\" title=\"\u00abLes Gavarres. Romany\u00e0, Puig d&#8217;Arques\u00bb \u2014 FOTOSENDERISMO.COM\" src=\"https:\/\/fotosenderismo.com\/wordpress\/index.php\/2019\/05\/01\/les-gavarres-romanya-puig-darques\/embed\/#?secret=vndxjpk2Bk#?secret=a7Qbm8PkP4\" data-secret=\"a7Qbm8PkP4\" width=\"600\" height=\"338\" frameborder=\"0\" marginwidth=\"0\" marginheight=\"0\" scrolling=\"no\"><\/iframe>\n<\/div><\/figure>\n\n\n\n<figure class=\"wp-block-embed aligncenter is-type-wp-embed is-provider-fotosenderismo-com wp-block-embed-fotosenderismo-com\"><div class=\"wp-block-embed__wrapper\">\n<blockquote class=\"wp-embedded-content\" data-secret=\"PYMuhL0vPm\"><a href=\"https:\/\/fotosenderismo.com\/wordpress\/index.php\/2016\/10\/10\/quart-santuari-dels-angels\/\">Quart, santuari dels \u00c0ngels<\/a><\/blockquote><iframe loading=\"lazy\" class=\"wp-embedded-content\" sandbox=\"allow-scripts\" security=\"restricted\" style=\"position: absolute; clip: rect(1px, 1px, 1px, 1px);\" title=\"\u00abQuart, santuari dels \u00c0ngels\u00bb \u2014 FOTOSENDERISMO.COM\" src=\"https:\/\/fotosenderismo.com\/wordpress\/index.php\/2016\/10\/10\/quart-santuari-dels-angels\/embed\/#?secret=khbEWtusQd#?secret=PYMuhL0vPm\" data-secret=\"PYMuhL0vPm\" width=\"600\" height=\"338\" frameborder=\"0\" marginwidth=\"0\" marginheight=\"0\" scrolling=\"no\"><\/iframe>\n<\/div><\/figure>\n","protected":false},"excerpt":{"rendered":"<p>Salida del 10 de febrero de 2010 que necesita dos coches, uno en Celr\u00e0 y otro en Jui\u00e0. El objetivo es el de recorrer algunos de los rincones m\u00e1s rec\u00f3nditos de les Gavarres. Sube al castillo de Sant Miquel, desciende al Bac de Mediny\u00e0, visita una minas antiguas, y por senderos del bosque m\u00e1s o menos claros se va acercando al santuario del \u00c0ngels, que se caracteriza por su terraza, ya que all\u00ed te puedes tomar alguna refresco disfrutando de espectaculares vistas a todo l\u2019Empord\u00e0. Despu\u00e9s desciende por pista hasta Jui\u00e0. <\/p>\n","protected":false},"author":1,"featured_media":14740,"comment_status":"open","ping_status":"closed","sticky":false,"template":"","format":"standard","meta":{"footnotes":""},"categories":[46,63,283,34,42,70,60],"tags":[187,98,269,223],"class_list":["post-14736","post","type-post","status-publish","format-standard","has-post-thumbnail","hentry","category-girona","category-girones","category-203-entre-25-y-30-km","category-entre-500-y-1000-metros","category-senderismo","category-ida","category-baja-montana-o-tierras-a-media-altitud","tag-fotos-by-eduard","tag-98","tag-track-by-manuel","tag-track-en-wikiloc"],"_links":{"self":[{"href":"https:\/\/fotosenderismo.com\/wordpress\/index.php\/wp-json\/wp\/v2\/posts\/14736","targetHints":{"allow":["GET"]}}],"collection":[{"href":"https:\/\/fotosenderismo.com\/wordpress\/index.php\/wp-json\/wp\/v2\/posts"}],"about":[{"href":"https:\/\/fotosenderismo.com\/wordpress\/index.php\/wp-json\/wp\/v2\/types\/post"}],"author":[{"embeddable":true,"href":"https:\/\/fotosenderismo.com\/wordpress\/index.php\/wp-json\/wp\/v2\/users\/1"}],"replies":[{"embeddable":true,"href":"https:\/\/fotosenderismo.com\/wordpress\/index.php\/wp-json\/wp\/v2\/comments?post=14736"}],"version-history":[{"count":7,"href":"https:\/\/fotosenderismo.com\/wordpress\/index.php\/wp-json\/wp\/v2\/posts\/14736\/revisions"}],"predecessor-version":[{"id":22671,"href":"https:\/\/fotosenderismo.com\/wordpress\/index.php\/wp-json\/wp\/v2\/posts\/14736\/revisions\/22671"}],"wp:featuredmedia":[{"embeddable":true,"href":"https:\/\/fotosenderismo.com\/wordpress\/index.php\/wp-json\/wp\/v2\/media\/14740"}],"wp:attachment":[{"href":"https:\/\/fotosenderismo.com\/wordpress\/index.php\/wp-json\/wp\/v2\/media?parent=14736"}],"wp:term":[{"taxonomy":"category","embeddable":true,"href":"https:\/\/fotosenderismo.com\/wordpress\/index.php\/wp-json\/wp\/v2\/categories?post=14736"},{"taxonomy":"post_tag","embeddable":true,"href":"https:\/\/fotosenderismo.com\/wordpress\/index.php\/wp-json\/wp\/v2\/tags?post=14736"}],"curies":[{"name":"wp","href":"https:\/\/api.w.org\/{rel}","templated":true}]}}